{"id":388335,"date":"2019-01-16T17:24:46","date_gmt":"2019-01-16T16:24:46","guid":{"rendered":"http:\/\/hudo.com\/si\/?p=388335"},"modified":"2019-01-16T17:24:46","modified_gmt":"2019-01-16T16:24:46","slug":"erjavec-katiceva-o-moznosti-prezaposlitve-vojakov-med-pravosodne-policiste","status":"publish","type":"post","link":"https:\/\/hudo.com\/si\/aktualno\/erjavec-katiceva-o-moznosti-prezaposlitve-vojakov-med-pravosodne-policiste\/","title":{"rendered":"Erjavec in Kati\u010deva o mo\u017enosti prezaposlitve vojakov med pravosodne policiste"},"content":{"rendered":"<p>Na ministrstvu za pravosodje se \u017ee dlje \u010dasa ukvarjajo z usodo vojakov, ki dopolnijo starost 45 let. Po zakonu o obrambi je namre\u010d ta starost zgornja meja za slu\u017ebo v vojski. Ena od re\u0161itev bi lahko bila tudi preusmeritev teh ljudi v Upravo RS za izvr\u0161evanje kazenskih sankcij, kjer se \u017ee dolgo soo\u010dajo s pomanjkanjem pravosodnih policistov. O tem sta se z ministrico Kati\u010devo danes znova pogovarjala, je danes v izjavi novinarjem v dr\u017eavnem zboru pojasnil Erjavec.<\/p>\n<p>Pogovor so potrdili tudi na ministrstvu za pravosodje, kjer so pojasnili, da bo pred uresni\u010ditvijo take ideje treba dore\u010di \u0161e veliko zadev, med drugim tudi prehajanje med pla\u010dnimi razredi.<\/p>\n<p>Erjavec je danes pojasnil, da si na ministrstvu za obrambo \u017eelijo ustrezno re\u0161iti vpra\u0161anje zaposlitve vojakov po 45. letu starosti. Ena od mo\u017enosti je ta, da z njimi zapolnijo potrebe drugih delov javnega sektorja, med drugim policije, pravosodja oz. zaporov, pa tudi nadzora dr\u017eavne meje.<\/p>\n<p>Ena od mo\u017enosti, o katerih razmi\u0161ljajo, je tudi, da bi vojakom po 45. letu starosti omogo\u010dili dokvalifikacijo ali prekvalifikacijo, da bi lahko ta dela opravljali. Za to pa bodo potrebne ustrezne pravne podlage, da vojaki po menjavi poklica ne bi bili prikraj\u0161ani pri pla\u010dilu. Kot je pojasnil Erjavec, bi jim morali omogo\u010diti, da tudi po razporeditvi na nova delovna mesta ohranijo napredovanja, ki so jih dosegli skozi voja\u0161ko kariero. Po sedanjih predpisih namre\u010d vojak ob prezaposlitvi izgubi vsa \u017ee dose\u017eena napredovanja.<\/p>\n<p>Vojska sicer letos ne bo imela te\u017eav z zaposlitvami vojakov, ki so dopolnili 45 let, poskrbeli so namre\u010d, da so v glavnem dobili ustrezna delovna mesta. Je pa \u0161e nekaj takih s \u010detrto stopnjo izobrazbe, je pojasnil minister. Za zaposlitev na delovnem mestu pravosodnega policista pa je zahtevana peta stopnja izobrazbe, je med drugim izpostavil Erjavec.<\/p>\n<p>Pobudo, naj se oblikuje sklep, s katerim bi vojaki po 45. letu starosti dobili mo\u017enost zaposlitve na delovno mesto pravosodnih policistov, so v torek na predsednika vlade Marjana \u0160arca naslovili tudi v Sindikatu ministrstva za obrambo. S tem bi se po njihovem mnenju re\u0161ila problematika brezposelnosti vojakov ter kadrovska podhranjenost v vrstah pravosodnih policistov.<\/p>\n<p>Pristojni ministri so v torek potrdili re\u0161itev za povi\u0161anje \u0161tevila zaposlitev v zaporskem sistemu v okviru sprememb zakona o izvr\u0161evanju prora\u010dunov, ki bo omogo\u010dila pove\u010danje kadrovskega na\u010drta obeh uprav, so sporo\u010dili z ministrstva. Kot so navedli, so sredstva za nove zaposlitve v prora\u010dunu ministrstva za pravosodje za leto 2019 \u017ee zagotovljena.<\/p>\n<p>Problematika pomanjkanja pravosodnih policistov je sicer znova pri\u0161la v ospredje po decembrskem pobegu dveh pripornikov iz zapora v Kopru. Ministrica za pravosodje Kati\u010deva je po torkovem obisku Kopra med drugim priznala, da imajo v Kopru skoraj 35-odstotni manjko kadrovskih policistov.<\/p>\n<p>&#8220;Zavedam se kadrovskih omejitev povsod po dr\u017eavni upravi, saj tudi na drugih podro\u010djih manjka kadrov, ampak nekje tukaj res re\u0161itve moramo najti,&#8221; je dodala ministrica. Tudi ob takoj\u0161nji sprostitvi sredstev za nove kadre pa bi zaradi uvajanja v delo ti lahko pri\u0161li v Koper \u0161ele \u010dez poldrugo leto, zato je Kati\u010deva napovedala iskanje vmesnih mo\u017enosti, ki bi olaj\u0161ale nove zaposlitve. Kot primer je navedla spremembo delovne zakonodaje, po kateri bi pravosodni policist, ki bi \u017eelel delati v Kopru, naknadno pridobil znanje italijanskega jezika, ki je zahtevano na dvojezi\u010dnem obmo\u010dju.<\/p>\n<p>V slovenskih zaporih po podatkih Uprave RS za izvr\u0161evanje kazenskih sankcij primanjkuje skoraj 140 pravosodnih policistov in 30 drugih strokovnih delavcev.<\/p>\n","protected":false},"excerpt":{"rendered":"<p>Ministrica za pravosodje Andreja Kati\u010d se je danes z ministrom za obrambo Karlom Erjavcem po telefonu pogovarjala o mo\u017enosti, da bi v prihodnje vojake, ki dopolnijo 45 let in se jim zato izte\u010de zaposlitev v Slovenski vojski, preusmerili v zaposlitev v Upravo za izvr\u0161evanje kazenskih sankcij. Pogovori med resorjema o tej temi te\u010dejo \u017ee nekaj \u010dasa.<\/p>\n","protected":false},"author":7,"featured_media":212375,"comment_status":"closed","ping_status":"closed","sticky":false,"template":"","format":"standard","meta":{"footnotes":""},"categories":[1179],"tags":[4546,7107,1595,5219],"source":[4511],"supertag":[],"acf":[],"yoast_head":"<!-- This site is optimized with the Yoast SEO plugin v21.3 - https:\/\/yoast.com\/wordpress\/plugins\/seo\/ -->\n<title>Erjavec in Kati\u010deva o mo\u017enosti prezaposlitve vojakov med pravosodne policiste - Hudo Slovenija<\/title>\n<meta name=\"robots\" content=\"index, follow, max-snippet:-1, max-image-preview:large, max-video-preview:-1\" \/>\n<link rel=\"canonical\" href=\"https:\/\/hudo.com\/si\/aktualno\/erjavec-katiceva-o-moznosti-prezaposlitve-vojakov-med-pravosodne-policiste\/\" \/>\n<meta property=\"og:locale\" content=\"sl_SI\" \/>\n<meta property=\"og:type\" content=\"article\" \/>\n<meta property=\"og:title\" content=\"Erjavec in Kati\u010deva o mo\u017enosti prezaposlitve vojakov med pravosodne policiste - Hudo Slovenija\" \/>\n<meta property=\"og:description\" content=\"Ministrica za pravosodje Andreja Kati\u010d se je danes z ministrom za obrambo Karlom Erjavcem po telefonu pogovarjala o mo\u017enosti, da bi v prihodnje vojake, ki dopolnijo 45 let in se jim zato izte\u010de zaposlitev v Slovenski vojski, preusmerili v zaposlitev v Upravo za izvr\u0161evanje kazenskih sankcij. Pogovori med resorjema o tej temi te\u010dejo \u017ee nekaj \u010dasa.\" \/>\n<meta property=\"og:url\" content=\"https:\/\/hudo.com\/si\/aktualno\/erjavec-katiceva-o-moznosti-prezaposlitve-vojakov-med-pravosodne-policiste\/\" \/>\n<meta property=\"og:site_name\" content=\"Hudo Slovenija\" \/>\n<meta property=\"article:publisher\" content=\"https:\/\/www.facebook.com\/hudo.si\" \/>\n<meta property=\"article:published_time\" content=\"2019-01-16T16:24:46+00:00\" \/>\n<meta property=\"og:image\" content=\"https:\/\/hudo.com\/si\/wp-content\/uploads\/sites\/2\/2017\/02\/20170218-00760817.jpg\" \/>\n\t<meta property=\"og:image:width\" content=\"640\" \/>\n\t<meta property=\"og:image:height\" content=\"426\" \/>\n\t<meta property=\"og:image:type\" content=\"image\/jpeg\" \/>\n<meta name=\"author\" content=\"A. P., STA\" \/>\n<meta name=\"twitter:card\" content=\"summary_large_image\" \/>\n<meta name=\"twitter:creator\" content=\"@hudo_si\" \/>\n<meta name=\"twitter:site\" content=\"@hudo_si\" \/>\n<meta name=\"twitter:label1\" content=\"Written by\" \/>\n\t<meta name=\"twitter:data1\" content=\"A. P., STA\" \/>\n\t<meta name=\"twitter:label2\" content=\"Est. reading time\" \/>\n\t<meta name=\"twitter:data2\" content=\"3 minute\" \/>\n<script type=\"application\/ld+json\" class=\"yoast-schema-graph\">{\"@context\":\"https:\/\/schema.org\",\"@graph\":[{\"@type\":\"Article\",\"@id\":\"https:\/\/hudo.com\/si\/aktualno\/erjavec-katiceva-o-moznosti-prezaposlitve-vojakov-med-pravosodne-policiste\/#article\",\"isPartOf\":{\"@id\":\"https:\/\/hudo.com\/si\/aktualno\/erjavec-katiceva-o-moznosti-prezaposlitve-vojakov-med-pravosodne-policiste\/\"},\"author\":{\"name\":\"A. P., STA\",\"@id\":\"https:\/\/hudo.com\/si\/#\/schema\/person\/18f09c02475ba9e606e941a565b80cff\"},\"headline\":\"Erjavec in Kati\u010deva o mo\u017enosti prezaposlitve vojakov med pravosodne policiste\",\"datePublished\":\"2019-01-16T16:24:46+00:00\",\"dateModified\":\"2019-01-16T16:24:46+00:00\",\"mainEntityOfPage\":{\"@id\":\"https:\/\/hudo.com\/si\/aktualno\/erjavec-katiceva-o-moznosti-prezaposlitve-vojakov-med-pravosodne-policiste\/\"},\"wordCount\":593,\"publisher\":{\"@id\":\"https:\/\/hudo.com\/si\/#organization\"},\"keywords\":[\"Andreja Kati\u010d\",\"Karl Erjavec\",\"Slovenija\",\"Slovenska vojska\"],\"articleSection\":[\"Aktualno\"],\"inLanguage\":\"sl-SI\"},{\"@type\":\"WebPage\",\"@id\":\"https:\/\/hudo.com\/si\/aktualno\/erjavec-katiceva-o-moznosti-prezaposlitve-vojakov-med-pravosodne-policiste\/\",\"url\":\"https:\/\/hudo.com\/si\/aktualno\/erjavec-katiceva-o-moznosti-prezaposlitve-vojakov-med-pravosodne-policiste\/\",\"name\":\"Erjavec in Kati\u010deva o mo\u017enosti prezaposlitve vojakov med pravosodne policiste - Hudo Slovenija\",\"isPartOf\":{\"@id\":\"https:\/\/hudo.com\/si\/#website\"},\"datePublished\":\"2019-01-16T16:24:46+00:00\",\"dateModified\":\"2019-01-16T16:24:46+00:00\",\"breadcrumb\":{\"@id\":\"https:\/\/hudo.com\/si\/aktualno\/erjavec-katiceva-o-moznosti-prezaposlitve-vojakov-med-pravosodne-policiste\/#breadcrumb\"},\"inLanguage\":\"sl-SI\",\"potentialAction\":[{\"@type\":\"ReadAction\",\"target\":[\"https:\/\/hudo.com\/si\/aktualno\/erjavec-katiceva-o-moznosti-prezaposlitve-vojakov-med-pravosodne-policiste\/\"]}]},{\"@type\":\"BreadcrumbList\",\"@id\":\"https:\/\/hudo.com\/si\/aktualno\/erjavec-katiceva-o-moznosti-prezaposlitve-vojakov-med-pravosodne-policiste\/#breadcrumb\",\"itemListElement\":[{\"@type\":\"ListItem\",\"position\":1,\"name\":\"Home\",\"item\":\"https:\/\/hudo.com\/si\/\"},{\"@type\":\"ListItem\",\"position\":2,\"name\":\"Erjavec in Kati\u010deva o mo\u017enosti prezaposlitve vojakov med pravosodne policiste\"}]},{\"@type\":\"WebSite\",\"@id\":\"https:\/\/hudo.com\/si\/#website\",\"url\":\"https:\/\/hudo.com\/si\/\",\"name\":\"Hudo Slovenija\",\"description\":\"Vse novice iz Slovenije in sveta\",\"publisher\":{\"@id\":\"https:\/\/hudo.com\/si\/#organization\"},\"potentialAction\":[{\"@type\":\"SearchAction\",\"target\":{\"@type\":\"EntryPoint\",\"urlTemplate\":\"https:\/\/hudo.com\/si\/?s={search_term_string}\"},\"query-input\":\"required name=search_term_string\"}],\"inLanguage\":\"sl-SI\"},{\"@type\":\"Organization\",\"@id\":\"https:\/\/hudo.com\/si\/#organization\",\"name\":\"VSN Media\",\"url\":\"https:\/\/hudo.com\/si\/\",\"logo\":{\"@type\":\"ImageObject\",\"inLanguage\":\"sl-SI\",\"@id\":\"https:\/\/hudo.com\/si\/#\/schema\/logo\/image\/\",\"url\":\"https:\/\/hudo.com\/si\/wp-content\/uploads\/sites\/2\/2021\/03\/hudo-app-2.png\",\"contentUrl\":\"https:\/\/hudo.com\/si\/wp-content\/uploads\/sites\/2\/2021\/03\/hudo-app-2.png\",\"width\":2185,\"height\":2167,\"caption\":\"VSN Media\"},\"image\":{\"@id\":\"https:\/\/hudo.com\/si\/#\/schema\/logo\/image\/\"},\"sameAs\":[\"https:\/\/www.facebook.com\/hudo.si\",\"https:\/\/twitter.com\/hudo_si\"]},{\"@type\":\"Person\",\"@id\":\"https:\/\/hudo.com\/si\/#\/schema\/person\/18f09c02475ba9e606e941a565b80cff\",\"name\":\"A. P., STA\",\"image\":{\"@type\":\"ImageObject\",\"inLanguage\":\"sl-SI\",\"@id\":\"https:\/\/hudo.com\/si\/#\/schema\/person\/image\/\",\"url\":\"https:\/\/secure.gravatar.com\/avatar\/03eac8e609f5f04383125d80eaeaaf3e?s=96&d=mm&r=g\",\"contentUrl\":\"https:\/\/secure.gravatar.com\/avatar\/03eac8e609f5f04383125d80eaeaaf3e?s=96&d=mm&r=g\",\"caption\":\"A. P., STA\"},\"url\":\"https:\/\/hudo.com\/si\/author\/lubu\/\"}]}<\/script>\n<!-- \/ Yoast SEO plugin. -->","yoast_head_json":{"title":"Erjavec in Kati\u010deva o mo\u017enosti prezaposlitve vojakov med pravosodne policiste - Hudo Slovenija","robots":{"index":"index","follow":"follow","max-snippet":"max-snippet:-1","max-image-preview":"max-image-preview:large","max-video-preview":"max-video-preview:-1"},"canonical":"https:\/\/hudo.com\/si\/aktualno\/erjavec-katiceva-o-moznosti-prezaposlitve-vojakov-med-pravosodne-policiste\/","og_locale":"sl_SI","og_type":"article","og_title":"Erjavec in Kati\u010deva o mo\u017enosti prezaposlitve vojakov med pravosodne policiste - Hudo Slovenija","og_description":"Ministrica za pravosodje Andreja Kati\u010d se je danes z ministrom za obrambo Karlom Erjavcem po telefonu pogovarjala o mo\u017enosti, da bi v prihodnje vojake, ki dopolnijo 45 let in se jim zato izte\u010de zaposlitev v Slovenski vojski, preusmerili v zaposlitev v Upravo za izvr\u0161evanje kazenskih sankcij. Pogovori med resorjema o tej temi te\u010dejo \u017ee nekaj \u010dasa.","og_url":"https:\/\/hudo.com\/si\/aktualno\/erjavec-katiceva-o-moznosti-prezaposlitve-vojakov-med-pravosodne-policiste\/","og_site_name":"Hudo Slovenija","article_publisher":"https:\/\/www.facebook.com\/hudo.si","article_published_time":"2019-01-16T16:24:46+00:00","og_image":[{"width":640,"height":426,"url":"https:\/\/hudo.com\/si\/wp-content\/uploads\/sites\/2\/2017\/02\/20170218-00760817.jpg","type":"image\/jpeg"}],"author":"A. P., STA","twitter_card":"summary_large_image","twitter_creator":"@hudo_si","twitter_site":"@hudo_si","twitter_misc":{"Written by":"A. P., STA","Est. reading time":"3 minute"},"schema":{"@context":"https:\/\/schema.org","@graph":[{"@type":"Article","@id":"https:\/\/hudo.com\/si\/aktualno\/erjavec-katiceva-o-moznosti-prezaposlitve-vojakov-med-pravosodne-policiste\/#article","isPartOf":{"@id":"https:\/\/hudo.com\/si\/aktualno\/erjavec-katiceva-o-moznosti-prezaposlitve-vojakov-med-pravosodne-policiste\/"},"author":{"name":"A. P., STA","@id":"https:\/\/hudo.com\/si\/#\/schema\/person\/18f09c02475ba9e606e941a565b80cff"},"headline":"Erjavec in Kati\u010deva o mo\u017enosti prezaposlitve vojakov med pravosodne policiste","datePublished":"2019-01-16T16:24:46+00:00","dateModified":"2019-01-16T16:24:46+00:00","mainEntityOfPage":{"@id":"https:\/\/hudo.com\/si\/aktualno\/erjavec-katiceva-o-moznosti-prezaposlitve-vojakov-med-pravosodne-policiste\/"},"wordCount":593,"publisher":{"@id":"https:\/\/hudo.com\/si\/#organization"},"keywords":["Andreja Kati\u010d","Karl Erjavec","Slovenija","Slovenska vojska"],"articleSection":["Aktualno"],"inLanguage":"sl-SI"},{"@type":"WebPage","@id":"https:\/\/hudo.com\/si\/aktualno\/erjavec-katiceva-o-moznosti-prezaposlitve-vojakov-med-pravosodne-policiste\/","url":"https:\/\/hudo.com\/si\/aktualno\/erjavec-katiceva-o-moznosti-prezaposlitve-vojakov-med-pravosodne-policiste\/","name":"Erjavec in Kati\u010deva o mo\u017enosti prezaposlitve vojakov med pravosodne policiste - Hudo Slovenija","isPartOf":{"@id":"https:\/\/hudo.com\/si\/#website"},"datePublished":"2019-01-16T16:24:46+00:00","dateModified":"2019-01-16T16:24:46+00:00","breadcrumb":{"@id":"https:\/\/hudo.com\/si\/aktualno\/erjavec-katiceva-o-moznosti-prezaposlitve-vojakov-med-pravosodne-policiste\/#breadcrumb"},"inLanguage":"sl-SI","potentialAction":[{"@type":"ReadAction","target":["https:\/\/hudo.com\/si\/aktualno\/erjavec-katiceva-o-moznosti-prezaposlitve-vojakov-med-pravosodne-policiste\/"]}]},{"@type":"BreadcrumbList","@id":"https:\/\/hudo.com\/si\/aktualno\/erjavec-katiceva-o-moznosti-prezaposlitve-vojakov-med-pravosodne-policiste\/#breadcrumb","itemListElement":[{"@type":"ListItem","position":1,"name":"Home","item":"https:\/\/hudo.com\/si\/"},{"@type":"ListItem","position":2,"name":"Erjavec in Kati\u010deva o mo\u017enosti prezaposlitve vojakov med pravosodne policiste"}]},{"@type":"WebSite","@id":"https:\/\/hudo.com\/si\/#website","url":"https:\/\/hudo.com\/si\/","name":"Hudo Slovenija","description":"Vse novice iz Slovenije in sveta","publisher":{"@id":"https:\/\/hudo.com\/si\/#organization"},"potentialAction":[{"@type":"SearchAction","target":{"@type":"EntryPoint","urlTemplate":"https:\/\/hudo.com\/si\/?s={search_term_string}"},"query-input":"required name=search_term_string"}],"inLanguage":"sl-SI"},{"@type":"Organization","@id":"https:\/\/hudo.com\/si\/#organization","name":"VSN Media","url":"https:\/\/hudo.com\/si\/","logo":{"@type":"ImageObject","inLanguage":"sl-SI","@id":"https:\/\/hudo.com\/si\/#\/schema\/logo\/image\/","url":"https:\/\/hudo.com\/si\/wp-content\/uploads\/sites\/2\/2021\/03\/hudo-app-2.png","contentUrl":"https:\/\/hudo.com\/si\/wp-content\/uploads\/sites\/2\/2021\/03\/hudo-app-2.png","width":2185,"height":2167,"caption":"VSN Media"},"image":{"@id":"https:\/\/hudo.com\/si\/#\/schema\/logo\/image\/"},"sameAs":["https:\/\/www.facebook.com\/hudo.si","https:\/\/twitter.com\/hudo_si"]},{"@type":"Person","@id":"https:\/\/hudo.com\/si\/#\/schema\/person\/18f09c02475ba9e606e941a565b80cff","name":"A. P., STA","image":{"@type":"ImageObject","inLanguage":"sl-SI","@id":"https:\/\/hudo.com\/si\/#\/schema\/person\/image\/","url":"https:\/\/secure.gravatar.com\/avatar\/03eac8e609f5f04383125d80eaeaaf3e?s=96&d=mm&r=g","contentUrl":"https:\/\/secure.gravatar.com\/avatar\/03eac8e609f5f04383125d80eaeaaf3e?s=96&d=mm&r=g","caption":"A. P., STA"},"url":"https:\/\/hudo.com\/si\/author\/lubu\/"}]}},"amp_enabled":true,"_links":{"self":[{"href":"https:\/\/hudo.com\/si\/wp-json\/wp\/v2\/posts\/388335"}],"collection":[{"href":"https:\/\/hudo.com\/si\/wp-json\/wp\/v2\/posts"}],"about":[{"href":"https:\/\/hudo.com\/si\/wp-json\/wp\/v2\/types\/post"}],"author":[{"embeddable":true,"href":"https:\/\/hudo.com\/si\/wp-json\/wp\/v2\/users\/7"}],"replies":[{"embeddable":true,"href":"https:\/\/hudo.com\/si\/wp-json\/wp\/v2\/comments?post=388335"}],"version-history":[{"count":1,"href":"https:\/\/hudo.com\/si\/wp-json\/wp\/v2\/posts\/388335\/revisions"}],"predecessor-version":[{"id":388336,"href":"https:\/\/hudo.com\/si\/wp-json\/wp\/v2\/posts\/388335\/revisions\/388336"}],"wp:featuredmedia":[{"embeddable":true,"href":"https:\/\/hudo.com\/si\/wp-json\/wp\/v2\/media\/212375"}],"wp:attachment":[{"href":"https:\/\/hudo.com\/si\/wp-json\/wp\/v2\/media?parent=388335"}],"wp:term":[{"taxonomy":"category","embeddable":true,"href":"https:\/\/hudo.com\/si\/wp-json\/wp\/v2\/categories?post=388335"},{"taxonomy":"post_tag","embeddable":true,"href":"https:\/\/hudo.com\/si\/wp-json\/wp\/v2\/tags?post=388335"},{"taxonomy":"source","embeddable":true,"href":"https:\/\/hudo.com\/si\/wp-json\/wp\/v2\/source?post=388335"},{"taxonomy":"supertag","embeddable":true,"href":"https:\/\/hudo.com\/si\/wp-json\/wp\/v2\/supertag?post=388335"}],"curies":[{"name":"wp","href":"https:\/\/api.w.org\/{rel}","templated":true}]}}