{"id":38914,"date":"2016-04-25T11:51:06","date_gmt":"2016-04-25T09:51:06","guid":{"rendered":"http:\/\/hudo.com\/si\/?p=38914"},"modified":"2016-04-25T11:45:44","modified_gmt":"2016-04-25T09:45:44","slug":"v-prvih-dveh-mesecih-v-sloveniji-rekordno-stevilo-turistov","status":"publish","type":"post","link":"https:\/\/hudo.com\/si\/aktualno\/v-prvih-dveh-mesecih-v-sloveniji-rekordno-stevilo-turistov\/","title":{"rendered":"V prvih dveh mesecih v Sloveniji rekordno \u0161tevilo turistov"},"content":{"rendered":"<div class=\"text\">\n<p>&nbsp;<\/p>\n<figure id=\"attachment_38946\" aria-describedby=\"caption-attachment-38946\" style=\"width: 1000px\" class=\"wp-caption alignnone\"><a href=\"http:\/\/hudo.com\/si\/wp-content\/uploads\/sites\/2\/2016\/04\/ThinkstockPhotos-168704591.jpg\" rel=\"attachment wp-att-38946\"><img loading=\"lazy\" decoding=\"async\" class=\"size-large wp-image-38946\" src=\"http:\/\/hudo.com\/si\/wp-content\/uploads\/sites\/2\/2016\/04\/ThinkstockPhotos-168704591-1024x681.jpg\" alt=\"Foto: Thinkstock\" width=\"1000\" height=\"665\" srcset=\"https:\/\/hudo.com\/si\/wp-content\/uploads\/sites\/2\/2016\/04\/ThinkstockPhotos-168704591-1024x681.jpg 1024w, https:\/\/hudo.com\/si\/wp-content\/uploads\/sites\/2\/2016\/04\/ThinkstockPhotos-168704591-300x200.jpg 300w, https:\/\/hudo.com\/si\/wp-content\/uploads\/sites\/2\/2016\/04\/ThinkstockPhotos-168704591-768x511.jpg 768w, https:\/\/hudo.com\/si\/wp-content\/uploads\/sites\/2\/2016\/04\/ThinkstockPhotos-168704591-1536x1022.jpg 1536w, https:\/\/hudo.com\/si\/wp-content\/uploads\/sites\/2\/2016\/04\/ThinkstockPhotos-168704591-2048x1362.jpg 2048w, https:\/\/hudo.com\/si\/wp-content\/uploads\/sites\/2\/2016\/04\/ThinkstockPhotos-168704591-600x399.jpg 600w\" sizes=\"(max-width: 1000px) 100vw, 1000px\" \/><\/a><figcaption id=\"caption-attachment-38946\" class=\"wp-caption-text\">Foto: Thinkstock<\/figcaption><\/figure>\n<p>\u0160tevilo prihodov doma\u010dih turistov se je v prvih dveh mesecih pove\u010dalo za sedem odstotkov, tujih pa za 15 odstotkov. Slednji so ustvarili za 12 odstotkov ve\u010d no\u010ditev, doma\u010di gostje pa so ustvarili \u0161tiri odstotke ve\u010d no\u010ditev.<\/p>\n<p>Samo v februarju je bilo zabele\u017eenih skoraj 230.000 prihodov turistov oz. devet odstotkov ve\u010d kot leto prej, in ustvarjenih 629.000 njihovih no\u010ditev oz. sedem odstotkov ve\u010d kot v februarju lani. Prihodov doma\u010dih turistov je bilo za pet odstotkov ve\u010d, njihovih no\u010ditev pa za tri odstotke ve\u010d. Pri tujih turistih je bilo pove\u010danje \u0161e izrazitej\u0161e: njihovih prihodov je bilo za 14 odstotkov ve\u010d, njihovih no\u010ditev pa za 13 odstotkov ve\u010d.<\/p>\n<p>Doma\u010di turisti so februarja ustvarili 54 odstotkov turisti\u010dnih no\u010ditev, tuji 46 odstotkov. Klju\u010dni trgi, od koder so prihajali tuji turisti, ki so ustvarili najve\u010d no\u010ditev, so bili Italija, Avstrija, Hrva\u0161ka in Srbija ter Mad\u017earska. Turisti iz Srbije so ustvarili za 66 odstotkov ve\u010d no\u010ditev, turisti iz Avstrije za 16 odstotkov ve\u010d in turisti iz Italije za 11 odstotkov ve\u010d no\u010ditev.<\/p>\n<\/div>\n","protected":false},"excerpt":{"rendered":"<p>Slovenijo je v prvih dveh mesecih letos obiskalo 442.714 turistov oz. 11,3 odstotka ve\u010d kot leto prej. Ustvarili so 1,2 milijona turisti\u010dnih no\u010ditev, kar je 8,1 odstotka ve\u010d kot leto prej, je danes sporo\u010dil dr\u017eavni statisti\u010dni urad.<\/p>\n","protected":false},"author":5,"featured_media":38946,"comment_status":"closed","ping_status":"closed","sticky":false,"template":"","format":"standard","meta":{"footnotes":""},"categories":[1179],"tags":[1595,4505,1917],"source":[4511],"supertag":[7541],"acf":[],"yoast_head":"<!-- This site is optimized with the Yoast SEO plugin v21.3 - https:\/\/yoast.com\/wordpress\/plugins\/seo\/ -->\n<title>V prvih dveh mesecih v Sloveniji rekordno \u0161tevilo turistov - Hudo Slovenija<\/title>\n<meta name=\"robots\" content=\"index, follow, max-snippet:-1, max-image-preview:large, max-video-preview:-1\" \/>\n<link rel=\"canonical\" href=\"https:\/\/hudo.com\/si\/aktualno\/v-prvih-dveh-mesecih-v-sloveniji-rekordno-stevilo-turistov\/\" \/>\n<meta property=\"og:locale\" content=\"sl_SI\" \/>\n<meta property=\"og:type\" content=\"article\" \/>\n<meta property=\"og:title\" content=\"V prvih dveh mesecih v Sloveniji rekordno \u0161tevilo turistov - Hudo Slovenija\" \/>\n<meta property=\"og:description\" content=\"Slovenijo je v prvih dveh mesecih letos obiskalo 442.714 turistov oz. 11,3 odstotka ve\u010d kot leto prej. Ustvarili so 1,2 milijona turisti\u010dnih no\u010ditev, kar je 8,1 odstotka ve\u010d kot leto prej, je danes sporo\u010dil dr\u017eavni statisti\u010dni urad.\" \/>\n<meta property=\"og:url\" content=\"https:\/\/hudo.com\/si\/aktualno\/v-prvih-dveh-mesecih-v-sloveniji-rekordno-stevilo-turistov\/\" \/>\n<meta property=\"og:site_name\" content=\"Hudo Slovenija\" \/>\n<meta property=\"article:publisher\" content=\"https:\/\/www.facebook.com\/hudo.si\" \/>\n<meta property=\"article:published_time\" content=\"2016-04-25T09:51:06+00:00\" \/>\n<meta property=\"article:modified_time\" content=\"2016-04-25T09:45:44+00:00\" \/>\n<meta property=\"og:image\" content=\"https:\/\/hudo.com\/si\/wp-content\/uploads\/sites\/2\/2016\/04\/ThinkstockPhotos-168704591.jpg\" \/>\n\t<meta property=\"og:image:width\" content=\"2124\" \/>\n\t<meta property=\"og:image:height\" content=\"1413\" \/>\n\t<meta property=\"og:image:type\" content=\"image\/jpeg\" \/>\n<meta name=\"author\" content=\"A. G., STA\" \/>\n<meta name=\"twitter:card\" content=\"summary_large_image\" \/>\n<meta name=\"twitter:creator\" content=\"@hudo_si\" \/>\n<meta name=\"twitter:site\" content=\"@hudo_si\" \/>\n<meta name=\"twitter:label1\" content=\"Written by\" \/>\n\t<meta name=\"twitter:data1\" content=\"A. G., STA\" \/>\n\t<meta name=\"twitter:label2\" content=\"Est. reading time\" \/>\n\t<meta name=\"twitter:data2\" content=\"1 minuta\" \/>\n<script type=\"application\/ld+json\" class=\"yoast-schema-graph\">{\"@context\":\"https:\/\/schema.org\",\"@graph\":[{\"@type\":\"Article\",\"@id\":\"https:\/\/hudo.com\/si\/aktualno\/v-prvih-dveh-mesecih-v-sloveniji-rekordno-stevilo-turistov\/#article\",\"isPartOf\":{\"@id\":\"https:\/\/hudo.com\/si\/aktualno\/v-prvih-dveh-mesecih-v-sloveniji-rekordno-stevilo-turistov\/\"},\"author\":{\"name\":\"A. G., STA\",\"@id\":\"https:\/\/hudo.com\/si\/#\/schema\/person\/2391667a63ea075ba94f2f2dc6b77537\"},\"headline\":\"V prvih dveh mesecih v Sloveniji rekordno \u0161tevilo turistov\",\"datePublished\":\"2016-04-25T09:51:06+00:00\",\"dateModified\":\"2016-04-25T09:45:44+00:00\",\"mainEntityOfPage\":{\"@id\":\"https:\/\/hudo.com\/si\/aktualno\/v-prvih-dveh-mesecih-v-sloveniji-rekordno-stevilo-turistov\/\"},\"wordCount\":194,\"publisher\":{\"@id\":\"https:\/\/hudo.com\/si\/#organization\"},\"keywords\":[\"Slovenija\",\"statistika\",\"turizem\"],\"articleSection\":[\"Aktualno\"],\"inLanguage\":\"sl-SI\"},{\"@type\":\"WebPage\",\"@id\":\"https:\/\/hudo.com\/si\/aktualno\/v-prvih-dveh-mesecih-v-sloveniji-rekordno-stevilo-turistov\/\",\"url\":\"https:\/\/hudo.com\/si\/aktualno\/v-prvih-dveh-mesecih-v-sloveniji-rekordno-stevilo-turistov\/\",\"name\":\"V prvih dveh mesecih v Sloveniji rekordno \u0161tevilo turistov - Hudo Slovenija\",\"isPartOf\":{\"@id\":\"https:\/\/hudo.com\/si\/#website\"},\"datePublished\":\"2016-04-25T09:51:06+00:00\",\"dateModified\":\"2016-04-25T09:45:44+00:00\",\"breadcrumb\":{\"@id\":\"https:\/\/hudo.com\/si\/aktualno\/v-prvih-dveh-mesecih-v-sloveniji-rekordno-stevilo-turistov\/#breadcrumb\"},\"inLanguage\":\"sl-SI\",\"potentialAction\":[{\"@type\":\"ReadAction\",\"target\":[\"https:\/\/hudo.com\/si\/aktualno\/v-prvih-dveh-mesecih-v-sloveniji-rekordno-stevilo-turistov\/\"]}]},{\"@type\":\"BreadcrumbList\",\"@id\":\"https:\/\/hudo.com\/si\/aktualno\/v-prvih-dveh-mesecih-v-sloveniji-rekordno-stevilo-turistov\/#breadcrumb\",\"itemListElement\":[{\"@type\":\"ListItem\",\"position\":1,\"name\":\"Home\",\"item\":\"https:\/\/hudo.com\/si\/\"},{\"@type\":\"ListItem\",\"position\":2,\"name\":\"V prvih dveh mesecih v Sloveniji rekordno \u0161tevilo turistov\"}]},{\"@type\":\"WebSite\",\"@id\":\"https:\/\/hudo.com\/si\/#website\",\"url\":\"https:\/\/hudo.com\/si\/\",\"name\":\"Hudo Slovenija\",\"description\":\"Vse novice iz Slovenije in sveta\",\"publisher\":{\"@id\":\"https:\/\/hudo.com\/si\/#organization\"},\"potentialAction\":[{\"@type\":\"SearchAction\",\"target\":{\"@type\":\"EntryPoint\",\"urlTemplate\":\"https:\/\/hudo.com\/si\/?s={search_term_string}\"},\"query-input\":\"required name=search_term_string\"}],\"inLanguage\":\"sl-SI\"},{\"@type\":\"Organization\",\"@id\":\"https:\/\/hudo.com\/si\/#organization\",\"name\":\"VSN Media\",\"url\":\"https:\/\/hudo.com\/si\/\",\"logo\":{\"@type\":\"ImageObject\",\"inLanguage\":\"sl-SI\",\"@id\":\"https:\/\/hudo.com\/si\/#\/schema\/logo\/image\/\",\"url\":\"https:\/\/hudo.com\/si\/wp-content\/uploads\/sites\/2\/2021\/03\/hudo-app-2.png\",\"contentUrl\":\"https:\/\/hudo.com\/si\/wp-content\/uploads\/sites\/2\/2021\/03\/hudo-app-2.png\",\"width\":2185,\"height\":2167,\"caption\":\"VSN Media\"},\"image\":{\"@id\":\"https:\/\/hudo.com\/si\/#\/schema\/logo\/image\/\"},\"sameAs\":[\"https:\/\/www.facebook.com\/hudo.si\",\"https:\/\/twitter.com\/hudo_si\"]},{\"@type\":\"Person\",\"@id\":\"https:\/\/hudo.com\/si\/#\/schema\/person\/2391667a63ea075ba94f2f2dc6b77537\",\"name\":\"A. G., STA\",\"image\":{\"@type\":\"ImageObject\",\"inLanguage\":\"sl-SI\",\"@id\":\"https:\/\/hudo.com\/si\/#\/schema\/person\/image\/\",\"url\":\"https:\/\/secure.gravatar.com\/avatar\/e13d22ac3e442658d5025fbbe6238a79?s=96&d=mm&r=g\",\"contentUrl\":\"https:\/\/secure.gravatar.com\/avatar\/e13d22ac3e442658d5025fbbe6238a79?s=96&d=mm&r=g\",\"caption\":\"A. G., STA\"},\"url\":\"https:\/\/hudo.com\/si\/author\/alenka\/\"}]}<\/script>\n<!-- \/ Yoast SEO plugin. -->","yoast_head_json":{"title":"V prvih dveh mesecih v Sloveniji rekordno \u0161tevilo turistov - Hudo Slovenija","robots":{"index":"index","follow":"follow","max-snippet":"max-snippet:-1","max-image-preview":"max-image-preview:large","max-video-preview":"max-video-preview:-1"},"canonical":"https:\/\/hudo.com\/si\/aktualno\/v-prvih-dveh-mesecih-v-sloveniji-rekordno-stevilo-turistov\/","og_locale":"sl_SI","og_type":"article","og_title":"V prvih dveh mesecih v Sloveniji rekordno \u0161tevilo turistov - Hudo Slovenija","og_description":"Slovenijo je v prvih dveh mesecih letos obiskalo 442.714 turistov oz. 11,3 odstotka ve\u010d kot leto prej. Ustvarili so 1,2 milijona turisti\u010dnih no\u010ditev, kar je 8,1 odstotka ve\u010d kot leto prej, je danes sporo\u010dil dr\u017eavni statisti\u010dni urad.","og_url":"https:\/\/hudo.com\/si\/aktualno\/v-prvih-dveh-mesecih-v-sloveniji-rekordno-stevilo-turistov\/","og_site_name":"Hudo Slovenija","article_publisher":"https:\/\/www.facebook.com\/hudo.si","article_published_time":"2016-04-25T09:51:06+00:00","article_modified_time":"2016-04-25T09:45:44+00:00","og_image":[{"width":2124,"height":1413,"url":"https:\/\/hudo.com\/si\/wp-content\/uploads\/sites\/2\/2016\/04\/ThinkstockPhotos-168704591.jpg","type":"image\/jpeg"}],"author":"A. G., STA","twitter_card":"summary_large_image","twitter_creator":"@hudo_si","twitter_site":"@hudo_si","twitter_misc":{"Written by":"A. G., STA","Est. reading time":"1 minuta"},"schema":{"@context":"https:\/\/schema.org","@graph":[{"@type":"Article","@id":"https:\/\/hudo.com\/si\/aktualno\/v-prvih-dveh-mesecih-v-sloveniji-rekordno-stevilo-turistov\/#article","isPartOf":{"@id":"https:\/\/hudo.com\/si\/aktualno\/v-prvih-dveh-mesecih-v-sloveniji-rekordno-stevilo-turistov\/"},"author":{"name":"A. G., STA","@id":"https:\/\/hudo.com\/si\/#\/schema\/person\/2391667a63ea075ba94f2f2dc6b77537"},"headline":"V prvih dveh mesecih v Sloveniji rekordno \u0161tevilo turistov","datePublished":"2016-04-25T09:51:06+00:00","dateModified":"2016-04-25T09:45:44+00:00","mainEntityOfPage":{"@id":"https:\/\/hudo.com\/si\/aktualno\/v-prvih-dveh-mesecih-v-sloveniji-rekordno-stevilo-turistov\/"},"wordCount":194,"publisher":{"@id":"https:\/\/hudo.com\/si\/#organization"},"keywords":["Slovenija","statistika","turizem"],"articleSection":["Aktualno"],"inLanguage":"sl-SI"},{"@type":"WebPage","@id":"https:\/\/hudo.com\/si\/aktualno\/v-prvih-dveh-mesecih-v-sloveniji-rekordno-stevilo-turistov\/","url":"https:\/\/hudo.com\/si\/aktualno\/v-prvih-dveh-mesecih-v-sloveniji-rekordno-stevilo-turistov\/","name":"V prvih dveh mesecih v Sloveniji rekordno \u0161tevilo turistov - Hudo Slovenija","isPartOf":{"@id":"https:\/\/hudo.com\/si\/#website"},"datePublished":"2016-04-25T09:51:06+00:00","dateModified":"2016-04-25T09:45:44+00:00","breadcrumb":{"@id":"https:\/\/hudo.com\/si\/aktualno\/v-prvih-dveh-mesecih-v-sloveniji-rekordno-stevilo-turistov\/#breadcrumb"},"inLanguage":"sl-SI","potentialAction":[{"@type":"ReadAction","target":["https:\/\/hudo.com\/si\/aktualno\/v-prvih-dveh-mesecih-v-sloveniji-rekordno-stevilo-turistov\/"]}]},{"@type":"BreadcrumbList","@id":"https:\/\/hudo.com\/si\/aktualno\/v-prvih-dveh-mesecih-v-sloveniji-rekordno-stevilo-turistov\/#breadcrumb","itemListElement":[{"@type":"ListItem","position":1,"name":"Home","item":"https:\/\/hudo.com\/si\/"},{"@type":"ListItem","position":2,"name":"V prvih dveh mesecih v Sloveniji rekordno \u0161tevilo turistov"}]},{"@type":"WebSite","@id":"https:\/\/hudo.com\/si\/#website","url":"https:\/\/hudo.com\/si\/","name":"Hudo Slovenija","description":"Vse novice iz Slovenije in sveta","publisher":{"@id":"https:\/\/hudo.com\/si\/#organization"},"potentialAction":[{"@type":"SearchAction","target":{"@type":"EntryPoint","urlTemplate":"https:\/\/hudo.com\/si\/?s={search_term_string}"},"query-input":"required name=search_term_string"}],"inLanguage":"sl-SI"},{"@type":"Organization","@id":"https:\/\/hudo.com\/si\/#organization","name":"VSN Media","url":"https:\/\/hudo.com\/si\/","logo":{"@type":"ImageObject","inLanguage":"sl-SI","@id":"https:\/\/hudo.com\/si\/#\/schema\/logo\/image\/","url":"https:\/\/hudo.com\/si\/wp-content\/uploads\/sites\/2\/2021\/03\/hudo-app-2.png","contentUrl":"https:\/\/hudo.com\/si\/wp-content\/uploads\/sites\/2\/2021\/03\/hudo-app-2.png","width":2185,"height":2167,"caption":"VSN Media"},"image":{"@id":"https:\/\/hudo.com\/si\/#\/schema\/logo\/image\/"},"sameAs":["https:\/\/www.facebook.com\/hudo.si","https:\/\/twitter.com\/hudo_si"]},{"@type":"Person","@id":"https:\/\/hudo.com\/si\/#\/schema\/person\/2391667a63ea075ba94f2f2dc6b77537","name":"A. G., STA","image":{"@type":"ImageObject","inLanguage":"sl-SI","@id":"https:\/\/hudo.com\/si\/#\/schema\/person\/image\/","url":"https:\/\/secure.gravatar.com\/avatar\/e13d22ac3e442658d5025fbbe6238a79?s=96&d=mm&r=g","contentUrl":"https:\/\/secure.gravatar.com\/avatar\/e13d22ac3e442658d5025fbbe6238a79?s=96&d=mm&r=g","caption":"A. G., STA"},"url":"https:\/\/hudo.com\/si\/author\/alenka\/"}]}},"amp_enabled":true,"_links":{"self":[{"href":"https:\/\/hudo.com\/si\/wp-json\/wp\/v2\/posts\/38914"}],"collection":[{"href":"https:\/\/hudo.com\/si\/wp-json\/wp\/v2\/posts"}],"about":[{"href":"https:\/\/hudo.com\/si\/wp-json\/wp\/v2\/types\/post"}],"author":[{"embeddable":true,"href":"https:\/\/hudo.com\/si\/wp-json\/wp\/v2\/users\/5"}],"replies":[{"embeddable":true,"href":"https:\/\/hudo.com\/si\/wp-json\/wp\/v2\/comments?post=38914"}],"version-history":[{"count":1,"href":"https:\/\/hudo.com\/si\/wp-json\/wp\/v2\/posts\/38914\/revisions"}],"predecessor-version":[{"id":38947,"href":"https:\/\/hudo.com\/si\/wp-json\/wp\/v2\/posts\/38914\/revisions\/38947"}],"wp:featuredmedia":[{"embeddable":true,"href":"https:\/\/hudo.com\/si\/wp-json\/wp\/v2\/media\/38946"}],"wp:attachment":[{"href":"https:\/\/hudo.com\/si\/wp-json\/wp\/v2\/media?parent=38914"}],"wp:term":[{"taxonomy":"category","embeddable":true,"href":"https:\/\/hudo.com\/si\/wp-json\/wp\/v2\/categories?post=38914"},{"taxonomy":"post_tag","embeddable":true,"href":"https:\/\/hudo.com\/si\/wp-json\/wp\/v2\/tags?post=38914"},{"taxonomy":"source","embeddable":true,"href":"https:\/\/hudo.com\/si\/wp-json\/wp\/v2\/source?post=38914"},{"taxonomy":"supertag","embeddable":true,"href":"https:\/\/hudo.com\/si\/wp-json\/wp\/v2\/supertag?post=38914"}],"curies":[{"name":"wp","href":"https:\/\/api.w.org\/{rel}","templated":true}]}}