{"id":389194,"date":"2019-01-19T09:18:00","date_gmt":"2019-01-19T08:18:00","guid":{"rendered":"http:\/\/hudo.com\/si\/?p=389194"},"modified":"2019-01-19T09:18:00","modified_gmt":"2019-01-19T08:18:00","slug":"trump-kim-se-bosta-znova-srecala-konec-februarja","status":"publish","type":"post","link":"https:\/\/hudo.com\/si\/aktualno\/trump-kim-se-bosta-znova-srecala-konec-februarja\/","title":{"rendered":"Trump in Kim se bosta znova sre\u010dala konec februarja"},"content":{"rendered":"<div class=\"text\">\n<p>Sandersova je novico sporo\u010dila, potem ko je Trump v Beli hi\u0161i sprejel odposlanca severnokorejskega voditelja, generala Kim Yong-chola. Sre\u010danje med Trumpom in generalom Kimom je trajalo kar uro in pol.<\/p>\n<p>Severnokorejski odposlanec se je pred Trumpom danes v Washingtonu sre\u010dal z dr\u017eavnim sekretarjem ZDA Mikom Pompeom, State Department pa je sporo\u010dil, da je \u0161lo za dober pogovor.<\/p>\n<p>Trump in Kim Jong-un sta se prvi\u010d se\u0161la v Singapurju junija lani. Tedaj sta podpisala dokument, ki ga Washington razlaga kot zavezo Pjongjanga za popolno jedrsko razoro\u017eitev. Dokument sicer pravi, da bosta voditelja delala v smeri popolne denuklearizacije Korejskega polotoka, kar si vsaka stran razlaga po svoje.<\/p>\n<p>Od Singapurja naprej pa vsaj ni medsebojnih zmerjanj obeh voditeljev, Severna Koreja ni izvedla nobenega jedrskega ali raketnega poskusa, narejeni pa so bili dolo\u010deni koraki v smeri izbolj\u0161anja odnosov med Severno in Ju\u017eno Korejo.<\/p>\n<\/div>\n","protected":false},"excerpt":{"rendered":"<p>Ameri\u0161ki predsednik Donald Trump in severnokorejski voditelj Kim Jong-un se bosta znova sre\u010dala konec februarja, je danes sporo\u010dila tiskovna predstavnica Bele hi\u0161e Sarah Sanders. povedala je \u0161e, da bo kraj sre\u010danja dolo\u010den kasneje. Za gostitelja drugega vrha po lanskoletnem sre\u010danju junija v Singapurju se ponuja Vietnam.<\/p>\n","protected":false},"author":5,"featured_media":371852,"comment_status":"closed","ping_status":"closed","sticky":false,"template":"","format":"standard","meta":{"footnotes":""},"categories":[1179],"tags":[1680,7003,4981],"source":[4511],"supertag":[],"acf":[],"yoast_head":"<!-- This site is optimized with the Yoast SEO plugin v21.3 - https:\/\/yoast.com\/wordpress\/plugins\/seo\/ -->\n<title>Trump in Kim se bosta znova sre\u010dala konec februarja - Hudo Slovenija<\/title>\n<meta name=\"robots\" content=\"index, follow, max-snippet:-1, max-image-preview:large, max-video-preview:-1\" \/>\n<link rel=\"canonical\" href=\"https:\/\/hudo.com\/si\/aktualno\/trump-kim-se-bosta-znova-srecala-konec-februarja\/\" \/>\n<meta property=\"og:locale\" content=\"sl_SI\" \/>\n<meta property=\"og:type\" content=\"article\" \/>\n<meta property=\"og:title\" content=\"Trump in Kim se bosta znova sre\u010dala konec februarja - Hudo Slovenija\" \/>\n<meta property=\"og:description\" content=\"Ameri\u0161ki predsednik Donald Trump in severnokorejski voditelj Kim Jong-un se bosta znova sre\u010dala konec februarja, je danes sporo\u010dila tiskovna predstavnica Bele hi\u0161e Sarah Sanders. povedala je \u0161e, da bo kraj sre\u010danja dolo\u010den kasneje. Za gostitelja drugega vrha po lanskoletnem sre\u010danju junija v Singapurju se ponuja Vietnam.\" \/>\n<meta property=\"og:url\" content=\"https:\/\/hudo.com\/si\/aktualno\/trump-kim-se-bosta-znova-srecala-konec-februarja\/\" \/>\n<meta property=\"og:site_name\" content=\"Hudo Slovenija\" \/>\n<meta property=\"article:publisher\" content=\"https:\/\/www.facebook.com\/hudo.si\" \/>\n<meta property=\"article:published_time\" content=\"2019-01-19T08:18:00+00:00\" \/>\n<meta property=\"og:image\" content=\"https:\/\/hudo.com\/si\/wp-content\/uploads\/sites\/2\/2018\/06\/profimedia-0374673924.jpg\" \/>\n\t<meta property=\"og:image:width\" content=\"1250\" \/>\n\t<meta property=\"og:image:height\" content=\"961\" \/>\n\t<meta property=\"og:image:type\" content=\"image\/jpeg\" \/>\n<meta name=\"author\" content=\"A. G., STA\" \/>\n<meta name=\"twitter:card\" content=\"summary_large_image\" \/>\n<meta name=\"twitter:creator\" content=\"@hudo_si\" \/>\n<meta name=\"twitter:site\" content=\"@hudo_si\" \/>\n<meta name=\"twitter:label1\" content=\"Written by\" \/>\n\t<meta name=\"twitter:data1\" content=\"A. G., STA\" \/>\n\t<meta name=\"twitter:label2\" content=\"Est. reading time\" \/>\n\t<meta name=\"twitter:data2\" content=\"1 minuta\" \/>\n<script type=\"application\/ld+json\" class=\"yoast-schema-graph\">{\"@context\":\"https:\/\/schema.org\",\"@graph\":[{\"@type\":\"Article\",\"@id\":\"https:\/\/hudo.com\/si\/aktualno\/trump-kim-se-bosta-znova-srecala-konec-februarja\/#article\",\"isPartOf\":{\"@id\":\"https:\/\/hudo.com\/si\/aktualno\/trump-kim-se-bosta-znova-srecala-konec-februarja\/\"},\"author\":{\"name\":\"A. G., STA\",\"@id\":\"https:\/\/hudo.com\/si\/#\/schema\/person\/2391667a63ea075ba94f2f2dc6b77537\"},\"headline\":\"Trump in Kim se bosta znova sre\u010dala konec februarja\",\"datePublished\":\"2019-01-19T08:18:00+00:00\",\"dateModified\":\"2019-01-19T08:18:00+00:00\",\"mainEntityOfPage\":{\"@id\":\"https:\/\/hudo.com\/si\/aktualno\/trump-kim-se-bosta-znova-srecala-konec-februarja\/\"},\"wordCount\":159,\"publisher\":{\"@id\":\"https:\/\/hudo.com\/si\/#organization\"},\"keywords\":[\"Donald Trump\",\"Kim Jong-un\",\"sre\u010danje\"],\"articleSection\":[\"Aktualno\"],\"inLanguage\":\"sl-SI\"},{\"@type\":\"WebPage\",\"@id\":\"https:\/\/hudo.com\/si\/aktualno\/trump-kim-se-bosta-znova-srecala-konec-februarja\/\",\"url\":\"https:\/\/hudo.com\/si\/aktualno\/trump-kim-se-bosta-znova-srecala-konec-februarja\/\",\"name\":\"Trump in Kim se bosta znova sre\u010dala konec februarja - Hudo Slovenija\",\"isPartOf\":{\"@id\":\"https:\/\/hudo.com\/si\/#website\"},\"datePublished\":\"2019-01-19T08:18:00+00:00\",\"dateModified\":\"2019-01-19T08:18:00+00:00\",\"breadcrumb\":{\"@id\":\"https:\/\/hudo.com\/si\/aktualno\/trump-kim-se-bosta-znova-srecala-konec-februarja\/#breadcrumb\"},\"inLanguage\":\"sl-SI\",\"potentialAction\":[{\"@type\":\"ReadAction\",\"target\":[\"https:\/\/hudo.com\/si\/aktualno\/trump-kim-se-bosta-znova-srecala-konec-februarja\/\"]}]},{\"@type\":\"BreadcrumbList\",\"@id\":\"https:\/\/hudo.com\/si\/aktualno\/trump-kim-se-bosta-znova-srecala-konec-februarja\/#breadcrumb\",\"itemListElement\":[{\"@type\":\"ListItem\",\"position\":1,\"name\":\"Home\",\"item\":\"https:\/\/hudo.com\/si\/\"},{\"@type\":\"ListItem\",\"position\":2,\"name\":\"Trump in Kim se bosta znova sre\u010dala konec februarja\"}]},{\"@type\":\"WebSite\",\"@id\":\"https:\/\/hudo.com\/si\/#website\",\"url\":\"https:\/\/hudo.com\/si\/\",\"name\":\"Hudo Slovenija\",\"description\":\"Vse novice iz Slovenije in sveta\",\"publisher\":{\"@id\":\"https:\/\/hudo.com\/si\/#organization\"},\"potentialAction\":[{\"@type\":\"SearchAction\",\"target\":{\"@type\":\"EntryPoint\",\"urlTemplate\":\"https:\/\/hudo.com\/si\/?s={search_term_string}\"},\"query-input\":\"required name=search_term_string\"}],\"inLanguage\":\"sl-SI\"},{\"@type\":\"Organization\",\"@id\":\"https:\/\/hudo.com\/si\/#organization\",\"name\":\"VSN Media\",\"url\":\"https:\/\/hudo.com\/si\/\",\"logo\":{\"@type\":\"ImageObject\",\"inLanguage\":\"sl-SI\",\"@id\":\"https:\/\/hudo.com\/si\/#\/schema\/logo\/image\/\",\"url\":\"https:\/\/hudo.com\/si\/wp-content\/uploads\/sites\/2\/2021\/03\/hudo-app-2.png\",\"contentUrl\":\"https:\/\/hudo.com\/si\/wp-content\/uploads\/sites\/2\/2021\/03\/hudo-app-2.png\",\"width\":2185,\"height\":2167,\"caption\":\"VSN Media\"},\"image\":{\"@id\":\"https:\/\/hudo.com\/si\/#\/schema\/logo\/image\/\"},\"sameAs\":[\"https:\/\/www.facebook.com\/hudo.si\",\"https:\/\/twitter.com\/hudo_si\"]},{\"@type\":\"Person\",\"@id\":\"https:\/\/hudo.com\/si\/#\/schema\/person\/2391667a63ea075ba94f2f2dc6b77537\",\"name\":\"A. G., STA\",\"image\":{\"@type\":\"ImageObject\",\"inLanguage\":\"sl-SI\",\"@id\":\"https:\/\/hudo.com\/si\/#\/schema\/person\/image\/\",\"url\":\"https:\/\/secure.gravatar.com\/avatar\/e13d22ac3e442658d5025fbbe6238a79?s=96&d=mm&r=g\",\"contentUrl\":\"https:\/\/secure.gravatar.com\/avatar\/e13d22ac3e442658d5025fbbe6238a79?s=96&d=mm&r=g\",\"caption\":\"A. G., STA\"},\"url\":\"https:\/\/hudo.com\/si\/author\/alenka\/\"}]}<\/script>\n<!-- \/ Yoast SEO plugin. -->","yoast_head_json":{"title":"Trump in Kim se bosta znova sre\u010dala konec februarja - Hudo Slovenija","robots":{"index":"index","follow":"follow","max-snippet":"max-snippet:-1","max-image-preview":"max-image-preview:large","max-video-preview":"max-video-preview:-1"},"canonical":"https:\/\/hudo.com\/si\/aktualno\/trump-kim-se-bosta-znova-srecala-konec-februarja\/","og_locale":"sl_SI","og_type":"article","og_title":"Trump in Kim se bosta znova sre\u010dala konec februarja - Hudo Slovenija","og_description":"Ameri\u0161ki predsednik Donald Trump in severnokorejski voditelj Kim Jong-un se bosta znova sre\u010dala konec februarja, je danes sporo\u010dila tiskovna predstavnica Bele hi\u0161e Sarah Sanders. povedala je \u0161e, da bo kraj sre\u010danja dolo\u010den kasneje. Za gostitelja drugega vrha po lanskoletnem sre\u010danju junija v Singapurju se ponuja Vietnam.","og_url":"https:\/\/hudo.com\/si\/aktualno\/trump-kim-se-bosta-znova-srecala-konec-februarja\/","og_site_name":"Hudo Slovenija","article_publisher":"https:\/\/www.facebook.com\/hudo.si","article_published_time":"2019-01-19T08:18:00+00:00","og_image":[{"width":1250,"height":961,"url":"https:\/\/hudo.com\/si\/wp-content\/uploads\/sites\/2\/2018\/06\/profimedia-0374673924.jpg","type":"image\/jpeg"}],"author":"A. G., STA","twitter_card":"summary_large_image","twitter_creator":"@hudo_si","twitter_site":"@hudo_si","twitter_misc":{"Written by":"A. G., STA","Est. reading time":"1 minuta"},"schema":{"@context":"https:\/\/schema.org","@graph":[{"@type":"Article","@id":"https:\/\/hudo.com\/si\/aktualno\/trump-kim-se-bosta-znova-srecala-konec-februarja\/#article","isPartOf":{"@id":"https:\/\/hudo.com\/si\/aktualno\/trump-kim-se-bosta-znova-srecala-konec-februarja\/"},"author":{"name":"A. G., STA","@id":"https:\/\/hudo.com\/si\/#\/schema\/person\/2391667a63ea075ba94f2f2dc6b77537"},"headline":"Trump in Kim se bosta znova sre\u010dala konec februarja","datePublished":"2019-01-19T08:18:00+00:00","dateModified":"2019-01-19T08:18:00+00:00","mainEntityOfPage":{"@id":"https:\/\/hudo.com\/si\/aktualno\/trump-kim-se-bosta-znova-srecala-konec-februarja\/"},"wordCount":159,"publisher":{"@id":"https:\/\/hudo.com\/si\/#organization"},"keywords":["Donald Trump","Kim Jong-un","sre\u010danje"],"articleSection":["Aktualno"],"inLanguage":"sl-SI"},{"@type":"WebPage","@id":"https:\/\/hudo.com\/si\/aktualno\/trump-kim-se-bosta-znova-srecala-konec-februarja\/","url":"https:\/\/hudo.com\/si\/aktualno\/trump-kim-se-bosta-znova-srecala-konec-februarja\/","name":"Trump in Kim se bosta znova sre\u010dala konec februarja - Hudo Slovenija","isPartOf":{"@id":"https:\/\/hudo.com\/si\/#website"},"datePublished":"2019-01-19T08:18:00+00:00","dateModified":"2019-01-19T08:18:00+00:00","breadcrumb":{"@id":"https:\/\/hudo.com\/si\/aktualno\/trump-kim-se-bosta-znova-srecala-konec-februarja\/#breadcrumb"},"inLanguage":"sl-SI","potentialAction":[{"@type":"ReadAction","target":["https:\/\/hudo.com\/si\/aktualno\/trump-kim-se-bosta-znova-srecala-konec-februarja\/"]}]},{"@type":"BreadcrumbList","@id":"https:\/\/hudo.com\/si\/aktualno\/trump-kim-se-bosta-znova-srecala-konec-februarja\/#breadcrumb","itemListElement":[{"@type":"ListItem","position":1,"name":"Home","item":"https:\/\/hudo.com\/si\/"},{"@type":"ListItem","position":2,"name":"Trump in Kim se bosta znova sre\u010dala konec februarja"}]},{"@type":"WebSite","@id":"https:\/\/hudo.com\/si\/#website","url":"https:\/\/hudo.com\/si\/","name":"Hudo Slovenija","description":"Vse novice iz Slovenije in sveta","publisher":{"@id":"https:\/\/hudo.com\/si\/#organization"},"potentialAction":[{"@type":"SearchAction","target":{"@type":"EntryPoint","urlTemplate":"https:\/\/hudo.com\/si\/?s={search_term_string}"},"query-input":"required name=search_term_string"}],"inLanguage":"sl-SI"},{"@type":"Organization","@id":"https:\/\/hudo.com\/si\/#organization","name":"VSN Media","url":"https:\/\/hudo.com\/si\/","logo":{"@type":"ImageObject","inLanguage":"sl-SI","@id":"https:\/\/hudo.com\/si\/#\/schema\/logo\/image\/","url":"https:\/\/hudo.com\/si\/wp-content\/uploads\/sites\/2\/2021\/03\/hudo-app-2.png","contentUrl":"https:\/\/hudo.com\/si\/wp-content\/uploads\/sites\/2\/2021\/03\/hudo-app-2.png","width":2185,"height":2167,"caption":"VSN Media"},"image":{"@id":"https:\/\/hudo.com\/si\/#\/schema\/logo\/image\/"},"sameAs":["https:\/\/www.facebook.com\/hudo.si","https:\/\/twitter.com\/hudo_si"]},{"@type":"Person","@id":"https:\/\/hudo.com\/si\/#\/schema\/person\/2391667a63ea075ba94f2f2dc6b77537","name":"A. G., STA","image":{"@type":"ImageObject","inLanguage":"sl-SI","@id":"https:\/\/hudo.com\/si\/#\/schema\/person\/image\/","url":"https:\/\/secure.gravatar.com\/avatar\/e13d22ac3e442658d5025fbbe6238a79?s=96&d=mm&r=g","contentUrl":"https:\/\/secure.gravatar.com\/avatar\/e13d22ac3e442658d5025fbbe6238a79?s=96&d=mm&r=g","caption":"A. G., STA"},"url":"https:\/\/hudo.com\/si\/author\/alenka\/"}]}},"amp_enabled":true,"_links":{"self":[{"href":"https:\/\/hudo.com\/si\/wp-json\/wp\/v2\/posts\/389194"}],"collection":[{"href":"https:\/\/hudo.com\/si\/wp-json\/wp\/v2\/posts"}],"about":[{"href":"https:\/\/hudo.com\/si\/wp-json\/wp\/v2\/types\/post"}],"author":[{"embeddable":true,"href":"https:\/\/hudo.com\/si\/wp-json\/wp\/v2\/users\/5"}],"replies":[{"embeddable":true,"href":"https:\/\/hudo.com\/si\/wp-json\/wp\/v2\/comments?post=389194"}],"version-history":[{"count":1,"href":"https:\/\/hudo.com\/si\/wp-json\/wp\/v2\/posts\/389194\/revisions"}],"predecessor-version":[{"id":389195,"href":"https:\/\/hudo.com\/si\/wp-json\/wp\/v2\/posts\/389194\/revisions\/389195"}],"wp:featuredmedia":[{"embeddable":true,"href":"https:\/\/hudo.com\/si\/wp-json\/wp\/v2\/media\/371852"}],"wp:attachment":[{"href":"https:\/\/hudo.com\/si\/wp-json\/wp\/v2\/media?parent=389194"}],"wp:term":[{"taxonomy":"category","embeddable":true,"href":"https:\/\/hudo.com\/si\/wp-json\/wp\/v2\/categories?post=389194"},{"taxonomy":"post_tag","embeddable":true,"href":"https:\/\/hudo.com\/si\/wp-json\/wp\/v2\/tags?post=389194"},{"taxonomy":"source","embeddable":true,"href":"https:\/\/hudo.com\/si\/wp-json\/wp\/v2\/source?post=389194"},{"taxonomy":"supertag","embeddable":true,"href":"https:\/\/hudo.com\/si\/wp-json\/wp\/v2\/supertag?post=389194"}],"curies":[{"name":"wp","href":"https:\/\/api.w.org\/{rel}","templated":true}]}}