{"id":391220,"date":"2019-01-19T15:45:45","date_gmt":"2019-01-19T14:45:45","guid":{"rendered":"http:\/\/hudo.com\/si\/?p=391220"},"modified":"2019-01-19T15:45:45","modified_gmt":"2019-01-19T14:45:45","slug":"na-italijanskem-seznamu-se-30-teroristov-ki-pobegnili-v-tujino","status":"publish","type":"post","link":"https:\/\/hudo.com\/si\/aktualno\/na-italijanskem-seznamu-se-30-teroristov-ki-pobegnili-v-tujino\/","title":{"rendered":"Na italijanskem seznamu \u0161e 30 &#8220;teroristov&#8221;, ki so pobegnili v tujino"},"content":{"rendered":"<div class=\"text\">\n<p>&#8220;30 teroristov je \u0161e ne begu, 27 z levice, trije z desnice. Njihova imena so na mizi notranjega ministra Mattea Salvinija,&#8221; so na notranjem ministrstvu zapisali v sporo\u010dilu za javnost.<\/p>\n<p>Ministrstvo je sporo\u010dilo, da seznama ali imen ne bodo objavili. Za 14 ube\u017enikov sicer domnevajo, da so v sosednji Franciji, poro\u010da francoska tiskovna agencija AFP.<\/p>\n<p>Posodobljeni seznam so pripravili na policiji in obve\u0161\u010devalnih slu\u017ebah po aretaciji Battistija, so \u0161e sporo\u010dili z notranjega ministrstva.<\/p>\n<p>Battisti, ki so ga italijanske oblasti iskale zaradi \u0161tirih umorov v 70. letih prej\u0161njega stoletja, je v ponedeljek v zaporu na Sardiniji za\u010del prestajati dosmrtno zaporno kazen.<\/p>\n<p>Battisti je bil na begu pred italijansko roko pravice skoraj \u0161tiri desetletja. Leta 1979 je bil obsojen zaradi \u010dlanstva v prepovedani oboro\u017eeni revolucionarni skupini, dve leti kasneje pa je med \u010dakanjem na sojenje pobegnil.<\/p>\n<p>Kljub temu so ga potem v odsotnosti obsodili na dosmrtni zapor zaradi umora dveh policistov ter sodelovanja pri umoru mesarja in na\u010drtovanju umora zlatarja, ki je umrl v strelskem obra\u010dunu. Battisti je priznal, da je bil \u010dlan levi\u010darske skupine Oboro\u017eeni proletarci za komunizem, ne pa tudi odgovornosti za umore.<\/p>\n<p>Po pobegu je sprva \u017eivel v Franciji, nato pa je zbe\u017eal v Brazilijo, kjer so ga leta 2007 aretirali v Rio de Janeiru. Po nekaj letih v priporu je takratni brazilski predsednik Luiz Inacio Lula da Silva izdal odlok o prepovedi izro\u010ditve Italiji, kar je podprlo tudi brazilsko vrhovno sodi\u0161\u010de, zato je lahko od\u0161el na prostost.<\/p>\n<p>Novi brazilski predsednik Jair Bolsonaro pa je \u017ee med predsedni\u0161ko kampanjo obljubljal, da bo ob nastopu mandata Battistija nemudoma izro\u010dil Italiji. Nalog za njegovo izro\u010ditev pa je sredi decembra podpisal \u017ee odhajajo\u010di predsednik Michel Temer.<\/p>\n<p>A Battisti je poniknil, dokler ga niso v soboto aretirali v sosednji Boliviji v mestu Santa Cruz de la Sierra. Operacijo so v sodelovanju izvedli bolivijski in italijanski policisti.<\/p>\n<\/div>\n","protected":false},"excerpt":{"rendered":"<p>Italijanske oblasti i\u0161\u010dejo \u0161e 30 &#8220;teroristov&#8221;, ki so pred roko pravice pobegnili v tujino, so danes sporo\u010dili z notranjega ministrstva v Rimu. Pred nekaj dnevi je Bolivija izro\u010dila Italiji \u010dlana italijanske skrajne levi\u010darske skupine Cesareja Battistija, ki se je 37 let skrival v tujini.<\/p>\n","protected":false},"author":5,"featured_media":107167,"comment_status":"closed","ping_status":"closed","sticky":false,"template":"","format":"standard","meta":{"footnotes":""},"categories":[1179],"tags":[1760,5010],"source":[4511],"supertag":[],"acf":[],"yoast_head":"<!-- This site is optimized with the Yoast SEO plugin v21.3 - https:\/\/yoast.com\/wordpress\/plugins\/seo\/ -->\n<title>Na italijanskem seznamu \u0161e 30 &quot;teroristov&quot;, ki so pobegnili v tujino - Hudo Slovenija<\/title>\n<meta name=\"robots\" content=\"index, follow, max-snippet:-1, max-image-preview:large, max-video-preview:-1\" \/>\n<link rel=\"canonical\" href=\"https:\/\/hudo.com\/si\/aktualno\/na-italijanskem-seznamu-se-30-teroristov-ki-pobegnili-v-tujino\/\" \/>\n<meta property=\"og:locale\" content=\"sl_SI\" \/>\n<meta property=\"og:type\" content=\"article\" \/>\n<meta property=\"og:title\" content=\"Na italijanskem seznamu \u0161e 30 &quot;teroristov&quot;, ki so pobegnili v tujino - Hudo Slovenija\" \/>\n<meta property=\"og:description\" content=\"Italijanske oblasti i\u0161\u010dejo \u0161e 30 &quot;teroristov&quot;, ki so pred roko pravice pobegnili v tujino, so danes sporo\u010dili z notranjega ministrstva v Rimu. Pred nekaj dnevi je Bolivija izro\u010dila Italiji \u010dlana italijanske skrajne levi\u010darske skupine Cesareja Battistija, ki se je 37 let skrival v tujini.\" \/>\n<meta property=\"og:url\" content=\"https:\/\/hudo.com\/si\/aktualno\/na-italijanskem-seznamu-se-30-teroristov-ki-pobegnili-v-tujino\/\" \/>\n<meta property=\"og:site_name\" content=\"Hudo Slovenija\" \/>\n<meta property=\"article:publisher\" content=\"https:\/\/www.facebook.com\/hudo.si\" \/>\n<meta property=\"article:published_time\" content=\"2019-01-19T14:45:45+00:00\" \/>\n<meta property=\"og:image\" content=\"https:\/\/hudo.com\/si\/wp-content\/uploads\/sites\/2\/2016\/08\/profimedia-0272957731.jpg\" \/>\n\t<meta property=\"og:image:width\" content=\"1250\" \/>\n\t<meta property=\"og:image:height\" content=\"813\" \/>\n\t<meta property=\"og:image:type\" content=\"image\/jpeg\" \/>\n<meta name=\"author\" content=\"A. G., STA\" \/>\n<meta name=\"twitter:card\" content=\"summary_large_image\" \/>\n<meta name=\"twitter:creator\" content=\"@hudo_si\" \/>\n<meta name=\"twitter:site\" content=\"@hudo_si\" \/>\n<meta name=\"twitter:label1\" content=\"Written by\" \/>\n\t<meta name=\"twitter:data1\" content=\"A. G., STA\" \/>\n\t<meta name=\"twitter:label2\" content=\"Est. reading time\" \/>\n\t<meta name=\"twitter:data2\" content=\"2 minuti\" \/>\n<script type=\"application\/ld+json\" class=\"yoast-schema-graph\">{\"@context\":\"https:\/\/schema.org\",\"@graph\":[{\"@type\":\"Article\",\"@id\":\"https:\/\/hudo.com\/si\/aktualno\/na-italijanskem-seznamu-se-30-teroristov-ki-pobegnili-v-tujino\/#article\",\"isPartOf\":{\"@id\":\"https:\/\/hudo.com\/si\/aktualno\/na-italijanskem-seznamu-se-30-teroristov-ki-pobegnili-v-tujino\/\"},\"author\":{\"name\":\"A. G., STA\",\"@id\":\"https:\/\/hudo.com\/si\/#\/schema\/person\/2391667a63ea075ba94f2f2dc6b77537\"},\"headline\":\"Na italijanskem seznamu \u0161e 30 &#8220;teroristov&#8221;, ki so pobegnili v tujino\",\"datePublished\":\"2019-01-19T14:45:45+00:00\",\"dateModified\":\"2019-01-19T14:45:45+00:00\",\"mainEntityOfPage\":{\"@id\":\"https:\/\/hudo.com\/si\/aktualno\/na-italijanskem-seznamu-se-30-teroristov-ki-pobegnili-v-tujino\/\"},\"wordCount\":329,\"publisher\":{\"@id\":\"https:\/\/hudo.com\/si\/#organization\"},\"keywords\":[\"italija\",\"kriminal\"],\"articleSection\":[\"Aktualno\"],\"inLanguage\":\"sl-SI\"},{\"@type\":\"WebPage\",\"@id\":\"https:\/\/hudo.com\/si\/aktualno\/na-italijanskem-seznamu-se-30-teroristov-ki-pobegnili-v-tujino\/\",\"url\":\"https:\/\/hudo.com\/si\/aktualno\/na-italijanskem-seznamu-se-30-teroristov-ki-pobegnili-v-tujino\/\",\"name\":\"Na italijanskem seznamu \u0161e 30 \\\"teroristov\\\", ki so pobegnili v tujino - Hudo Slovenija\",\"isPartOf\":{\"@id\":\"https:\/\/hudo.com\/si\/#website\"},\"datePublished\":\"2019-01-19T14:45:45+00:00\",\"dateModified\":\"2019-01-19T14:45:45+00:00\",\"breadcrumb\":{\"@id\":\"https:\/\/hudo.com\/si\/aktualno\/na-italijanskem-seznamu-se-30-teroristov-ki-pobegnili-v-tujino\/#breadcrumb\"},\"inLanguage\":\"sl-SI\",\"potentialAction\":[{\"@type\":\"ReadAction\",\"target\":[\"https:\/\/hudo.com\/si\/aktualno\/na-italijanskem-seznamu-se-30-teroristov-ki-pobegnili-v-tujino\/\"]}]},{\"@type\":\"BreadcrumbList\",\"@id\":\"https:\/\/hudo.com\/si\/aktualno\/na-italijanskem-seznamu-se-30-teroristov-ki-pobegnili-v-tujino\/#breadcrumb\",\"itemListElement\":[{\"@type\":\"ListItem\",\"position\":1,\"name\":\"Home\",\"item\":\"https:\/\/hudo.com\/si\/\"},{\"@type\":\"ListItem\",\"position\":2,\"name\":\"Na italijanskem seznamu \u0161e 30 &#8220;teroristov&#8221;, ki so pobegnili v tujino\"}]},{\"@type\":\"WebSite\",\"@id\":\"https:\/\/hudo.com\/si\/#website\",\"url\":\"https:\/\/hudo.com\/si\/\",\"name\":\"Hudo Slovenija\",\"description\":\"Vse novice iz Slovenije in sveta\",\"publisher\":{\"@id\":\"https:\/\/hudo.com\/si\/#organization\"},\"potentialAction\":[{\"@type\":\"SearchAction\",\"target\":{\"@type\":\"EntryPoint\",\"urlTemplate\":\"https:\/\/hudo.com\/si\/?s={search_term_string}\"},\"query-input\":\"required name=search_term_string\"}],\"inLanguage\":\"sl-SI\"},{\"@type\":\"Organization\",\"@id\":\"https:\/\/hudo.com\/si\/#organization\",\"name\":\"VSN Media\",\"url\":\"https:\/\/hudo.com\/si\/\",\"logo\":{\"@type\":\"ImageObject\",\"inLanguage\":\"sl-SI\",\"@id\":\"https:\/\/hudo.com\/si\/#\/schema\/logo\/image\/\",\"url\":\"https:\/\/hudo.com\/si\/wp-content\/uploads\/sites\/2\/2021\/03\/hudo-app-2.png\",\"contentUrl\":\"https:\/\/hudo.com\/si\/wp-content\/uploads\/sites\/2\/2021\/03\/hudo-app-2.png\",\"width\":2185,\"height\":2167,\"caption\":\"VSN Media\"},\"image\":{\"@id\":\"https:\/\/hudo.com\/si\/#\/schema\/logo\/image\/\"},\"sameAs\":[\"https:\/\/www.facebook.com\/hudo.si\",\"https:\/\/twitter.com\/hudo_si\"]},{\"@type\":\"Person\",\"@id\":\"https:\/\/hudo.com\/si\/#\/schema\/person\/2391667a63ea075ba94f2f2dc6b77537\",\"name\":\"A. G., STA\",\"image\":{\"@type\":\"ImageObject\",\"inLanguage\":\"sl-SI\",\"@id\":\"https:\/\/hudo.com\/si\/#\/schema\/person\/image\/\",\"url\":\"https:\/\/secure.gravatar.com\/avatar\/e13d22ac3e442658d5025fbbe6238a79?s=96&d=mm&r=g\",\"contentUrl\":\"https:\/\/secure.gravatar.com\/avatar\/e13d22ac3e442658d5025fbbe6238a79?s=96&d=mm&r=g\",\"caption\":\"A. G., STA\"},\"url\":\"https:\/\/hudo.com\/si\/author\/alenka\/\"}]}<\/script>\n<!-- \/ Yoast SEO plugin. -->","yoast_head_json":{"title":"Na italijanskem seznamu \u0161e 30 \"teroristov\", ki so pobegnili v tujino - Hudo Slovenija","robots":{"index":"index","follow":"follow","max-snippet":"max-snippet:-1","max-image-preview":"max-image-preview:large","max-video-preview":"max-video-preview:-1"},"canonical":"https:\/\/hudo.com\/si\/aktualno\/na-italijanskem-seznamu-se-30-teroristov-ki-pobegnili-v-tujino\/","og_locale":"sl_SI","og_type":"article","og_title":"Na italijanskem seznamu \u0161e 30 \"teroristov\", ki so pobegnili v tujino - Hudo Slovenija","og_description":"Italijanske oblasti i\u0161\u010dejo \u0161e 30 \"teroristov\", ki so pred roko pravice pobegnili v tujino, so danes sporo\u010dili z notranjega ministrstva v Rimu. Pred nekaj dnevi je Bolivija izro\u010dila Italiji \u010dlana italijanske skrajne levi\u010darske skupine Cesareja Battistija, ki se je 37 let skrival v tujini.","og_url":"https:\/\/hudo.com\/si\/aktualno\/na-italijanskem-seznamu-se-30-teroristov-ki-pobegnili-v-tujino\/","og_site_name":"Hudo Slovenija","article_publisher":"https:\/\/www.facebook.com\/hudo.si","article_published_time":"2019-01-19T14:45:45+00:00","og_image":[{"width":1250,"height":813,"url":"https:\/\/hudo.com\/si\/wp-content\/uploads\/sites\/2\/2016\/08\/profimedia-0272957731.jpg","type":"image\/jpeg"}],"author":"A. G., STA","twitter_card":"summary_large_image","twitter_creator":"@hudo_si","twitter_site":"@hudo_si","twitter_misc":{"Written by":"A. G., STA","Est. reading time":"2 minuti"},"schema":{"@context":"https:\/\/schema.org","@graph":[{"@type":"Article","@id":"https:\/\/hudo.com\/si\/aktualno\/na-italijanskem-seznamu-se-30-teroristov-ki-pobegnili-v-tujino\/#article","isPartOf":{"@id":"https:\/\/hudo.com\/si\/aktualno\/na-italijanskem-seznamu-se-30-teroristov-ki-pobegnili-v-tujino\/"},"author":{"name":"A. G., STA","@id":"https:\/\/hudo.com\/si\/#\/schema\/person\/2391667a63ea075ba94f2f2dc6b77537"},"headline":"Na italijanskem seznamu \u0161e 30 &#8220;teroristov&#8221;, ki so pobegnili v tujino","datePublished":"2019-01-19T14:45:45+00:00","dateModified":"2019-01-19T14:45:45+00:00","mainEntityOfPage":{"@id":"https:\/\/hudo.com\/si\/aktualno\/na-italijanskem-seznamu-se-30-teroristov-ki-pobegnili-v-tujino\/"},"wordCount":329,"publisher":{"@id":"https:\/\/hudo.com\/si\/#organization"},"keywords":["italija","kriminal"],"articleSection":["Aktualno"],"inLanguage":"sl-SI"},{"@type":"WebPage","@id":"https:\/\/hudo.com\/si\/aktualno\/na-italijanskem-seznamu-se-30-teroristov-ki-pobegnili-v-tujino\/","url":"https:\/\/hudo.com\/si\/aktualno\/na-italijanskem-seznamu-se-30-teroristov-ki-pobegnili-v-tujino\/","name":"Na italijanskem seznamu \u0161e 30 \"teroristov\", ki so pobegnili v tujino - Hudo Slovenija","isPartOf":{"@id":"https:\/\/hudo.com\/si\/#website"},"datePublished":"2019-01-19T14:45:45+00:00","dateModified":"2019-01-19T14:45:45+00:00","breadcrumb":{"@id":"https:\/\/hudo.com\/si\/aktualno\/na-italijanskem-seznamu-se-30-teroristov-ki-pobegnili-v-tujino\/#breadcrumb"},"inLanguage":"sl-SI","potentialAction":[{"@type":"ReadAction","target":["https:\/\/hudo.com\/si\/aktualno\/na-italijanskem-seznamu-se-30-teroristov-ki-pobegnili-v-tujino\/"]}]},{"@type":"BreadcrumbList","@id":"https:\/\/hudo.com\/si\/aktualno\/na-italijanskem-seznamu-se-30-teroristov-ki-pobegnili-v-tujino\/#breadcrumb","itemListElement":[{"@type":"ListItem","position":1,"name":"Home","item":"https:\/\/hudo.com\/si\/"},{"@type":"ListItem","position":2,"name":"Na italijanskem seznamu \u0161e 30 &#8220;teroristov&#8221;, ki so pobegnili v tujino"}]},{"@type":"WebSite","@id":"https:\/\/hudo.com\/si\/#website","url":"https:\/\/hudo.com\/si\/","name":"Hudo Slovenija","description":"Vse novice iz Slovenije in sveta","publisher":{"@id":"https:\/\/hudo.com\/si\/#organization"},"potentialAction":[{"@type":"SearchAction","target":{"@type":"EntryPoint","urlTemplate":"https:\/\/hudo.com\/si\/?s={search_term_string}"},"query-input":"required name=search_term_string"}],"inLanguage":"sl-SI"},{"@type":"Organization","@id":"https:\/\/hudo.com\/si\/#organization","name":"VSN Media","url":"https:\/\/hudo.com\/si\/","logo":{"@type":"ImageObject","inLanguage":"sl-SI","@id":"https:\/\/hudo.com\/si\/#\/schema\/logo\/image\/","url":"https:\/\/hudo.com\/si\/wp-content\/uploads\/sites\/2\/2021\/03\/hudo-app-2.png","contentUrl":"https:\/\/hudo.com\/si\/wp-content\/uploads\/sites\/2\/2021\/03\/hudo-app-2.png","width":2185,"height":2167,"caption":"VSN Media"},"image":{"@id":"https:\/\/hudo.com\/si\/#\/schema\/logo\/image\/"},"sameAs":["https:\/\/www.facebook.com\/hudo.si","https:\/\/twitter.com\/hudo_si"]},{"@type":"Person","@id":"https:\/\/hudo.com\/si\/#\/schema\/person\/2391667a63ea075ba94f2f2dc6b77537","name":"A. G., STA","image":{"@type":"ImageObject","inLanguage":"sl-SI","@id":"https:\/\/hudo.com\/si\/#\/schema\/person\/image\/","url":"https:\/\/secure.gravatar.com\/avatar\/e13d22ac3e442658d5025fbbe6238a79?s=96&d=mm&r=g","contentUrl":"https:\/\/secure.gravatar.com\/avatar\/e13d22ac3e442658d5025fbbe6238a79?s=96&d=mm&r=g","caption":"A. G., STA"},"url":"https:\/\/hudo.com\/si\/author\/alenka\/"}]}},"amp_enabled":true,"_links":{"self":[{"href":"https:\/\/hudo.com\/si\/wp-json\/wp\/v2\/posts\/391220"}],"collection":[{"href":"https:\/\/hudo.com\/si\/wp-json\/wp\/v2\/posts"}],"about":[{"href":"https:\/\/hudo.com\/si\/wp-json\/wp\/v2\/types\/post"}],"author":[{"embeddable":true,"href":"https:\/\/hudo.com\/si\/wp-json\/wp\/v2\/users\/5"}],"replies":[{"embeddable":true,"href":"https:\/\/hudo.com\/si\/wp-json\/wp\/v2\/comments?post=391220"}],"version-history":[{"count":1,"href":"https:\/\/hudo.com\/si\/wp-json\/wp\/v2\/posts\/391220\/revisions"}],"predecessor-version":[{"id":391221,"href":"https:\/\/hudo.com\/si\/wp-json\/wp\/v2\/posts\/391220\/revisions\/391221"}],"wp:featuredmedia":[{"embeddable":true,"href":"https:\/\/hudo.com\/si\/wp-json\/wp\/v2\/media\/107167"}],"wp:attachment":[{"href":"https:\/\/hudo.com\/si\/wp-json\/wp\/v2\/media?parent=391220"}],"wp:term":[{"taxonomy":"category","embeddable":true,"href":"https:\/\/hudo.com\/si\/wp-json\/wp\/v2\/categories?post=391220"},{"taxonomy":"post_tag","embeddable":true,"href":"https:\/\/hudo.com\/si\/wp-json\/wp\/v2\/tags?post=391220"},{"taxonomy":"source","embeddable":true,"href":"https:\/\/hudo.com\/si\/wp-json\/wp\/v2\/source?post=391220"},{"taxonomy":"supertag","embeddable":true,"href":"https:\/\/hudo.com\/si\/wp-json\/wp\/v2\/supertag?post=391220"}],"curies":[{"name":"wp","href":"https:\/\/api.w.org\/{rel}","templated":true}]}}