{"id":391264,"date":"2019-01-21T08:42:52","date_gmt":"2019-01-21T07:42:52","guid":{"rendered":"http:\/\/hudo.com\/si\/?p=391264"},"modified":"2019-01-21T08:42:52","modified_gmt":"2019-01-21T07:42:52","slug":"programski-svet-rtvs-bo-danes-glasoval-o-imenovanju-stularja-za-direktorja-radia","status":"publish","type":"post","link":"https:\/\/hudo.com\/si\/aktualno\/programski-svet-rtvs-bo-danes-glasoval-o-imenovanju-stularja-za-direktorja-radia\/","title":{"rendered":"Programski svet RTVS bo danes glasoval o imenovanju \u0160tularja za direktorja radia"},"content":{"rendered":"<p>Generalni direktor RTVS Igor Kadunc je programskemu svetu zavoda predlagal, naj podpre kandidaturo \u0160tularja za direktorja Radia Slovenija (RAS). Sicer se je Kadunc odlo\u010dal med \u0160tularjem, ki je zdaj odgovorni urednik Vala 202, ter urednico uredni\u0161tva ve\u010dernega in no\u010dnega programa na Prvem programu RAS Darjo Groznik.<\/p>\n<p>Od petih vlog, ki so prispele na razpis za mesto direktorja nacionalnega radia, sta bili le dve popolni, oddala pa sta ju \u0160tular in Groznikova. Oba sta \u017ee ve\u010d let zaposlena na RAS. Tako eden kot drugi sta se v preteklosti \u017ee potegovala za mesto direktorja radia.<\/p>\n<p>Zdaj\u0161njemu direktorju RAS Mihi Lamprehtu se bo \u017ee drugi \u0161tiriletni mandat iztekel 15. februarja. Kmalu po objavi tokratnega razpisa je napovedal, da se za nov mandat ne bo potegoval, saj da je zaradi samoomejevanja funkcije napo\u010dil \u010das, da vodenje radia prevzame nekdo drug.<\/p>\n<p>Direktorja radia ali v. d. direktorja imenuje generalni direktor RTVS po pridobitvi predhodnega soglasja programskega sveta zavoda. Za soglasje je potrebna absolutna ve\u010dina v 29-\u010dlanskem svetu, torej najmanj 15 svetni\u0161kih glasov podpore.<\/p>\n","protected":false},"excerpt":{"rendered":"<p>Programski svet Radiotelevizije Slovenija (RTVS) bo na dana\u0161nji seji odlo\u010dal o soglasju k imenovanju Mirka \u0160tularja za direktorja nacionalnega radia. Podal bo tudi mnenje k predlogu finan\u010dnega na\u010drta RTVS za leto\u0161nje leto ter prisluhnil poro\u010dilu varuhinje pravic gledalcev in poslu\u0161alcev Ilinke Todorovski za december lani.<\/p>\n","protected":false},"author":8,"featured_media":156383,"comment_status":"closed","ping_status":"closed","sticky":false,"template":"","format":"standard","meta":{"footnotes":""},"categories":[1179],"tags":[12818,7944,1595],"source":[4511],"supertag":[],"acf":[],"yoast_head":"<!-- This site is optimized with the Yoast SEO plugin v21.3 - https:\/\/yoast.com\/wordpress\/plugins\/seo\/ -->\n<title>Programski svet RTVS bo danes glasoval o imenovanju \u0160tularja za direktorja radia - Hudo Slovenija<\/title>\n<meta name=\"robots\" content=\"index, follow, max-snippet:-1, max-image-preview:large, max-video-preview:-1\" \/>\n<link rel=\"canonical\" href=\"https:\/\/hudo.com\/si\/aktualno\/programski-svet-rtvs-bo-danes-glasoval-o-imenovanju-stularja-za-direktorja-radia\/\" \/>\n<meta property=\"og:locale\" content=\"sl_SI\" \/>\n<meta property=\"og:type\" content=\"article\" \/>\n<meta property=\"og:title\" content=\"Programski svet RTVS bo danes glasoval o imenovanju \u0160tularja za direktorja radia - Hudo Slovenija\" \/>\n<meta property=\"og:description\" content=\"Programski svet Radiotelevizije Slovenija (RTVS) bo na dana\u0161nji seji odlo\u010dal o soglasju k imenovanju Mirka \u0160tularja za direktorja nacionalnega radia. Podal bo tudi mnenje k predlogu finan\u010dnega na\u010drta RTVS za leto\u0161nje leto ter prisluhnil poro\u010dilu varuhinje pravic gledalcev in poslu\u0161alcev Ilinke Todorovski za december lani.\" \/>\n<meta property=\"og:url\" content=\"https:\/\/hudo.com\/si\/aktualno\/programski-svet-rtvs-bo-danes-glasoval-o-imenovanju-stularja-za-direktorja-radia\/\" \/>\n<meta property=\"og:site_name\" content=\"Hudo Slovenija\" \/>\n<meta property=\"article:publisher\" content=\"https:\/\/www.facebook.com\/hudo.si\" \/>\n<meta property=\"article:published_time\" content=\"2019-01-21T07:42:52+00:00\" \/>\n<meta property=\"og:image\" content=\"https:\/\/hudo.com\/si\/wp-content\/uploads\/sites\/2\/2016\/10\/20120308-00342179.jpg\" \/>\n\t<meta property=\"og:image:width\" content=\"640\" \/>\n\t<meta property=\"og:image:height\" content=\"427\" \/>\n\t<meta property=\"og:image:type\" content=\"image\/jpeg\" \/>\n<meta name=\"author\" content=\"M. N., STA\" \/>\n<meta name=\"twitter:card\" content=\"summary_large_image\" \/>\n<meta name=\"twitter:creator\" content=\"@hudo_si\" \/>\n<meta name=\"twitter:site\" content=\"@hudo_si\" \/>\n<meta name=\"twitter:label1\" content=\"Written by\" \/>\n\t<meta name=\"twitter:data1\" content=\"M. N., STA\" \/>\n\t<meta name=\"twitter:label2\" content=\"Est. reading time\" \/>\n\t<meta name=\"twitter:data2\" content=\"1 minuta\" \/>\n<script type=\"application\/ld+json\" class=\"yoast-schema-graph\">{\"@context\":\"https:\/\/schema.org\",\"@graph\":[{\"@type\":\"Article\",\"@id\":\"https:\/\/hudo.com\/si\/aktualno\/programski-svet-rtvs-bo-danes-glasoval-o-imenovanju-stularja-za-direktorja-radia\/#article\",\"isPartOf\":{\"@id\":\"https:\/\/hudo.com\/si\/aktualno\/programski-svet-rtvs-bo-danes-glasoval-o-imenovanju-stularja-za-direktorja-radia\/\"},\"author\":{\"name\":\"M. N., STA\",\"@id\":\"https:\/\/hudo.com\/si\/#\/schema\/person\/c2f10ce65d2e6ede2aeda5be2a0611fa\"},\"headline\":\"Programski svet RTVS bo danes glasoval o imenovanju \u0160tularja za direktorja radia\",\"datePublished\":\"2019-01-21T07:42:52+00:00\",\"dateModified\":\"2019-01-21T07:42:52+00:00\",\"mainEntityOfPage\":{\"@id\":\"https:\/\/hudo.com\/si\/aktualno\/programski-svet-rtvs-bo-danes-glasoval-o-imenovanju-stularja-za-direktorja-radia\/\"},\"wordCount\":186,\"publisher\":{\"@id\":\"https:\/\/hudo.com\/si\/#organization\"},\"keywords\":[\"mirko \u0161tular\",\"RTVS\",\"Slovenija\"],\"articleSection\":[\"Aktualno\"],\"inLanguage\":\"sl-SI\"},{\"@type\":\"WebPage\",\"@id\":\"https:\/\/hudo.com\/si\/aktualno\/programski-svet-rtvs-bo-danes-glasoval-o-imenovanju-stularja-za-direktorja-radia\/\",\"url\":\"https:\/\/hudo.com\/si\/aktualno\/programski-svet-rtvs-bo-danes-glasoval-o-imenovanju-stularja-za-direktorja-radia\/\",\"name\":\"Programski svet RTVS bo danes glasoval o imenovanju \u0160tularja za direktorja radia - Hudo Slovenija\",\"isPartOf\":{\"@id\":\"https:\/\/hudo.com\/si\/#website\"},\"datePublished\":\"2019-01-21T07:42:52+00:00\",\"dateModified\":\"2019-01-21T07:42:52+00:00\",\"breadcrumb\":{\"@id\":\"https:\/\/hudo.com\/si\/aktualno\/programski-svet-rtvs-bo-danes-glasoval-o-imenovanju-stularja-za-direktorja-radia\/#breadcrumb\"},\"inLanguage\":\"sl-SI\",\"potentialAction\":[{\"@type\":\"ReadAction\",\"target\":[\"https:\/\/hudo.com\/si\/aktualno\/programski-svet-rtvs-bo-danes-glasoval-o-imenovanju-stularja-za-direktorja-radia\/\"]}]},{\"@type\":\"BreadcrumbList\",\"@id\":\"https:\/\/hudo.com\/si\/aktualno\/programski-svet-rtvs-bo-danes-glasoval-o-imenovanju-stularja-za-direktorja-radia\/#breadcrumb\",\"itemListElement\":[{\"@type\":\"ListItem\",\"position\":1,\"name\":\"Home\",\"item\":\"https:\/\/hudo.com\/si\/\"},{\"@type\":\"ListItem\",\"position\":2,\"name\":\"Programski svet RTVS bo danes glasoval o imenovanju \u0160tularja za direktorja radia\"}]},{\"@type\":\"WebSite\",\"@id\":\"https:\/\/hudo.com\/si\/#website\",\"url\":\"https:\/\/hudo.com\/si\/\",\"name\":\"Hudo Slovenija\",\"description\":\"Vse novice iz Slovenije in sveta\",\"publisher\":{\"@id\":\"https:\/\/hudo.com\/si\/#organization\"},\"potentialAction\":[{\"@type\":\"SearchAction\",\"target\":{\"@type\":\"EntryPoint\",\"urlTemplate\":\"https:\/\/hudo.com\/si\/?s={search_term_string}\"},\"query-input\":\"required name=search_term_string\"}],\"inLanguage\":\"sl-SI\"},{\"@type\":\"Organization\",\"@id\":\"https:\/\/hudo.com\/si\/#organization\",\"name\":\"VSN Media\",\"url\":\"https:\/\/hudo.com\/si\/\",\"logo\":{\"@type\":\"ImageObject\",\"inLanguage\":\"sl-SI\",\"@id\":\"https:\/\/hudo.com\/si\/#\/schema\/logo\/image\/\",\"url\":\"https:\/\/hudo.com\/si\/wp-content\/uploads\/sites\/2\/2021\/03\/hudo-app-2.png\",\"contentUrl\":\"https:\/\/hudo.com\/si\/wp-content\/uploads\/sites\/2\/2021\/03\/hudo-app-2.png\",\"width\":2185,\"height\":2167,\"caption\":\"VSN Media\"},\"image\":{\"@id\":\"https:\/\/hudo.com\/si\/#\/schema\/logo\/image\/\"},\"sameAs\":[\"https:\/\/www.facebook.com\/hudo.si\",\"https:\/\/twitter.com\/hudo_si\"]},{\"@type\":\"Person\",\"@id\":\"https:\/\/hudo.com\/si\/#\/schema\/person\/c2f10ce65d2e6ede2aeda5be2a0611fa\",\"name\":\"M. N., STA\",\"image\":{\"@type\":\"ImageObject\",\"inLanguage\":\"sl-SI\",\"@id\":\"https:\/\/hudo.com\/si\/#\/schema\/person\/image\/\",\"url\":\"https:\/\/secure.gravatar.com\/avatar\/f370d38daa10467f755c5c766a4cac20?s=96&d=mm&r=g\",\"contentUrl\":\"https:\/\/secure.gravatar.com\/avatar\/f370d38daa10467f755c5c766a4cac20?s=96&d=mm&r=g\",\"caption\":\"M. N., STA\"},\"url\":\"https:\/\/hudo.com\/si\/author\/mana\/\"}]}<\/script>\n<!-- \/ Yoast SEO plugin. -->","yoast_head_json":{"title":"Programski svet RTVS bo danes glasoval o imenovanju \u0160tularja za direktorja radia - Hudo Slovenija","robots":{"index":"index","follow":"follow","max-snippet":"max-snippet:-1","max-image-preview":"max-image-preview:large","max-video-preview":"max-video-preview:-1"},"canonical":"https:\/\/hudo.com\/si\/aktualno\/programski-svet-rtvs-bo-danes-glasoval-o-imenovanju-stularja-za-direktorja-radia\/","og_locale":"sl_SI","og_type":"article","og_title":"Programski svet RTVS bo danes glasoval o imenovanju \u0160tularja za direktorja radia - Hudo Slovenija","og_description":"Programski svet Radiotelevizije Slovenija (RTVS) bo na dana\u0161nji seji odlo\u010dal o soglasju k imenovanju Mirka \u0160tularja za direktorja nacionalnega radia. Podal bo tudi mnenje k predlogu finan\u010dnega na\u010drta RTVS za leto\u0161nje leto ter prisluhnil poro\u010dilu varuhinje pravic gledalcev in poslu\u0161alcev Ilinke Todorovski za december lani.","og_url":"https:\/\/hudo.com\/si\/aktualno\/programski-svet-rtvs-bo-danes-glasoval-o-imenovanju-stularja-za-direktorja-radia\/","og_site_name":"Hudo Slovenija","article_publisher":"https:\/\/www.facebook.com\/hudo.si","article_published_time":"2019-01-21T07:42:52+00:00","og_image":[{"width":640,"height":427,"url":"https:\/\/hudo.com\/si\/wp-content\/uploads\/sites\/2\/2016\/10\/20120308-00342179.jpg","type":"image\/jpeg"}],"author":"M. N., STA","twitter_card":"summary_large_image","twitter_creator":"@hudo_si","twitter_site":"@hudo_si","twitter_misc":{"Written by":"M. N., STA","Est. reading time":"1 minuta"},"schema":{"@context":"https:\/\/schema.org","@graph":[{"@type":"Article","@id":"https:\/\/hudo.com\/si\/aktualno\/programski-svet-rtvs-bo-danes-glasoval-o-imenovanju-stularja-za-direktorja-radia\/#article","isPartOf":{"@id":"https:\/\/hudo.com\/si\/aktualno\/programski-svet-rtvs-bo-danes-glasoval-o-imenovanju-stularja-za-direktorja-radia\/"},"author":{"name":"M. N., STA","@id":"https:\/\/hudo.com\/si\/#\/schema\/person\/c2f10ce65d2e6ede2aeda5be2a0611fa"},"headline":"Programski svet RTVS bo danes glasoval o imenovanju \u0160tularja za direktorja radia","datePublished":"2019-01-21T07:42:52+00:00","dateModified":"2019-01-21T07:42:52+00:00","mainEntityOfPage":{"@id":"https:\/\/hudo.com\/si\/aktualno\/programski-svet-rtvs-bo-danes-glasoval-o-imenovanju-stularja-za-direktorja-radia\/"},"wordCount":186,"publisher":{"@id":"https:\/\/hudo.com\/si\/#organization"},"keywords":["mirko \u0161tular","RTVS","Slovenija"],"articleSection":["Aktualno"],"inLanguage":"sl-SI"},{"@type":"WebPage","@id":"https:\/\/hudo.com\/si\/aktualno\/programski-svet-rtvs-bo-danes-glasoval-o-imenovanju-stularja-za-direktorja-radia\/","url":"https:\/\/hudo.com\/si\/aktualno\/programski-svet-rtvs-bo-danes-glasoval-o-imenovanju-stularja-za-direktorja-radia\/","name":"Programski svet RTVS bo danes glasoval o imenovanju \u0160tularja za direktorja radia - Hudo Slovenija","isPartOf":{"@id":"https:\/\/hudo.com\/si\/#website"},"datePublished":"2019-01-21T07:42:52+00:00","dateModified":"2019-01-21T07:42:52+00:00","breadcrumb":{"@id":"https:\/\/hudo.com\/si\/aktualno\/programski-svet-rtvs-bo-danes-glasoval-o-imenovanju-stularja-za-direktorja-radia\/#breadcrumb"},"inLanguage":"sl-SI","potentialAction":[{"@type":"ReadAction","target":["https:\/\/hudo.com\/si\/aktualno\/programski-svet-rtvs-bo-danes-glasoval-o-imenovanju-stularja-za-direktorja-radia\/"]}]},{"@type":"BreadcrumbList","@id":"https:\/\/hudo.com\/si\/aktualno\/programski-svet-rtvs-bo-danes-glasoval-o-imenovanju-stularja-za-direktorja-radia\/#breadcrumb","itemListElement":[{"@type":"ListItem","position":1,"name":"Home","item":"https:\/\/hudo.com\/si\/"},{"@type":"ListItem","position":2,"name":"Programski svet RTVS bo danes glasoval o imenovanju \u0160tularja za direktorja radia"}]},{"@type":"WebSite","@id":"https:\/\/hudo.com\/si\/#website","url":"https:\/\/hudo.com\/si\/","name":"Hudo Slovenija","description":"Vse novice iz Slovenije in sveta","publisher":{"@id":"https:\/\/hudo.com\/si\/#organization"},"potentialAction":[{"@type":"SearchAction","target":{"@type":"EntryPoint","urlTemplate":"https:\/\/hudo.com\/si\/?s={search_term_string}"},"query-input":"required name=search_term_string"}],"inLanguage":"sl-SI"},{"@type":"Organization","@id":"https:\/\/hudo.com\/si\/#organization","name":"VSN Media","url":"https:\/\/hudo.com\/si\/","logo":{"@type":"ImageObject","inLanguage":"sl-SI","@id":"https:\/\/hudo.com\/si\/#\/schema\/logo\/image\/","url":"https:\/\/hudo.com\/si\/wp-content\/uploads\/sites\/2\/2021\/03\/hudo-app-2.png","contentUrl":"https:\/\/hudo.com\/si\/wp-content\/uploads\/sites\/2\/2021\/03\/hudo-app-2.png","width":2185,"height":2167,"caption":"VSN Media"},"image":{"@id":"https:\/\/hudo.com\/si\/#\/schema\/logo\/image\/"},"sameAs":["https:\/\/www.facebook.com\/hudo.si","https:\/\/twitter.com\/hudo_si"]},{"@type":"Person","@id":"https:\/\/hudo.com\/si\/#\/schema\/person\/c2f10ce65d2e6ede2aeda5be2a0611fa","name":"M. N., STA","image":{"@type":"ImageObject","inLanguage":"sl-SI","@id":"https:\/\/hudo.com\/si\/#\/schema\/person\/image\/","url":"https:\/\/secure.gravatar.com\/avatar\/f370d38daa10467f755c5c766a4cac20?s=96&d=mm&r=g","contentUrl":"https:\/\/secure.gravatar.com\/avatar\/f370d38daa10467f755c5c766a4cac20?s=96&d=mm&r=g","caption":"M. N., STA"},"url":"https:\/\/hudo.com\/si\/author\/mana\/"}]}},"amp_enabled":true,"_links":{"self":[{"href":"https:\/\/hudo.com\/si\/wp-json\/wp\/v2\/posts\/391264"}],"collection":[{"href":"https:\/\/hudo.com\/si\/wp-json\/wp\/v2\/posts"}],"about":[{"href":"https:\/\/hudo.com\/si\/wp-json\/wp\/v2\/types\/post"}],"author":[{"embeddable":true,"href":"https:\/\/hudo.com\/si\/wp-json\/wp\/v2\/users\/8"}],"replies":[{"embeddable":true,"href":"https:\/\/hudo.com\/si\/wp-json\/wp\/v2\/comments?post=391264"}],"version-history":[{"count":1,"href":"https:\/\/hudo.com\/si\/wp-json\/wp\/v2\/posts\/391264\/revisions"}],"predecessor-version":[{"id":391271,"href":"https:\/\/hudo.com\/si\/wp-json\/wp\/v2\/posts\/391264\/revisions\/391271"}],"wp:featuredmedia":[{"embeddable":true,"href":"https:\/\/hudo.com\/si\/wp-json\/wp\/v2\/media\/156383"}],"wp:attachment":[{"href":"https:\/\/hudo.com\/si\/wp-json\/wp\/v2\/media?parent=391264"}],"wp:term":[{"taxonomy":"category","embeddable":true,"href":"https:\/\/hudo.com\/si\/wp-json\/wp\/v2\/categories?post=391264"},{"taxonomy":"post_tag","embeddable":true,"href":"https:\/\/hudo.com\/si\/wp-json\/wp\/v2\/tags?post=391264"},{"taxonomy":"source","embeddable":true,"href":"https:\/\/hudo.com\/si\/wp-json\/wp\/v2\/source?post=391264"},{"taxonomy":"supertag","embeddable":true,"href":"https:\/\/hudo.com\/si\/wp-json\/wp\/v2\/supertag?post=391264"}],"curies":[{"name":"wp","href":"https:\/\/api.w.org\/{rel}","templated":true}]}}