{"id":391287,"date":"2019-01-21T10:12:56","date_gmt":"2019-01-21T09:12:56","guid":{"rendered":"http:\/\/hudo.com\/si\/?p=391287"},"modified":"2019-01-21T10:12:56","modified_gmt":"2019-01-21T09:12:56","slug":"unicef-poziva-k-zasciti-otrok-beguncev-migrantov-ki-po-morskih-poteh-bezijo-v-evropo","status":"publish","type":"post","link":"https:\/\/hudo.com\/si\/aktualno\/unicef-poziva-k-zasciti-otrok-beguncev-migrantov-ki-po-morskih-poteh-bezijo-v-evropo\/","title":{"rendered":"Unicef poziva k za\u0161\u010diti otrok beguncev in migrantov, ki po morskih poteh be\u017eijo v Evropo"},"content":{"rendered":"<p>Ti se po oceni Unicefa \u0161e naprej soo\u010dajo z velikimi nevarnostmi na pomorskih poteh in kr\u0161itvami njihovih temeljnih pravic ob prihodu v Evropo. Otroci so na pomorskih poteh v zimskih mesecih \u0161e posebej ogro\u017eeni zaradi izjemno nizkih temperatur in razburkanega morja, opozarja Unicef.<\/p>\n<p>&#8220;Otroci vsak dan tvegajo \u017eivljenja na nevarnih poteh prek razburkanega morja in v temperaturah pod ledi\u0161\u010dem z upanjem, da bodo na\u0161li varno zavetje in prilo\u017enosti za dostojno prihodnost. Regionalni pristop bi pomagal prepre\u010diti, da bi ti otroci &#8211; od katerih so mnogi \u017ee do\u017eiveli izkori\u0161\u010danja in zlorabe med dolgimi potovanji &#8211; \u0161e naprej trpeli,&#8221; je dejala regionalna direktorica Unicefa za Evropo in srednjo Azijo ter posebna koordinatorka za pomo\u010d migrantom v Evropi Afshan Khan.<\/p>\n<p>Ob tem je poudarila, da letos &#8220;obele\u017eujemo 30. obletnico konvencije Zdru\u017eenih narodov o otrokovih pravicah, mejnik, ki je pomemben opomin, da so se vse evropske dr\u017eave zavezale, da bodo \u0161\u010ditile pravice vseh otrok &#8211; ne glede na njihov migracijski status&#8221;.<\/p>\n<p>Ocene ka\u017eejo, da je lani v Gr\u010dijo, Italijo in \u0160panijo prek morja prispelo 23.000 otrok beguncev in migrantov. Ve\u010dina jih be\u017ei pred konflikti, skrajno rev\u0161\u010dino in preganjanjem.<\/p>\n<p>Da bi bolje za\u0161\u010ditili ranljive begunske in migrantske otroke, Unicef poziva k poenotenemu pristopu po vsej regiji, ki omogo\u010da varno in \u010dim hitrej\u0161e izkrcanje re\u0161evalnih plovil. Sprejem in identifikacija otrok morata temeljiti na upo\u0161tevanju otrokovih pravic, otrokom pa je treba zagotoviti za\u0161\u010dito, zdravstveno oskrbo in psihosocialno podporo. Vsi otroci morajo imeti pravi\u010den dostop do ustreznih postopkov, vklju\u010dno s pravno pomo\u010djo in azilnimi postopki. Nujno potrebna so tudi ve\u010dja prizadevanja za namestitve, ki dajejo prednost otrokom, ter hitrej\u0161i postopki zdru\u017eevanja dru\u017ein iz vseh dr\u017eav \u010dlanic Evropske unije, \u0161e poziva Unicef.<\/p>\n<p>Unicef je lani objavil, da potrebuje 34 milijonov ameri\u0161kih dolarjev za podporo begunskim in migrantskim otrokom v Evropi. Zbranih je bilo skupno 15 milijonov dolarjev, kar je ve\u010d kot polovico manj.<\/p>\n","protected":false},"excerpt":{"rendered":"<p>V prvih dveh tednih letos je prek morja in v temperaturah pod ledi\u0161\u010dem v Evropo, na obale Gr\u010dije, Italije in \u0160panije, prispelo ve\u010d kot 400 otrok, povpre\u010dno 29 dan. Sklad ZN za otroke (Unicef) je zato danes evropske vlade pozval, naj se dogovorijo o enotnem regionalnem pristopu za bolj\u0161o za\u0161\u010dito begunskih in migrantskih otrok.<\/p>\n","protected":false},"author":7,"featured_media":391288,"comment_status":"closed","ping_status":"closed","sticky":false,"template":"","format":"standard","meta":{"footnotes":""},"categories":[1179],"tags":[1606,5539,6042],"source":[4511],"supertag":[],"acf":[],"yoast_head":"<!-- This site is optimized with the Yoast SEO plugin v21.3 - https:\/\/yoast.com\/wordpress\/plugins\/seo\/ -->\n<title>Unicef poziva k za\u0161\u010diti otrok beguncev in migrantov, ki po morskih poteh be\u017eijo v Evropo - Hudo Slovenija<\/title>\n<meta name=\"robots\" content=\"index, follow, max-snippet:-1, max-image-preview:large, max-video-preview:-1\" \/>\n<link rel=\"canonical\" href=\"https:\/\/hudo.com\/si\/aktualno\/unicef-poziva-k-zasciti-otrok-beguncev-migrantov-ki-po-morskih-poteh-bezijo-v-evropo\/\" \/>\n<meta property=\"og:locale\" content=\"sl_SI\" \/>\n<meta property=\"og:type\" content=\"article\" \/>\n<meta property=\"og:title\" content=\"Unicef poziva k za\u0161\u010diti otrok beguncev in migrantov, ki po morskih poteh be\u017eijo v Evropo - Hudo Slovenija\" \/>\n<meta property=\"og:description\" content=\"V prvih dveh tednih letos je prek morja in v temperaturah pod ledi\u0161\u010dem v Evropo, na obale Gr\u010dije, Italije in \u0160panije, prispelo ve\u010d kot 400 otrok, povpre\u010dno 29 dan. Sklad ZN za otroke (Unicef) je zato danes evropske vlade pozval, naj se dogovorijo o enotnem regionalnem pristopu za bolj\u0161o za\u0161\u010dito begunskih in migrantskih otrok.\" \/>\n<meta property=\"og:url\" content=\"https:\/\/hudo.com\/si\/aktualno\/unicef-poziva-k-zasciti-otrok-beguncev-migrantov-ki-po-morskih-poteh-bezijo-v-evropo\/\" \/>\n<meta property=\"og:site_name\" content=\"Hudo Slovenija\" \/>\n<meta property=\"article:publisher\" content=\"https:\/\/www.facebook.com\/hudo.si\" \/>\n<meta property=\"article:published_time\" content=\"2019-01-21T09:12:56+00:00\" \/>\n<meta property=\"og:image\" content=\"https:\/\/hudo.com\/si\/wp-content\/uploads\/sites\/2\/2019\/01\/profimedia-0265010374.jpg\" \/>\n\t<meta property=\"og:image:width\" content=\"1250\" \/>\n\t<meta property=\"og:image:height\" content=\"833\" \/>\n\t<meta property=\"og:image:type\" content=\"image\/jpeg\" \/>\n<meta name=\"author\" content=\"A. P., STA\" \/>\n<meta name=\"twitter:card\" content=\"summary_large_image\" \/>\n<meta name=\"twitter:creator\" content=\"@hudo_si\" \/>\n<meta name=\"twitter:site\" content=\"@hudo_si\" \/>\n<meta name=\"twitter:label1\" content=\"Written by\" \/>\n\t<meta name=\"twitter:data1\" content=\"A. P., STA\" \/>\n\t<meta name=\"twitter:label2\" content=\"Est. reading time\" \/>\n\t<meta name=\"twitter:data2\" content=\"2 minuti\" \/>\n<script type=\"application\/ld+json\" class=\"yoast-schema-graph\">{\"@context\":\"https:\/\/schema.org\",\"@graph\":[{\"@type\":\"Article\",\"@id\":\"https:\/\/hudo.com\/si\/aktualno\/unicef-poziva-k-zasciti-otrok-beguncev-migrantov-ki-po-morskih-poteh-bezijo-v-evropo\/#article\",\"isPartOf\":{\"@id\":\"https:\/\/hudo.com\/si\/aktualno\/unicef-poziva-k-zasciti-otrok-beguncev-migrantov-ki-po-morskih-poteh-bezijo-v-evropo\/\"},\"author\":{\"name\":\"A. P., STA\",\"@id\":\"https:\/\/hudo.com\/si\/#\/schema\/person\/18f09c02475ba9e606e941a565b80cff\"},\"headline\":\"Unicef poziva k za\u0161\u010diti otrok beguncev in migrantov, ki po morskih poteh be\u017eijo v Evropo\",\"datePublished\":\"2019-01-21T09:12:56+00:00\",\"dateModified\":\"2019-01-21T09:12:56+00:00\",\"mainEntityOfPage\":{\"@id\":\"https:\/\/hudo.com\/si\/aktualno\/unicef-poziva-k-zasciti-otrok-beguncev-migrantov-ki-po-morskih-poteh-bezijo-v-evropo\/\"},\"wordCount\":349,\"publisher\":{\"@id\":\"https:\/\/hudo.com\/si\/#organization\"},\"keywords\":[\"begunci\",\"sredozemsko morje\",\"unicef\"],\"articleSection\":[\"Aktualno\"],\"inLanguage\":\"sl-SI\"},{\"@type\":\"WebPage\",\"@id\":\"https:\/\/hudo.com\/si\/aktualno\/unicef-poziva-k-zasciti-otrok-beguncev-migrantov-ki-po-morskih-poteh-bezijo-v-evropo\/\",\"url\":\"https:\/\/hudo.com\/si\/aktualno\/unicef-poziva-k-zasciti-otrok-beguncev-migrantov-ki-po-morskih-poteh-bezijo-v-evropo\/\",\"name\":\"Unicef poziva k za\u0161\u010diti otrok beguncev in migrantov, ki po morskih poteh be\u017eijo v Evropo - Hudo Slovenija\",\"isPartOf\":{\"@id\":\"https:\/\/hudo.com\/si\/#website\"},\"datePublished\":\"2019-01-21T09:12:56+00:00\",\"dateModified\":\"2019-01-21T09:12:56+00:00\",\"breadcrumb\":{\"@id\":\"https:\/\/hudo.com\/si\/aktualno\/unicef-poziva-k-zasciti-otrok-beguncev-migrantov-ki-po-morskih-poteh-bezijo-v-evropo\/#breadcrumb\"},\"inLanguage\":\"sl-SI\",\"potentialAction\":[{\"@type\":\"ReadAction\",\"target\":[\"https:\/\/hudo.com\/si\/aktualno\/unicef-poziva-k-zasciti-otrok-beguncev-migrantov-ki-po-morskih-poteh-bezijo-v-evropo\/\"]}]},{\"@type\":\"BreadcrumbList\",\"@id\":\"https:\/\/hudo.com\/si\/aktualno\/unicef-poziva-k-zasciti-otrok-beguncev-migrantov-ki-po-morskih-poteh-bezijo-v-evropo\/#breadcrumb\",\"itemListElement\":[{\"@type\":\"ListItem\",\"position\":1,\"name\":\"Home\",\"item\":\"https:\/\/hudo.com\/si\/\"},{\"@type\":\"ListItem\",\"position\":2,\"name\":\"Unicef poziva k za\u0161\u010diti otrok beguncev in migrantov, ki po morskih poteh be\u017eijo v Evropo\"}]},{\"@type\":\"WebSite\",\"@id\":\"https:\/\/hudo.com\/si\/#website\",\"url\":\"https:\/\/hudo.com\/si\/\",\"name\":\"Hudo Slovenija\",\"description\":\"Vse novice iz Slovenije in sveta\",\"publisher\":{\"@id\":\"https:\/\/hudo.com\/si\/#organization\"},\"potentialAction\":[{\"@type\":\"SearchAction\",\"target\":{\"@type\":\"EntryPoint\",\"urlTemplate\":\"https:\/\/hudo.com\/si\/?s={search_term_string}\"},\"query-input\":\"required name=search_term_string\"}],\"inLanguage\":\"sl-SI\"},{\"@type\":\"Organization\",\"@id\":\"https:\/\/hudo.com\/si\/#organization\",\"name\":\"VSN Media\",\"url\":\"https:\/\/hudo.com\/si\/\",\"logo\":{\"@type\":\"ImageObject\",\"inLanguage\":\"sl-SI\",\"@id\":\"https:\/\/hudo.com\/si\/#\/schema\/logo\/image\/\",\"url\":\"https:\/\/hudo.com\/si\/wp-content\/uploads\/sites\/2\/2021\/03\/hudo-app-2.png\",\"contentUrl\":\"https:\/\/hudo.com\/si\/wp-content\/uploads\/sites\/2\/2021\/03\/hudo-app-2.png\",\"width\":2185,\"height\":2167,\"caption\":\"VSN Media\"},\"image\":{\"@id\":\"https:\/\/hudo.com\/si\/#\/schema\/logo\/image\/\"},\"sameAs\":[\"https:\/\/www.facebook.com\/hudo.si\",\"https:\/\/twitter.com\/hudo_si\"]},{\"@type\":\"Person\",\"@id\":\"https:\/\/hudo.com\/si\/#\/schema\/person\/18f09c02475ba9e606e941a565b80cff\",\"name\":\"A. P., STA\",\"image\":{\"@type\":\"ImageObject\",\"inLanguage\":\"sl-SI\",\"@id\":\"https:\/\/hudo.com\/si\/#\/schema\/person\/image\/\",\"url\":\"https:\/\/secure.gravatar.com\/avatar\/03eac8e609f5f04383125d80eaeaaf3e?s=96&d=mm&r=g\",\"contentUrl\":\"https:\/\/secure.gravatar.com\/avatar\/03eac8e609f5f04383125d80eaeaaf3e?s=96&d=mm&r=g\",\"caption\":\"A. P., STA\"},\"url\":\"https:\/\/hudo.com\/si\/author\/lubu\/\"}]}<\/script>\n<!-- \/ Yoast SEO plugin. -->","yoast_head_json":{"title":"Unicef poziva k za\u0161\u010diti otrok beguncev in migrantov, ki po morskih poteh be\u017eijo v Evropo - Hudo Slovenija","robots":{"index":"index","follow":"follow","max-snippet":"max-snippet:-1","max-image-preview":"max-image-preview:large","max-video-preview":"max-video-preview:-1"},"canonical":"https:\/\/hudo.com\/si\/aktualno\/unicef-poziva-k-zasciti-otrok-beguncev-migrantov-ki-po-morskih-poteh-bezijo-v-evropo\/","og_locale":"sl_SI","og_type":"article","og_title":"Unicef poziva k za\u0161\u010diti otrok beguncev in migrantov, ki po morskih poteh be\u017eijo v Evropo - Hudo Slovenija","og_description":"V prvih dveh tednih letos je prek morja in v temperaturah pod ledi\u0161\u010dem v Evropo, na obale Gr\u010dije, Italije in \u0160panije, prispelo ve\u010d kot 400 otrok, povpre\u010dno 29 dan. Sklad ZN za otroke (Unicef) je zato danes evropske vlade pozval, naj se dogovorijo o enotnem regionalnem pristopu za bolj\u0161o za\u0161\u010dito begunskih in migrantskih otrok.","og_url":"https:\/\/hudo.com\/si\/aktualno\/unicef-poziva-k-zasciti-otrok-beguncev-migrantov-ki-po-morskih-poteh-bezijo-v-evropo\/","og_site_name":"Hudo Slovenija","article_publisher":"https:\/\/www.facebook.com\/hudo.si","article_published_time":"2019-01-21T09:12:56+00:00","og_image":[{"width":1250,"height":833,"url":"https:\/\/hudo.com\/si\/wp-content\/uploads\/sites\/2\/2019\/01\/profimedia-0265010374.jpg","type":"image\/jpeg"}],"author":"A. P., STA","twitter_card":"summary_large_image","twitter_creator":"@hudo_si","twitter_site":"@hudo_si","twitter_misc":{"Written by":"A. P., STA","Est. reading time":"2 minuti"},"schema":{"@context":"https:\/\/schema.org","@graph":[{"@type":"Article","@id":"https:\/\/hudo.com\/si\/aktualno\/unicef-poziva-k-zasciti-otrok-beguncev-migrantov-ki-po-morskih-poteh-bezijo-v-evropo\/#article","isPartOf":{"@id":"https:\/\/hudo.com\/si\/aktualno\/unicef-poziva-k-zasciti-otrok-beguncev-migrantov-ki-po-morskih-poteh-bezijo-v-evropo\/"},"author":{"name":"A. P., STA","@id":"https:\/\/hudo.com\/si\/#\/schema\/person\/18f09c02475ba9e606e941a565b80cff"},"headline":"Unicef poziva k za\u0161\u010diti otrok beguncev in migrantov, ki po morskih poteh be\u017eijo v Evropo","datePublished":"2019-01-21T09:12:56+00:00","dateModified":"2019-01-21T09:12:56+00:00","mainEntityOfPage":{"@id":"https:\/\/hudo.com\/si\/aktualno\/unicef-poziva-k-zasciti-otrok-beguncev-migrantov-ki-po-morskih-poteh-bezijo-v-evropo\/"},"wordCount":349,"publisher":{"@id":"https:\/\/hudo.com\/si\/#organization"},"keywords":["begunci","sredozemsko morje","unicef"],"articleSection":["Aktualno"],"inLanguage":"sl-SI"},{"@type":"WebPage","@id":"https:\/\/hudo.com\/si\/aktualno\/unicef-poziva-k-zasciti-otrok-beguncev-migrantov-ki-po-morskih-poteh-bezijo-v-evropo\/","url":"https:\/\/hudo.com\/si\/aktualno\/unicef-poziva-k-zasciti-otrok-beguncev-migrantov-ki-po-morskih-poteh-bezijo-v-evropo\/","name":"Unicef poziva k za\u0161\u010diti otrok beguncev in migrantov, ki po morskih poteh be\u017eijo v Evropo - Hudo Slovenija","isPartOf":{"@id":"https:\/\/hudo.com\/si\/#website"},"datePublished":"2019-01-21T09:12:56+00:00","dateModified":"2019-01-21T09:12:56+00:00","breadcrumb":{"@id":"https:\/\/hudo.com\/si\/aktualno\/unicef-poziva-k-zasciti-otrok-beguncev-migrantov-ki-po-morskih-poteh-bezijo-v-evropo\/#breadcrumb"},"inLanguage":"sl-SI","potentialAction":[{"@type":"ReadAction","target":["https:\/\/hudo.com\/si\/aktualno\/unicef-poziva-k-zasciti-otrok-beguncev-migrantov-ki-po-morskih-poteh-bezijo-v-evropo\/"]}]},{"@type":"BreadcrumbList","@id":"https:\/\/hudo.com\/si\/aktualno\/unicef-poziva-k-zasciti-otrok-beguncev-migrantov-ki-po-morskih-poteh-bezijo-v-evropo\/#breadcrumb","itemListElement":[{"@type":"ListItem","position":1,"name":"Home","item":"https:\/\/hudo.com\/si\/"},{"@type":"ListItem","position":2,"name":"Unicef poziva k za\u0161\u010diti otrok beguncev in migrantov, ki po morskih poteh be\u017eijo v Evropo"}]},{"@type":"WebSite","@id":"https:\/\/hudo.com\/si\/#website","url":"https:\/\/hudo.com\/si\/","name":"Hudo Slovenija","description":"Vse novice iz Slovenije in sveta","publisher":{"@id":"https:\/\/hudo.com\/si\/#organization"},"potentialAction":[{"@type":"SearchAction","target":{"@type":"EntryPoint","urlTemplate":"https:\/\/hudo.com\/si\/?s={search_term_string}"},"query-input":"required name=search_term_string"}],"inLanguage":"sl-SI"},{"@type":"Organization","@id":"https:\/\/hudo.com\/si\/#organization","name":"VSN Media","url":"https:\/\/hudo.com\/si\/","logo":{"@type":"ImageObject","inLanguage":"sl-SI","@id":"https:\/\/hudo.com\/si\/#\/schema\/logo\/image\/","url":"https:\/\/hudo.com\/si\/wp-content\/uploads\/sites\/2\/2021\/03\/hudo-app-2.png","contentUrl":"https:\/\/hudo.com\/si\/wp-content\/uploads\/sites\/2\/2021\/03\/hudo-app-2.png","width":2185,"height":2167,"caption":"VSN Media"},"image":{"@id":"https:\/\/hudo.com\/si\/#\/schema\/logo\/image\/"},"sameAs":["https:\/\/www.facebook.com\/hudo.si","https:\/\/twitter.com\/hudo_si"]},{"@type":"Person","@id":"https:\/\/hudo.com\/si\/#\/schema\/person\/18f09c02475ba9e606e941a565b80cff","name":"A. P., STA","image":{"@type":"ImageObject","inLanguage":"sl-SI","@id":"https:\/\/hudo.com\/si\/#\/schema\/person\/image\/","url":"https:\/\/secure.gravatar.com\/avatar\/03eac8e609f5f04383125d80eaeaaf3e?s=96&d=mm&r=g","contentUrl":"https:\/\/secure.gravatar.com\/avatar\/03eac8e609f5f04383125d80eaeaaf3e?s=96&d=mm&r=g","caption":"A. P., STA"},"url":"https:\/\/hudo.com\/si\/author\/lubu\/"}]}},"amp_enabled":true,"_links":{"self":[{"href":"https:\/\/hudo.com\/si\/wp-json\/wp\/v2\/posts\/391287"}],"collection":[{"href":"https:\/\/hudo.com\/si\/wp-json\/wp\/v2\/posts"}],"about":[{"href":"https:\/\/hudo.com\/si\/wp-json\/wp\/v2\/types\/post"}],"author":[{"embeddable":true,"href":"https:\/\/hudo.com\/si\/wp-json\/wp\/v2\/users\/7"}],"replies":[{"embeddable":true,"href":"https:\/\/hudo.com\/si\/wp-json\/wp\/v2\/comments?post=391287"}],"version-history":[{"count":1,"href":"https:\/\/hudo.com\/si\/wp-json\/wp\/v2\/posts\/391287\/revisions"}],"predecessor-version":[{"id":391290,"href":"https:\/\/hudo.com\/si\/wp-json\/wp\/v2\/posts\/391287\/revisions\/391290"}],"wp:featuredmedia":[{"embeddable":true,"href":"https:\/\/hudo.com\/si\/wp-json\/wp\/v2\/media\/391288"}],"wp:attachment":[{"href":"https:\/\/hudo.com\/si\/wp-json\/wp\/v2\/media?parent=391287"}],"wp:term":[{"taxonomy":"category","embeddable":true,"href":"https:\/\/hudo.com\/si\/wp-json\/wp\/v2\/categories?post=391287"},{"taxonomy":"post_tag","embeddable":true,"href":"https:\/\/hudo.com\/si\/wp-json\/wp\/v2\/tags?post=391287"},{"taxonomy":"source","embeddable":true,"href":"https:\/\/hudo.com\/si\/wp-json\/wp\/v2\/source?post=391287"},{"taxonomy":"supertag","embeddable":true,"href":"https:\/\/hudo.com\/si\/wp-json\/wp\/v2\/supertag?post=391287"}],"curies":[{"name":"wp","href":"https:\/\/api.w.org\/{rel}","templated":true}]}}