{"id":391337,"date":"2019-01-21T16:52:01","date_gmt":"2019-01-21T15:52:01","guid":{"rendered":"http:\/\/hudo.com\/si\/?p=391337"},"modified":"2019-01-21T16:52:01","modified_gmt":"2019-01-21T15:52:01","slug":"koroska-osebnost-leta-2018-je-aljaz-verhovnik","status":"publish","type":"post","link":"https:\/\/hudo.com\/si\/aktualno\/koroska-osebnost-leta-2018-je-aljaz-verhovnik\/","title":{"rendered":"Koro\u0161ka osebnost leta 2018 je Alja\u017e Verhovnik"},"content":{"rendered":"<p>&#8220;Mnogi so v njem prepoznali osrednjega in neomajnega borca za hitro cesto na Koro\u0161ko, ki se je pretekli teden ob zadnjih nepopustljivih zahtevah do dr\u017eave in do Darsa glede zamikov \u010dasovnice izgradnje 3. razvojne osi postavil v bran Koro\u0161cev in odlo\u010dno zahteval gradnjo hitre ceste na relaciji med Slovenj Gradcem in Velenjem \u0161e letos, brez popu\u0161\u010danja,&#8221; so zapisali pri Koro\u0161kem radiu in dodali, da je Alja\u017e Verhovnik tako postal ne le koordinator mladinske iniciative, pa\u010d pa vodja civilne iniciative Koro\u0161cev v prizadevanjih za hitro cesto na Koro\u0161ko.<\/p>\n<p>Alja\u017e Verhovnik, ki bo priznanje Koro\u0161kega radia uradno prejel v sredo, se je ob izidu glasovanja zahvalil vsem, ki so glasovali zanj. Pri tem je poudaril, da je \u017ee nominacija zahvala za prepoznavnost njegovega dela in prizadevanj mladinske iniciative. Menil je, da je zmaga v glasovanju za osebnost leta 2018 \u0161e dodatna podpora ljudi projektu tretje razvojne osi, s \u010dimer so poslu\u0161alci pokazali, da je projekt res nujen in da je tudi zadnji \u010das, da se gradnja za\u010dne letos, od \u010desar v mladinski iniciativi ne bodo odstopili.<\/p>\n<p>Od vseh 270 radijskih glasov za osebnost leta 2018 je za Verhovnika glasovalo 111 poslu\u0161alcev. Nekaj manj glasov, to je 97, je prejela vodja projekta \u0160kratova de\u017eela Florjana Kragelnik. Najbolj\u0161a \u0161portna plezalka na svetu in slovenska \u0161portnica leta 2018 Janja Garnbret je zbrala 41 glasov, direktorica turisti\u010dnega rudnika Podzemlje Pece Suzana Fajmut \u0160trucl pa 21 glasov.<\/p>\n<p>Akcija Koro\u0161kega radia za izbor koro\u0161ke osebnosti leta je tokrat potekala tretji\u010d. Poslu\u0161alci so za osebnost leta 2016 izbrali koro\u0161ko humanitarko Aniko Popi\u010d, lani pa je osebnost leta na Koro\u0161kem postal vodja ansambla \u0160tirje kova\u010di Franc \u0160egovc.<\/p>\n","protected":false},"excerpt":{"rendered":"<p>Koro\u0161ka osebnost leta 2018 je postal koordinator Mladinske iniciative za 3. razvojno os Alja\u017e Verhovnik. Izmed \u0161tirih kandidatov so ga izbrali poslu\u0161alci Koro\u0161kega radia, kjer so Verhovnika opisali kot &#8220;neomajnega borca za hitro cesto na Koro\u0161ko&#8221;.<\/p>\n","protected":false},"author":7,"featured_media":391338,"comment_status":"closed","ping_status":"closed","sticky":false,"template":"","format":"standard","meta":{"footnotes":""},"categories":[1179],"tags":[12828,5784,1595],"source":[4511],"supertag":[],"acf":[],"yoast_head":"<!-- This site is optimized with the Yoast SEO plugin v21.3 - https:\/\/yoast.com\/wordpress\/plugins\/seo\/ -->\n<title>Koro\u0161ka osebnost leta 2018 je Alja\u017e Verhovnik - Hudo Slovenija<\/title>\n<meta name=\"robots\" content=\"index, follow, max-snippet:-1, max-image-preview:large, max-video-preview:-1\" \/>\n<link rel=\"canonical\" href=\"https:\/\/hudo.com\/si\/aktualno\/koroska-osebnost-leta-2018-je-aljaz-verhovnik\/\" \/>\n<meta property=\"og:locale\" content=\"sl_SI\" \/>\n<meta property=\"og:type\" content=\"article\" \/>\n<meta property=\"og:title\" content=\"Koro\u0161ka osebnost leta 2018 je Alja\u017e Verhovnik - Hudo Slovenija\" \/>\n<meta property=\"og:description\" content=\"Koro\u0161ka osebnost leta 2018 je postal koordinator Mladinske iniciative za 3. razvojno os Alja\u017e Verhovnik. Izmed \u0161tirih kandidatov so ga izbrali poslu\u0161alci Koro\u0161kega radia, kjer so Verhovnika opisali kot &quot;neomajnega borca za hitro cesto na Koro\u0161ko&quot;.\" \/>\n<meta property=\"og:url\" content=\"https:\/\/hudo.com\/si\/aktualno\/koroska-osebnost-leta-2018-je-aljaz-verhovnik\/\" \/>\n<meta property=\"og:site_name\" content=\"Hudo Slovenija\" \/>\n<meta property=\"article:publisher\" content=\"https:\/\/www.facebook.com\/hudo.si\" \/>\n<meta property=\"article:published_time\" content=\"2019-01-21T15:52:01+00:00\" \/>\n<meta property=\"og:image\" content=\"https:\/\/hudo.com\/si\/wp-content\/uploads\/sites\/2\/2019\/01\/20190116-00910566.jpg\" \/>\n\t<meta property=\"og:image:width\" content=\"640\" \/>\n\t<meta property=\"og:image:height\" content=\"427\" \/>\n\t<meta property=\"og:image:type\" content=\"image\/jpeg\" \/>\n<meta name=\"author\" content=\"A. P., STA\" \/>\n<meta name=\"twitter:card\" content=\"summary_large_image\" \/>\n<meta name=\"twitter:creator\" content=\"@hudo_si\" \/>\n<meta name=\"twitter:site\" content=\"@hudo_si\" \/>\n<meta name=\"twitter:label1\" content=\"Written by\" \/>\n\t<meta name=\"twitter:data1\" content=\"A. P., STA\" \/>\n\t<meta name=\"twitter:label2\" content=\"Est. reading time\" \/>\n\t<meta name=\"twitter:data2\" content=\"1 minuta\" \/>\n<script type=\"application\/ld+json\" class=\"yoast-schema-graph\">{\"@context\":\"https:\/\/schema.org\",\"@graph\":[{\"@type\":\"Article\",\"@id\":\"https:\/\/hudo.com\/si\/aktualno\/koroska-osebnost-leta-2018-je-aljaz-verhovnik\/#article\",\"isPartOf\":{\"@id\":\"https:\/\/hudo.com\/si\/aktualno\/koroska-osebnost-leta-2018-je-aljaz-verhovnik\/\"},\"author\":{\"name\":\"A. P., STA\",\"@id\":\"https:\/\/hudo.com\/si\/#\/schema\/person\/18f09c02475ba9e606e941a565b80cff\"},\"headline\":\"Koro\u0161ka osebnost leta 2018 je Alja\u017e Verhovnik\",\"datePublished\":\"2019-01-21T15:52:01+00:00\",\"dateModified\":\"2019-01-21T15:52:01+00:00\",\"mainEntityOfPage\":{\"@id\":\"https:\/\/hudo.com\/si\/aktualno\/koroska-osebnost-leta-2018-je-aljaz-verhovnik\/\"},\"wordCount\":285,\"publisher\":{\"@id\":\"https:\/\/hudo.com\/si\/#organization\"},\"keywords\":[\"alja\u017e verhovnik\",\"koro\u0161ka\",\"Slovenija\"],\"articleSection\":[\"Aktualno\"],\"inLanguage\":\"sl-SI\"},{\"@type\":\"WebPage\",\"@id\":\"https:\/\/hudo.com\/si\/aktualno\/koroska-osebnost-leta-2018-je-aljaz-verhovnik\/\",\"url\":\"https:\/\/hudo.com\/si\/aktualno\/koroska-osebnost-leta-2018-je-aljaz-verhovnik\/\",\"name\":\"Koro\u0161ka osebnost leta 2018 je Alja\u017e Verhovnik - Hudo Slovenija\",\"isPartOf\":{\"@id\":\"https:\/\/hudo.com\/si\/#website\"},\"datePublished\":\"2019-01-21T15:52:01+00:00\",\"dateModified\":\"2019-01-21T15:52:01+00:00\",\"breadcrumb\":{\"@id\":\"https:\/\/hudo.com\/si\/aktualno\/koroska-osebnost-leta-2018-je-aljaz-verhovnik\/#breadcrumb\"},\"inLanguage\":\"sl-SI\",\"potentialAction\":[{\"@type\":\"ReadAction\",\"target\":[\"https:\/\/hudo.com\/si\/aktualno\/koroska-osebnost-leta-2018-je-aljaz-verhovnik\/\"]}]},{\"@type\":\"BreadcrumbList\",\"@id\":\"https:\/\/hudo.com\/si\/aktualno\/koroska-osebnost-leta-2018-je-aljaz-verhovnik\/#breadcrumb\",\"itemListElement\":[{\"@type\":\"ListItem\",\"position\":1,\"name\":\"Home\",\"item\":\"https:\/\/hudo.com\/si\/\"},{\"@type\":\"ListItem\",\"position\":2,\"name\":\"Koro\u0161ka osebnost leta 2018 je Alja\u017e Verhovnik\"}]},{\"@type\":\"WebSite\",\"@id\":\"https:\/\/hudo.com\/si\/#website\",\"url\":\"https:\/\/hudo.com\/si\/\",\"name\":\"Hudo Slovenija\",\"description\":\"Vse novice iz Slovenije in sveta\",\"publisher\":{\"@id\":\"https:\/\/hudo.com\/si\/#organization\"},\"potentialAction\":[{\"@type\":\"SearchAction\",\"target\":{\"@type\":\"EntryPoint\",\"urlTemplate\":\"https:\/\/hudo.com\/si\/?s={search_term_string}\"},\"query-input\":\"required name=search_term_string\"}],\"inLanguage\":\"sl-SI\"},{\"@type\":\"Organization\",\"@id\":\"https:\/\/hudo.com\/si\/#organization\",\"name\":\"VSN Media\",\"url\":\"https:\/\/hudo.com\/si\/\",\"logo\":{\"@type\":\"ImageObject\",\"inLanguage\":\"sl-SI\",\"@id\":\"https:\/\/hudo.com\/si\/#\/schema\/logo\/image\/\",\"url\":\"https:\/\/hudo.com\/si\/wp-content\/uploads\/sites\/2\/2021\/03\/hudo-app-2.png\",\"contentUrl\":\"https:\/\/hudo.com\/si\/wp-content\/uploads\/sites\/2\/2021\/03\/hudo-app-2.png\",\"width\":2185,\"height\":2167,\"caption\":\"VSN Media\"},\"image\":{\"@id\":\"https:\/\/hudo.com\/si\/#\/schema\/logo\/image\/\"},\"sameAs\":[\"https:\/\/www.facebook.com\/hudo.si\",\"https:\/\/twitter.com\/hudo_si\"]},{\"@type\":\"Person\",\"@id\":\"https:\/\/hudo.com\/si\/#\/schema\/person\/18f09c02475ba9e606e941a565b80cff\",\"name\":\"A. P., STA\",\"image\":{\"@type\":\"ImageObject\",\"inLanguage\":\"sl-SI\",\"@id\":\"https:\/\/hudo.com\/si\/#\/schema\/person\/image\/\",\"url\":\"https:\/\/secure.gravatar.com\/avatar\/03eac8e609f5f04383125d80eaeaaf3e?s=96&d=mm&r=g\",\"contentUrl\":\"https:\/\/secure.gravatar.com\/avatar\/03eac8e609f5f04383125d80eaeaaf3e?s=96&d=mm&r=g\",\"caption\":\"A. P., STA\"},\"url\":\"https:\/\/hudo.com\/si\/author\/lubu\/\"}]}<\/script>\n<!-- \/ Yoast SEO plugin. -->","yoast_head_json":{"title":"Koro\u0161ka osebnost leta 2018 je Alja\u017e Verhovnik - Hudo Slovenija","robots":{"index":"index","follow":"follow","max-snippet":"max-snippet:-1","max-image-preview":"max-image-preview:large","max-video-preview":"max-video-preview:-1"},"canonical":"https:\/\/hudo.com\/si\/aktualno\/koroska-osebnost-leta-2018-je-aljaz-verhovnik\/","og_locale":"sl_SI","og_type":"article","og_title":"Koro\u0161ka osebnost leta 2018 je Alja\u017e Verhovnik - Hudo Slovenija","og_description":"Koro\u0161ka osebnost leta 2018 je postal koordinator Mladinske iniciative za 3. razvojno os Alja\u017e Verhovnik. Izmed \u0161tirih kandidatov so ga izbrali poslu\u0161alci Koro\u0161kega radia, kjer so Verhovnika opisali kot \"neomajnega borca za hitro cesto na Koro\u0161ko\".","og_url":"https:\/\/hudo.com\/si\/aktualno\/koroska-osebnost-leta-2018-je-aljaz-verhovnik\/","og_site_name":"Hudo Slovenija","article_publisher":"https:\/\/www.facebook.com\/hudo.si","article_published_time":"2019-01-21T15:52:01+00:00","og_image":[{"width":640,"height":427,"url":"https:\/\/hudo.com\/si\/wp-content\/uploads\/sites\/2\/2019\/01\/20190116-00910566.jpg","type":"image\/jpeg"}],"author":"A. P., STA","twitter_card":"summary_large_image","twitter_creator":"@hudo_si","twitter_site":"@hudo_si","twitter_misc":{"Written by":"A. P., STA","Est. reading time":"1 minuta"},"schema":{"@context":"https:\/\/schema.org","@graph":[{"@type":"Article","@id":"https:\/\/hudo.com\/si\/aktualno\/koroska-osebnost-leta-2018-je-aljaz-verhovnik\/#article","isPartOf":{"@id":"https:\/\/hudo.com\/si\/aktualno\/koroska-osebnost-leta-2018-je-aljaz-verhovnik\/"},"author":{"name":"A. P., STA","@id":"https:\/\/hudo.com\/si\/#\/schema\/person\/18f09c02475ba9e606e941a565b80cff"},"headline":"Koro\u0161ka osebnost leta 2018 je Alja\u017e Verhovnik","datePublished":"2019-01-21T15:52:01+00:00","dateModified":"2019-01-21T15:52:01+00:00","mainEntityOfPage":{"@id":"https:\/\/hudo.com\/si\/aktualno\/koroska-osebnost-leta-2018-je-aljaz-verhovnik\/"},"wordCount":285,"publisher":{"@id":"https:\/\/hudo.com\/si\/#organization"},"keywords":["alja\u017e verhovnik","koro\u0161ka","Slovenija"],"articleSection":["Aktualno"],"inLanguage":"sl-SI"},{"@type":"WebPage","@id":"https:\/\/hudo.com\/si\/aktualno\/koroska-osebnost-leta-2018-je-aljaz-verhovnik\/","url":"https:\/\/hudo.com\/si\/aktualno\/koroska-osebnost-leta-2018-je-aljaz-verhovnik\/","name":"Koro\u0161ka osebnost leta 2018 je Alja\u017e Verhovnik - Hudo Slovenija","isPartOf":{"@id":"https:\/\/hudo.com\/si\/#website"},"datePublished":"2019-01-21T15:52:01+00:00","dateModified":"2019-01-21T15:52:01+00:00","breadcrumb":{"@id":"https:\/\/hudo.com\/si\/aktualno\/koroska-osebnost-leta-2018-je-aljaz-verhovnik\/#breadcrumb"},"inLanguage":"sl-SI","potentialAction":[{"@type":"ReadAction","target":["https:\/\/hudo.com\/si\/aktualno\/koroska-osebnost-leta-2018-je-aljaz-verhovnik\/"]}]},{"@type":"BreadcrumbList","@id":"https:\/\/hudo.com\/si\/aktualno\/koroska-osebnost-leta-2018-je-aljaz-verhovnik\/#breadcrumb","itemListElement":[{"@type":"ListItem","position":1,"name":"Home","item":"https:\/\/hudo.com\/si\/"},{"@type":"ListItem","position":2,"name":"Koro\u0161ka osebnost leta 2018 je Alja\u017e Verhovnik"}]},{"@type":"WebSite","@id":"https:\/\/hudo.com\/si\/#website","url":"https:\/\/hudo.com\/si\/","name":"Hudo Slovenija","description":"Vse novice iz Slovenije in sveta","publisher":{"@id":"https:\/\/hudo.com\/si\/#organization"},"potentialAction":[{"@type":"SearchAction","target":{"@type":"EntryPoint","urlTemplate":"https:\/\/hudo.com\/si\/?s={search_term_string}"},"query-input":"required name=search_term_string"}],"inLanguage":"sl-SI"},{"@type":"Organization","@id":"https:\/\/hudo.com\/si\/#organization","name":"VSN Media","url":"https:\/\/hudo.com\/si\/","logo":{"@type":"ImageObject","inLanguage":"sl-SI","@id":"https:\/\/hudo.com\/si\/#\/schema\/logo\/image\/","url":"https:\/\/hudo.com\/si\/wp-content\/uploads\/sites\/2\/2021\/03\/hudo-app-2.png","contentUrl":"https:\/\/hudo.com\/si\/wp-content\/uploads\/sites\/2\/2021\/03\/hudo-app-2.png","width":2185,"height":2167,"caption":"VSN Media"},"image":{"@id":"https:\/\/hudo.com\/si\/#\/schema\/logo\/image\/"},"sameAs":["https:\/\/www.facebook.com\/hudo.si","https:\/\/twitter.com\/hudo_si"]},{"@type":"Person","@id":"https:\/\/hudo.com\/si\/#\/schema\/person\/18f09c02475ba9e606e941a565b80cff","name":"A. P., STA","image":{"@type":"ImageObject","inLanguage":"sl-SI","@id":"https:\/\/hudo.com\/si\/#\/schema\/person\/image\/","url":"https:\/\/secure.gravatar.com\/avatar\/03eac8e609f5f04383125d80eaeaaf3e?s=96&d=mm&r=g","contentUrl":"https:\/\/secure.gravatar.com\/avatar\/03eac8e609f5f04383125d80eaeaaf3e?s=96&d=mm&r=g","caption":"A. P., STA"},"url":"https:\/\/hudo.com\/si\/author\/lubu\/"}]}},"amp_enabled":true,"_links":{"self":[{"href":"https:\/\/hudo.com\/si\/wp-json\/wp\/v2\/posts\/391337"}],"collection":[{"href":"https:\/\/hudo.com\/si\/wp-json\/wp\/v2\/posts"}],"about":[{"href":"https:\/\/hudo.com\/si\/wp-json\/wp\/v2\/types\/post"}],"author":[{"embeddable":true,"href":"https:\/\/hudo.com\/si\/wp-json\/wp\/v2\/users\/7"}],"replies":[{"embeddable":true,"href":"https:\/\/hudo.com\/si\/wp-json\/wp\/v2\/comments?post=391337"}],"version-history":[{"count":1,"href":"https:\/\/hudo.com\/si\/wp-json\/wp\/v2\/posts\/391337\/revisions"}],"predecessor-version":[{"id":391339,"href":"https:\/\/hudo.com\/si\/wp-json\/wp\/v2\/posts\/391337\/revisions\/391339"}],"wp:featuredmedia":[{"embeddable":true,"href":"https:\/\/hudo.com\/si\/wp-json\/wp\/v2\/media\/391338"}],"wp:attachment":[{"href":"https:\/\/hudo.com\/si\/wp-json\/wp\/v2\/media?parent=391337"}],"wp:term":[{"taxonomy":"category","embeddable":true,"href":"https:\/\/hudo.com\/si\/wp-json\/wp\/v2\/categories?post=391337"},{"taxonomy":"post_tag","embeddable":true,"href":"https:\/\/hudo.com\/si\/wp-json\/wp\/v2\/tags?post=391337"},{"taxonomy":"source","embeddable":true,"href":"https:\/\/hudo.com\/si\/wp-json\/wp\/v2\/source?post=391337"},{"taxonomy":"supertag","embeddable":true,"href":"https:\/\/hudo.com\/si\/wp-json\/wp\/v2\/supertag?post=391337"}],"curies":[{"name":"wp","href":"https:\/\/api.w.org\/{rel}","templated":true}]}}