{"id":391361,"date":"2019-01-22T10:11:11","date_gmt":"2019-01-22T09:11:11","guid":{"rendered":"http:\/\/hudo.com\/si\/?p=391361"},"modified":"2019-01-22T10:11:11","modified_gmt":"2019-01-22T09:11:11","slug":"video-dneva-se-sam-luka-doncic-ni-verjel-da-je-zadel-tole","status":"publish","type":"post","link":"https:\/\/hudo.com\/si\/aktualno\/video-dneva-se-sam-luka-doncic-ni-verjel-da-je-zadel-tole\/","title":{"rendered":"Video dneva: \u0160e sam Luka Don\u010di\u0107 ni verjel, da je zadel tole"},"content":{"rendered":"<div class=\"text\">\n<p>Don\u010di\u0107 je v Milwaukeeju trojni dvoj\u010dek dosegel pet minut in 26 sekund pred koncem tekme, ko je vpisal \u0161e manjkajo\u010do podajo DeAndreju Jordanu, \u010deprav je bil zelo nenatan\u010den pri metu iz igre.<\/p>\n<p>&#8220;Danes nisem dobro igral. Zgre\u0161il sem kar nekaj metov, ki jih ne bi smel,&#8221; je po tekmi dejal Don\u010di\u0107, ki je postal drugi najmlaj\u0161i ko\u0161arkar v ligi NBA s trojnim dvoj\u010dkom. Dosegel ga je star 19 let in 327 dni, mlaj\u0161i od njega je bil le Markelle Fultz, ki je ta izvrsten dose\u017eek dosegel deset dni mlaj\u0161i. Tudi Fultzu pa je trojni dvoj\u010dek uspel proti Milwaukeeju.<\/p>\n<p>https:\/\/www.youtube.com\/watch?time_continue=11&#038;v=sl89lZYvsrI<\/p>\n<p>Don\u010di\u0107 je v statistiko vpisal \u0161e eno ukradeno \u017eogo in eno blokado, na parketu je pre\u017eivel 33 minut. Bil je tudi najbolj\u0161i strelec svoje ekipe. &#8220;Res sem slabo igral. Pri\u0161el sem sicer do trojnega dvoj\u010dka, a bi raje videl, da bi zmagali,&#8221; je bil po tekmi nezadovoljen Don\u010di\u0107. Jordan je kon\u010dal pri dvojnem dvoj\u010dku 15 to\u010dk in 15 skokov.<\/p>\n<p>Na drugi strani je bil strelsko najbolj razpolo\u017een gr\u0161ki zvezdnik Giannis Antetokounmpo z 31 to\u010dkami, temu je dodal \u0161e 16 skokov in pet podaj. Eric Bledsoe se je ustavil pri 21 to\u010dkah, Brook Lopez pa je desetim skokom dodal 16 to\u010dk, center Milwaukeeja je ob tem dosegel kar \u0161tiri trojke.<\/p>\n<p>Miami, za katerega \u0161e vedno ne igra po\u0161kodovani slovenski organizator igre Goran Dragi\u0107, je izgubil proti Bostonu z 99:107. Za kelte, ki so slavili \u010detrti\u010d po vrsti, je Kyrie Irving dosegel 26 to\u010dk in 10 asistenc, Al Horford je prispeval 16 to\u010dk in 12 skokov.<\/p>\n<p>V Philadelphii so doma\u010di 76ers igrali brez zvezdnika Jimmyja Butlerja, a jih to ni prav ni\u010d oviralo. Joel Embiid in Corey Brewer sta popeljala gostitelje do visoke zmage s 121:93 nad Houston Rockets.<\/p>\n<p>Embiid je kon\u010dal pri 32 to\u010dkah, 14 skokih in treh blokadah, zaradi te\u017eav z bole\u010dinami v hrbtu pa je na klopi presedel celotno zadnjo \u010detrtino.<\/p>\n<p>Brewer pa je postal ljubljenec doma\u010dega ob\u010dinstva sedmi dan svoje desetdnevne pogodbe. V razprodani dvorani so gledalci vzklikali njegovo ime, on se jim je oddol\u017eil z 11 to\u010dkami, tremi skoki, dvema blokadama in dvema ukradenima \u017eogama, ko je za\u010del namesto Butlerja.<\/p>\n<p>\u0160tirikratni zvezdnik tekem All-Star je tekmo izpustil zaradi zvitega desnega zapestja.<\/p>\n<p>James Harden je bil za rakete prvi strelec ve\u010dera s 37 to\u010dkami, \u010deprav je prav tako zadnjo \u010detrtino presedel na klopi.<\/p>\n<\/div>\n","protected":false},"excerpt":{"rendered":"<p>Slovenski ko\u0161arkarski zvezdnik Luka Don\u010di\u0107 je sino\u010di v Milwaukeeju vendarle do\u010dakal svoj prvi trojni dvoj\u010dek v severnoameri\u0161ki ligi NBA, \u010deprav je zadel le \u0161est od 17 metov iz igre. Ob porazu njegovega Dallasa proti Bucks (106:116), \u0161e \u010detrtem zaporednem za Mavericks, je 19-letni Ljubljan\u010dan dosegel 18 to\u010dk, 11 skokov in deset podaj.<\/p>\n","protected":false},"author":5,"featured_media":373701,"comment_status":"closed","ping_status":"closed","sticky":false,"template":"","format":"standard","meta":{"footnotes":""},"categories":[1179],"tags":[2085,12199,9462,1595],"source":[4511],"supertag":[6098],"acf":[],"yoast_head":"<!-- This site is optimized with the Yoast SEO plugin v21.3 - https:\/\/yoast.com\/wordpress\/plugins\/seo\/ -->\n<title>Video dneva: \u0160e sam Luka Don\u010di\u0107 ni verjel, da je zadel tole - Hudo Slovenija<\/title>\n<meta name=\"robots\" content=\"index, follow, max-snippet:-1, max-image-preview:large, max-video-preview:-1\" \/>\n<link rel=\"canonical\" href=\"https:\/\/hudo.com\/si\/aktualno\/video-dneva-se-sam-luka-doncic-ni-verjel-da-je-zadel-tole\/\" \/>\n<meta property=\"og:locale\" content=\"sl_SI\" \/>\n<meta property=\"og:type\" content=\"article\" \/>\n<meta property=\"og:title\" content=\"Video dneva: \u0160e sam Luka Don\u010di\u0107 ni verjel, da je zadel tole - Hudo Slovenija\" \/>\n<meta property=\"og:description\" content=\"Slovenski ko\u0161arkarski zvezdnik Luka Don\u010di\u0107 je sino\u010di v Milwaukeeju vendarle do\u010dakal svoj prvi trojni dvoj\u010dek v severnoameri\u0161ki ligi NBA, \u010deprav je zadel le \u0161est od 17 metov iz igre. Ob porazu njegovega Dallasa proti Bucks (106:116), \u0161e \u010detrtem zaporednem za Mavericks, je 19-letni Ljubljan\u010dan dosegel 18 to\u010dk, 11 skokov in deset podaj.\" \/>\n<meta property=\"og:url\" content=\"https:\/\/hudo.com\/si\/aktualno\/video-dneva-se-sam-luka-doncic-ni-verjel-da-je-zadel-tole\/\" \/>\n<meta property=\"og:site_name\" content=\"Hudo Slovenija\" \/>\n<meta property=\"article:publisher\" content=\"https:\/\/www.facebook.com\/hudo.si\" \/>\n<meta property=\"article:published_time\" content=\"2019-01-22T09:11:11+00:00\" \/>\n<meta property=\"og:image\" content=\"https:\/\/hudo.com\/si\/wp-content\/uploads\/sites\/2\/2018\/07\/profimedia-0375597287.jpg\" \/>\n\t<meta property=\"og:image:width\" content=\"1250\" \/>\n\t<meta property=\"og:image:height\" content=\"834\" \/>\n\t<meta property=\"og:image:type\" content=\"image\/jpeg\" \/>\n<meta name=\"author\" content=\"A. G., STA\" \/>\n<meta name=\"twitter:card\" content=\"summary_large_image\" \/>\n<meta name=\"twitter:creator\" content=\"@hudo_si\" \/>\n<meta name=\"twitter:site\" content=\"@hudo_si\" \/>\n<meta name=\"twitter:label1\" content=\"Written by\" \/>\n\t<meta name=\"twitter:data1\" content=\"A. G., STA\" \/>\n\t<meta name=\"twitter:label2\" content=\"Est. reading time\" \/>\n\t<meta name=\"twitter:data2\" content=\"2 minuti\" \/>\n<script type=\"application\/ld+json\" class=\"yoast-schema-graph\">{\"@context\":\"https:\/\/schema.org\",\"@graph\":[{\"@type\":\"Article\",\"@id\":\"https:\/\/hudo.com\/si\/aktualno\/video-dneva-se-sam-luka-doncic-ni-verjel-da-je-zadel-tole\/#article\",\"isPartOf\":{\"@id\":\"https:\/\/hudo.com\/si\/aktualno\/video-dneva-se-sam-luka-doncic-ni-verjel-da-je-zadel-tole\/\"},\"author\":{\"name\":\"A. G., STA\",\"@id\":\"https:\/\/hudo.com\/si\/#\/schema\/person\/2391667a63ea075ba94f2f2dc6b77537\"},\"headline\":\"Video dneva: \u0160e sam Luka Don\u010di\u0107 ni verjel, da je zadel tole\",\"datePublished\":\"2019-01-22T09:11:11+00:00\",\"dateModified\":\"2019-01-22T09:11:11+00:00\",\"mainEntityOfPage\":{\"@id\":\"https:\/\/hudo.com\/si\/aktualno\/video-dneva-se-sam-luka-doncic-ni-verjel-da-je-zadel-tole\/\"},\"wordCount\":429,\"publisher\":{\"@id\":\"https:\/\/hudo.com\/si\/#organization\"},\"keywords\":[\"ko\u0161arka\",\"liga NBA\",\"Luka Don\u010di\u0107\",\"Slovenija\"],\"articleSection\":[\"Aktualno\"],\"inLanguage\":\"sl-SI\"},{\"@type\":\"WebPage\",\"@id\":\"https:\/\/hudo.com\/si\/aktualno\/video-dneva-se-sam-luka-doncic-ni-verjel-da-je-zadel-tole\/\",\"url\":\"https:\/\/hudo.com\/si\/aktualno\/video-dneva-se-sam-luka-doncic-ni-verjel-da-je-zadel-tole\/\",\"name\":\"Video dneva: \u0160e sam Luka Don\u010di\u0107 ni verjel, da je zadel tole - Hudo Slovenija\",\"isPartOf\":{\"@id\":\"https:\/\/hudo.com\/si\/#website\"},\"datePublished\":\"2019-01-22T09:11:11+00:00\",\"dateModified\":\"2019-01-22T09:11:11+00:00\",\"breadcrumb\":{\"@id\":\"https:\/\/hudo.com\/si\/aktualno\/video-dneva-se-sam-luka-doncic-ni-verjel-da-je-zadel-tole\/#breadcrumb\"},\"inLanguage\":\"sl-SI\",\"potentialAction\":[{\"@type\":\"ReadAction\",\"target\":[\"https:\/\/hudo.com\/si\/aktualno\/video-dneva-se-sam-luka-doncic-ni-verjel-da-je-zadel-tole\/\"]}]},{\"@type\":\"BreadcrumbList\",\"@id\":\"https:\/\/hudo.com\/si\/aktualno\/video-dneva-se-sam-luka-doncic-ni-verjel-da-je-zadel-tole\/#breadcrumb\",\"itemListElement\":[{\"@type\":\"ListItem\",\"position\":1,\"name\":\"Home\",\"item\":\"https:\/\/hudo.com\/si\/\"},{\"@type\":\"ListItem\",\"position\":2,\"name\":\"Video dneva: \u0160e sam Luka Don\u010di\u0107 ni verjel, da je zadel tole\"}]},{\"@type\":\"WebSite\",\"@id\":\"https:\/\/hudo.com\/si\/#website\",\"url\":\"https:\/\/hudo.com\/si\/\",\"name\":\"Hudo Slovenija\",\"description\":\"Vse novice iz Slovenije in sveta\",\"publisher\":{\"@id\":\"https:\/\/hudo.com\/si\/#organization\"},\"potentialAction\":[{\"@type\":\"SearchAction\",\"target\":{\"@type\":\"EntryPoint\",\"urlTemplate\":\"https:\/\/hudo.com\/si\/?s={search_term_string}\"},\"query-input\":\"required name=search_term_string\"}],\"inLanguage\":\"sl-SI\"},{\"@type\":\"Organization\",\"@id\":\"https:\/\/hudo.com\/si\/#organization\",\"name\":\"VSN Media\",\"url\":\"https:\/\/hudo.com\/si\/\",\"logo\":{\"@type\":\"ImageObject\",\"inLanguage\":\"sl-SI\",\"@id\":\"https:\/\/hudo.com\/si\/#\/schema\/logo\/image\/\",\"url\":\"https:\/\/hudo.com\/si\/wp-content\/uploads\/sites\/2\/2021\/03\/hudo-app-2.png\",\"contentUrl\":\"https:\/\/hudo.com\/si\/wp-content\/uploads\/sites\/2\/2021\/03\/hudo-app-2.png\",\"width\":2185,\"height\":2167,\"caption\":\"VSN Media\"},\"image\":{\"@id\":\"https:\/\/hudo.com\/si\/#\/schema\/logo\/image\/\"},\"sameAs\":[\"https:\/\/www.facebook.com\/hudo.si\",\"https:\/\/twitter.com\/hudo_si\"]},{\"@type\":\"Person\",\"@id\":\"https:\/\/hudo.com\/si\/#\/schema\/person\/2391667a63ea075ba94f2f2dc6b77537\",\"name\":\"A. G., STA\",\"image\":{\"@type\":\"ImageObject\",\"inLanguage\":\"sl-SI\",\"@id\":\"https:\/\/hudo.com\/si\/#\/schema\/person\/image\/\",\"url\":\"https:\/\/secure.gravatar.com\/avatar\/e13d22ac3e442658d5025fbbe6238a79?s=96&d=mm&r=g\",\"contentUrl\":\"https:\/\/secure.gravatar.com\/avatar\/e13d22ac3e442658d5025fbbe6238a79?s=96&d=mm&r=g\",\"caption\":\"A. G., STA\"},\"url\":\"https:\/\/hudo.com\/si\/author\/alenka\/\"}]}<\/script>\n<!-- \/ Yoast SEO plugin. -->","yoast_head_json":{"title":"Video dneva: \u0160e sam Luka Don\u010di\u0107 ni verjel, da je zadel tole - Hudo Slovenija","robots":{"index":"index","follow":"follow","max-snippet":"max-snippet:-1","max-image-preview":"max-image-preview:large","max-video-preview":"max-video-preview:-1"},"canonical":"https:\/\/hudo.com\/si\/aktualno\/video-dneva-se-sam-luka-doncic-ni-verjel-da-je-zadel-tole\/","og_locale":"sl_SI","og_type":"article","og_title":"Video dneva: \u0160e sam Luka Don\u010di\u0107 ni verjel, da je zadel tole - Hudo Slovenija","og_description":"Slovenski ko\u0161arkarski zvezdnik Luka Don\u010di\u0107 je sino\u010di v Milwaukeeju vendarle do\u010dakal svoj prvi trojni dvoj\u010dek v severnoameri\u0161ki ligi NBA, \u010deprav je zadel le \u0161est od 17 metov iz igre. Ob porazu njegovega Dallasa proti Bucks (106:116), \u0161e \u010detrtem zaporednem za Mavericks, je 19-letni Ljubljan\u010dan dosegel 18 to\u010dk, 11 skokov in deset podaj.","og_url":"https:\/\/hudo.com\/si\/aktualno\/video-dneva-se-sam-luka-doncic-ni-verjel-da-je-zadel-tole\/","og_site_name":"Hudo Slovenija","article_publisher":"https:\/\/www.facebook.com\/hudo.si","article_published_time":"2019-01-22T09:11:11+00:00","og_image":[{"width":1250,"height":834,"url":"https:\/\/hudo.com\/si\/wp-content\/uploads\/sites\/2\/2018\/07\/profimedia-0375597287.jpg","type":"image\/jpeg"}],"author":"A. G., STA","twitter_card":"summary_large_image","twitter_creator":"@hudo_si","twitter_site":"@hudo_si","twitter_misc":{"Written by":"A. G., STA","Est. reading time":"2 minuti"},"schema":{"@context":"https:\/\/schema.org","@graph":[{"@type":"Article","@id":"https:\/\/hudo.com\/si\/aktualno\/video-dneva-se-sam-luka-doncic-ni-verjel-da-je-zadel-tole\/#article","isPartOf":{"@id":"https:\/\/hudo.com\/si\/aktualno\/video-dneva-se-sam-luka-doncic-ni-verjel-da-je-zadel-tole\/"},"author":{"name":"A. G., STA","@id":"https:\/\/hudo.com\/si\/#\/schema\/person\/2391667a63ea075ba94f2f2dc6b77537"},"headline":"Video dneva: \u0160e sam Luka Don\u010di\u0107 ni verjel, da je zadel tole","datePublished":"2019-01-22T09:11:11+00:00","dateModified":"2019-01-22T09:11:11+00:00","mainEntityOfPage":{"@id":"https:\/\/hudo.com\/si\/aktualno\/video-dneva-se-sam-luka-doncic-ni-verjel-da-je-zadel-tole\/"},"wordCount":429,"publisher":{"@id":"https:\/\/hudo.com\/si\/#organization"},"keywords":["ko\u0161arka","liga NBA","Luka Don\u010di\u0107","Slovenija"],"articleSection":["Aktualno"],"inLanguage":"sl-SI"},{"@type":"WebPage","@id":"https:\/\/hudo.com\/si\/aktualno\/video-dneva-se-sam-luka-doncic-ni-verjel-da-je-zadel-tole\/","url":"https:\/\/hudo.com\/si\/aktualno\/video-dneva-se-sam-luka-doncic-ni-verjel-da-je-zadel-tole\/","name":"Video dneva: \u0160e sam Luka Don\u010di\u0107 ni verjel, da je zadel tole - Hudo Slovenija","isPartOf":{"@id":"https:\/\/hudo.com\/si\/#website"},"datePublished":"2019-01-22T09:11:11+00:00","dateModified":"2019-01-22T09:11:11+00:00","breadcrumb":{"@id":"https:\/\/hudo.com\/si\/aktualno\/video-dneva-se-sam-luka-doncic-ni-verjel-da-je-zadel-tole\/#breadcrumb"},"inLanguage":"sl-SI","potentialAction":[{"@type":"ReadAction","target":["https:\/\/hudo.com\/si\/aktualno\/video-dneva-se-sam-luka-doncic-ni-verjel-da-je-zadel-tole\/"]}]},{"@type":"BreadcrumbList","@id":"https:\/\/hudo.com\/si\/aktualno\/video-dneva-se-sam-luka-doncic-ni-verjel-da-je-zadel-tole\/#breadcrumb","itemListElement":[{"@type":"ListItem","position":1,"name":"Home","item":"https:\/\/hudo.com\/si\/"},{"@type":"ListItem","position":2,"name":"Video dneva: \u0160e sam Luka Don\u010di\u0107 ni verjel, da je zadel tole"}]},{"@type":"WebSite","@id":"https:\/\/hudo.com\/si\/#website","url":"https:\/\/hudo.com\/si\/","name":"Hudo Slovenija","description":"Vse novice iz Slovenije in sveta","publisher":{"@id":"https:\/\/hudo.com\/si\/#organization"},"potentialAction":[{"@type":"SearchAction","target":{"@type":"EntryPoint","urlTemplate":"https:\/\/hudo.com\/si\/?s={search_term_string}"},"query-input":"required name=search_term_string"}],"inLanguage":"sl-SI"},{"@type":"Organization","@id":"https:\/\/hudo.com\/si\/#organization","name":"VSN Media","url":"https:\/\/hudo.com\/si\/","logo":{"@type":"ImageObject","inLanguage":"sl-SI","@id":"https:\/\/hudo.com\/si\/#\/schema\/logo\/image\/","url":"https:\/\/hudo.com\/si\/wp-content\/uploads\/sites\/2\/2021\/03\/hudo-app-2.png","contentUrl":"https:\/\/hudo.com\/si\/wp-content\/uploads\/sites\/2\/2021\/03\/hudo-app-2.png","width":2185,"height":2167,"caption":"VSN Media"},"image":{"@id":"https:\/\/hudo.com\/si\/#\/schema\/logo\/image\/"},"sameAs":["https:\/\/www.facebook.com\/hudo.si","https:\/\/twitter.com\/hudo_si"]},{"@type":"Person","@id":"https:\/\/hudo.com\/si\/#\/schema\/person\/2391667a63ea075ba94f2f2dc6b77537","name":"A. G., STA","image":{"@type":"ImageObject","inLanguage":"sl-SI","@id":"https:\/\/hudo.com\/si\/#\/schema\/person\/image\/","url":"https:\/\/secure.gravatar.com\/avatar\/e13d22ac3e442658d5025fbbe6238a79?s=96&d=mm&r=g","contentUrl":"https:\/\/secure.gravatar.com\/avatar\/e13d22ac3e442658d5025fbbe6238a79?s=96&d=mm&r=g","caption":"A. G., STA"},"url":"https:\/\/hudo.com\/si\/author\/alenka\/"}]}},"amp_enabled":true,"_links":{"self":[{"href":"https:\/\/hudo.com\/si\/wp-json\/wp\/v2\/posts\/391361"}],"collection":[{"href":"https:\/\/hudo.com\/si\/wp-json\/wp\/v2\/posts"}],"about":[{"href":"https:\/\/hudo.com\/si\/wp-json\/wp\/v2\/types\/post"}],"author":[{"embeddable":true,"href":"https:\/\/hudo.com\/si\/wp-json\/wp\/v2\/users\/5"}],"replies":[{"embeddable":true,"href":"https:\/\/hudo.com\/si\/wp-json\/wp\/v2\/comments?post=391361"}],"version-history":[{"count":1,"href":"https:\/\/hudo.com\/si\/wp-json\/wp\/v2\/posts\/391361\/revisions"}],"predecessor-version":[{"id":391362,"href":"https:\/\/hudo.com\/si\/wp-json\/wp\/v2\/posts\/391361\/revisions\/391362"}],"wp:featuredmedia":[{"embeddable":true,"href":"https:\/\/hudo.com\/si\/wp-json\/wp\/v2\/media\/373701"}],"wp:attachment":[{"href":"https:\/\/hudo.com\/si\/wp-json\/wp\/v2\/media?parent=391361"}],"wp:term":[{"taxonomy":"category","embeddable":true,"href":"https:\/\/hudo.com\/si\/wp-json\/wp\/v2\/categories?post=391361"},{"taxonomy":"post_tag","embeddable":true,"href":"https:\/\/hudo.com\/si\/wp-json\/wp\/v2\/tags?post=391361"},{"taxonomy":"source","embeddable":true,"href":"https:\/\/hudo.com\/si\/wp-json\/wp\/v2\/source?post=391361"},{"taxonomy":"supertag","embeddable":true,"href":"https:\/\/hudo.com\/si\/wp-json\/wp\/v2\/supertag?post=391361"}],"curies":[{"name":"wp","href":"https:\/\/api.w.org\/{rel}","templated":true}]}}