{"id":391559,"date":"2019-01-24T17:31:22","date_gmt":"2019-01-24T16:31:22","guid":{"rendered":"http:\/\/hudo.com\/si\/?p=391559"},"modified":"2019-01-24T17:31:22","modified_gmt":"2019-01-24T16:31:22","slug":"iz-jernejevega-kanala-odstranili-vsa-opuscena-plovila","status":"publish","type":"post","link":"https:\/\/hudo.com\/si\/aktualno\/iz-jernejevega-kanala-odstranili-vsa-opuscena-plovila\/","title":{"rendered":"Iz Jernejevega kanala odstranili vsa opu\u0161\u010dena plovila"},"content":{"rendered":"<p>Kot so danes spomnili na ministrstvu, so na in\u0161pektoratu za okolje in prostor evidentirali skupno 25 opu\u0161\u010denih potopljenih, delno potopljenih in delno plavajo\u010dih plovil, nato pa direkciji za vode nalo\u017eil odstranitev 16 opu\u0161\u010denih plovil brez identifikacijskih oznak in znanega lastnika. Za preostalih devet plovil je in\u0161pektorat za\u010del postopek ugotavljanja lastni\u0161tva. Ker za tri plovila niso mogli izslediti lastnikov, so direkciji naknadno nalo\u017eili tudi odstranitev teh, torej skupno 19 plovil.<\/p>\n<p>Odstranitev opu\u0161\u010denih plovil, ki so leta kazila podobo kanala, je minister za okolje in prostor Jure Leben napovedal oktobra lani. Poziv direkcije lastnikom, naj plovila odstranijo, se je iztekel konec decembra, a sta plovili odstranila le dva. Za preostalih 17 je poskrbel koncesionar VGP Drava Ptuj. Ta jih je nato predal dru\u017ebi Saubermacher Slovenija, ki jih je peljala na uni\u010denje v Avstrijo. S tremi prevozi so prepeljali 45,3 tone opu\u0161\u010denih odpadnih plovil.<\/p>\n<p>Nato je koncesionar za\u010del odstranjevati \u0161e pomole, predvsem tiste, na katerih so bila privezana odstranjena plovila. Do vklju\u010dno srede so odstranili osem tak\u0161nih priveznih mest ter 15 pilotov, kar predstavlja okoli deset kubi\u010dnih metrov neobdelane lesovine.<\/p>\n<p>Dela v Jernejevem kanalu so se izvaja pod naravovarstvenim nadzorom upravljavca, Krajinskega parka Se\u010doveljske soline, prav tako je bilo zagotovljeno ustrezno varovanje na bre\u017eino izvle\u010denih plovil, so \u0161e poudarili na ministrstvu.<\/p>\n","protected":false},"excerpt":{"rendered":"<p>Koncesionar VGP Drava Ptuj je v sredo zaklju\u010dil odstranjevanje opu\u0161\u010denih plovil iz Jernejevega kanala pri Se\u010di, so sporo\u010dili z ministrstva za okolje. Koncesionar sedaj odstranjuje \u0161e dotrajane pomole in sanira bre\u017eino. Na temo prihodnje ureditve kanala se bodo predstavniki ministrstva in lokalne skupnosti sre\u010dali februarja.<\/p>\n","protected":false},"author":7,"featured_media":380676,"comment_status":"closed","ping_status":"closed","sticky":false,"template":"","format":"standard","meta":{"footnotes":""},"categories":[1179],"tags":[2171,12339,1595],"source":[4511],"supertag":[],"acf":[],"yoast_head":"<!-- This site is optimized with the Yoast SEO plugin v21.3 - https:\/\/yoast.com\/wordpress\/plugins\/seo\/ -->\n<title>Iz Jernejevega kanala odstranili vsa opu\u0161\u010dena plovila - Hudo Slovenija<\/title>\n<meta name=\"robots\" content=\"index, follow, max-snippet:-1, max-image-preview:large, max-video-preview:-1\" \/>\n<link rel=\"canonical\" href=\"https:\/\/hudo.com\/si\/aktualno\/iz-jernejevega-kanala-odstranili-vsa-opuscena-plovila\/\" \/>\n<meta property=\"og:locale\" content=\"sl_SI\" \/>\n<meta property=\"og:type\" content=\"article\" \/>\n<meta property=\"og:title\" content=\"Iz Jernejevega kanala odstranili vsa opu\u0161\u010dena plovila - Hudo Slovenija\" \/>\n<meta property=\"og:description\" content=\"Koncesionar VGP Drava Ptuj je v sredo zaklju\u010dil odstranjevanje opu\u0161\u010denih plovil iz Jernejevega kanala pri Se\u010di, so sporo\u010dili z ministrstva za okolje. Koncesionar sedaj odstranjuje \u0161e dotrajane pomole in sanira bre\u017eino. Na temo prihodnje ureditve kanala se bodo predstavniki ministrstva in lokalne skupnosti sre\u010dali februarja.\" \/>\n<meta property=\"og:url\" content=\"https:\/\/hudo.com\/si\/aktualno\/iz-jernejevega-kanala-odstranili-vsa-opuscena-plovila\/\" \/>\n<meta property=\"og:site_name\" content=\"Hudo Slovenija\" \/>\n<meta property=\"article:publisher\" content=\"https:\/\/www.facebook.com\/hudo.si\" \/>\n<meta property=\"article:published_time\" content=\"2019-01-24T16:31:22+00:00\" \/>\n<meta property=\"og:image\" content=\"https:\/\/hudo.com\/si\/wp-content\/uploads\/sites\/2\/2018\/11\/20181027-00894534.jpg\" \/>\n\t<meta property=\"og:image:width\" content=\"640\" \/>\n\t<meta property=\"og:image:height\" content=\"480\" \/>\n\t<meta property=\"og:image:type\" content=\"image\/jpeg\" \/>\n<meta name=\"author\" content=\"A. P., STA\" \/>\n<meta name=\"twitter:card\" content=\"summary_large_image\" \/>\n<meta name=\"twitter:creator\" content=\"@hudo_si\" \/>\n<meta name=\"twitter:site\" content=\"@hudo_si\" \/>\n<meta name=\"twitter:label1\" content=\"Written by\" \/>\n\t<meta name=\"twitter:data1\" content=\"A. P., STA\" \/>\n\t<meta name=\"twitter:label2\" content=\"Est. reading time\" \/>\n\t<meta name=\"twitter:data2\" content=\"1 minuta\" \/>\n<script type=\"application\/ld+json\" class=\"yoast-schema-graph\">{\"@context\":\"https:\/\/schema.org\",\"@graph\":[{\"@type\":\"Article\",\"@id\":\"https:\/\/hudo.com\/si\/aktualno\/iz-jernejevega-kanala-odstranili-vsa-opuscena-plovila\/#article\",\"isPartOf\":{\"@id\":\"https:\/\/hudo.com\/si\/aktualno\/iz-jernejevega-kanala-odstranili-vsa-opuscena-plovila\/\"},\"author\":{\"name\":\"A. P., STA\",\"@id\":\"https:\/\/hudo.com\/si\/#\/schema\/person\/18f09c02475ba9e606e941a565b80cff\"},\"headline\":\"Iz Jernejevega kanala odstranili vsa opu\u0161\u010dena plovila\",\"datePublished\":\"2019-01-24T16:31:22+00:00\",\"dateModified\":\"2019-01-24T16:31:22+00:00\",\"mainEntityOfPage\":{\"@id\":\"https:\/\/hudo.com\/si\/aktualno\/iz-jernejevega-kanala-odstranili-vsa-opuscena-plovila\/\"},\"wordCount\":230,\"publisher\":{\"@id\":\"https:\/\/hudo.com\/si\/#organization\"},\"keywords\":[\"ekologija\",\"jernejev kanal\",\"Slovenija\"],\"articleSection\":[\"Aktualno\"],\"inLanguage\":\"sl-SI\"},{\"@type\":\"WebPage\",\"@id\":\"https:\/\/hudo.com\/si\/aktualno\/iz-jernejevega-kanala-odstranili-vsa-opuscena-plovila\/\",\"url\":\"https:\/\/hudo.com\/si\/aktualno\/iz-jernejevega-kanala-odstranili-vsa-opuscena-plovila\/\",\"name\":\"Iz Jernejevega kanala odstranili vsa opu\u0161\u010dena plovila - Hudo Slovenija\",\"isPartOf\":{\"@id\":\"https:\/\/hudo.com\/si\/#website\"},\"datePublished\":\"2019-01-24T16:31:22+00:00\",\"dateModified\":\"2019-01-24T16:31:22+00:00\",\"breadcrumb\":{\"@id\":\"https:\/\/hudo.com\/si\/aktualno\/iz-jernejevega-kanala-odstranili-vsa-opuscena-plovila\/#breadcrumb\"},\"inLanguage\":\"sl-SI\",\"potentialAction\":[{\"@type\":\"ReadAction\",\"target\":[\"https:\/\/hudo.com\/si\/aktualno\/iz-jernejevega-kanala-odstranili-vsa-opuscena-plovila\/\"]}]},{\"@type\":\"BreadcrumbList\",\"@id\":\"https:\/\/hudo.com\/si\/aktualno\/iz-jernejevega-kanala-odstranili-vsa-opuscena-plovila\/#breadcrumb\",\"itemListElement\":[{\"@type\":\"ListItem\",\"position\":1,\"name\":\"Home\",\"item\":\"https:\/\/hudo.com\/si\/\"},{\"@type\":\"ListItem\",\"position\":2,\"name\":\"Iz Jernejevega kanala odstranili vsa opu\u0161\u010dena plovila\"}]},{\"@type\":\"WebSite\",\"@id\":\"https:\/\/hudo.com\/si\/#website\",\"url\":\"https:\/\/hudo.com\/si\/\",\"name\":\"Hudo Slovenija\",\"description\":\"Vse novice iz Slovenije in sveta\",\"publisher\":{\"@id\":\"https:\/\/hudo.com\/si\/#organization\"},\"potentialAction\":[{\"@type\":\"SearchAction\",\"target\":{\"@type\":\"EntryPoint\",\"urlTemplate\":\"https:\/\/hudo.com\/si\/?s={search_term_string}\"},\"query-input\":\"required name=search_term_string\"}],\"inLanguage\":\"sl-SI\"},{\"@type\":\"Organization\",\"@id\":\"https:\/\/hudo.com\/si\/#organization\",\"name\":\"VSN Media\",\"url\":\"https:\/\/hudo.com\/si\/\",\"logo\":{\"@type\":\"ImageObject\",\"inLanguage\":\"sl-SI\",\"@id\":\"https:\/\/hudo.com\/si\/#\/schema\/logo\/image\/\",\"url\":\"https:\/\/hudo.com\/si\/wp-content\/uploads\/sites\/2\/2021\/03\/hudo-app-2.png\",\"contentUrl\":\"https:\/\/hudo.com\/si\/wp-content\/uploads\/sites\/2\/2021\/03\/hudo-app-2.png\",\"width\":2185,\"height\":2167,\"caption\":\"VSN Media\"},\"image\":{\"@id\":\"https:\/\/hudo.com\/si\/#\/schema\/logo\/image\/\"},\"sameAs\":[\"https:\/\/www.facebook.com\/hudo.si\",\"https:\/\/twitter.com\/hudo_si\"]},{\"@type\":\"Person\",\"@id\":\"https:\/\/hudo.com\/si\/#\/schema\/person\/18f09c02475ba9e606e941a565b80cff\",\"name\":\"A. P., STA\",\"image\":{\"@type\":\"ImageObject\",\"inLanguage\":\"sl-SI\",\"@id\":\"https:\/\/hudo.com\/si\/#\/schema\/person\/image\/\",\"url\":\"https:\/\/secure.gravatar.com\/avatar\/03eac8e609f5f04383125d80eaeaaf3e?s=96&d=mm&r=g\",\"contentUrl\":\"https:\/\/secure.gravatar.com\/avatar\/03eac8e609f5f04383125d80eaeaaf3e?s=96&d=mm&r=g\",\"caption\":\"A. P., STA\"},\"url\":\"https:\/\/hudo.com\/si\/author\/lubu\/\"}]}<\/script>\n<!-- \/ Yoast SEO plugin. -->","yoast_head_json":{"title":"Iz Jernejevega kanala odstranili vsa opu\u0161\u010dena plovila - Hudo Slovenija","robots":{"index":"index","follow":"follow","max-snippet":"max-snippet:-1","max-image-preview":"max-image-preview:large","max-video-preview":"max-video-preview:-1"},"canonical":"https:\/\/hudo.com\/si\/aktualno\/iz-jernejevega-kanala-odstranili-vsa-opuscena-plovila\/","og_locale":"sl_SI","og_type":"article","og_title":"Iz Jernejevega kanala odstranili vsa opu\u0161\u010dena plovila - Hudo Slovenija","og_description":"Koncesionar VGP Drava Ptuj je v sredo zaklju\u010dil odstranjevanje opu\u0161\u010denih plovil iz Jernejevega kanala pri Se\u010di, so sporo\u010dili z ministrstva za okolje. Koncesionar sedaj odstranjuje \u0161e dotrajane pomole in sanira bre\u017eino. Na temo prihodnje ureditve kanala se bodo predstavniki ministrstva in lokalne skupnosti sre\u010dali februarja.","og_url":"https:\/\/hudo.com\/si\/aktualno\/iz-jernejevega-kanala-odstranili-vsa-opuscena-plovila\/","og_site_name":"Hudo Slovenija","article_publisher":"https:\/\/www.facebook.com\/hudo.si","article_published_time":"2019-01-24T16:31:22+00:00","og_image":[{"width":640,"height":480,"url":"https:\/\/hudo.com\/si\/wp-content\/uploads\/sites\/2\/2018\/11\/20181027-00894534.jpg","type":"image\/jpeg"}],"author":"A. P., STA","twitter_card":"summary_large_image","twitter_creator":"@hudo_si","twitter_site":"@hudo_si","twitter_misc":{"Written by":"A. P., STA","Est. reading time":"1 minuta"},"schema":{"@context":"https:\/\/schema.org","@graph":[{"@type":"Article","@id":"https:\/\/hudo.com\/si\/aktualno\/iz-jernejevega-kanala-odstranili-vsa-opuscena-plovila\/#article","isPartOf":{"@id":"https:\/\/hudo.com\/si\/aktualno\/iz-jernejevega-kanala-odstranili-vsa-opuscena-plovila\/"},"author":{"name":"A. P., STA","@id":"https:\/\/hudo.com\/si\/#\/schema\/person\/18f09c02475ba9e606e941a565b80cff"},"headline":"Iz Jernejevega kanala odstranili vsa opu\u0161\u010dena plovila","datePublished":"2019-01-24T16:31:22+00:00","dateModified":"2019-01-24T16:31:22+00:00","mainEntityOfPage":{"@id":"https:\/\/hudo.com\/si\/aktualno\/iz-jernejevega-kanala-odstranili-vsa-opuscena-plovila\/"},"wordCount":230,"publisher":{"@id":"https:\/\/hudo.com\/si\/#organization"},"keywords":["ekologija","jernejev kanal","Slovenija"],"articleSection":["Aktualno"],"inLanguage":"sl-SI"},{"@type":"WebPage","@id":"https:\/\/hudo.com\/si\/aktualno\/iz-jernejevega-kanala-odstranili-vsa-opuscena-plovila\/","url":"https:\/\/hudo.com\/si\/aktualno\/iz-jernejevega-kanala-odstranili-vsa-opuscena-plovila\/","name":"Iz Jernejevega kanala odstranili vsa opu\u0161\u010dena plovila - Hudo Slovenija","isPartOf":{"@id":"https:\/\/hudo.com\/si\/#website"},"datePublished":"2019-01-24T16:31:22+00:00","dateModified":"2019-01-24T16:31:22+00:00","breadcrumb":{"@id":"https:\/\/hudo.com\/si\/aktualno\/iz-jernejevega-kanala-odstranili-vsa-opuscena-plovila\/#breadcrumb"},"inLanguage":"sl-SI","potentialAction":[{"@type":"ReadAction","target":["https:\/\/hudo.com\/si\/aktualno\/iz-jernejevega-kanala-odstranili-vsa-opuscena-plovila\/"]}]},{"@type":"BreadcrumbList","@id":"https:\/\/hudo.com\/si\/aktualno\/iz-jernejevega-kanala-odstranili-vsa-opuscena-plovila\/#breadcrumb","itemListElement":[{"@type":"ListItem","position":1,"name":"Home","item":"https:\/\/hudo.com\/si\/"},{"@type":"ListItem","position":2,"name":"Iz Jernejevega kanala odstranili vsa opu\u0161\u010dena plovila"}]},{"@type":"WebSite","@id":"https:\/\/hudo.com\/si\/#website","url":"https:\/\/hudo.com\/si\/","name":"Hudo Slovenija","description":"Vse novice iz Slovenije in sveta","publisher":{"@id":"https:\/\/hudo.com\/si\/#organization"},"potentialAction":[{"@type":"SearchAction","target":{"@type":"EntryPoint","urlTemplate":"https:\/\/hudo.com\/si\/?s={search_term_string}"},"query-input":"required name=search_term_string"}],"inLanguage":"sl-SI"},{"@type":"Organization","@id":"https:\/\/hudo.com\/si\/#organization","name":"VSN Media","url":"https:\/\/hudo.com\/si\/","logo":{"@type":"ImageObject","inLanguage":"sl-SI","@id":"https:\/\/hudo.com\/si\/#\/schema\/logo\/image\/","url":"https:\/\/hudo.com\/si\/wp-content\/uploads\/sites\/2\/2021\/03\/hudo-app-2.png","contentUrl":"https:\/\/hudo.com\/si\/wp-content\/uploads\/sites\/2\/2021\/03\/hudo-app-2.png","width":2185,"height":2167,"caption":"VSN Media"},"image":{"@id":"https:\/\/hudo.com\/si\/#\/schema\/logo\/image\/"},"sameAs":["https:\/\/www.facebook.com\/hudo.si","https:\/\/twitter.com\/hudo_si"]},{"@type":"Person","@id":"https:\/\/hudo.com\/si\/#\/schema\/person\/18f09c02475ba9e606e941a565b80cff","name":"A. P., STA","image":{"@type":"ImageObject","inLanguage":"sl-SI","@id":"https:\/\/hudo.com\/si\/#\/schema\/person\/image\/","url":"https:\/\/secure.gravatar.com\/avatar\/03eac8e609f5f04383125d80eaeaaf3e?s=96&d=mm&r=g","contentUrl":"https:\/\/secure.gravatar.com\/avatar\/03eac8e609f5f04383125d80eaeaaf3e?s=96&d=mm&r=g","caption":"A. P., STA"},"url":"https:\/\/hudo.com\/si\/author\/lubu\/"}]}},"amp_enabled":true,"_links":{"self":[{"href":"https:\/\/hudo.com\/si\/wp-json\/wp\/v2\/posts\/391559"}],"collection":[{"href":"https:\/\/hudo.com\/si\/wp-json\/wp\/v2\/posts"}],"about":[{"href":"https:\/\/hudo.com\/si\/wp-json\/wp\/v2\/types\/post"}],"author":[{"embeddable":true,"href":"https:\/\/hudo.com\/si\/wp-json\/wp\/v2\/users\/7"}],"replies":[{"embeddable":true,"href":"https:\/\/hudo.com\/si\/wp-json\/wp\/v2\/comments?post=391559"}],"version-history":[{"count":1,"href":"https:\/\/hudo.com\/si\/wp-json\/wp\/v2\/posts\/391559\/revisions"}],"predecessor-version":[{"id":391560,"href":"https:\/\/hudo.com\/si\/wp-json\/wp\/v2\/posts\/391559\/revisions\/391560"}],"wp:featuredmedia":[{"embeddable":true,"href":"https:\/\/hudo.com\/si\/wp-json\/wp\/v2\/media\/380676"}],"wp:attachment":[{"href":"https:\/\/hudo.com\/si\/wp-json\/wp\/v2\/media?parent=391559"}],"wp:term":[{"taxonomy":"category","embeddable":true,"href":"https:\/\/hudo.com\/si\/wp-json\/wp\/v2\/categories?post=391559"},{"taxonomy":"post_tag","embeddable":true,"href":"https:\/\/hudo.com\/si\/wp-json\/wp\/v2\/tags?post=391559"},{"taxonomy":"source","embeddable":true,"href":"https:\/\/hudo.com\/si\/wp-json\/wp\/v2\/source?post=391559"},{"taxonomy":"supertag","embeddable":true,"href":"https:\/\/hudo.com\/si\/wp-json\/wp\/v2\/supertag?post=391559"}],"curies":[{"name":"wp","href":"https:\/\/api.w.org\/{rel}","templated":true}]}}