{"id":391572,"date":"2019-01-25T08:42:36","date_gmt":"2019-01-25T07:42:36","guid":{"rendered":"http:\/\/hudo.com\/si\/?p=391572"},"modified":"2019-01-25T08:42:36","modified_gmt":"2019-01-25T07:42:36","slug":"luke-doncica-ni-v-prvi-peterki-zahoda-za-tekmo-zvezd-lige-nba-preprical-je-navijace-ne-pa-tudi-novinarjev-kosarkarjev","status":"publish","type":"post","link":"https:\/\/hudo.com\/si\/aktualno\/luke-doncica-ni-v-prvi-peterki-zahoda-za-tekmo-zvezd-lige-nba-preprical-je-navijace-ne-pa-tudi-novinarjev-kosarkarjev\/","title":{"rendered":"Luke Don\u010di\u0107a ni v prvi peterki zahoda za tekmo zvezd lige NBA: Prepri\u010dal je navija\u010de, ne pa tudi novinarjev in ko\u0161arkarjev"},"content":{"rendered":"<p>Don\u010di\u0107 je do konca spletnega in mobilnega glasovanja (21. januar) prejel 4.242.980 glasov navija\u010dev ter na zahodu zaostal le za prvim zvezdnikom severnoameri\u0161ke ko\u0161arkarske lige, LeBronom Jamesom iz Los Angeles Lakers, ki je zbral 4.620.809 glasov. Na vzhodu je najve\u010d glasov, 4.375.747, prejel Grk Giannis Antetokounmpo iz Milwaukee Bucks, tako da je bil 19-letni slovenski \u010dude\u017eni de\u010dek med navija\u010di zapisan na tretje mesto med vsemi v ligi NBA.<\/p>\n<p>A to ni bilo dovolj, da bi Don\u010di\u0107 s svojimi predstavami v dresu Dallas Mavericks prepri\u010dal tudi novinarje in igralce lige NBA, ki mu niso namenili dovolj glasov, da bi nastopil v prvi peterki zahoda.<\/p>\n<p>Mladi slovenski zvezdnik je bil po glasovih navija\u010dev na drugem mestu zahodne konference, igralci NBA so ga umestili \u0161ele na osmo, novinarji pa na \u0161esto mesto, kar je bilo skupaj premalo, da bi postal prvi Slovenec z nastopom v prvi peterki tekme zvezd All-Star in to \u017ee v svoji prvi sezoni v ligi NBA.<\/p>\n<p>Izbira navija\u010dev je namre\u010d pri kon\u010dni odlo\u010ditvi \u0161tela le za polovico glasov. Drugo polovico so dodali ko\u0161arkarji lige in novinarji v enakem dele\u017eu.<\/p>\n<p>Tako LeBron James kot Giannis Antetokounmpo sta tudi po glasovih igralcev in novinarjev ostala na \u010delu svojih konferenc in bosta kapetana ekip zahoda in vzhoda.<\/p>\n<p>V prvi peterki zahoda so pristali James, Paul George (Oklahoma City), Kevin Durant (Golden State), Stephen Curry (Golden State) in James Harden (Houston).<\/p>\n<p>V prvi peterki vzhoda pa Antetokounmpo, Kyrie Irving (Boston), Kemba Walker (Charlotte), Kawhi Leonard (Toronto) in Joel Embiid (Philadelphia).<\/p>\n<p>\u010cetudi se Don\u010di\u0107 ni uvrstil v prvo peterko, pa ima \u0161e vedno mo\u017enost, da nastopi na tekmi zvezd, saj bodo svoje izbrance za rezerve tekme prihodnji \u010detrtek imenovali \u0161e trenerji v ligi NBA.<\/p>\n<p>\u010ce bi se Don\u010di\u0107u uspelo uvrstiti med rezerve, bi postal drugi Slovenec s tem uspehom. Lani se je po izboru trenerjev kot Slovenec na tekmo zvezd uvrstil Goran Dragi\u0107 (Miami Heat), ki pa ta \u010das po\u010diva in okreva po operaciji kolena.<\/p>\n","protected":false},"excerpt":{"rendered":"<p>Slovenski ko\u0161arkarski as Luka Don\u010di\u0107 kljub veliki podpori navija\u010dev, ki so mu do konca spletnega glasovanja v zahodni konferenci lige NBA namenili kar 4.242.980 glasov, ni prejel zadostne podpore novinarjev in ko\u0161arkarjev, da bi nastopil v prvi peterki. Na tekmo zvezd, ki bo 17. februarja v Severni Karolini, se sicer \u0161e lahko uvrsti kot rezerva.<\/p>\n","protected":false},"author":8,"featured_media":383425,"comment_status":"closed","ping_status":"closed","sticky":false,"template":"","format":"standard","meta":{"footnotes":""},"categories":[1179],"tags":[2085,9462,4551,1595],"source":[4511],"supertag":[],"acf":[],"yoast_head":"<!-- This site is optimized with the Yoast SEO plugin v21.3 - https:\/\/yoast.com\/wordpress\/plugins\/seo\/ -->\n<title>Luke Don\u010di\u0107a ni v prvi peterki zahoda za tekmo zvezd lige NBA: Prepri\u010dal je navija\u010de, ne pa tudi novinarjev in ko\u0161arkarjev - Hudo Slovenija<\/title>\n<meta name=\"robots\" content=\"index, follow, max-snippet:-1, max-image-preview:large, max-video-preview:-1\" \/>\n<link rel=\"canonical\" href=\"https:\/\/hudo.com\/si\/aktualno\/luke-doncica-ni-v-prvi-peterki-zahoda-za-tekmo-zvezd-lige-nba-preprical-je-navijace-ne-pa-tudi-novinarjev-kosarkarjev\/\" \/>\n<meta property=\"og:locale\" content=\"sl_SI\" \/>\n<meta property=\"og:type\" content=\"article\" \/>\n<meta property=\"og:title\" content=\"Luke Don\u010di\u0107a ni v prvi peterki zahoda za tekmo zvezd lige NBA: Prepri\u010dal je navija\u010de, ne pa tudi novinarjev in ko\u0161arkarjev - Hudo Slovenija\" \/>\n<meta property=\"og:description\" content=\"Slovenski ko\u0161arkarski as Luka Don\u010di\u0107 kljub veliki podpori navija\u010dev, ki so mu do konca spletnega glasovanja v zahodni konferenci lige NBA namenili kar 4.242.980 glasov, ni prejel zadostne podpore novinarjev in ko\u0161arkarjev, da bi nastopil v prvi peterki. Na tekmo zvezd, ki bo 17. februarja v Severni Karolini, se sicer \u0161e lahko uvrsti kot rezerva.\" \/>\n<meta property=\"og:url\" content=\"https:\/\/hudo.com\/si\/aktualno\/luke-doncica-ni-v-prvi-peterki-zahoda-za-tekmo-zvezd-lige-nba-preprical-je-navijace-ne-pa-tudi-novinarjev-kosarkarjev\/\" \/>\n<meta property=\"og:site_name\" content=\"Hudo Slovenija\" \/>\n<meta property=\"article:publisher\" content=\"https:\/\/www.facebook.com\/hudo.si\" \/>\n<meta property=\"article:published_time\" content=\"2019-01-25T07:42:36+00:00\" \/>\n<meta property=\"og:image\" content=\"https:\/\/hudo.com\/si\/wp-content\/uploads\/sites\/2\/2018\/12\/profimedia-0403706072.jpg\" \/>\n\t<meta property=\"og:image:width\" content=\"1250\" \/>\n\t<meta property=\"og:image:height\" content=\"833\" \/>\n\t<meta property=\"og:image:type\" content=\"image\/jpeg\" \/>\n<meta name=\"author\" content=\"M. N., STA\" \/>\n<meta name=\"twitter:card\" content=\"summary_large_image\" \/>\n<meta name=\"twitter:creator\" content=\"@hudo_si\" \/>\n<meta name=\"twitter:site\" content=\"@hudo_si\" \/>\n<meta name=\"twitter:label1\" content=\"Written by\" \/>\n\t<meta name=\"twitter:data1\" content=\"M. N., STA\" \/>\n\t<meta name=\"twitter:label2\" content=\"Est. reading time\" \/>\n\t<meta name=\"twitter:data2\" content=\"2 minuti\" \/>\n<script type=\"application\/ld+json\" class=\"yoast-schema-graph\">{\"@context\":\"https:\/\/schema.org\",\"@graph\":[{\"@type\":\"Article\",\"@id\":\"https:\/\/hudo.com\/si\/aktualno\/luke-doncica-ni-v-prvi-peterki-zahoda-za-tekmo-zvezd-lige-nba-preprical-je-navijace-ne-pa-tudi-novinarjev-kosarkarjev\/#article\",\"isPartOf\":{\"@id\":\"https:\/\/hudo.com\/si\/aktualno\/luke-doncica-ni-v-prvi-peterki-zahoda-za-tekmo-zvezd-lige-nba-preprical-je-navijace-ne-pa-tudi-novinarjev-kosarkarjev\/\"},\"author\":{\"name\":\"M. N., STA\",\"@id\":\"https:\/\/hudo.com\/si\/#\/schema\/person\/c2f10ce65d2e6ede2aeda5be2a0611fa\"},\"headline\":\"Luke Don\u010di\u0107a ni v prvi peterki zahoda za tekmo zvezd lige NBA: Prepri\u010dal je navija\u010de, ne pa tudi novinarjev in ko\u0161arkarjev\",\"datePublished\":\"2019-01-25T07:42:36+00:00\",\"dateModified\":\"2019-01-25T07:42:36+00:00\",\"mainEntityOfPage\":{\"@id\":\"https:\/\/hudo.com\/si\/aktualno\/luke-doncica-ni-v-prvi-peterki-zahoda-za-tekmo-zvezd-lige-nba-preprical-je-navijace-ne-pa-tudi-novinarjev-kosarkarjev\/\"},\"wordCount\":363,\"publisher\":{\"@id\":\"https:\/\/hudo.com\/si\/#organization\"},\"keywords\":[\"ko\u0161arka\",\"Luka Don\u010di\u0107\",\"NBA\",\"Slovenija\"],\"articleSection\":[\"Aktualno\"],\"inLanguage\":\"sl-SI\"},{\"@type\":\"WebPage\",\"@id\":\"https:\/\/hudo.com\/si\/aktualno\/luke-doncica-ni-v-prvi-peterki-zahoda-za-tekmo-zvezd-lige-nba-preprical-je-navijace-ne-pa-tudi-novinarjev-kosarkarjev\/\",\"url\":\"https:\/\/hudo.com\/si\/aktualno\/luke-doncica-ni-v-prvi-peterki-zahoda-za-tekmo-zvezd-lige-nba-preprical-je-navijace-ne-pa-tudi-novinarjev-kosarkarjev\/\",\"name\":\"Luke Don\u010di\u0107a ni v prvi peterki zahoda za tekmo zvezd lige NBA: Prepri\u010dal je navija\u010de, ne pa tudi novinarjev in ko\u0161arkarjev - Hudo Slovenija\",\"isPartOf\":{\"@id\":\"https:\/\/hudo.com\/si\/#website\"},\"datePublished\":\"2019-01-25T07:42:36+00:00\",\"dateModified\":\"2019-01-25T07:42:36+00:00\",\"breadcrumb\":{\"@id\":\"https:\/\/hudo.com\/si\/aktualno\/luke-doncica-ni-v-prvi-peterki-zahoda-za-tekmo-zvezd-lige-nba-preprical-je-navijace-ne-pa-tudi-novinarjev-kosarkarjev\/#breadcrumb\"},\"inLanguage\":\"sl-SI\",\"potentialAction\":[{\"@type\":\"ReadAction\",\"target\":[\"https:\/\/hudo.com\/si\/aktualno\/luke-doncica-ni-v-prvi-peterki-zahoda-za-tekmo-zvezd-lige-nba-preprical-je-navijace-ne-pa-tudi-novinarjev-kosarkarjev\/\"]}]},{\"@type\":\"BreadcrumbList\",\"@id\":\"https:\/\/hudo.com\/si\/aktualno\/luke-doncica-ni-v-prvi-peterki-zahoda-za-tekmo-zvezd-lige-nba-preprical-je-navijace-ne-pa-tudi-novinarjev-kosarkarjev\/#breadcrumb\",\"itemListElement\":[{\"@type\":\"ListItem\",\"position\":1,\"name\":\"Home\",\"item\":\"https:\/\/hudo.com\/si\/\"},{\"@type\":\"ListItem\",\"position\":2,\"name\":\"Luke Don\u010di\u0107a ni v prvi peterki zahoda za tekmo zvezd lige NBA: Prepri\u010dal je navija\u010de, ne pa tudi novinarjev in ko\u0161arkarjev\"}]},{\"@type\":\"WebSite\",\"@id\":\"https:\/\/hudo.com\/si\/#website\",\"url\":\"https:\/\/hudo.com\/si\/\",\"name\":\"Hudo Slovenija\",\"description\":\"Vse novice iz Slovenije in sveta\",\"publisher\":{\"@id\":\"https:\/\/hudo.com\/si\/#organization\"},\"potentialAction\":[{\"@type\":\"SearchAction\",\"target\":{\"@type\":\"EntryPoint\",\"urlTemplate\":\"https:\/\/hudo.com\/si\/?s={search_term_string}\"},\"query-input\":\"required name=search_term_string\"}],\"inLanguage\":\"sl-SI\"},{\"@type\":\"Organization\",\"@id\":\"https:\/\/hudo.com\/si\/#organization\",\"name\":\"VSN Media\",\"url\":\"https:\/\/hudo.com\/si\/\",\"logo\":{\"@type\":\"ImageObject\",\"inLanguage\":\"sl-SI\",\"@id\":\"https:\/\/hudo.com\/si\/#\/schema\/logo\/image\/\",\"url\":\"https:\/\/hudo.com\/si\/wp-content\/uploads\/sites\/2\/2021\/03\/hudo-app-2.png\",\"contentUrl\":\"https:\/\/hudo.com\/si\/wp-content\/uploads\/sites\/2\/2021\/03\/hudo-app-2.png\",\"width\":2185,\"height\":2167,\"caption\":\"VSN Media\"},\"image\":{\"@id\":\"https:\/\/hudo.com\/si\/#\/schema\/logo\/image\/\"},\"sameAs\":[\"https:\/\/www.facebook.com\/hudo.si\",\"https:\/\/twitter.com\/hudo_si\"]},{\"@type\":\"Person\",\"@id\":\"https:\/\/hudo.com\/si\/#\/schema\/person\/c2f10ce65d2e6ede2aeda5be2a0611fa\",\"name\":\"M. N., STA\",\"image\":{\"@type\":\"ImageObject\",\"inLanguage\":\"sl-SI\",\"@id\":\"https:\/\/hudo.com\/si\/#\/schema\/person\/image\/\",\"url\":\"https:\/\/secure.gravatar.com\/avatar\/f370d38daa10467f755c5c766a4cac20?s=96&d=mm&r=g\",\"contentUrl\":\"https:\/\/secure.gravatar.com\/avatar\/f370d38daa10467f755c5c766a4cac20?s=96&d=mm&r=g\",\"caption\":\"M. N., STA\"},\"url\":\"https:\/\/hudo.com\/si\/author\/mana\/\"}]}<\/script>\n<!-- \/ Yoast SEO plugin. -->","yoast_head_json":{"title":"Luke Don\u010di\u0107a ni v prvi peterki zahoda za tekmo zvezd lige NBA: Prepri\u010dal je navija\u010de, ne pa tudi novinarjev in ko\u0161arkarjev - Hudo Slovenija","robots":{"index":"index","follow":"follow","max-snippet":"max-snippet:-1","max-image-preview":"max-image-preview:large","max-video-preview":"max-video-preview:-1"},"canonical":"https:\/\/hudo.com\/si\/aktualno\/luke-doncica-ni-v-prvi-peterki-zahoda-za-tekmo-zvezd-lige-nba-preprical-je-navijace-ne-pa-tudi-novinarjev-kosarkarjev\/","og_locale":"sl_SI","og_type":"article","og_title":"Luke Don\u010di\u0107a ni v prvi peterki zahoda za tekmo zvezd lige NBA: Prepri\u010dal je navija\u010de, ne pa tudi novinarjev in ko\u0161arkarjev - Hudo Slovenija","og_description":"Slovenski ko\u0161arkarski as Luka Don\u010di\u0107 kljub veliki podpori navija\u010dev, ki so mu do konca spletnega glasovanja v zahodni konferenci lige NBA namenili kar 4.242.980 glasov, ni prejel zadostne podpore novinarjev in ko\u0161arkarjev, da bi nastopil v prvi peterki. Na tekmo zvezd, ki bo 17. februarja v Severni Karolini, se sicer \u0161e lahko uvrsti kot rezerva.","og_url":"https:\/\/hudo.com\/si\/aktualno\/luke-doncica-ni-v-prvi-peterki-zahoda-za-tekmo-zvezd-lige-nba-preprical-je-navijace-ne-pa-tudi-novinarjev-kosarkarjev\/","og_site_name":"Hudo Slovenija","article_publisher":"https:\/\/www.facebook.com\/hudo.si","article_published_time":"2019-01-25T07:42:36+00:00","og_image":[{"width":1250,"height":833,"url":"https:\/\/hudo.com\/si\/wp-content\/uploads\/sites\/2\/2018\/12\/profimedia-0403706072.jpg","type":"image\/jpeg"}],"author":"M. N., STA","twitter_card":"summary_large_image","twitter_creator":"@hudo_si","twitter_site":"@hudo_si","twitter_misc":{"Written by":"M. N., STA","Est. reading time":"2 minuti"},"schema":{"@context":"https:\/\/schema.org","@graph":[{"@type":"Article","@id":"https:\/\/hudo.com\/si\/aktualno\/luke-doncica-ni-v-prvi-peterki-zahoda-za-tekmo-zvezd-lige-nba-preprical-je-navijace-ne-pa-tudi-novinarjev-kosarkarjev\/#article","isPartOf":{"@id":"https:\/\/hudo.com\/si\/aktualno\/luke-doncica-ni-v-prvi-peterki-zahoda-za-tekmo-zvezd-lige-nba-preprical-je-navijace-ne-pa-tudi-novinarjev-kosarkarjev\/"},"author":{"name":"M. N., STA","@id":"https:\/\/hudo.com\/si\/#\/schema\/person\/c2f10ce65d2e6ede2aeda5be2a0611fa"},"headline":"Luke Don\u010di\u0107a ni v prvi peterki zahoda za tekmo zvezd lige NBA: Prepri\u010dal je navija\u010de, ne pa tudi novinarjev in ko\u0161arkarjev","datePublished":"2019-01-25T07:42:36+00:00","dateModified":"2019-01-25T07:42:36+00:00","mainEntityOfPage":{"@id":"https:\/\/hudo.com\/si\/aktualno\/luke-doncica-ni-v-prvi-peterki-zahoda-za-tekmo-zvezd-lige-nba-preprical-je-navijace-ne-pa-tudi-novinarjev-kosarkarjev\/"},"wordCount":363,"publisher":{"@id":"https:\/\/hudo.com\/si\/#organization"},"keywords":["ko\u0161arka","Luka Don\u010di\u0107","NBA","Slovenija"],"articleSection":["Aktualno"],"inLanguage":"sl-SI"},{"@type":"WebPage","@id":"https:\/\/hudo.com\/si\/aktualno\/luke-doncica-ni-v-prvi-peterki-zahoda-za-tekmo-zvezd-lige-nba-preprical-je-navijace-ne-pa-tudi-novinarjev-kosarkarjev\/","url":"https:\/\/hudo.com\/si\/aktualno\/luke-doncica-ni-v-prvi-peterki-zahoda-za-tekmo-zvezd-lige-nba-preprical-je-navijace-ne-pa-tudi-novinarjev-kosarkarjev\/","name":"Luke Don\u010di\u0107a ni v prvi peterki zahoda za tekmo zvezd lige NBA: Prepri\u010dal je navija\u010de, ne pa tudi novinarjev in ko\u0161arkarjev - Hudo Slovenija","isPartOf":{"@id":"https:\/\/hudo.com\/si\/#website"},"datePublished":"2019-01-25T07:42:36+00:00","dateModified":"2019-01-25T07:42:36+00:00","breadcrumb":{"@id":"https:\/\/hudo.com\/si\/aktualno\/luke-doncica-ni-v-prvi-peterki-zahoda-za-tekmo-zvezd-lige-nba-preprical-je-navijace-ne-pa-tudi-novinarjev-kosarkarjev\/#breadcrumb"},"inLanguage":"sl-SI","potentialAction":[{"@type":"ReadAction","target":["https:\/\/hudo.com\/si\/aktualno\/luke-doncica-ni-v-prvi-peterki-zahoda-za-tekmo-zvezd-lige-nba-preprical-je-navijace-ne-pa-tudi-novinarjev-kosarkarjev\/"]}]},{"@type":"BreadcrumbList","@id":"https:\/\/hudo.com\/si\/aktualno\/luke-doncica-ni-v-prvi-peterki-zahoda-za-tekmo-zvezd-lige-nba-preprical-je-navijace-ne-pa-tudi-novinarjev-kosarkarjev\/#breadcrumb","itemListElement":[{"@type":"ListItem","position":1,"name":"Home","item":"https:\/\/hudo.com\/si\/"},{"@type":"ListItem","position":2,"name":"Luke Don\u010di\u0107a ni v prvi peterki zahoda za tekmo zvezd lige NBA: Prepri\u010dal je navija\u010de, ne pa tudi novinarjev in ko\u0161arkarjev"}]},{"@type":"WebSite","@id":"https:\/\/hudo.com\/si\/#website","url":"https:\/\/hudo.com\/si\/","name":"Hudo Slovenija","description":"Vse novice iz Slovenije in sveta","publisher":{"@id":"https:\/\/hudo.com\/si\/#organization"},"potentialAction":[{"@type":"SearchAction","target":{"@type":"EntryPoint","urlTemplate":"https:\/\/hudo.com\/si\/?s={search_term_string}"},"query-input":"required name=search_term_string"}],"inLanguage":"sl-SI"},{"@type":"Organization","@id":"https:\/\/hudo.com\/si\/#organization","name":"VSN Media","url":"https:\/\/hudo.com\/si\/","logo":{"@type":"ImageObject","inLanguage":"sl-SI","@id":"https:\/\/hudo.com\/si\/#\/schema\/logo\/image\/","url":"https:\/\/hudo.com\/si\/wp-content\/uploads\/sites\/2\/2021\/03\/hudo-app-2.png","contentUrl":"https:\/\/hudo.com\/si\/wp-content\/uploads\/sites\/2\/2021\/03\/hudo-app-2.png","width":2185,"height":2167,"caption":"VSN Media"},"image":{"@id":"https:\/\/hudo.com\/si\/#\/schema\/logo\/image\/"},"sameAs":["https:\/\/www.facebook.com\/hudo.si","https:\/\/twitter.com\/hudo_si"]},{"@type":"Person","@id":"https:\/\/hudo.com\/si\/#\/schema\/person\/c2f10ce65d2e6ede2aeda5be2a0611fa","name":"M. N., STA","image":{"@type":"ImageObject","inLanguage":"sl-SI","@id":"https:\/\/hudo.com\/si\/#\/schema\/person\/image\/","url":"https:\/\/secure.gravatar.com\/avatar\/f370d38daa10467f755c5c766a4cac20?s=96&d=mm&r=g","contentUrl":"https:\/\/secure.gravatar.com\/avatar\/f370d38daa10467f755c5c766a4cac20?s=96&d=mm&r=g","caption":"M. N., STA"},"url":"https:\/\/hudo.com\/si\/author\/mana\/"}]}},"amp_enabled":true,"_links":{"self":[{"href":"https:\/\/hudo.com\/si\/wp-json\/wp\/v2\/posts\/391572"}],"collection":[{"href":"https:\/\/hudo.com\/si\/wp-json\/wp\/v2\/posts"}],"about":[{"href":"https:\/\/hudo.com\/si\/wp-json\/wp\/v2\/types\/post"}],"author":[{"embeddable":true,"href":"https:\/\/hudo.com\/si\/wp-json\/wp\/v2\/users\/8"}],"replies":[{"embeddable":true,"href":"https:\/\/hudo.com\/si\/wp-json\/wp\/v2\/comments?post=391572"}],"version-history":[{"count":1,"href":"https:\/\/hudo.com\/si\/wp-json\/wp\/v2\/posts\/391572\/revisions"}],"predecessor-version":[{"id":391573,"href":"https:\/\/hudo.com\/si\/wp-json\/wp\/v2\/posts\/391572\/revisions\/391573"}],"wp:featuredmedia":[{"embeddable":true,"href":"https:\/\/hudo.com\/si\/wp-json\/wp\/v2\/media\/383425"}],"wp:attachment":[{"href":"https:\/\/hudo.com\/si\/wp-json\/wp\/v2\/media?parent=391572"}],"wp:term":[{"taxonomy":"category","embeddable":true,"href":"https:\/\/hudo.com\/si\/wp-json\/wp\/v2\/categories?post=391572"},{"taxonomy":"post_tag","embeddable":true,"href":"https:\/\/hudo.com\/si\/wp-json\/wp\/v2\/tags?post=391572"},{"taxonomy":"source","embeddable":true,"href":"https:\/\/hudo.com\/si\/wp-json\/wp\/v2\/source?post=391572"},{"taxonomy":"supertag","embeddable":true,"href":"https:\/\/hudo.com\/si\/wp-json\/wp\/v2\/supertag?post=391572"}],"curies":[{"name":"wp","href":"https:\/\/api.w.org\/{rel}","templated":true}]}}