{"id":391727,"date":"2019-01-28T08:46:58","date_gmt":"2019-01-28T07:46:58","guid":{"rendered":"http:\/\/hudo.com\/si\/?p=391727"},"modified":"2019-01-28T08:46:58","modified_gmt":"2019-01-28T07:46:58","slug":"shinzo-abe-napoveduje-izboljsanje-odnosov-s-kim-jong-unom-odpravo-zgodovinskih-zamer","status":"publish","type":"post","link":"https:\/\/hudo.com\/si\/aktualno\/shinzo-abe-napoveduje-izboljsanje-odnosov-s-kim-jong-unom-odpravo-zgodovinskih-zamer\/","title":{"rendered":"Shinzo Abe napoveduje izbolj\u0161anje odnosov s Kim Jong-unom in odpravo zgodovinskih zamer"},"content":{"rendered":"<p>Gre za vpra\u0161anji, ki najbolj tareta Japonsko v odnosih s Severno Korejo. Ta je preko Japonske izstrelila \u017ee ve\u010d raket, med hladno vojno pa je ugrabila ve\u010d japonskih dr\u017eavljanov, da bi jim pomagali pri urjenju severnokorejskih vohunov.<\/p>\n<p>Tudi sicer velja Japonska za eno najve\u010djih severnokorejskih nasprotnic. Ve\u010dina zamer izhaja \u0161e iz obdobja japonske okupacije Korejskega polotoka med drugo svetovno vojno.<\/p>\n<p>Abe se je zdaj namenil to spremeniti. Ni sicer podal nobenega \u010dasovnega okvira, kdaj naj bi se sestal s Kimom, a do teh Abejevih izjav prihaja v \u010dasu, ko se Kim pripravlja na drugo sre\u010danje z ameri\u0161kim predsednikom Donaldom Trumpom. Do tega naj bi pri\u0161lo v naslednjem mesecu.<\/p>\n<p>&#8220;Zadal sem si diplomatsko normalizacijo z re\u0161evanjem nesre\u010dne preteklosti,&#8221; je po poro\u010danju francoske tiskovne agencije AFP dejal Abe v govoru v parlamentu ob za\u010detku prve leto\u0161nje seje, v katerem je sicer napovedal tudi ve\u010dja vlaganja dr\u017eave v obnovo infrastrukture.<\/p>\n<p>Kot izpostavlja AFP, je bil Abe \u0161e pred letom dni v istem letnem nagovoru v parlamentu precej bolj bojevit do Pjongjanga. Tedaj je napovedal, da je &#8220;odlo\u010den pritisniti na Severno Korejo, da bo spremenila svojo politiko&#8221;. Za severnokorejski jedrski in raketni program pa je dejal, da predstavljata, &#8220;neverjetno nevarno in veliko gro\u017enjo&#8221;.<\/p>\n<p>Abe se je po poro\u010danju francoske tiskovne agencije v svojem govoru v parlamentu posvetil tudi odnosom s Kitajsko in ocenil, da so se odnosi z veliko azijsko sosedo &#8220;povsem vrnili na normalno pot&#8221;, potem ko se je lani v Pekingu sestal s kitajskim predsednikom Xi Jinpingom. Ta pa naj bi obisk v Tokiu vrnil enkrat letos.<\/p>\n<p>Kot je \u0161e dejal Abe, si bo prizadeval okrepiti diplomatske odnose z vsemi sosedami, &#8220;da bi vzpostavili severovzhodno Azijo kot obmo\u010dje stabilnega miru in blaginje&#8221;, \u0161e poro\u010da AFP.<\/p>\n<p>K normalizaciji odnosov s Kitajsko Abeja sicer \u017ee ve\u010d let pozivajo japonski gospodarstveniki, saj je Kitajska njihova najve\u010dja zunanjetrgovinska partnerica, prav tako pa predstavljajo Kitajci najpomembnej\u0161i vir turistov za Japonsko.<\/p>\n","protected":false},"excerpt":{"rendered":"<p>Japonski premier Shinzo Abe je danes izjavil, da namerava na sre\u010danju s severnokorejskim voditeljem Kim Jong-unom &#8220;streti oklep medsebojnega nezaupanja&#8221; in obnoviti diplomatske odnose med zgodovinskima nasprotnicama. Napovedal je, da bo osebno izpostavil vpra\u0161anje severnokorejskega jedrskega oro\u017eja, pa tudi ugrabitve japonskih dr\u017eavljanov.<\/p>\n","protected":false},"author":8,"featured_media":220867,"comment_status":"closed","ping_status":"closed","sticky":false,"template":"","format":"standard","meta":{"footnotes":""},"categories":[1179],"tags":[1587,7003,1961,7047],"source":[4511],"supertag":[6103],"acf":[],"yoast_head":"<!-- This site is optimized with the Yoast SEO plugin v21.3 - https:\/\/yoast.com\/wordpress\/plugins\/seo\/ -->\n<title>Shinzo Abe napoveduje izbolj\u0161anje odnosov s Kim Jong-unom in odpravo zgodovinskih zamer - Hudo Slovenija<\/title>\n<meta name=\"robots\" content=\"index, follow, max-snippet:-1, max-image-preview:large, max-video-preview:-1\" \/>\n<link rel=\"canonical\" href=\"https:\/\/hudo.com\/si\/aktualno\/shinzo-abe-napoveduje-izboljsanje-odnosov-s-kim-jong-unom-odpravo-zgodovinskih-zamer\/\" \/>\n<meta property=\"og:locale\" content=\"sl_SI\" \/>\n<meta property=\"og:type\" content=\"article\" \/>\n<meta property=\"og:title\" content=\"Shinzo Abe napoveduje izbolj\u0161anje odnosov s Kim Jong-unom in odpravo zgodovinskih zamer - Hudo Slovenija\" \/>\n<meta property=\"og:description\" content=\"Japonski premier Shinzo Abe je danes izjavil, da namerava na sre\u010danju s severnokorejskim voditeljem Kim Jong-unom &quot;streti oklep medsebojnega nezaupanja&quot; in obnoviti diplomatske odnose med zgodovinskima nasprotnicama. Napovedal je, da bo osebno izpostavil vpra\u0161anje severnokorejskega jedrskega oro\u017eja, pa tudi ugrabitve japonskih dr\u017eavljanov.\" \/>\n<meta property=\"og:url\" content=\"https:\/\/hudo.com\/si\/aktualno\/shinzo-abe-napoveduje-izboljsanje-odnosov-s-kim-jong-unom-odpravo-zgodovinskih-zamer\/\" \/>\n<meta property=\"og:site_name\" content=\"Hudo Slovenija\" \/>\n<meta property=\"article:publisher\" content=\"https:\/\/www.facebook.com\/hudo.si\" \/>\n<meta property=\"article:published_time\" content=\"2019-01-28T07:46:58+00:00\" \/>\n<meta property=\"og:image\" content=\"https:\/\/hudo.com\/si\/wp-content\/uploads\/sites\/2\/2017\/03\/profimedia-0323702235-1.jpg\" \/>\n\t<meta property=\"og:image:width\" content=\"1250\" \/>\n\t<meta property=\"og:image:height\" content=\"833\" \/>\n\t<meta property=\"og:image:type\" content=\"image\/jpeg\" \/>\n<meta name=\"author\" content=\"M. N., STA\" \/>\n<meta name=\"twitter:card\" content=\"summary_large_image\" \/>\n<meta name=\"twitter:creator\" content=\"@hudo_si\" \/>\n<meta name=\"twitter:site\" content=\"@hudo_si\" \/>\n<meta name=\"twitter:label1\" content=\"Written by\" \/>\n\t<meta name=\"twitter:data1\" content=\"M. N., STA\" \/>\n\t<meta name=\"twitter:label2\" content=\"Est. reading time\" \/>\n\t<meta name=\"twitter:data2\" content=\"2 minuti\" \/>\n<script type=\"application\/ld+json\" class=\"yoast-schema-graph\">{\"@context\":\"https:\/\/schema.org\",\"@graph\":[{\"@type\":\"Article\",\"@id\":\"https:\/\/hudo.com\/si\/aktualno\/shinzo-abe-napoveduje-izboljsanje-odnosov-s-kim-jong-unom-odpravo-zgodovinskih-zamer\/#article\",\"isPartOf\":{\"@id\":\"https:\/\/hudo.com\/si\/aktualno\/shinzo-abe-napoveduje-izboljsanje-odnosov-s-kim-jong-unom-odpravo-zgodovinskih-zamer\/\"},\"author\":{\"name\":\"M. N., STA\",\"@id\":\"https:\/\/hudo.com\/si\/#\/schema\/person\/c2f10ce65d2e6ede2aeda5be2a0611fa\"},\"headline\":\"Shinzo Abe napoveduje izbolj\u0161anje odnosov s Kim Jong-unom in odpravo zgodovinskih zamer\",\"datePublished\":\"2019-01-28T07:46:58+00:00\",\"dateModified\":\"2019-01-28T07:46:58+00:00\",\"mainEntityOfPage\":{\"@id\":\"https:\/\/hudo.com\/si\/aktualno\/shinzo-abe-napoveduje-izboljsanje-odnosov-s-kim-jong-unom-odpravo-zgodovinskih-zamer\/\"},\"wordCount\":347,\"publisher\":{\"@id\":\"https:\/\/hudo.com\/si\/#organization\"},\"keywords\":[\"japonska\",\"Kim Jong-un\",\"severna koreja\",\"Shinzo Abe\"],\"articleSection\":[\"Aktualno\"],\"inLanguage\":\"sl-SI\"},{\"@type\":\"WebPage\",\"@id\":\"https:\/\/hudo.com\/si\/aktualno\/shinzo-abe-napoveduje-izboljsanje-odnosov-s-kim-jong-unom-odpravo-zgodovinskih-zamer\/\",\"url\":\"https:\/\/hudo.com\/si\/aktualno\/shinzo-abe-napoveduje-izboljsanje-odnosov-s-kim-jong-unom-odpravo-zgodovinskih-zamer\/\",\"name\":\"Shinzo Abe napoveduje izbolj\u0161anje odnosov s Kim Jong-unom in odpravo zgodovinskih zamer - Hudo Slovenija\",\"isPartOf\":{\"@id\":\"https:\/\/hudo.com\/si\/#website\"},\"datePublished\":\"2019-01-28T07:46:58+00:00\",\"dateModified\":\"2019-01-28T07:46:58+00:00\",\"breadcrumb\":{\"@id\":\"https:\/\/hudo.com\/si\/aktualno\/shinzo-abe-napoveduje-izboljsanje-odnosov-s-kim-jong-unom-odpravo-zgodovinskih-zamer\/#breadcrumb\"},\"inLanguage\":\"sl-SI\",\"potentialAction\":[{\"@type\":\"ReadAction\",\"target\":[\"https:\/\/hudo.com\/si\/aktualno\/shinzo-abe-napoveduje-izboljsanje-odnosov-s-kim-jong-unom-odpravo-zgodovinskih-zamer\/\"]}]},{\"@type\":\"BreadcrumbList\",\"@id\":\"https:\/\/hudo.com\/si\/aktualno\/shinzo-abe-napoveduje-izboljsanje-odnosov-s-kim-jong-unom-odpravo-zgodovinskih-zamer\/#breadcrumb\",\"itemListElement\":[{\"@type\":\"ListItem\",\"position\":1,\"name\":\"Home\",\"item\":\"https:\/\/hudo.com\/si\/\"},{\"@type\":\"ListItem\",\"position\":2,\"name\":\"Shinzo Abe napoveduje izbolj\u0161anje odnosov s Kim Jong-unom in odpravo zgodovinskih zamer\"}]},{\"@type\":\"WebSite\",\"@id\":\"https:\/\/hudo.com\/si\/#website\",\"url\":\"https:\/\/hudo.com\/si\/\",\"name\":\"Hudo Slovenija\",\"description\":\"Vse novice iz Slovenije in sveta\",\"publisher\":{\"@id\":\"https:\/\/hudo.com\/si\/#organization\"},\"potentialAction\":[{\"@type\":\"SearchAction\",\"target\":{\"@type\":\"EntryPoint\",\"urlTemplate\":\"https:\/\/hudo.com\/si\/?s={search_term_string}\"},\"query-input\":\"required name=search_term_string\"}],\"inLanguage\":\"sl-SI\"},{\"@type\":\"Organization\",\"@id\":\"https:\/\/hudo.com\/si\/#organization\",\"name\":\"VSN Media\",\"url\":\"https:\/\/hudo.com\/si\/\",\"logo\":{\"@type\":\"ImageObject\",\"inLanguage\":\"sl-SI\",\"@id\":\"https:\/\/hudo.com\/si\/#\/schema\/logo\/image\/\",\"url\":\"https:\/\/hudo.com\/si\/wp-content\/uploads\/sites\/2\/2021\/03\/hudo-app-2.png\",\"contentUrl\":\"https:\/\/hudo.com\/si\/wp-content\/uploads\/sites\/2\/2021\/03\/hudo-app-2.png\",\"width\":2185,\"height\":2167,\"caption\":\"VSN Media\"},\"image\":{\"@id\":\"https:\/\/hudo.com\/si\/#\/schema\/logo\/image\/\"},\"sameAs\":[\"https:\/\/www.facebook.com\/hudo.si\",\"https:\/\/twitter.com\/hudo_si\"]},{\"@type\":\"Person\",\"@id\":\"https:\/\/hudo.com\/si\/#\/schema\/person\/c2f10ce65d2e6ede2aeda5be2a0611fa\",\"name\":\"M. N., STA\",\"image\":{\"@type\":\"ImageObject\",\"inLanguage\":\"sl-SI\",\"@id\":\"https:\/\/hudo.com\/si\/#\/schema\/person\/image\/\",\"url\":\"https:\/\/secure.gravatar.com\/avatar\/f370d38daa10467f755c5c766a4cac20?s=96&d=mm&r=g\",\"contentUrl\":\"https:\/\/secure.gravatar.com\/avatar\/f370d38daa10467f755c5c766a4cac20?s=96&d=mm&r=g\",\"caption\":\"M. N., STA\"},\"url\":\"https:\/\/hudo.com\/si\/author\/mana\/\"}]}<\/script>\n<!-- \/ Yoast SEO plugin. -->","yoast_head_json":{"title":"Shinzo Abe napoveduje izbolj\u0161anje odnosov s Kim Jong-unom in odpravo zgodovinskih zamer - Hudo Slovenija","robots":{"index":"index","follow":"follow","max-snippet":"max-snippet:-1","max-image-preview":"max-image-preview:large","max-video-preview":"max-video-preview:-1"},"canonical":"https:\/\/hudo.com\/si\/aktualno\/shinzo-abe-napoveduje-izboljsanje-odnosov-s-kim-jong-unom-odpravo-zgodovinskih-zamer\/","og_locale":"sl_SI","og_type":"article","og_title":"Shinzo Abe napoveduje izbolj\u0161anje odnosov s Kim Jong-unom in odpravo zgodovinskih zamer - Hudo Slovenija","og_description":"Japonski premier Shinzo Abe je danes izjavil, da namerava na sre\u010danju s severnokorejskim voditeljem Kim Jong-unom \"streti oklep medsebojnega nezaupanja\" in obnoviti diplomatske odnose med zgodovinskima nasprotnicama. Napovedal je, da bo osebno izpostavil vpra\u0161anje severnokorejskega jedrskega oro\u017eja, pa tudi ugrabitve japonskih dr\u017eavljanov.","og_url":"https:\/\/hudo.com\/si\/aktualno\/shinzo-abe-napoveduje-izboljsanje-odnosov-s-kim-jong-unom-odpravo-zgodovinskih-zamer\/","og_site_name":"Hudo Slovenija","article_publisher":"https:\/\/www.facebook.com\/hudo.si","article_published_time":"2019-01-28T07:46:58+00:00","og_image":[{"width":1250,"height":833,"url":"https:\/\/hudo.com\/si\/wp-content\/uploads\/sites\/2\/2017\/03\/profimedia-0323702235-1.jpg","type":"image\/jpeg"}],"author":"M. N., STA","twitter_card":"summary_large_image","twitter_creator":"@hudo_si","twitter_site":"@hudo_si","twitter_misc":{"Written by":"M. N., STA","Est. reading time":"2 minuti"},"schema":{"@context":"https:\/\/schema.org","@graph":[{"@type":"Article","@id":"https:\/\/hudo.com\/si\/aktualno\/shinzo-abe-napoveduje-izboljsanje-odnosov-s-kim-jong-unom-odpravo-zgodovinskih-zamer\/#article","isPartOf":{"@id":"https:\/\/hudo.com\/si\/aktualno\/shinzo-abe-napoveduje-izboljsanje-odnosov-s-kim-jong-unom-odpravo-zgodovinskih-zamer\/"},"author":{"name":"M. N., STA","@id":"https:\/\/hudo.com\/si\/#\/schema\/person\/c2f10ce65d2e6ede2aeda5be2a0611fa"},"headline":"Shinzo Abe napoveduje izbolj\u0161anje odnosov s Kim Jong-unom in odpravo zgodovinskih zamer","datePublished":"2019-01-28T07:46:58+00:00","dateModified":"2019-01-28T07:46:58+00:00","mainEntityOfPage":{"@id":"https:\/\/hudo.com\/si\/aktualno\/shinzo-abe-napoveduje-izboljsanje-odnosov-s-kim-jong-unom-odpravo-zgodovinskih-zamer\/"},"wordCount":347,"publisher":{"@id":"https:\/\/hudo.com\/si\/#organization"},"keywords":["japonska","Kim Jong-un","severna koreja","Shinzo Abe"],"articleSection":["Aktualno"],"inLanguage":"sl-SI"},{"@type":"WebPage","@id":"https:\/\/hudo.com\/si\/aktualno\/shinzo-abe-napoveduje-izboljsanje-odnosov-s-kim-jong-unom-odpravo-zgodovinskih-zamer\/","url":"https:\/\/hudo.com\/si\/aktualno\/shinzo-abe-napoveduje-izboljsanje-odnosov-s-kim-jong-unom-odpravo-zgodovinskih-zamer\/","name":"Shinzo Abe napoveduje izbolj\u0161anje odnosov s Kim Jong-unom in odpravo zgodovinskih zamer - Hudo Slovenija","isPartOf":{"@id":"https:\/\/hudo.com\/si\/#website"},"datePublished":"2019-01-28T07:46:58+00:00","dateModified":"2019-01-28T07:46:58+00:00","breadcrumb":{"@id":"https:\/\/hudo.com\/si\/aktualno\/shinzo-abe-napoveduje-izboljsanje-odnosov-s-kim-jong-unom-odpravo-zgodovinskih-zamer\/#breadcrumb"},"inLanguage":"sl-SI","potentialAction":[{"@type":"ReadAction","target":["https:\/\/hudo.com\/si\/aktualno\/shinzo-abe-napoveduje-izboljsanje-odnosov-s-kim-jong-unom-odpravo-zgodovinskih-zamer\/"]}]},{"@type":"BreadcrumbList","@id":"https:\/\/hudo.com\/si\/aktualno\/shinzo-abe-napoveduje-izboljsanje-odnosov-s-kim-jong-unom-odpravo-zgodovinskih-zamer\/#breadcrumb","itemListElement":[{"@type":"ListItem","position":1,"name":"Home","item":"https:\/\/hudo.com\/si\/"},{"@type":"ListItem","position":2,"name":"Shinzo Abe napoveduje izbolj\u0161anje odnosov s Kim Jong-unom in odpravo zgodovinskih zamer"}]},{"@type":"WebSite","@id":"https:\/\/hudo.com\/si\/#website","url":"https:\/\/hudo.com\/si\/","name":"Hudo Slovenija","description":"Vse novice iz Slovenije in sveta","publisher":{"@id":"https:\/\/hudo.com\/si\/#organization"},"potentialAction":[{"@type":"SearchAction","target":{"@type":"EntryPoint","urlTemplate":"https:\/\/hudo.com\/si\/?s={search_term_string}"},"query-input":"required name=search_term_string"}],"inLanguage":"sl-SI"},{"@type":"Organization","@id":"https:\/\/hudo.com\/si\/#organization","name":"VSN Media","url":"https:\/\/hudo.com\/si\/","logo":{"@type":"ImageObject","inLanguage":"sl-SI","@id":"https:\/\/hudo.com\/si\/#\/schema\/logo\/image\/","url":"https:\/\/hudo.com\/si\/wp-content\/uploads\/sites\/2\/2021\/03\/hudo-app-2.png","contentUrl":"https:\/\/hudo.com\/si\/wp-content\/uploads\/sites\/2\/2021\/03\/hudo-app-2.png","width":2185,"height":2167,"caption":"VSN Media"},"image":{"@id":"https:\/\/hudo.com\/si\/#\/schema\/logo\/image\/"},"sameAs":["https:\/\/www.facebook.com\/hudo.si","https:\/\/twitter.com\/hudo_si"]},{"@type":"Person","@id":"https:\/\/hudo.com\/si\/#\/schema\/person\/c2f10ce65d2e6ede2aeda5be2a0611fa","name":"M. N., STA","image":{"@type":"ImageObject","inLanguage":"sl-SI","@id":"https:\/\/hudo.com\/si\/#\/schema\/person\/image\/","url":"https:\/\/secure.gravatar.com\/avatar\/f370d38daa10467f755c5c766a4cac20?s=96&d=mm&r=g","contentUrl":"https:\/\/secure.gravatar.com\/avatar\/f370d38daa10467f755c5c766a4cac20?s=96&d=mm&r=g","caption":"M. N., STA"},"url":"https:\/\/hudo.com\/si\/author\/mana\/"}]}},"amp_enabled":true,"_links":{"self":[{"href":"https:\/\/hudo.com\/si\/wp-json\/wp\/v2\/posts\/391727"}],"collection":[{"href":"https:\/\/hudo.com\/si\/wp-json\/wp\/v2\/posts"}],"about":[{"href":"https:\/\/hudo.com\/si\/wp-json\/wp\/v2\/types\/post"}],"author":[{"embeddable":true,"href":"https:\/\/hudo.com\/si\/wp-json\/wp\/v2\/users\/8"}],"replies":[{"embeddable":true,"href":"https:\/\/hudo.com\/si\/wp-json\/wp\/v2\/comments?post=391727"}],"version-history":[{"count":1,"href":"https:\/\/hudo.com\/si\/wp-json\/wp\/v2\/posts\/391727\/revisions"}],"predecessor-version":[{"id":391729,"href":"https:\/\/hudo.com\/si\/wp-json\/wp\/v2\/posts\/391727\/revisions\/391729"}],"wp:featuredmedia":[{"embeddable":true,"href":"https:\/\/hudo.com\/si\/wp-json\/wp\/v2\/media\/220867"}],"wp:attachment":[{"href":"https:\/\/hudo.com\/si\/wp-json\/wp\/v2\/media?parent=391727"}],"wp:term":[{"taxonomy":"category","embeddable":true,"href":"https:\/\/hudo.com\/si\/wp-json\/wp\/v2\/categories?post=391727"},{"taxonomy":"post_tag","embeddable":true,"href":"https:\/\/hudo.com\/si\/wp-json\/wp\/v2\/tags?post=391727"},{"taxonomy":"source","embeddable":true,"href":"https:\/\/hudo.com\/si\/wp-json\/wp\/v2\/source?post=391727"},{"taxonomy":"supertag","embeddable":true,"href":"https:\/\/hudo.com\/si\/wp-json\/wp\/v2\/supertag?post=391727"}],"curies":[{"name":"wp","href":"https:\/\/api.w.org\/{rel}","templated":true}]}}