{"id":392039,"date":"2019-02-01T09:05:42","date_gmt":"2019-02-01T08:05:42","guid":{"rendered":"http:\/\/hudo.com\/si\/?p=392039"},"modified":"2019-02-01T09:11:55","modified_gmt":"2019-02-01T08:11:55","slug":"tako-je-luka-doncic-reagiral-ko-je-izvedel-da-ne-bo-igral-na-tekmi-zvezd","status":"publish","type":"post","link":"https:\/\/hudo.com\/si\/aktualno\/tako-je-luka-doncic-reagiral-ko-je-izvedel-da-ne-bo-igral-na-tekmi-zvezd\/","title":{"rendered":"Tako je Luka Don\u010di\u0107 reagiral, ko je izvedel, da ne bo igral na tekmi zvezd"},"content":{"rendered":"<div class=\"text\">\n<p>Ko\u0161arkarski analitiki v ZDA po razkritju rezerv zgodaj zjutraj v petek po srednjeevropskem \u010dasu \u017ee govorijo o najve\u010dji zavrnitvi leto\u0161njega izbora za tekmo all star, saj je nadarjen slovenski novinec v ligi s svojimi predstavami dokazal, da sodi med najbolj\u0161e.<\/p>\n<p>Slabo novico je Don\u010di\u0107 prejel tik pred za\u010detkom tekme med Detroitom in Dallasom, razo\u010daranja pa ni mogel skriti.<\/p>\n<blockquote class=\"twitter-tweet\" data-lang=\"en-gb\">\n<p dir=\"ltr\" lang=\"es\">\u00bfFue esta la reacci\u00f3n de <a href=\"https:\/\/twitter.com\/luka7doncic?ref_src=twsrc%5Etfw\">@luka7doncic<\/a> al enterarse de que no era elegido para el <a href=\"https:\/\/twitter.com\/hashtag\/NBAAllStar?src=hash&amp;ref_src=twsrc%5Etfw\">#NBAAllStar<\/a>? <a href=\"https:\/\/t.co\/CUDVIo5KCx\">https:\/\/t.co\/CUDVIo5KCx<\/a> <a href=\"https:\/\/twitter.com\/MarcaBasket?ref_src=twsrc%5Etfw\">@MarcaBasket<\/a> <a href=\"https:\/\/twitter.com\/hashtag\/nba?src=hash&amp;ref_src=twsrc%5Etfw\">#nba<\/a> <a href=\"https:\/\/t.co\/mQZw9lICPa\">pic.twitter.com\/mQZw9lICPa<\/a><\/p>\n<p>\u2014 Enrique Corbella &#x1f3c0; (@ecorbella) <a href=\"https:\/\/twitter.com\/ecorbella\/status\/1091225883183120384?ref_src=twsrc%5Etfw\">1 February 2019<\/a><\/p><\/blockquote>\n<p><div class=\"embed-notice\">Za ogled vstavljene vsebine morate omogo\u010diti <a href=\"#\" onclick=\"Optanon.ToggleInfoDisplay()\">shranjevanje pi\u0161kotkov v napravi<\/a><\/div><script async type=\"text\/plain\" class=\"optanon-category-C0002-C0003-C0004\" optanon-src=\"https:\/\/platform.twitter.com\/widgets.js\" charset=\"utf-8\"><\/script><\/p>\n<p>Razlog za neuspeh pa naj bi med drugim bil tudi ta, da njegovi ekipi Dallas Mavericks ne gre najbolje, saj je trenutno z izkupi\u010dkom 23 zmag in 27 porazov \u0161ele na 12. mestu na zahodu. Poleg tega je bil uvr\u0161\u010den med visoke igralce, kjer je na zahodu konkurenca za mesta na tekmi zvezd ve\u010dja kot med &#8220;ni\u017ejimi&#8221; igralci.<\/p>\n<p>Slovenski \u010dude\u017eni de\u010dek bo tako v Charlottu nastopil le na tekmi vzhajajo\u010dih zvezd (15. februar) ter v sobotnem spretnostnem poligonu.<\/p>\n<p>Trenerji lige NBA so za rezervne igralce ekipe zahoda izbrali La Marcusa Aldridgea (San Antonio Spurs), Anthonyja Davisa (New Orleans Pelicans), Nikolo Joki\u0107a (Denver Nuggets), Damiana Lillarda (Portland Trail Blazers), Klaya Thompsona (Golden State Warriors), Karla Anthonyja Townsa (Minnesota Timberwolves) in Russella Westbrooka (Oklahoma City Thunder).<\/p>\n<p>Med sedem rezerv vzhoda pa so pri\u0161li Bradley Beal (Washington Wizards), Blake Griffin (Detroit Pistons), Kyle Lowry (Toronto Raptors), Khris Middleton (Milwaukee Bucks), Victor Oladipo (Indiana Pacers), Ben Simmons (Philadelphia 76ers) in Nikola Vu\u010devi\u0107 (Orlando Magic).<\/p>\n<p>\u0160tirinajst rezervnih igralcev, po sedem v vsaki konferenci, je izbralo 30 trenerjev lige NBA, ki pa niso smeli glasovati za igralce iz svojih mo\u0161tev.<\/p>\n<p>Na razli\u010dnih oddajah povezanih z NBA, kjer \u017ee od prej\u0161njega tedna, ko je bila izbrana za\u010detna postava za tekmo all star, potekajo razprave o rezervah, je bilo sli\u0161ati, da ima kar nekaj igralcev prednost pred Don\u010di\u0107em. V prvi vrsti sta bila to Davis in Joki\u0107, nato Westbrook, Aldridge, Lillard, Thompson in tudi Rudy Gobert.<\/p>\n<p>Kon\u010dni postavi za 68. tekmo all star, ki bo 17. februarja, bosta znani 7. februarja. Tedaj bosta namre\u010d kapetana LeBron James in Giannis Antetokounmpo po sistemu enkrat jaz, enkrat ti izbrala igralce za svoji ekipi.<\/p>\n<p>Don\u010di\u0107 pa bo zagotovo eden najve\u010djih zvezdnikov in atrakcij tekme vzhajajo\u010dih zvezd &#8211; Rising Stars challenge, kjer se bosta pomerili ekipi sveta ter ameri\u0161kih ko\u0161arkarjev.<\/p>\n<p>Za slednje bodo igrali Donovan Mitchell, Jarrett Allen, Marvin Bagley, De&#8217;Aaron Fox, Lonzo Ball, Kyle Kuzma, John Collins, Trae Young, Jaren Jackson in Jayson Tatum.<\/p>\n<p>Za ekipo sveta pa poleg Don\u010di\u0107a \u0161e Ben Simmons, OG Anunoby, Deandre Ayton, Bogdan Bogdanovi\u0107, Shai Gilgeous-Alexander, Rodions Kurucs, Lauri Markkanen, Josh Okogie in Cedi Osman. Ameri\u010dane bo na klopi vodil Kyrie Irving, tuje igralce pa Dirk Nowitzki.<\/p>\n<p>Lani je naziv najkoristnej\u0161ega igralca (MVP) tekme pripadel Bogdanovi\u0107u, ekipa sveta, v kateri je bil vsak igralec iz druge dr\u017eave, pa je ZDA premagala s 155:124.<\/p>\n<\/div>\n","protected":false},"excerpt":{"rendered":"<p>Kljub visokemu \u0161tevilu glasov, ki jih je Luka Don\u010di\u0107 dobil od navija\u010dev in tudi novinarjev in igralcev, ga trenerji lige NBA v svojem glasovanju niso uvrstili med sedem rezerv za ekipo zahoda tekme vseh zvezd NBA. Ta bo 17. februarja v Charlottu v Severni Karolini.<\/p>\n","protected":false},"author":5,"featured_media":366933,"comment_status":"closed","ping_status":"closed","sticky":false,"template":"","format":"standard","meta":{"footnotes":""},"categories":[1179],"tags":[2085,12199,9462,1595,10455],"source":[4511],"supertag":[6098],"acf":[],"yoast_head":"<!-- This site is optimized with the Yoast SEO plugin v21.3 - https:\/\/yoast.com\/wordpress\/plugins\/seo\/ -->\n<title>Tako je Luka Don\u010di\u0107 reagiral, ko je izvedel, da ne bo igral na tekmi zvezd - Hudo Slovenija<\/title>\n<meta name=\"robots\" content=\"index, follow, max-snippet:-1, max-image-preview:large, max-video-preview:-1\" \/>\n<link rel=\"canonical\" href=\"https:\/\/hudo.com\/si\/aktualno\/tako-je-luka-doncic-reagiral-ko-je-izvedel-da-ne-bo-igral-na-tekmi-zvezd\/\" \/>\n<meta property=\"og:locale\" content=\"sl_SI\" \/>\n<meta property=\"og:type\" content=\"article\" \/>\n<meta property=\"og:title\" content=\"Tako je Luka Don\u010di\u0107 reagiral, ko je izvedel, da ne bo igral na tekmi zvezd - Hudo Slovenija\" \/>\n<meta property=\"og:description\" content=\"Kljub visokemu \u0161tevilu glasov, ki jih je Luka Don\u010di\u0107 dobil od navija\u010dev in tudi novinarjev in igralcev, ga trenerji lige NBA v svojem glasovanju niso uvrstili med sedem rezerv za ekipo zahoda tekme vseh zvezd NBA. Ta bo 17. februarja v Charlottu v Severni Karolini.\" \/>\n<meta property=\"og:url\" content=\"https:\/\/hudo.com\/si\/aktualno\/tako-je-luka-doncic-reagiral-ko-je-izvedel-da-ne-bo-igral-na-tekmi-zvezd\/\" \/>\n<meta property=\"og:site_name\" content=\"Hudo Slovenija\" \/>\n<meta property=\"article:publisher\" content=\"https:\/\/www.facebook.com\/hudo.si\" \/>\n<meta property=\"article:published_time\" content=\"2019-02-01T08:05:42+00:00\" \/>\n<meta property=\"article:modified_time\" content=\"2019-02-01T08:11:55+00:00\" \/>\n<meta property=\"og:image\" content=\"https:\/\/hudo.com\/si\/wp-content\/uploads\/sites\/2\/2018\/03\/profimedia-0365034744.jpg\" \/>\n\t<meta property=\"og:image:width\" content=\"1250\" \/>\n\t<meta property=\"og:image:height\" content=\"833\" \/>\n\t<meta property=\"og:image:type\" content=\"image\/jpeg\" \/>\n<meta name=\"author\" content=\"A. G., STA\" \/>\n<meta name=\"twitter:card\" content=\"summary_large_image\" \/>\n<meta name=\"twitter:creator\" content=\"@hudo_si\" \/>\n<meta name=\"twitter:site\" content=\"@hudo_si\" \/>\n<meta name=\"twitter:label1\" content=\"Written by\" \/>\n\t<meta name=\"twitter:data1\" content=\"A. G., STA\" \/>\n\t<meta name=\"twitter:label2\" content=\"Est. reading time\" \/>\n\t<meta name=\"twitter:data2\" content=\"3 minute\" \/>\n<script type=\"application\/ld+json\" class=\"yoast-schema-graph\">{\"@context\":\"https:\/\/schema.org\",\"@graph\":[{\"@type\":\"Article\",\"@id\":\"https:\/\/hudo.com\/si\/aktualno\/tako-je-luka-doncic-reagiral-ko-je-izvedel-da-ne-bo-igral-na-tekmi-zvezd\/#article\",\"isPartOf\":{\"@id\":\"https:\/\/hudo.com\/si\/aktualno\/tako-je-luka-doncic-reagiral-ko-je-izvedel-da-ne-bo-igral-na-tekmi-zvezd\/\"},\"author\":{\"name\":\"A. G., STA\",\"@id\":\"https:\/\/hudo.com\/si\/#\/schema\/person\/2391667a63ea075ba94f2f2dc6b77537\"},\"headline\":\"Tako je Luka Don\u010di\u0107 reagiral, ko je izvedel, da ne bo igral na tekmi zvezd\",\"datePublished\":\"2019-02-01T08:05:42+00:00\",\"dateModified\":\"2019-02-01T08:11:55+00:00\",\"mainEntityOfPage\":{\"@id\":\"https:\/\/hudo.com\/si\/aktualno\/tako-je-luka-doncic-reagiral-ko-je-izvedel-da-ne-bo-igral-na-tekmi-zvezd\/\"},\"wordCount\":525,\"publisher\":{\"@id\":\"https:\/\/hudo.com\/si\/#organization\"},\"keywords\":[\"ko\u0161arka\",\"liga NBA\",\"Luka Don\u010di\u0107\",\"Slovenija\",\"tekma zvezd lige NBA\"],\"articleSection\":[\"Aktualno\"],\"inLanguage\":\"sl-SI\"},{\"@type\":\"WebPage\",\"@id\":\"https:\/\/hudo.com\/si\/aktualno\/tako-je-luka-doncic-reagiral-ko-je-izvedel-da-ne-bo-igral-na-tekmi-zvezd\/\",\"url\":\"https:\/\/hudo.com\/si\/aktualno\/tako-je-luka-doncic-reagiral-ko-je-izvedel-da-ne-bo-igral-na-tekmi-zvezd\/\",\"name\":\"Tako je Luka Don\u010di\u0107 reagiral, ko je izvedel, da ne bo igral na tekmi zvezd - Hudo Slovenija\",\"isPartOf\":{\"@id\":\"https:\/\/hudo.com\/si\/#website\"},\"datePublished\":\"2019-02-01T08:05:42+00:00\",\"dateModified\":\"2019-02-01T08:11:55+00:00\",\"breadcrumb\":{\"@id\":\"https:\/\/hudo.com\/si\/aktualno\/tako-je-luka-doncic-reagiral-ko-je-izvedel-da-ne-bo-igral-na-tekmi-zvezd\/#breadcrumb\"},\"inLanguage\":\"sl-SI\",\"potentialAction\":[{\"@type\":\"ReadAction\",\"target\":[\"https:\/\/hudo.com\/si\/aktualno\/tako-je-luka-doncic-reagiral-ko-je-izvedel-da-ne-bo-igral-na-tekmi-zvezd\/\"]}]},{\"@type\":\"BreadcrumbList\",\"@id\":\"https:\/\/hudo.com\/si\/aktualno\/tako-je-luka-doncic-reagiral-ko-je-izvedel-da-ne-bo-igral-na-tekmi-zvezd\/#breadcrumb\",\"itemListElement\":[{\"@type\":\"ListItem\",\"position\":1,\"name\":\"Home\",\"item\":\"https:\/\/hudo.com\/si\/\"},{\"@type\":\"ListItem\",\"position\":2,\"name\":\"Tako je Luka Don\u010di\u0107 reagiral, ko je izvedel, da ne bo igral na tekmi zvezd\"}]},{\"@type\":\"WebSite\",\"@id\":\"https:\/\/hudo.com\/si\/#website\",\"url\":\"https:\/\/hudo.com\/si\/\",\"name\":\"Hudo Slovenija\",\"description\":\"Vse novice iz Slovenije in sveta\",\"publisher\":{\"@id\":\"https:\/\/hudo.com\/si\/#organization\"},\"potentialAction\":[{\"@type\":\"SearchAction\",\"target\":{\"@type\":\"EntryPoint\",\"urlTemplate\":\"https:\/\/hudo.com\/si\/?s={search_term_string}\"},\"query-input\":\"required name=search_term_string\"}],\"inLanguage\":\"sl-SI\"},{\"@type\":\"Organization\",\"@id\":\"https:\/\/hudo.com\/si\/#organization\",\"name\":\"VSN Media\",\"url\":\"https:\/\/hudo.com\/si\/\",\"logo\":{\"@type\":\"ImageObject\",\"inLanguage\":\"sl-SI\",\"@id\":\"https:\/\/hudo.com\/si\/#\/schema\/logo\/image\/\",\"url\":\"https:\/\/hudo.com\/si\/wp-content\/uploads\/sites\/2\/2021\/03\/hudo-app-2.png\",\"contentUrl\":\"https:\/\/hudo.com\/si\/wp-content\/uploads\/sites\/2\/2021\/03\/hudo-app-2.png\",\"width\":2185,\"height\":2167,\"caption\":\"VSN Media\"},\"image\":{\"@id\":\"https:\/\/hudo.com\/si\/#\/schema\/logo\/image\/\"},\"sameAs\":[\"https:\/\/www.facebook.com\/hudo.si\",\"https:\/\/twitter.com\/hudo_si\"]},{\"@type\":\"Person\",\"@id\":\"https:\/\/hudo.com\/si\/#\/schema\/person\/2391667a63ea075ba94f2f2dc6b77537\",\"name\":\"A. G., STA\",\"image\":{\"@type\":\"ImageObject\",\"inLanguage\":\"sl-SI\",\"@id\":\"https:\/\/hudo.com\/si\/#\/schema\/person\/image\/\",\"url\":\"https:\/\/secure.gravatar.com\/avatar\/e13d22ac3e442658d5025fbbe6238a79?s=96&d=mm&r=g\",\"contentUrl\":\"https:\/\/secure.gravatar.com\/avatar\/e13d22ac3e442658d5025fbbe6238a79?s=96&d=mm&r=g\",\"caption\":\"A. G., STA\"},\"url\":\"https:\/\/hudo.com\/si\/author\/alenka\/\"}]}<\/script>\n<!-- \/ Yoast SEO plugin. -->","yoast_head_json":{"title":"Tako je Luka Don\u010di\u0107 reagiral, ko je izvedel, da ne bo igral na tekmi zvezd - Hudo Slovenija","robots":{"index":"index","follow":"follow","max-snippet":"max-snippet:-1","max-image-preview":"max-image-preview:large","max-video-preview":"max-video-preview:-1"},"canonical":"https:\/\/hudo.com\/si\/aktualno\/tako-je-luka-doncic-reagiral-ko-je-izvedel-da-ne-bo-igral-na-tekmi-zvezd\/","og_locale":"sl_SI","og_type":"article","og_title":"Tako je Luka Don\u010di\u0107 reagiral, ko je izvedel, da ne bo igral na tekmi zvezd - Hudo Slovenija","og_description":"Kljub visokemu \u0161tevilu glasov, ki jih je Luka Don\u010di\u0107 dobil od navija\u010dev in tudi novinarjev in igralcev, ga trenerji lige NBA v svojem glasovanju niso uvrstili med sedem rezerv za ekipo zahoda tekme vseh zvezd NBA. Ta bo 17. februarja v Charlottu v Severni Karolini.","og_url":"https:\/\/hudo.com\/si\/aktualno\/tako-je-luka-doncic-reagiral-ko-je-izvedel-da-ne-bo-igral-na-tekmi-zvezd\/","og_site_name":"Hudo Slovenija","article_publisher":"https:\/\/www.facebook.com\/hudo.si","article_published_time":"2019-02-01T08:05:42+00:00","article_modified_time":"2019-02-01T08:11:55+00:00","og_image":[{"width":1250,"height":833,"url":"https:\/\/hudo.com\/si\/wp-content\/uploads\/sites\/2\/2018\/03\/profimedia-0365034744.jpg","type":"image\/jpeg"}],"author":"A. G., STA","twitter_card":"summary_large_image","twitter_creator":"@hudo_si","twitter_site":"@hudo_si","twitter_misc":{"Written by":"A. G., STA","Est. reading time":"3 minute"},"schema":{"@context":"https:\/\/schema.org","@graph":[{"@type":"Article","@id":"https:\/\/hudo.com\/si\/aktualno\/tako-je-luka-doncic-reagiral-ko-je-izvedel-da-ne-bo-igral-na-tekmi-zvezd\/#article","isPartOf":{"@id":"https:\/\/hudo.com\/si\/aktualno\/tako-je-luka-doncic-reagiral-ko-je-izvedel-da-ne-bo-igral-na-tekmi-zvezd\/"},"author":{"name":"A. G., STA","@id":"https:\/\/hudo.com\/si\/#\/schema\/person\/2391667a63ea075ba94f2f2dc6b77537"},"headline":"Tako je Luka Don\u010di\u0107 reagiral, ko je izvedel, da ne bo igral na tekmi zvezd","datePublished":"2019-02-01T08:05:42+00:00","dateModified":"2019-02-01T08:11:55+00:00","mainEntityOfPage":{"@id":"https:\/\/hudo.com\/si\/aktualno\/tako-je-luka-doncic-reagiral-ko-je-izvedel-da-ne-bo-igral-na-tekmi-zvezd\/"},"wordCount":525,"publisher":{"@id":"https:\/\/hudo.com\/si\/#organization"},"keywords":["ko\u0161arka","liga NBA","Luka Don\u010di\u0107","Slovenija","tekma zvezd lige NBA"],"articleSection":["Aktualno"],"inLanguage":"sl-SI"},{"@type":"WebPage","@id":"https:\/\/hudo.com\/si\/aktualno\/tako-je-luka-doncic-reagiral-ko-je-izvedel-da-ne-bo-igral-na-tekmi-zvezd\/","url":"https:\/\/hudo.com\/si\/aktualno\/tako-je-luka-doncic-reagiral-ko-je-izvedel-da-ne-bo-igral-na-tekmi-zvezd\/","name":"Tako je Luka Don\u010di\u0107 reagiral, ko je izvedel, da ne bo igral na tekmi zvezd - Hudo Slovenija","isPartOf":{"@id":"https:\/\/hudo.com\/si\/#website"},"datePublished":"2019-02-01T08:05:42+00:00","dateModified":"2019-02-01T08:11:55+00:00","breadcrumb":{"@id":"https:\/\/hudo.com\/si\/aktualno\/tako-je-luka-doncic-reagiral-ko-je-izvedel-da-ne-bo-igral-na-tekmi-zvezd\/#breadcrumb"},"inLanguage":"sl-SI","potentialAction":[{"@type":"ReadAction","target":["https:\/\/hudo.com\/si\/aktualno\/tako-je-luka-doncic-reagiral-ko-je-izvedel-da-ne-bo-igral-na-tekmi-zvezd\/"]}]},{"@type":"BreadcrumbList","@id":"https:\/\/hudo.com\/si\/aktualno\/tako-je-luka-doncic-reagiral-ko-je-izvedel-da-ne-bo-igral-na-tekmi-zvezd\/#breadcrumb","itemListElement":[{"@type":"ListItem","position":1,"name":"Home","item":"https:\/\/hudo.com\/si\/"},{"@type":"ListItem","position":2,"name":"Tako je Luka Don\u010di\u0107 reagiral, ko je izvedel, da ne bo igral na tekmi zvezd"}]},{"@type":"WebSite","@id":"https:\/\/hudo.com\/si\/#website","url":"https:\/\/hudo.com\/si\/","name":"Hudo Slovenija","description":"Vse novice iz Slovenije in sveta","publisher":{"@id":"https:\/\/hudo.com\/si\/#organization"},"potentialAction":[{"@type":"SearchAction","target":{"@type":"EntryPoint","urlTemplate":"https:\/\/hudo.com\/si\/?s={search_term_string}"},"query-input":"required name=search_term_string"}],"inLanguage":"sl-SI"},{"@type":"Organization","@id":"https:\/\/hudo.com\/si\/#organization","name":"VSN Media","url":"https:\/\/hudo.com\/si\/","logo":{"@type":"ImageObject","inLanguage":"sl-SI","@id":"https:\/\/hudo.com\/si\/#\/schema\/logo\/image\/","url":"https:\/\/hudo.com\/si\/wp-content\/uploads\/sites\/2\/2021\/03\/hudo-app-2.png","contentUrl":"https:\/\/hudo.com\/si\/wp-content\/uploads\/sites\/2\/2021\/03\/hudo-app-2.png","width":2185,"height":2167,"caption":"VSN Media"},"image":{"@id":"https:\/\/hudo.com\/si\/#\/schema\/logo\/image\/"},"sameAs":["https:\/\/www.facebook.com\/hudo.si","https:\/\/twitter.com\/hudo_si"]},{"@type":"Person","@id":"https:\/\/hudo.com\/si\/#\/schema\/person\/2391667a63ea075ba94f2f2dc6b77537","name":"A. G., STA","image":{"@type":"ImageObject","inLanguage":"sl-SI","@id":"https:\/\/hudo.com\/si\/#\/schema\/person\/image\/","url":"https:\/\/secure.gravatar.com\/avatar\/e13d22ac3e442658d5025fbbe6238a79?s=96&d=mm&r=g","contentUrl":"https:\/\/secure.gravatar.com\/avatar\/e13d22ac3e442658d5025fbbe6238a79?s=96&d=mm&r=g","caption":"A. G., STA"},"url":"https:\/\/hudo.com\/si\/author\/alenka\/"}]}},"amp_enabled":true,"_links":{"self":[{"href":"https:\/\/hudo.com\/si\/wp-json\/wp\/v2\/posts\/392039"}],"collection":[{"href":"https:\/\/hudo.com\/si\/wp-json\/wp\/v2\/posts"}],"about":[{"href":"https:\/\/hudo.com\/si\/wp-json\/wp\/v2\/types\/post"}],"author":[{"embeddable":true,"href":"https:\/\/hudo.com\/si\/wp-json\/wp\/v2\/users\/5"}],"replies":[{"embeddable":true,"href":"https:\/\/hudo.com\/si\/wp-json\/wp\/v2\/comments?post=392039"}],"version-history":[{"count":1,"href":"https:\/\/hudo.com\/si\/wp-json\/wp\/v2\/posts\/392039\/revisions"}],"predecessor-version":[{"id":392043,"href":"https:\/\/hudo.com\/si\/wp-json\/wp\/v2\/posts\/392039\/revisions\/392043"}],"wp:featuredmedia":[{"embeddable":true,"href":"https:\/\/hudo.com\/si\/wp-json\/wp\/v2\/media\/366933"}],"wp:attachment":[{"href":"https:\/\/hudo.com\/si\/wp-json\/wp\/v2\/media?parent=392039"}],"wp:term":[{"taxonomy":"category","embeddable":true,"href":"https:\/\/hudo.com\/si\/wp-json\/wp\/v2\/categories?post=392039"},{"taxonomy":"post_tag","embeddable":true,"href":"https:\/\/hudo.com\/si\/wp-json\/wp\/v2\/tags?post=392039"},{"taxonomy":"source","embeddable":true,"href":"https:\/\/hudo.com\/si\/wp-json\/wp\/v2\/source?post=392039"},{"taxonomy":"supertag","embeddable":true,"href":"https:\/\/hudo.com\/si\/wp-json\/wp\/v2\/supertag?post=392039"}],"curies":[{"name":"wp","href":"https:\/\/api.w.org\/{rel}","templated":true}]}}