{"id":392102,"date":"2019-02-01T10:56:22","date_gmt":"2019-02-01T09:56:22","guid":{"rendered":"https:\/\/hudo.com\/si\/2019\/02\/01\/facebooku-skandali-ne-pridejo-do-zivega-po-15-ih-letih-ostaja-brez-konkurence\/"},"modified":"2019-02-01T10:56:22","modified_gmt":"2019-02-01T09:56:22","slug":"facebooku-skandali-ne-pridejo-do-zivega-po-15-ih-letih-ostaja-brez-konkurence","status":"publish","type":"post","link":"https:\/\/hudo.com\/si\/lifestyle\/facebooku-skandali-ne-pridejo-do-zivega-po-15-ih-letih-ostaja-brez-konkurence\/","title":{"rendered":"Facebooku \u0161kandali ne pridejo do \u017eivega, po 15-ih letih ostaja brez konkurence"},"content":{"rendered":"<figure>\n\t\t\t\t\t<img loading=\"lazy\" decoding=\"async\" width=\"660\" height=\"320\" src=\"image\/gif;base64,R0lGODlhAQABAAAAACH5BAEKAAEALAAAAAABAAEAAAICTAEAOw==\" class=\"lazyload\" \/><figcaption>Mark Zuckerberg na zasli\u0161anju pred ameri\u0161kim senatom zaradi zlorabe osebnih podatkov uporabnikov dru\u017ebenega omre\u017eja Facebook (foto:Profimedia)<\/figcaption><\/figure>\n<p>&#8220;Ne prodajamo osebnih podatkov uporabnikov,&#8221; je v nedavni kolumni za ameri\u0161ki Wall Street Journal (WSJ) zagotovil ustanovitelj Facebooka Mark Zuckerberg.<\/p>\n<h2>Kritike na ra\u010dun neeti\u010dnega ravnanja<\/h2>\n<p>Po mesecih kritik in \u0161kandalov okoli varovanja osebnih podatkov oziroma pomanjkanja varovanja se je Zuckerberg pred 15-letnico Facebooka, ki bo 4. februarja, obrnil na javnost. V prispevku Dejstva o Facebooku je sku\u0161al pojasniti poslovni model, ki se mu vedno znova o\u010dita izkori\u0161\u010danje uporabnikov omre\u017eja.<\/p>\n<p>&#8220;\u010ce \u017eelimo slu\u017eiti vsem, potrebujemo storitev, ki je dostopna vsem,&#8221; je zapisal. Pojasnil je, da lahko brezpla\u010dno storitev zagotovijo z oglasi, ki pa jih prilagodijo glede na &#8211; kot se je izrazil &#8211; dostopne &#8220;signale&#8221; o uporabnikih.<\/p>\n<p>\u010ceprav je 34-letni milijarder govoril o brezpla\u010dni storitvi, je strokovnjak za dru\u017ebene medije Matej \u0160pehar opozoril, da &#8220;brezpla\u010dno kosilo ne obstaja&#8221;. &#8220;\u010ce ima\u0161 na spletu ob\u010dutek, da si kaj dobil zastonj, te ob\u010dutek vara &#8211; \u010de je nekaj zastonj, si produkt ti,&#8221; je dodal.<\/p>\n<p>Glede na raziskavo raziskovalnega in\u0161tituta Pew ve\u010dina uporabnikov Facebooka \u0161e vedno ne razume, kako podjetje slu\u017ei na ra\u010dun podatkov uporabnikov. Tri \u010detrtine vpra\u0161anih na primer ne ve, da podjetje vodi sezname z interesi in podatki uporabnikov, glede na katere nato prilagodi prikazane oglase.<\/p>\n<p>Tehnolo\u0161ki portal Techcrunch tako opozarja, da Zuckerberg v kolumni za WSJ le povr\u0161no opisuje poslovni model in da Facebook \u0161e vedno vodi sporno prakso zbiranja podatkov o uporabnikih, ki se \u0161e vedno ne morejo svobodno odlo\u010dati o tem, ali se lahko njihove osebne podatke izkori\u0161\u010da v ogla\u0161evalske namene.<\/p>\n<p>Portal je tudi spomnil, da je omre\u017eje vedno znova tar\u010da kritik v zvezi z vdori v zasebnost, zaradi katerih se mora opravi\u010devati. &#8220;Zanima nas, ali si tudi sledil, kolikokrat so te \u017ee prisili, da se opravi\u010di\u0161, ker si zlorabil zaupanje ljudi ali si ga kako druga\u010de resno polomil v zadnjih letih,&#8221; so zapisali v odgovoru na Zuckerbergovo kolumno.<\/p>\n<p>Facebook pa se lani ni spopadal le s \u0161kandali okoli podjetja Cambridge Analytica ali vdorov v uporabni\u0161ke ra\u010dune, ko je bilo prizadetih ve\u010d deset milijonov uporabnikov, temve\u010d tudi s \u0161tevilnimi kritikami na ra\u010dun \u0161irjenja la\u017enih novic in dezinformacij.<\/p>\n<p>Med manj sli\u0161animi zgodbami lani je bila, da so Zdru\u017eeni narodi opozorili, da je Facebook v Mjanmaru okrepil sovra\u017eni govor in etni\u010dno nasilje nad muslimansko manj\u0161ino Rohignya.<\/p>\n<p>Oblasti se le po\u010dasi zavedajo, kak\u0161no mo\u010d pri oblikovanju stali\u0161\u010d imajo Facebook in druga dru\u017ebena omre\u017eja, ki so za mnoge postala glavni vir informacij. V Evropski uniji je tako lani vstopila v veljavo uredba o varstvu podatkov (GDPR). Pred evropskimi volitvami je ve\u010d ukrepov napovedanih tudi na podro\u010dju \u0161irjenja dezinformacij in la\u017enih novic.<\/p>\n<p>Kljub \u0161tevilnim pozivom pa dru\u017ebena omre\u017eja \u0161e vedno ne storijo dovolj, da bi za\u0161\u010ditila uporabnike in omejila \u0161irjenje dezinformacij, so nedavno opozorili pri Evropski komisiji.<\/p>\n<p>A kljub \u0161tevilnim slabim novicam je priljubljenost 15 let starega omre\u017eja neomajna. \u017de daljnega leta 2012 je Facebook dosegel za takrat neverjeten mejnik, saj ga je redno uporabljala milijarda ljudi, dandanes ga redno uporablja ve\u010d kot 2,2 milijarde ljudi. Vsako sekundo naj bi nastalo pet novih profilov, \u010deprav naj bi bilo na Facebooku tudi ve\u010d deset milijonov la\u017enih profilov.<\/p>\n<p>&#8220;\u010ce si bil pred 15 leti nekaj posebnega, ko si uporabljal Facebook, je zdaj ravno obratno. Druga\u010den si, \u010de nima\u0161 svojega profila na nobenem omre\u017eju, \u010de te ne najdejo pajki iskalnikov, \u010de Google ne izpljune nobene tvoje slike. Facebook je spremenil splet,&#8221; je ocenil \u0160pehar.<\/p>\n<p>Ne gre pozabiti, da Facebook \u0161e zdale\u010d ni bil prvo dru\u017ebeno omre\u017eje, a je na svoji poti na vrh povozil ali prevzel vse ve\u010dje konkurente. &#8220;Facebook je neke vrste \u0161vicarski no\u017e dru\u017eabnih omre\u017eij. Sicer tako kot \u0161vicarski no\u017e z nobenim nastavkom ne odre\u017ee najbolje, a za prvo silo je v redu in ve\u010dini uporabnikov njegova splo\u0161na uporabnost zadostuje. Vsa ostala omre\u017eja so bolj specializirana,&#8221; je kot enega od razlogov za uspeh navedel \u0160pehar.<\/p>\n<p>Te\u017eko je napovedati, koliko let bo Facebook \u0161e bele\u017eil rast, a gotovo je, da ne bo kmalu izginil. Strokovnjaki napovedujejo, da bo moralo omre\u017eje v prihodnjem letu okrepiti zaupanje uporabnikov, ki ga je v zadnjem letu izgubilo predvsem na Zahodu, kjer tudi kuje najve\u010dji dobi\u010dek iz oglasov.<\/p>\n<p>Vedno ve\u010djo vlogo pa bo igralo sodelovanje med podjetjem in vladami, ki nameravajo bolje regulirati podro\u010dje in za\u0161\u010dititi potro\u0161nike. Prvi ve\u010dji preizkus bodo evropske volitve, za katere je Facebook \u017ee napovedal nova orodja, s katerimi se namerava boriti proti politi\u010dnem vme\u0161avanju.<\/p>\n","protected":false},"excerpt":{"rendered":"<p>Najve\u010dje dru\u017ebeno omre\u017eje Facebook po 15 letih obstoja \u0161e vedno raste, konkurence ni na vidiku. Po \u0161tevilnih lanskih \u0161kandalih v podjetju zagotavljajo, da ne prodajajo osebnih podatkov uporabnikov, a kritike ostajajo.<\/p>\n","protected":false},"author":1,"featured_media":0,"comment_status":"closed","ping_status":"closed","sticky":false,"template":"","format":"standard","meta":{"footnotes":""},"categories":[1091],"tags":[1390,2053,2998],"source":[1522,1518,1527],"supertag":[],"acf":[],"yoast_head":"<!-- This site is optimized with the Yoast SEO plugin v21.3 - https:\/\/yoast.com\/wordpress\/plugins\/seo\/ -->\n<title>Facebooku \u0161kandali ne pridejo do \u017eivega, po 15-ih letih ostaja brez konkurence - Hudo Slovenija<\/title>\n<meta name=\"robots\" content=\"index, follow, max-snippet:-1, max-image-preview:large, max-video-preview:-1\" \/>\n<link rel=\"canonical\" href=\"https:\/\/hudo.com\/si\/lifestyle\/facebooku-skandali-ne-pridejo-do-zivega-po-15-ih-letih-ostaja-brez-konkurence\/\" \/>\n<meta property=\"og:locale\" content=\"sl_SI\" \/>\n<meta property=\"og:type\" content=\"article\" \/>\n<meta property=\"og:title\" content=\"Facebooku \u0161kandali ne pridejo do \u017eivega, po 15-ih letih ostaja brez konkurence - Hudo Slovenija\" \/>\n<meta property=\"og:description\" content=\"Najve\u010dje dru\u017ebeno omre\u017eje Facebook po 15 letih obstoja \u0161e vedno raste, konkurence ni na vidiku. Po \u0161tevilnih lanskih \u0161kandalih v podjetju zagotavljajo, da ne prodajajo osebnih podatkov uporabnikov, a kritike ostajajo.\" \/>\n<meta property=\"og:url\" content=\"https:\/\/hudo.com\/si\/lifestyle\/facebooku-skandali-ne-pridejo-do-zivega-po-15-ih-letih-ostaja-brez-konkurence\/\" \/>\n<meta property=\"og:site_name\" content=\"Hudo Slovenija\" \/>\n<meta property=\"article:publisher\" content=\"https:\/\/www.facebook.com\/hudo.si\" \/>\n<meta property=\"article:published_time\" content=\"2019-02-01T09:56:22+00:00\" \/>\n<meta property=\"og:image\" content=\"https:\/\/hudo.com\/si\/wp-content\/uploads\/sites\/2\/2019\/02\/profimedia-0368223543-scaled.jpg\" \/>\n\t<meta property=\"og:image:width\" content=\"2560\" \/>\n\t<meta property=\"og:image:height\" content=\"1707\" \/>\n\t<meta property=\"og:image:type\" content=\"image\/jpeg\" \/>\n<meta name=\"author\" content=\"hudo\" \/>\n<meta name=\"twitter:card\" content=\"summary_large_image\" \/>\n<meta name=\"twitter:creator\" content=\"@hudo_si\" \/>\n<meta name=\"twitter:site\" content=\"@hudo_si\" \/>\n<meta name=\"twitter:label1\" content=\"Written by\" \/>\n\t<meta name=\"twitter:data1\" content=\"hudo\" \/>\n\t<meta name=\"twitter:label2\" content=\"Est. reading time\" \/>\n\t<meta name=\"twitter:data2\" content=\"4 minute\" \/>\n<script type=\"application\/ld+json\" class=\"yoast-schema-graph\">{\"@context\":\"https:\/\/schema.org\",\"@graph\":[{\"@type\":\"Article\",\"@id\":\"https:\/\/hudo.com\/si\/lifestyle\/facebooku-skandali-ne-pridejo-do-zivega-po-15-ih-letih-ostaja-brez-konkurence\/#article\",\"isPartOf\":{\"@id\":\"https:\/\/hudo.com\/si\/lifestyle\/facebooku-skandali-ne-pridejo-do-zivega-po-15-ih-letih-ostaja-brez-konkurence\/\"},\"author\":{\"name\":\"hudo\",\"@id\":\"https:\/\/hudo.com\/si\/#\/schema\/person\/601cf3379633985b20f7e50f2bb47707\"},\"headline\":\"Facebooku \u0161kandali ne pridejo do \u017eivega, po 15-ih letih ostaja brez konkurence\",\"datePublished\":\"2019-02-01T09:56:22+00:00\",\"dateModified\":\"2019-02-01T09:56:22+00:00\",\"mainEntityOfPage\":{\"@id\":\"https:\/\/hudo.com\/si\/lifestyle\/facebooku-skandali-ne-pridejo-do-zivega-po-15-ih-letih-ostaja-brez-konkurence\/\"},\"wordCount\":804,\"publisher\":{\"@id\":\"https:\/\/hudo.com\/si\/#organization\"},\"keywords\":[\"dru\u017ebena omre\u017eja\",\"Facebook\",\"mark zuckerberg\"],\"articleSection\":[\"Lifestyle\"],\"inLanguage\":\"sl-SI\"},{\"@type\":\"WebPage\",\"@id\":\"https:\/\/hudo.com\/si\/lifestyle\/facebooku-skandali-ne-pridejo-do-zivega-po-15-ih-letih-ostaja-brez-konkurence\/\",\"url\":\"https:\/\/hudo.com\/si\/lifestyle\/facebooku-skandali-ne-pridejo-do-zivega-po-15-ih-letih-ostaja-brez-konkurence\/\",\"name\":\"Facebooku \u0161kandali ne pridejo do \u017eivega, po 15-ih letih ostaja brez konkurence - Hudo Slovenija\",\"isPartOf\":{\"@id\":\"https:\/\/hudo.com\/si\/#website\"},\"datePublished\":\"2019-02-01T09:56:22+00:00\",\"dateModified\":\"2019-02-01T09:56:22+00:00\",\"breadcrumb\":{\"@id\":\"https:\/\/hudo.com\/si\/lifestyle\/facebooku-skandali-ne-pridejo-do-zivega-po-15-ih-letih-ostaja-brez-konkurence\/#breadcrumb\"},\"inLanguage\":\"sl-SI\",\"potentialAction\":[{\"@type\":\"ReadAction\",\"target\":[\"https:\/\/hudo.com\/si\/lifestyle\/facebooku-skandali-ne-pridejo-do-zivega-po-15-ih-letih-ostaja-brez-konkurence\/\"]}]},{\"@type\":\"BreadcrumbList\",\"@id\":\"https:\/\/hudo.com\/si\/lifestyle\/facebooku-skandali-ne-pridejo-do-zivega-po-15-ih-letih-ostaja-brez-konkurence\/#breadcrumb\",\"itemListElement\":[{\"@type\":\"ListItem\",\"position\":1,\"name\":\"Home\",\"item\":\"https:\/\/hudo.com\/si\/\"},{\"@type\":\"ListItem\",\"position\":2,\"name\":\"Facebooku \u0161kandali ne pridejo do \u017eivega, po 15-ih letih ostaja brez konkurence\"}]},{\"@type\":\"WebSite\",\"@id\":\"https:\/\/hudo.com\/si\/#website\",\"url\":\"https:\/\/hudo.com\/si\/\",\"name\":\"Hudo Slovenija\",\"description\":\"Vse novice iz Slovenije in sveta\",\"publisher\":{\"@id\":\"https:\/\/hudo.com\/si\/#organization\"},\"potentialAction\":[{\"@type\":\"SearchAction\",\"target\":{\"@type\":\"EntryPoint\",\"urlTemplate\":\"https:\/\/hudo.com\/si\/?s={search_term_string}\"},\"query-input\":\"required name=search_term_string\"}],\"inLanguage\":\"sl-SI\"},{\"@type\":\"Organization\",\"@id\":\"https:\/\/hudo.com\/si\/#organization\",\"name\":\"VSN Media\",\"url\":\"https:\/\/hudo.com\/si\/\",\"logo\":{\"@type\":\"ImageObject\",\"inLanguage\":\"sl-SI\",\"@id\":\"https:\/\/hudo.com\/si\/#\/schema\/logo\/image\/\",\"url\":\"https:\/\/hudo.com\/si\/wp-content\/uploads\/sites\/2\/2021\/03\/hudo-app-2.png\",\"contentUrl\":\"https:\/\/hudo.com\/si\/wp-content\/uploads\/sites\/2\/2021\/03\/hudo-app-2.png\",\"width\":2185,\"height\":2167,\"caption\":\"VSN Media\"},\"image\":{\"@id\":\"https:\/\/hudo.com\/si\/#\/schema\/logo\/image\/\"},\"sameAs\":[\"https:\/\/www.facebook.com\/hudo.si\",\"https:\/\/twitter.com\/hudo_si\"]},{\"@type\":\"Person\",\"@id\":\"https:\/\/hudo.com\/si\/#\/schema\/person\/601cf3379633985b20f7e50f2bb47707\",\"name\":\"hudo\",\"image\":{\"@type\":\"ImageObject\",\"inLanguage\":\"sl-SI\",\"@id\":\"https:\/\/hudo.com\/si\/#\/schema\/person\/image\/\",\"url\":\"https:\/\/secure.gravatar.com\/avatar\/c4ca25fa72cace7a696b52ff5db9e095?s=96&d=mm&r=g\",\"contentUrl\":\"https:\/\/secure.gravatar.com\/avatar\/c4ca25fa72cace7a696b52ff5db9e095?s=96&d=mm&r=g\",\"caption\":\"hudo\"},\"url\":\"https:\/\/hudo.com\/si\/author\/hudo\/\"}]}<\/script>\n<!-- \/ Yoast SEO plugin. -->","yoast_head_json":{"title":"Facebooku \u0161kandali ne pridejo do \u017eivega, po 15-ih letih ostaja brez konkurence - Hudo Slovenija","robots":{"index":"index","follow":"follow","max-snippet":"max-snippet:-1","max-image-preview":"max-image-preview:large","max-video-preview":"max-video-preview:-1"},"canonical":"https:\/\/hudo.com\/si\/lifestyle\/facebooku-skandali-ne-pridejo-do-zivega-po-15-ih-letih-ostaja-brez-konkurence\/","og_locale":"sl_SI","og_type":"article","og_title":"Facebooku \u0161kandali ne pridejo do \u017eivega, po 15-ih letih ostaja brez konkurence - Hudo Slovenija","og_description":"Najve\u010dje dru\u017ebeno omre\u017eje Facebook po 15 letih obstoja \u0161e vedno raste, konkurence ni na vidiku. Po \u0161tevilnih lanskih \u0161kandalih v podjetju zagotavljajo, da ne prodajajo osebnih podatkov uporabnikov, a kritike ostajajo.","og_url":"https:\/\/hudo.com\/si\/lifestyle\/facebooku-skandali-ne-pridejo-do-zivega-po-15-ih-letih-ostaja-brez-konkurence\/","og_site_name":"Hudo Slovenija","article_publisher":"https:\/\/www.facebook.com\/hudo.si","article_published_time":"2019-02-01T09:56:22+00:00","og_image":[{"width":2560,"height":1707,"url":"https:\/\/hudo.com\/si\/wp-content\/uploads\/sites\/2\/2019\/02\/profimedia-0368223543-scaled.jpg","type":"image\/jpeg"}],"author":"hudo","twitter_card":"summary_large_image","twitter_creator":"@hudo_si","twitter_site":"@hudo_si","twitter_misc":{"Written by":"hudo","Est. reading time":"4 minute"},"schema":{"@context":"https:\/\/schema.org","@graph":[{"@type":"Article","@id":"https:\/\/hudo.com\/si\/lifestyle\/facebooku-skandali-ne-pridejo-do-zivega-po-15-ih-letih-ostaja-brez-konkurence\/#article","isPartOf":{"@id":"https:\/\/hudo.com\/si\/lifestyle\/facebooku-skandali-ne-pridejo-do-zivega-po-15-ih-letih-ostaja-brez-konkurence\/"},"author":{"name":"hudo","@id":"https:\/\/hudo.com\/si\/#\/schema\/person\/601cf3379633985b20f7e50f2bb47707"},"headline":"Facebooku \u0161kandali ne pridejo do \u017eivega, po 15-ih letih ostaja brez konkurence","datePublished":"2019-02-01T09:56:22+00:00","dateModified":"2019-02-01T09:56:22+00:00","mainEntityOfPage":{"@id":"https:\/\/hudo.com\/si\/lifestyle\/facebooku-skandali-ne-pridejo-do-zivega-po-15-ih-letih-ostaja-brez-konkurence\/"},"wordCount":804,"publisher":{"@id":"https:\/\/hudo.com\/si\/#organization"},"keywords":["dru\u017ebena omre\u017eja","Facebook","mark zuckerberg"],"articleSection":["Lifestyle"],"inLanguage":"sl-SI"},{"@type":"WebPage","@id":"https:\/\/hudo.com\/si\/lifestyle\/facebooku-skandali-ne-pridejo-do-zivega-po-15-ih-letih-ostaja-brez-konkurence\/","url":"https:\/\/hudo.com\/si\/lifestyle\/facebooku-skandali-ne-pridejo-do-zivega-po-15-ih-letih-ostaja-brez-konkurence\/","name":"Facebooku \u0161kandali ne pridejo do \u017eivega, po 15-ih letih ostaja brez konkurence - Hudo Slovenija","isPartOf":{"@id":"https:\/\/hudo.com\/si\/#website"},"datePublished":"2019-02-01T09:56:22+00:00","dateModified":"2019-02-01T09:56:22+00:00","breadcrumb":{"@id":"https:\/\/hudo.com\/si\/lifestyle\/facebooku-skandali-ne-pridejo-do-zivega-po-15-ih-letih-ostaja-brez-konkurence\/#breadcrumb"},"inLanguage":"sl-SI","potentialAction":[{"@type":"ReadAction","target":["https:\/\/hudo.com\/si\/lifestyle\/facebooku-skandali-ne-pridejo-do-zivega-po-15-ih-letih-ostaja-brez-konkurence\/"]}]},{"@type":"BreadcrumbList","@id":"https:\/\/hudo.com\/si\/lifestyle\/facebooku-skandali-ne-pridejo-do-zivega-po-15-ih-letih-ostaja-brez-konkurence\/#breadcrumb","itemListElement":[{"@type":"ListItem","position":1,"name":"Home","item":"https:\/\/hudo.com\/si\/"},{"@type":"ListItem","position":2,"name":"Facebooku \u0161kandali ne pridejo do \u017eivega, po 15-ih letih ostaja brez konkurence"}]},{"@type":"WebSite","@id":"https:\/\/hudo.com\/si\/#website","url":"https:\/\/hudo.com\/si\/","name":"Hudo Slovenija","description":"Vse novice iz Slovenije in sveta","publisher":{"@id":"https:\/\/hudo.com\/si\/#organization"},"potentialAction":[{"@type":"SearchAction","target":{"@type":"EntryPoint","urlTemplate":"https:\/\/hudo.com\/si\/?s={search_term_string}"},"query-input":"required name=search_term_string"}],"inLanguage":"sl-SI"},{"@type":"Organization","@id":"https:\/\/hudo.com\/si\/#organization","name":"VSN Media","url":"https:\/\/hudo.com\/si\/","logo":{"@type":"ImageObject","inLanguage":"sl-SI","@id":"https:\/\/hudo.com\/si\/#\/schema\/logo\/image\/","url":"https:\/\/hudo.com\/si\/wp-content\/uploads\/sites\/2\/2021\/03\/hudo-app-2.png","contentUrl":"https:\/\/hudo.com\/si\/wp-content\/uploads\/sites\/2\/2021\/03\/hudo-app-2.png","width":2185,"height":2167,"caption":"VSN Media"},"image":{"@id":"https:\/\/hudo.com\/si\/#\/schema\/logo\/image\/"},"sameAs":["https:\/\/www.facebook.com\/hudo.si","https:\/\/twitter.com\/hudo_si"]},{"@type":"Person","@id":"https:\/\/hudo.com\/si\/#\/schema\/person\/601cf3379633985b20f7e50f2bb47707","name":"hudo","image":{"@type":"ImageObject","inLanguage":"sl-SI","@id":"https:\/\/hudo.com\/si\/#\/schema\/person\/image\/","url":"https:\/\/secure.gravatar.com\/avatar\/c4ca25fa72cace7a696b52ff5db9e095?s=96&d=mm&r=g","contentUrl":"https:\/\/secure.gravatar.com\/avatar\/c4ca25fa72cace7a696b52ff5db9e095?s=96&d=mm&r=g","caption":"hudo"},"url":"https:\/\/hudo.com\/si\/author\/hudo\/"}]}},"amp_enabled":true,"_links":{"self":[{"href":"https:\/\/hudo.com\/si\/wp-json\/wp\/v2\/posts\/392102"}],"collection":[{"href":"https:\/\/hudo.com\/si\/wp-json\/wp\/v2\/posts"}],"about":[{"href":"https:\/\/hudo.com\/si\/wp-json\/wp\/v2\/types\/post"}],"author":[{"embeddable":true,"href":"https:\/\/hudo.com\/si\/wp-json\/wp\/v2\/users\/1"}],"replies":[{"embeddable":true,"href":"https:\/\/hudo.com\/si\/wp-json\/wp\/v2\/comments?post=392102"}],"version-history":[{"count":0,"href":"https:\/\/hudo.com\/si\/wp-json\/wp\/v2\/posts\/392102\/revisions"}],"wp:attachment":[{"href":"https:\/\/hudo.com\/si\/wp-json\/wp\/v2\/media?parent=392102"}],"wp:term":[{"taxonomy":"category","embeddable":true,"href":"https:\/\/hudo.com\/si\/wp-json\/wp\/v2\/categories?post=392102"},{"taxonomy":"post_tag","embeddable":true,"href":"https:\/\/hudo.com\/si\/wp-json\/wp\/v2\/tags?post=392102"},{"taxonomy":"source","embeddable":true,"href":"https:\/\/hudo.com\/si\/wp-json\/wp\/v2\/source?post=392102"},{"taxonomy":"supertag","embeddable":true,"href":"https:\/\/hudo.com\/si\/wp-json\/wp\/v2\/supertag?post=392102"}],"curies":[{"name":"wp","href":"https:\/\/api.w.org\/{rel}","templated":true}]}}