{"id":392119,"date":"2019-02-02T09:54:24","date_gmt":"2019-02-02T08:54:24","guid":{"rendered":"http:\/\/hudo.com\/si\/?p=392119"},"modified":"2019-02-02T09:54:24","modified_gmt":"2019-02-02T08:54:24","slug":"slovenija-se-po-delezu-kmetijskuh-povrsin-za-ekolosko-pridelavo-uvrsca-nad-evropsko-povprecje","status":"publish","type":"post","link":"https:\/\/hudo.com\/si\/aktualno\/slovenija-se-po-delezu-kmetijskuh-povrsin-za-ekolosko-pridelavo-uvrsca-nad-evropsko-povprecje\/","title":{"rendered":"Slovenija se po dele\u017eu kmetijskuh povr\u0161in za ekolo\u0161ko pridelavo uvr\u0161\u010da nad evropsko povpre\u010dje"},"content":{"rendered":"<p>V Avstriji je bilo leta 2017 ekolo\u0161kemu kmetovanju namenjenih 23,4 odstotka vseh kmetijskih zemlji\u0161\u010d v uporabi, sledita Estonija (19,6 odstotka) in \u0160vedska (19,2 odstotka), izhaja iz objave evropskega statisti\u010dnega urada Eurostat.<\/p>\n<p>Trojici sledijo Italija (14,9 odstotka), \u010ce\u0161ka (14,1 odstotka), Latvija (13,9 odstotka), Finska (11,4 odstotka), Slova\u0161ka (9,9 odstotka) in Slovenija (9,6 odstotka).<\/p>\n<p>V Sloveniji se je leta 2017 z ekolo\u0161kim kmetovanjem ukvarjalo pribli\u017eno pet odstotkov vseh kmetij v dr\u017eavi ali 3635 od okoli 70.000 kmetij, razprostirale so se na 46.276 hektarjih ali 9,6 odstotka vseh kmetijskih zemlji\u0161\u010d v uporabi. Dr\u017eava si je sicer v okviru predloga programa razvoja pode\u017eelja za obdobje 2014-2020 za cilj postavila 5000 ekolo\u0161kih kmetij in 50.000 hektarjev ekolo\u0161kemu kmetovanju namenjenih povr\u0161in.<\/p>\n<p>Nad evropsko povpre\u010dje so se po izra\u010dunih Eurostata uvrstile \u0161e \u0160panija (8,7 odstotka), Danska (8,6 odstotka) ter Litva in Gr\u010dija (po osem odstotkov), medtem ko se na Portugalskem ekolo\u0161ko kmetuje na sedmih odstotkih vseh kmetijskih zemlji\u0161\u010d, kar je enako evropskemu povpre\u010dju.<\/p>\n<p>Ostale \u010dlanice so imele podpovpre\u010dni dele\u017e zemlji\u0161\u010d za ekolo\u0161ko kmetovanje v celotni strukturi povr\u0161in za kmetovanje. Npr. v Nem\u010diji je bilo tovrstnemu kmetovanju namenjenih 6,8 odstotka vseh kmetijskih zemlji\u0161\u010d, na Hrva\u0161kem 6,5 odstotka, v Belgiji 6,3 odstotka in Franciji \u0161est odstotkov.<\/p>\n<p>Ni\u017eje dele\u017e zemlji\u0161\u010d za ekolo\u0161ko kmetovanje so imele \u0161e Norve\u0161ka (4,8 odstotka), Ciper (4,6 odstotka), Luksemburg (4,2 odstotka), Mad\u017earska (3,7 odstotka), Poljska (3,4 odstotka), Nizozemska (3,1 odstotka), Velika Britanija (2,9 odstotka), Bolgarija (2,7 odstotka) in Romunija (1,9 odstotka), rep lestvice pa zaokro\u017euje Malta z 0,4-odstotnim dele\u017eem.<\/p>\n","protected":false},"excerpt":{"rendered":"<p>V EU je bilo leta 2017 ekolo\u0161kemu kmetovanju namenjenih 12,6 milijona hektarjev povr\u0161in ali sedem odstotkov vseh kmetijskih zemlji\u0161\u010d v uporabi. &#8220;Ekolo\u0161ke&#8221; povr\u0161ine so se od leta 2012 do 2017 pove\u010dale za 25 odstotkov, najve\u010dji dele\u017e ekolo\u0161kih zemlji\u0161\u010d v strukturi vseh kmetijskih ima Avstrija.<\/p>\n","protected":false},"author":7,"featured_media":365346,"comment_status":"closed","ping_status":"closed","sticky":false,"template":"","format":"standard","meta":{"footnotes":""},"categories":[1179],"tags":[4345,1910,4915,1595,4505],"source":[4511],"supertag":[7541],"acf":[],"yoast_head":"<!-- This site is optimized with the Yoast SEO plugin v21.3 - https:\/\/yoast.com\/wordpress\/plugins\/seo\/ -->\n<title>Slovenija se po dele\u017eu kmetijskuh povr\u0161in za ekolo\u0161ko pridelavo uvr\u0161\u010da nad evropsko povpre\u010dje - Hudo Slovenija<\/title>\n<meta name=\"robots\" content=\"index, follow, max-snippet:-1, max-image-preview:large, max-video-preview:-1\" \/>\n<link rel=\"canonical\" href=\"https:\/\/hudo.com\/si\/aktualno\/slovenija-se-po-delezu-kmetijskuh-povrsin-za-ekolosko-pridelavo-uvrsca-nad-evropsko-povprecje\/\" \/>\n<meta property=\"og:locale\" content=\"sl_SI\" \/>\n<meta property=\"og:type\" content=\"article\" \/>\n<meta property=\"og:title\" content=\"Slovenija se po dele\u017eu kmetijskuh povr\u0161in za ekolo\u0161ko pridelavo uvr\u0161\u010da nad evropsko povpre\u010dje - Hudo Slovenija\" \/>\n<meta property=\"og:description\" content=\"V EU je bilo leta 2017 ekolo\u0161kemu kmetovanju namenjenih 12,6 milijona hektarjev povr\u0161in ali sedem odstotkov vseh kmetijskih zemlji\u0161\u010d v uporabi. &quot;Ekolo\u0161ke&quot; povr\u0161ine so se od leta 2012 do 2017 pove\u010dale za 25 odstotkov, najve\u010dji dele\u017e ekolo\u0161kih zemlji\u0161\u010d v strukturi vseh kmetijskih ima Avstrija.\" \/>\n<meta property=\"og:url\" content=\"https:\/\/hudo.com\/si\/aktualno\/slovenija-se-po-delezu-kmetijskuh-povrsin-za-ekolosko-pridelavo-uvrsca-nad-evropsko-povprecje\/\" \/>\n<meta property=\"og:site_name\" content=\"Hudo Slovenija\" \/>\n<meta property=\"article:publisher\" content=\"https:\/\/www.facebook.com\/hudo.si\" \/>\n<meta property=\"article:published_time\" content=\"2019-02-02T08:54:24+00:00\" \/>\n<meta property=\"og:image\" content=\"https:\/\/hudo.com\/si\/wp-content\/uploads\/sites\/2\/2018\/02\/profimedia-0263072254.jpg\" \/>\n\t<meta property=\"og:image:width\" content=\"1250\" \/>\n\t<meta property=\"og:image:height\" content=\"833\" \/>\n\t<meta property=\"og:image:type\" content=\"image\/jpeg\" \/>\n<meta name=\"author\" content=\"A. P., STA\" \/>\n<meta name=\"twitter:card\" content=\"summary_large_image\" \/>\n<meta name=\"twitter:creator\" content=\"@hudo_si\" \/>\n<meta name=\"twitter:site\" content=\"@hudo_si\" \/>\n<meta name=\"twitter:label1\" content=\"Written by\" \/>\n\t<meta name=\"twitter:data1\" content=\"A. P., STA\" \/>\n\t<meta name=\"twitter:label2\" content=\"Est. reading time\" \/>\n\t<meta name=\"twitter:data2\" content=\"1 minuta\" \/>\n<script type=\"application\/ld+json\" class=\"yoast-schema-graph\">{\"@context\":\"https:\/\/schema.org\",\"@graph\":[{\"@type\":\"Article\",\"@id\":\"https:\/\/hudo.com\/si\/aktualno\/slovenija-se-po-delezu-kmetijskuh-povrsin-za-ekolosko-pridelavo-uvrsca-nad-evropsko-povprecje\/#article\",\"isPartOf\":{\"@id\":\"https:\/\/hudo.com\/si\/aktualno\/slovenija-se-po-delezu-kmetijskuh-povrsin-za-ekolosko-pridelavo-uvrsca-nad-evropsko-povprecje\/\"},\"author\":{\"name\":\"A. P., STA\",\"@id\":\"https:\/\/hudo.com\/si\/#\/schema\/person\/18f09c02475ba9e606e941a565b80cff\"},\"headline\":\"Slovenija se po dele\u017eu kmetijskuh povr\u0161in za ekolo\u0161ko pridelavo uvr\u0161\u010da nad evropsko povpre\u010dje\",\"datePublished\":\"2019-02-02T08:54:24+00:00\",\"dateModified\":\"2019-02-02T08:54:24+00:00\",\"mainEntityOfPage\":{\"@id\":\"https:\/\/hudo.com\/si\/aktualno\/slovenija-se-po-delezu-kmetijskuh-povrsin-za-ekolosko-pridelavo-uvrsca-nad-evropsko-povprecje\/\"},\"wordCount\":258,\"publisher\":{\"@id\":\"https:\/\/hudo.com\/si\/#organization\"},\"keywords\":[\"ekolo\u0161ko pridelana hrana\",\"evropska unija\",\"kmetijstvo\",\"Slovenija\",\"statistika\"],\"articleSection\":[\"Aktualno\"],\"inLanguage\":\"sl-SI\"},{\"@type\":\"WebPage\",\"@id\":\"https:\/\/hudo.com\/si\/aktualno\/slovenija-se-po-delezu-kmetijskuh-povrsin-za-ekolosko-pridelavo-uvrsca-nad-evropsko-povprecje\/\",\"url\":\"https:\/\/hudo.com\/si\/aktualno\/slovenija-se-po-delezu-kmetijskuh-povrsin-za-ekolosko-pridelavo-uvrsca-nad-evropsko-povprecje\/\",\"name\":\"Slovenija se po dele\u017eu kmetijskuh povr\u0161in za ekolo\u0161ko pridelavo uvr\u0161\u010da nad evropsko povpre\u010dje - Hudo Slovenija\",\"isPartOf\":{\"@id\":\"https:\/\/hudo.com\/si\/#website\"},\"datePublished\":\"2019-02-02T08:54:24+00:00\",\"dateModified\":\"2019-02-02T08:54:24+00:00\",\"breadcrumb\":{\"@id\":\"https:\/\/hudo.com\/si\/aktualno\/slovenija-se-po-delezu-kmetijskuh-povrsin-za-ekolosko-pridelavo-uvrsca-nad-evropsko-povprecje\/#breadcrumb\"},\"inLanguage\":\"sl-SI\",\"potentialAction\":[{\"@type\":\"ReadAction\",\"target\":[\"https:\/\/hudo.com\/si\/aktualno\/slovenija-se-po-delezu-kmetijskuh-povrsin-za-ekolosko-pridelavo-uvrsca-nad-evropsko-povprecje\/\"]}]},{\"@type\":\"BreadcrumbList\",\"@id\":\"https:\/\/hudo.com\/si\/aktualno\/slovenija-se-po-delezu-kmetijskuh-povrsin-za-ekolosko-pridelavo-uvrsca-nad-evropsko-povprecje\/#breadcrumb\",\"itemListElement\":[{\"@type\":\"ListItem\",\"position\":1,\"name\":\"Home\",\"item\":\"https:\/\/hudo.com\/si\/\"},{\"@type\":\"ListItem\",\"position\":2,\"name\":\"Slovenija se po dele\u017eu kmetijskuh povr\u0161in za ekolo\u0161ko pridelavo uvr\u0161\u010da nad evropsko povpre\u010dje\"}]},{\"@type\":\"WebSite\",\"@id\":\"https:\/\/hudo.com\/si\/#website\",\"url\":\"https:\/\/hudo.com\/si\/\",\"name\":\"Hudo Slovenija\",\"description\":\"Vse novice iz Slovenije in sveta\",\"publisher\":{\"@id\":\"https:\/\/hudo.com\/si\/#organization\"},\"potentialAction\":[{\"@type\":\"SearchAction\",\"target\":{\"@type\":\"EntryPoint\",\"urlTemplate\":\"https:\/\/hudo.com\/si\/?s={search_term_string}\"},\"query-input\":\"required name=search_term_string\"}],\"inLanguage\":\"sl-SI\"},{\"@type\":\"Organization\",\"@id\":\"https:\/\/hudo.com\/si\/#organization\",\"name\":\"VSN Media\",\"url\":\"https:\/\/hudo.com\/si\/\",\"logo\":{\"@type\":\"ImageObject\",\"inLanguage\":\"sl-SI\",\"@id\":\"https:\/\/hudo.com\/si\/#\/schema\/logo\/image\/\",\"url\":\"https:\/\/hudo.com\/si\/wp-content\/uploads\/sites\/2\/2021\/03\/hudo-app-2.png\",\"contentUrl\":\"https:\/\/hudo.com\/si\/wp-content\/uploads\/sites\/2\/2021\/03\/hudo-app-2.png\",\"width\":2185,\"height\":2167,\"caption\":\"VSN Media\"},\"image\":{\"@id\":\"https:\/\/hudo.com\/si\/#\/schema\/logo\/image\/\"},\"sameAs\":[\"https:\/\/www.facebook.com\/hudo.si\",\"https:\/\/twitter.com\/hudo_si\"]},{\"@type\":\"Person\",\"@id\":\"https:\/\/hudo.com\/si\/#\/schema\/person\/18f09c02475ba9e606e941a565b80cff\",\"name\":\"A. P., STA\",\"image\":{\"@type\":\"ImageObject\",\"inLanguage\":\"sl-SI\",\"@id\":\"https:\/\/hudo.com\/si\/#\/schema\/person\/image\/\",\"url\":\"https:\/\/secure.gravatar.com\/avatar\/03eac8e609f5f04383125d80eaeaaf3e?s=96&d=mm&r=g\",\"contentUrl\":\"https:\/\/secure.gravatar.com\/avatar\/03eac8e609f5f04383125d80eaeaaf3e?s=96&d=mm&r=g\",\"caption\":\"A. P., STA\"},\"url\":\"https:\/\/hudo.com\/si\/author\/lubu\/\"}]}<\/script>\n<!-- \/ Yoast SEO plugin. -->","yoast_head_json":{"title":"Slovenija se po dele\u017eu kmetijskuh povr\u0161in za ekolo\u0161ko pridelavo uvr\u0161\u010da nad evropsko povpre\u010dje - Hudo Slovenija","robots":{"index":"index","follow":"follow","max-snippet":"max-snippet:-1","max-image-preview":"max-image-preview:large","max-video-preview":"max-video-preview:-1"},"canonical":"https:\/\/hudo.com\/si\/aktualno\/slovenija-se-po-delezu-kmetijskuh-povrsin-za-ekolosko-pridelavo-uvrsca-nad-evropsko-povprecje\/","og_locale":"sl_SI","og_type":"article","og_title":"Slovenija se po dele\u017eu kmetijskuh povr\u0161in za ekolo\u0161ko pridelavo uvr\u0161\u010da nad evropsko povpre\u010dje - Hudo Slovenija","og_description":"V EU je bilo leta 2017 ekolo\u0161kemu kmetovanju namenjenih 12,6 milijona hektarjev povr\u0161in ali sedem odstotkov vseh kmetijskih zemlji\u0161\u010d v uporabi. \"Ekolo\u0161ke\" povr\u0161ine so se od leta 2012 do 2017 pove\u010dale za 25 odstotkov, najve\u010dji dele\u017e ekolo\u0161kih zemlji\u0161\u010d v strukturi vseh kmetijskih ima Avstrija.","og_url":"https:\/\/hudo.com\/si\/aktualno\/slovenija-se-po-delezu-kmetijskuh-povrsin-za-ekolosko-pridelavo-uvrsca-nad-evropsko-povprecje\/","og_site_name":"Hudo Slovenija","article_publisher":"https:\/\/www.facebook.com\/hudo.si","article_published_time":"2019-02-02T08:54:24+00:00","og_image":[{"width":1250,"height":833,"url":"https:\/\/hudo.com\/si\/wp-content\/uploads\/sites\/2\/2018\/02\/profimedia-0263072254.jpg","type":"image\/jpeg"}],"author":"A. P., STA","twitter_card":"summary_large_image","twitter_creator":"@hudo_si","twitter_site":"@hudo_si","twitter_misc":{"Written by":"A. P., STA","Est. reading time":"1 minuta"},"schema":{"@context":"https:\/\/schema.org","@graph":[{"@type":"Article","@id":"https:\/\/hudo.com\/si\/aktualno\/slovenija-se-po-delezu-kmetijskuh-povrsin-za-ekolosko-pridelavo-uvrsca-nad-evropsko-povprecje\/#article","isPartOf":{"@id":"https:\/\/hudo.com\/si\/aktualno\/slovenija-se-po-delezu-kmetijskuh-povrsin-za-ekolosko-pridelavo-uvrsca-nad-evropsko-povprecje\/"},"author":{"name":"A. P., STA","@id":"https:\/\/hudo.com\/si\/#\/schema\/person\/18f09c02475ba9e606e941a565b80cff"},"headline":"Slovenija se po dele\u017eu kmetijskuh povr\u0161in za ekolo\u0161ko pridelavo uvr\u0161\u010da nad evropsko povpre\u010dje","datePublished":"2019-02-02T08:54:24+00:00","dateModified":"2019-02-02T08:54:24+00:00","mainEntityOfPage":{"@id":"https:\/\/hudo.com\/si\/aktualno\/slovenija-se-po-delezu-kmetijskuh-povrsin-za-ekolosko-pridelavo-uvrsca-nad-evropsko-povprecje\/"},"wordCount":258,"publisher":{"@id":"https:\/\/hudo.com\/si\/#organization"},"keywords":["ekolo\u0161ko pridelana hrana","evropska unija","kmetijstvo","Slovenija","statistika"],"articleSection":["Aktualno"],"inLanguage":"sl-SI"},{"@type":"WebPage","@id":"https:\/\/hudo.com\/si\/aktualno\/slovenija-se-po-delezu-kmetijskuh-povrsin-za-ekolosko-pridelavo-uvrsca-nad-evropsko-povprecje\/","url":"https:\/\/hudo.com\/si\/aktualno\/slovenija-se-po-delezu-kmetijskuh-povrsin-za-ekolosko-pridelavo-uvrsca-nad-evropsko-povprecje\/","name":"Slovenija se po dele\u017eu kmetijskuh povr\u0161in za ekolo\u0161ko pridelavo uvr\u0161\u010da nad evropsko povpre\u010dje - Hudo Slovenija","isPartOf":{"@id":"https:\/\/hudo.com\/si\/#website"},"datePublished":"2019-02-02T08:54:24+00:00","dateModified":"2019-02-02T08:54:24+00:00","breadcrumb":{"@id":"https:\/\/hudo.com\/si\/aktualno\/slovenija-se-po-delezu-kmetijskuh-povrsin-za-ekolosko-pridelavo-uvrsca-nad-evropsko-povprecje\/#breadcrumb"},"inLanguage":"sl-SI","potentialAction":[{"@type":"ReadAction","target":["https:\/\/hudo.com\/si\/aktualno\/slovenija-se-po-delezu-kmetijskuh-povrsin-za-ekolosko-pridelavo-uvrsca-nad-evropsko-povprecje\/"]}]},{"@type":"BreadcrumbList","@id":"https:\/\/hudo.com\/si\/aktualno\/slovenija-se-po-delezu-kmetijskuh-povrsin-za-ekolosko-pridelavo-uvrsca-nad-evropsko-povprecje\/#breadcrumb","itemListElement":[{"@type":"ListItem","position":1,"name":"Home","item":"https:\/\/hudo.com\/si\/"},{"@type":"ListItem","position":2,"name":"Slovenija se po dele\u017eu kmetijskuh povr\u0161in za ekolo\u0161ko pridelavo uvr\u0161\u010da nad evropsko povpre\u010dje"}]},{"@type":"WebSite","@id":"https:\/\/hudo.com\/si\/#website","url":"https:\/\/hudo.com\/si\/","name":"Hudo Slovenija","description":"Vse novice iz Slovenije in sveta","publisher":{"@id":"https:\/\/hudo.com\/si\/#organization"},"potentialAction":[{"@type":"SearchAction","target":{"@type":"EntryPoint","urlTemplate":"https:\/\/hudo.com\/si\/?s={search_term_string}"},"query-input":"required name=search_term_string"}],"inLanguage":"sl-SI"},{"@type":"Organization","@id":"https:\/\/hudo.com\/si\/#organization","name":"VSN Media","url":"https:\/\/hudo.com\/si\/","logo":{"@type":"ImageObject","inLanguage":"sl-SI","@id":"https:\/\/hudo.com\/si\/#\/schema\/logo\/image\/","url":"https:\/\/hudo.com\/si\/wp-content\/uploads\/sites\/2\/2021\/03\/hudo-app-2.png","contentUrl":"https:\/\/hudo.com\/si\/wp-content\/uploads\/sites\/2\/2021\/03\/hudo-app-2.png","width":2185,"height":2167,"caption":"VSN Media"},"image":{"@id":"https:\/\/hudo.com\/si\/#\/schema\/logo\/image\/"},"sameAs":["https:\/\/www.facebook.com\/hudo.si","https:\/\/twitter.com\/hudo_si"]},{"@type":"Person","@id":"https:\/\/hudo.com\/si\/#\/schema\/person\/18f09c02475ba9e606e941a565b80cff","name":"A. P., STA","image":{"@type":"ImageObject","inLanguage":"sl-SI","@id":"https:\/\/hudo.com\/si\/#\/schema\/person\/image\/","url":"https:\/\/secure.gravatar.com\/avatar\/03eac8e609f5f04383125d80eaeaaf3e?s=96&d=mm&r=g","contentUrl":"https:\/\/secure.gravatar.com\/avatar\/03eac8e609f5f04383125d80eaeaaf3e?s=96&d=mm&r=g","caption":"A. P., STA"},"url":"https:\/\/hudo.com\/si\/author\/lubu\/"}]}},"amp_enabled":true,"_links":{"self":[{"href":"https:\/\/hudo.com\/si\/wp-json\/wp\/v2\/posts\/392119"}],"collection":[{"href":"https:\/\/hudo.com\/si\/wp-json\/wp\/v2\/posts"}],"about":[{"href":"https:\/\/hudo.com\/si\/wp-json\/wp\/v2\/types\/post"}],"author":[{"embeddable":true,"href":"https:\/\/hudo.com\/si\/wp-json\/wp\/v2\/users\/7"}],"replies":[{"embeddable":true,"href":"https:\/\/hudo.com\/si\/wp-json\/wp\/v2\/comments?post=392119"}],"version-history":[{"count":1,"href":"https:\/\/hudo.com\/si\/wp-json\/wp\/v2\/posts\/392119\/revisions"}],"predecessor-version":[{"id":392120,"href":"https:\/\/hudo.com\/si\/wp-json\/wp\/v2\/posts\/392119\/revisions\/392120"}],"wp:featuredmedia":[{"embeddable":true,"href":"https:\/\/hudo.com\/si\/wp-json\/wp\/v2\/media\/365346"}],"wp:attachment":[{"href":"https:\/\/hudo.com\/si\/wp-json\/wp\/v2\/media?parent=392119"}],"wp:term":[{"taxonomy":"category","embeddable":true,"href":"https:\/\/hudo.com\/si\/wp-json\/wp\/v2\/categories?post=392119"},{"taxonomy":"post_tag","embeddable":true,"href":"https:\/\/hudo.com\/si\/wp-json\/wp\/v2\/tags?post=392119"},{"taxonomy":"source","embeddable":true,"href":"https:\/\/hudo.com\/si\/wp-json\/wp\/v2\/source?post=392119"},{"taxonomy":"supertag","embeddable":true,"href":"https:\/\/hudo.com\/si\/wp-json\/wp\/v2\/supertag?post=392119"}],"curies":[{"name":"wp","href":"https:\/\/api.w.org\/{rel}","templated":true}]}}