{"id":392121,"date":"2019-02-02T10:15:10","date_gmt":"2019-02-02T09:15:10","guid":{"rendered":"http:\/\/hudo.com\/si\/?p=392121"},"modified":"2019-02-02T10:15:10","modified_gmt":"2019-02-02T09:15:10","slug":"v-mariboru-se-je-zacel-slalom-za-55-zlato-lisico","status":"publish","type":"post","link":"https:\/\/hudo.com\/si\/aktualno\/v-mariboru-se-je-zacel-slalom-za-55-zlato-lisico\/","title":{"rendered":"V Mariboru se je za\u010del slalom za 55. Zlato lisico"},"content":{"rendered":"<p>Mikaela Shiffrin je zmagovalka zadnjih treh slalomov za Zlato lisico, lani v Kranjski Gori in v letih 2017 in 2015 v Mariboru. In Shiffrinova je zmagala na kar trinajstih od zadnjih sedemnajstih slalomov za svetovni pokal. Vse \u0161tiri, kjer ji ni uspelo, je dobila slova\u0161ka zvezdnica Petra Vlhova, ki je zmagala na zadnjem slalomu za svetovni pokal pred Mariborom, v Flachauu.<\/p>\n<p>Sedmi \u017eenski slalom sezone, oziroma deveti upo\u0161tevajo\u010d \u0161e paralelni tekmi, je odprla s \u0161tevilko 1 Avstrijka Katharina Liensberger, \u0161tevilko 2 ima \u0160vedinja Frida Hansdotter, \u0161tevilko 3 Shiffrinova, \u0161tevilko 4 Avstrijka Bernadette Schild, \u0161tevilko 5 \u0160vedinja Anna Swenn Larsson, \u0161tevilko 6 Vlhova in \u0161tevilko sedem \u0160vicarka Wendy Holdener.<\/p>\n<p>Na startu je \u0161est Slovenk. Prva slovenska nastopa bosta pri \u0161tevilkah 21 in 22, ki ju nosita Maru\u0161a Ferk in Ana Bucik, Meta Hrovat ima \u0161tevilko 29, Neja Dvornik 46, Klara Livk 56 in Andreja Slokar 62.<\/p>\n<p>Druga vo\u017enja bo na sporedu ob 13. uri.<\/p>\n<p>Lisi\u010dkin slalom je zadnja \u017eenska tekma pred svetovnim prvenstvom v Aareju. Po bojih za kolajne in naslove se bodo alpske smu\u010darke do konca sezone merile le \u0161e na dveh slalomih, in sicer v \u0160pindlerjevem mlynu in na finalnem v Soldeuu v Andori.<\/p>\n","protected":false},"excerpt":{"rendered":"<p>V Mariboru se je za\u010del slalom za 55. Zlato lisico, ki \u0161teje za to\u010dke svetovnega pokala alpskih smu\u010dark. Prvi favoritinji za zmago sta najbolj\u0161a smu\u010darka zadnjih dveh sezon Ameri\u010danka Mikaela Shiffrin in Slovakinja Petra Vlhova, ki sta si razdelili zmago na petkovem veleslalomu.<\/p>\n","protected":false},"author":7,"featured_media":391401,"comment_status":"closed","ping_status":"closed","sticky":false,"template":"","format":"standard","meta":{"footnotes":""},"categories":[1179],"tags":[12829,5722,1595,7411],"source":[4511],"supertag":[],"acf":[],"yoast_head":"<!-- This site is optimized with the Yoast SEO plugin v21.3 - https:\/\/yoast.com\/wordpress\/plugins\/seo\/ -->\n<title>V Mariboru se je za\u010del slalom za 55. Zlato lisico - Hudo Slovenija<\/title>\n<meta name=\"robots\" content=\"index, follow, max-snippet:-1, max-image-preview:large, max-video-preview:-1\" \/>\n<link rel=\"canonical\" href=\"https:\/\/hudo.com\/si\/aktualno\/v-mariboru-se-je-zacel-slalom-za-55-zlato-lisico\/\" \/>\n<meta property=\"og:locale\" content=\"sl_SI\" \/>\n<meta property=\"og:type\" content=\"article\" \/>\n<meta property=\"og:title\" content=\"V Mariboru se je za\u010del slalom za 55. Zlato lisico - Hudo Slovenija\" \/>\n<meta property=\"og:description\" content=\"V Mariboru se je za\u010del slalom za 55. Zlato lisico, ki \u0161teje za to\u010dke svetovnega pokala alpskih smu\u010dark. Prvi favoritinji za zmago sta najbolj\u0161a smu\u010darka zadnjih dveh sezon Ameri\u010danka Mikaela Shiffrin in Slovakinja Petra Vlhova, ki sta si razdelili zmago na petkovem veleslalomu.\" \/>\n<meta property=\"og:url\" content=\"https:\/\/hudo.com\/si\/aktualno\/v-mariboru-se-je-zacel-slalom-za-55-zlato-lisico\/\" \/>\n<meta property=\"og:site_name\" content=\"Hudo Slovenija\" \/>\n<meta property=\"article:publisher\" content=\"https:\/\/www.facebook.com\/hudo.si\" \/>\n<meta property=\"article:published_time\" content=\"2019-02-02T09:15:10+00:00\" \/>\n<meta property=\"og:image\" content=\"https:\/\/hudo.com\/si\/wp-content\/uploads\/sites\/2\/2019\/01\/profimedia-0310363825.jpg\" \/>\n\t<meta property=\"og:image:width\" content=\"1250\" \/>\n\t<meta property=\"og:image:height\" content=\"834\" \/>\n\t<meta property=\"og:image:type\" content=\"image\/jpeg\" \/>\n<meta name=\"author\" content=\"A. P., STA\" \/>\n<meta name=\"twitter:card\" content=\"summary_large_image\" \/>\n<meta name=\"twitter:creator\" content=\"@hudo_si\" \/>\n<meta name=\"twitter:site\" content=\"@hudo_si\" \/>\n<meta name=\"twitter:label1\" content=\"Written by\" \/>\n\t<meta name=\"twitter:data1\" content=\"A. P., STA\" \/>\n\t<meta name=\"twitter:label2\" content=\"Est. reading time\" \/>\n\t<meta name=\"twitter:data2\" content=\"1 minuta\" \/>\n<script type=\"application\/ld+json\" class=\"yoast-schema-graph\">{\"@context\":\"https:\/\/schema.org\",\"@graph\":[{\"@type\":\"Article\",\"@id\":\"https:\/\/hudo.com\/si\/aktualno\/v-mariboru-se-je-zacel-slalom-za-55-zlato-lisico\/#article\",\"isPartOf\":{\"@id\":\"https:\/\/hudo.com\/si\/aktualno\/v-mariboru-se-je-zacel-slalom-za-55-zlato-lisico\/\"},\"author\":{\"name\":\"A. P., STA\",\"@id\":\"https:\/\/hudo.com\/si\/#\/schema\/person\/18f09c02475ba9e606e941a565b80cff\"},\"headline\":\"V Mariboru se je za\u010del slalom za 55. Zlato lisico\",\"datePublished\":\"2019-02-02T09:15:10+00:00\",\"dateModified\":\"2019-02-02T09:15:10+00:00\",\"mainEntityOfPage\":{\"@id\":\"https:\/\/hudo.com\/si\/aktualno\/v-mariboru-se-je-zacel-slalom-za-55-zlato-lisico\/\"},\"wordCount\":196,\"publisher\":{\"@id\":\"https:\/\/hudo.com\/si\/#organization\"},\"keywords\":[\"55. Zlata lisica\",\"maribor\",\"Slovenija\",\"Zlata lisica\"],\"articleSection\":[\"Aktualno\"],\"inLanguage\":\"sl-SI\"},{\"@type\":\"WebPage\",\"@id\":\"https:\/\/hudo.com\/si\/aktualno\/v-mariboru-se-je-zacel-slalom-za-55-zlato-lisico\/\",\"url\":\"https:\/\/hudo.com\/si\/aktualno\/v-mariboru-se-je-zacel-slalom-za-55-zlato-lisico\/\",\"name\":\"V Mariboru se je za\u010del slalom za 55. Zlato lisico - Hudo Slovenija\",\"isPartOf\":{\"@id\":\"https:\/\/hudo.com\/si\/#website\"},\"datePublished\":\"2019-02-02T09:15:10+00:00\",\"dateModified\":\"2019-02-02T09:15:10+00:00\",\"breadcrumb\":{\"@id\":\"https:\/\/hudo.com\/si\/aktualno\/v-mariboru-se-je-zacel-slalom-za-55-zlato-lisico\/#breadcrumb\"},\"inLanguage\":\"sl-SI\",\"potentialAction\":[{\"@type\":\"ReadAction\",\"target\":[\"https:\/\/hudo.com\/si\/aktualno\/v-mariboru-se-je-zacel-slalom-za-55-zlato-lisico\/\"]}]},{\"@type\":\"BreadcrumbList\",\"@id\":\"https:\/\/hudo.com\/si\/aktualno\/v-mariboru-se-je-zacel-slalom-za-55-zlato-lisico\/#breadcrumb\",\"itemListElement\":[{\"@type\":\"ListItem\",\"position\":1,\"name\":\"Home\",\"item\":\"https:\/\/hudo.com\/si\/\"},{\"@type\":\"ListItem\",\"position\":2,\"name\":\"V Mariboru se je za\u010del slalom za 55. Zlato lisico\"}]},{\"@type\":\"WebSite\",\"@id\":\"https:\/\/hudo.com\/si\/#website\",\"url\":\"https:\/\/hudo.com\/si\/\",\"name\":\"Hudo Slovenija\",\"description\":\"Vse novice iz Slovenije in sveta\",\"publisher\":{\"@id\":\"https:\/\/hudo.com\/si\/#organization\"},\"potentialAction\":[{\"@type\":\"SearchAction\",\"target\":{\"@type\":\"EntryPoint\",\"urlTemplate\":\"https:\/\/hudo.com\/si\/?s={search_term_string}\"},\"query-input\":\"required name=search_term_string\"}],\"inLanguage\":\"sl-SI\"},{\"@type\":\"Organization\",\"@id\":\"https:\/\/hudo.com\/si\/#organization\",\"name\":\"VSN Media\",\"url\":\"https:\/\/hudo.com\/si\/\",\"logo\":{\"@type\":\"ImageObject\",\"inLanguage\":\"sl-SI\",\"@id\":\"https:\/\/hudo.com\/si\/#\/schema\/logo\/image\/\",\"url\":\"https:\/\/hudo.com\/si\/wp-content\/uploads\/sites\/2\/2021\/03\/hudo-app-2.png\",\"contentUrl\":\"https:\/\/hudo.com\/si\/wp-content\/uploads\/sites\/2\/2021\/03\/hudo-app-2.png\",\"width\":2185,\"height\":2167,\"caption\":\"VSN Media\"},\"image\":{\"@id\":\"https:\/\/hudo.com\/si\/#\/schema\/logo\/image\/\"},\"sameAs\":[\"https:\/\/www.facebook.com\/hudo.si\",\"https:\/\/twitter.com\/hudo_si\"]},{\"@type\":\"Person\",\"@id\":\"https:\/\/hudo.com\/si\/#\/schema\/person\/18f09c02475ba9e606e941a565b80cff\",\"name\":\"A. P., STA\",\"image\":{\"@type\":\"ImageObject\",\"inLanguage\":\"sl-SI\",\"@id\":\"https:\/\/hudo.com\/si\/#\/schema\/person\/image\/\",\"url\":\"https:\/\/secure.gravatar.com\/avatar\/03eac8e609f5f04383125d80eaeaaf3e?s=96&d=mm&r=g\",\"contentUrl\":\"https:\/\/secure.gravatar.com\/avatar\/03eac8e609f5f04383125d80eaeaaf3e?s=96&d=mm&r=g\",\"caption\":\"A. P., STA\"},\"url\":\"https:\/\/hudo.com\/si\/author\/lubu\/\"}]}<\/script>\n<!-- \/ Yoast SEO plugin. -->","yoast_head_json":{"title":"V Mariboru se je za\u010del slalom za 55. Zlato lisico - Hudo Slovenija","robots":{"index":"index","follow":"follow","max-snippet":"max-snippet:-1","max-image-preview":"max-image-preview:large","max-video-preview":"max-video-preview:-1"},"canonical":"https:\/\/hudo.com\/si\/aktualno\/v-mariboru-se-je-zacel-slalom-za-55-zlato-lisico\/","og_locale":"sl_SI","og_type":"article","og_title":"V Mariboru se je za\u010del slalom za 55. Zlato lisico - Hudo Slovenija","og_description":"V Mariboru se je za\u010del slalom za 55. Zlato lisico, ki \u0161teje za to\u010dke svetovnega pokala alpskih smu\u010dark. Prvi favoritinji za zmago sta najbolj\u0161a smu\u010darka zadnjih dveh sezon Ameri\u010danka Mikaela Shiffrin in Slovakinja Petra Vlhova, ki sta si razdelili zmago na petkovem veleslalomu.","og_url":"https:\/\/hudo.com\/si\/aktualno\/v-mariboru-se-je-zacel-slalom-za-55-zlato-lisico\/","og_site_name":"Hudo Slovenija","article_publisher":"https:\/\/www.facebook.com\/hudo.si","article_published_time":"2019-02-02T09:15:10+00:00","og_image":[{"width":1250,"height":834,"url":"https:\/\/hudo.com\/si\/wp-content\/uploads\/sites\/2\/2019\/01\/profimedia-0310363825.jpg","type":"image\/jpeg"}],"author":"A. P., STA","twitter_card":"summary_large_image","twitter_creator":"@hudo_si","twitter_site":"@hudo_si","twitter_misc":{"Written by":"A. P., STA","Est. reading time":"1 minuta"},"schema":{"@context":"https:\/\/schema.org","@graph":[{"@type":"Article","@id":"https:\/\/hudo.com\/si\/aktualno\/v-mariboru-se-je-zacel-slalom-za-55-zlato-lisico\/#article","isPartOf":{"@id":"https:\/\/hudo.com\/si\/aktualno\/v-mariboru-se-je-zacel-slalom-za-55-zlato-lisico\/"},"author":{"name":"A. P., STA","@id":"https:\/\/hudo.com\/si\/#\/schema\/person\/18f09c02475ba9e606e941a565b80cff"},"headline":"V Mariboru se je za\u010del slalom za 55. Zlato lisico","datePublished":"2019-02-02T09:15:10+00:00","dateModified":"2019-02-02T09:15:10+00:00","mainEntityOfPage":{"@id":"https:\/\/hudo.com\/si\/aktualno\/v-mariboru-se-je-zacel-slalom-za-55-zlato-lisico\/"},"wordCount":196,"publisher":{"@id":"https:\/\/hudo.com\/si\/#organization"},"keywords":["55. Zlata lisica","maribor","Slovenija","Zlata lisica"],"articleSection":["Aktualno"],"inLanguage":"sl-SI"},{"@type":"WebPage","@id":"https:\/\/hudo.com\/si\/aktualno\/v-mariboru-se-je-zacel-slalom-za-55-zlato-lisico\/","url":"https:\/\/hudo.com\/si\/aktualno\/v-mariboru-se-je-zacel-slalom-za-55-zlato-lisico\/","name":"V Mariboru se je za\u010del slalom za 55. Zlato lisico - Hudo Slovenija","isPartOf":{"@id":"https:\/\/hudo.com\/si\/#website"},"datePublished":"2019-02-02T09:15:10+00:00","dateModified":"2019-02-02T09:15:10+00:00","breadcrumb":{"@id":"https:\/\/hudo.com\/si\/aktualno\/v-mariboru-se-je-zacel-slalom-za-55-zlato-lisico\/#breadcrumb"},"inLanguage":"sl-SI","potentialAction":[{"@type":"ReadAction","target":["https:\/\/hudo.com\/si\/aktualno\/v-mariboru-se-je-zacel-slalom-za-55-zlato-lisico\/"]}]},{"@type":"BreadcrumbList","@id":"https:\/\/hudo.com\/si\/aktualno\/v-mariboru-se-je-zacel-slalom-za-55-zlato-lisico\/#breadcrumb","itemListElement":[{"@type":"ListItem","position":1,"name":"Home","item":"https:\/\/hudo.com\/si\/"},{"@type":"ListItem","position":2,"name":"V Mariboru se je za\u010del slalom za 55. Zlato lisico"}]},{"@type":"WebSite","@id":"https:\/\/hudo.com\/si\/#website","url":"https:\/\/hudo.com\/si\/","name":"Hudo Slovenija","description":"Vse novice iz Slovenije in sveta","publisher":{"@id":"https:\/\/hudo.com\/si\/#organization"},"potentialAction":[{"@type":"SearchAction","target":{"@type":"EntryPoint","urlTemplate":"https:\/\/hudo.com\/si\/?s={search_term_string}"},"query-input":"required name=search_term_string"}],"inLanguage":"sl-SI"},{"@type":"Organization","@id":"https:\/\/hudo.com\/si\/#organization","name":"VSN Media","url":"https:\/\/hudo.com\/si\/","logo":{"@type":"ImageObject","inLanguage":"sl-SI","@id":"https:\/\/hudo.com\/si\/#\/schema\/logo\/image\/","url":"https:\/\/hudo.com\/si\/wp-content\/uploads\/sites\/2\/2021\/03\/hudo-app-2.png","contentUrl":"https:\/\/hudo.com\/si\/wp-content\/uploads\/sites\/2\/2021\/03\/hudo-app-2.png","width":2185,"height":2167,"caption":"VSN Media"},"image":{"@id":"https:\/\/hudo.com\/si\/#\/schema\/logo\/image\/"},"sameAs":["https:\/\/www.facebook.com\/hudo.si","https:\/\/twitter.com\/hudo_si"]},{"@type":"Person","@id":"https:\/\/hudo.com\/si\/#\/schema\/person\/18f09c02475ba9e606e941a565b80cff","name":"A. P., STA","image":{"@type":"ImageObject","inLanguage":"sl-SI","@id":"https:\/\/hudo.com\/si\/#\/schema\/person\/image\/","url":"https:\/\/secure.gravatar.com\/avatar\/03eac8e609f5f04383125d80eaeaaf3e?s=96&d=mm&r=g","contentUrl":"https:\/\/secure.gravatar.com\/avatar\/03eac8e609f5f04383125d80eaeaaf3e?s=96&d=mm&r=g","caption":"A. P., STA"},"url":"https:\/\/hudo.com\/si\/author\/lubu\/"}]}},"amp_enabled":true,"_links":{"self":[{"href":"https:\/\/hudo.com\/si\/wp-json\/wp\/v2\/posts\/392121"}],"collection":[{"href":"https:\/\/hudo.com\/si\/wp-json\/wp\/v2\/posts"}],"about":[{"href":"https:\/\/hudo.com\/si\/wp-json\/wp\/v2\/types\/post"}],"author":[{"embeddable":true,"href":"https:\/\/hudo.com\/si\/wp-json\/wp\/v2\/users\/7"}],"replies":[{"embeddable":true,"href":"https:\/\/hudo.com\/si\/wp-json\/wp\/v2\/comments?post=392121"}],"version-history":[{"count":1,"href":"https:\/\/hudo.com\/si\/wp-json\/wp\/v2\/posts\/392121\/revisions"}],"predecessor-version":[{"id":392122,"href":"https:\/\/hudo.com\/si\/wp-json\/wp\/v2\/posts\/392121\/revisions\/392122"}],"wp:featuredmedia":[{"embeddable":true,"href":"https:\/\/hudo.com\/si\/wp-json\/wp\/v2\/media\/391401"}],"wp:attachment":[{"href":"https:\/\/hudo.com\/si\/wp-json\/wp\/v2\/media?parent=392121"}],"wp:term":[{"taxonomy":"category","embeddable":true,"href":"https:\/\/hudo.com\/si\/wp-json\/wp\/v2\/categories?post=392121"},{"taxonomy":"post_tag","embeddable":true,"href":"https:\/\/hudo.com\/si\/wp-json\/wp\/v2\/tags?post=392121"},{"taxonomy":"source","embeddable":true,"href":"https:\/\/hudo.com\/si\/wp-json\/wp\/v2\/source?post=392121"},{"taxonomy":"supertag","embeddable":true,"href":"https:\/\/hudo.com\/si\/wp-json\/wp\/v2\/supertag?post=392121"}],"curies":[{"name":"wp","href":"https:\/\/api.w.org\/{rel}","templated":true}]}}