{"id":392493,"date":"2019-02-07T09:12:55","date_gmt":"2019-02-07T08:12:55","guid":{"rendered":"http:\/\/hudo.com\/si\/?p=392493"},"modified":"2019-02-07T09:12:55","modified_gmt":"2019-02-07T08:12:55","slug":"presernov-dan-praznujejo-tudi-zamejski-slovenci-v-avstriji-italiji-na-madzarskem","status":"publish","type":"post","link":"https:\/\/hudo.com\/si\/aktualno\/presernov-dan-praznujejo-tudi-zamejski-slovenci-v-avstriji-italiji-na-madzarskem\/","title":{"rendered":"Pre\u0161ernov dan praznujejo tudi zamejski Slovenci v Avstriji, Italiji in na Mad\u017earskem"},"content":{"rendered":"<p>Osrednje koro\u0161ke prireditve, ki je pod okriljem Kr\u0161\u010danske kulturne zveze, Slovenske prosvetne zveze, Dru\u0161tva slovenskih pisateljev v Avstriji in slovenskega generalnega konzulata v Celovcu potekala v celov\u0161kem ke-teatru, se je kot slavnostna govornica udele\u017eila predsednica slovenskega centra PEN Ifigenija Simonovi\u010d.<\/p>\n<p>Ob tej prilo\u017enosti je predsednik dru\u0161tva pisateljev v Avstriji Niko Kupper prebral pismo podpore za ohranitev ogro\u017eenega univerzitetnega \u0161tudija slovenskega jezika in kulture v Gradcu in v Celovcu. Za glasbeni program je poskrbel \u017denski pevski zbor Ro\u017e pod vodstvom \u017dige Kerta, je sporo\u010dil predsednik Kluba koro\u0161kih Slovencev v Ljubljani Janez Stergar.<\/p>\n<p>Pre\u0161ernov dan so minulo nedeljo po\u010dastili v Tinjah na prireditvi z naslovom Koro\u0161ka v osr\u010dju Evrope, na kateri je bil slavnostni govornik slovenski generalni konzul v Celovcu Milan Predan. V soboto zve\u010der pa se bodo zvrstile \u0161e tri prireditve. V \u0160mihelu bo na sporedu dramsko-glasbeni recital s poezijo Frana Mil\u010dinskega &#8211; Je\u017eka v izvedbi gledali\u0161ke skupine \u0160TKGRA, KPD \u0160mihela in New Times Jazz Comba. V \u017delezni Kapli bodo program prireditve, na kateri bo slavnostna govornica ravnateljica Slovenske gimnazije Zalka Kuchling, sooblikovali igralska skupina SPD Zarja, skupina Klika in zbor \u0161tudentov iz Celovca, v Ro\u017eeku pa bo pod okriljem Kulturnega dru\u0161tva Peter Markovi\u010d na bralnem ve\u010deru nastopil pisatelj Tone Partlji\u010d.<\/p>\n<p>Osrednja Pre\u0161ernova proslava Slovencev v Italiji bo v nedeljo v nekdanji cerkvi sv. Fran\u010di\u0161ka v \u010cedadu. Na prireditvi z naslovom Kot ptice pre\u0161erno &#8211; glasbeno popotovanje od morja do gora bodo za kulturni program poskrbeli nekdanji u\u010denci in profesorji Slovenskega centra za glasbeno vzgojo Emil Komel in Glasbene matice. Ob tej prilo\u017enosti bodo podelili Pre\u0161ernova priznanja krovnih organizacij, Slovenske kulturne gospodarske zveze in Sveta slovenskih organizacij, ki sta tudi organizatorja ve\u010dera, pi\u0161e na spletnem portalu za Slovence po svetu in zamejstvu Slovenci.si.<\/p>\n<p>Pre\u0161ernovo proslavo 11. februarja v Peterlinovi dvorani v Trstu pripravljata Slovenska prosveta in Dru\u0161tvo slovenskih izobra\u017eencev v sodelovanju z Mladiko. Na njej bodo podelili nagrade 47. nate\u010daja Mladike ter predstavili knjigo 30 najbolj\u0161ih, ki jo je uredila Evelina Umek. Za glasbo bo poskrbela \u017denska vokalna skupina Barkovlje. \u017de v soboto pa bodo podelili priznanja mladi oder ter uprizorili predstavo Matije Solceta Pulcinella.<\/p>\n<p>Porabski Slovenci bodo Pre\u0161ernov dan proslavili v nedeljo popoldne v Slovenskem domu v Mono\u0161tru. Na prireditvi v organizaciji Zveze Slovencev na Mad\u017earskem bo o pomembnosti kulture spregovoril slavist in novinar Du\u0161an Muki\u010d, predvajali bodo dokumentarni film Slovensko Porabje ter podelili \u0161tipendije rozmarin. Za glasbeni del bo poskrbela etno skupina Edna, so sporo\u010dili iz zveze.<\/p>\n<p>Najve\u010djega slovenska pesnika so se spomnili tudi v Zagrebu. V sredo je v Hi\u0161i \u0160enoa v Zagrebu potekal pogovorni ve\u010der z naslovom Nagelj s Pre\u0161ernovega groba, danes pa bodo v zagreb\u0161kem Slovenskem domu odprli razstavo Sonetni venec Franceta Pre\u0161erna z ilustracijami slikarja in grafika Mihe Male\u0161a.<\/p>\n","protected":false},"excerpt":{"rendered":"<p>Franceta Pre\u0161erna se spominjajo tudi zamejski Slovenci v Avstriji, Italiji in na Mad\u017earskem. Osrednja koro\u0161ka proslava v Celovcu je bila \u017ee v torek, sledijo \u0161e prireditve v \u0160mihelu, \u017delezni Kapli in Ro\u017eeku. Osrednja Pre\u0161ernova prireditev Slovencev v Italiji bo v nedeljo v \u010cedadu, takrat bodo Pre\u0161ernov dan po\u010dastili tudi porabski Slovenci.<\/p>\n","protected":false},"author":8,"featured_media":206324,"comment_status":"closed","ping_status":"closed","sticky":false,"template":"","format":"standard","meta":{"footnotes":""},"categories":[1179],"tags":[7891,1595,4891],"source":[4511],"supertag":[],"acf":[],"yoast_head":"<!-- This site is optimized with the Yoast SEO plugin v21.3 - https:\/\/yoast.com\/wordpress\/plugins\/seo\/ -->\n<title>Pre\u0161ernov dan praznujejo tudi zamejski Slovenci v Avstriji, Italiji in na Mad\u017earskem - Hudo Slovenija<\/title>\n<meta name=\"robots\" content=\"index, follow, max-snippet:-1, max-image-preview:large, max-video-preview:-1\" \/>\n<link rel=\"canonical\" href=\"https:\/\/hudo.com\/si\/aktualno\/presernov-dan-praznujejo-tudi-zamejski-slovenci-v-avstriji-italiji-na-madzarskem\/\" \/>\n<meta property=\"og:locale\" content=\"sl_SI\" \/>\n<meta property=\"og:type\" content=\"article\" \/>\n<meta property=\"og:title\" content=\"Pre\u0161ernov dan praznujejo tudi zamejski Slovenci v Avstriji, Italiji in na Mad\u017earskem - Hudo Slovenija\" \/>\n<meta property=\"og:description\" content=\"Franceta Pre\u0161erna se spominjajo tudi zamejski Slovenci v Avstriji, Italiji in na Mad\u017earskem. Osrednja koro\u0161ka proslava v Celovcu je bila \u017ee v torek, sledijo \u0161e prireditve v \u0160mihelu, \u017delezni Kapli in Ro\u017eeku. Osrednja Pre\u0161ernova prireditev Slovencev v Italiji bo v nedeljo v \u010cedadu, takrat bodo Pre\u0161ernov dan po\u010dastili tudi porabski Slovenci.\" \/>\n<meta property=\"og:url\" content=\"https:\/\/hudo.com\/si\/aktualno\/presernov-dan-praznujejo-tudi-zamejski-slovenci-v-avstriji-italiji-na-madzarskem\/\" \/>\n<meta property=\"og:site_name\" content=\"Hudo Slovenija\" \/>\n<meta property=\"article:publisher\" content=\"https:\/\/www.facebook.com\/hudo.si\" \/>\n<meta property=\"article:published_time\" content=\"2019-02-07T08:12:55+00:00\" \/>\n<meta property=\"og:image\" content=\"https:\/\/hudo.com\/si\/wp-content\/uploads\/sites\/2\/2017\/02\/profimedia-0134460650.jpg\" \/>\n\t<meta property=\"og:image:width\" content=\"1250\" \/>\n\t<meta property=\"og:image:height\" content=\"831\" \/>\n\t<meta property=\"og:image:type\" content=\"image\/jpeg\" \/>\n<meta name=\"author\" content=\"M. N., STA\" \/>\n<meta name=\"twitter:card\" content=\"summary_large_image\" \/>\n<meta name=\"twitter:creator\" content=\"@hudo_si\" \/>\n<meta name=\"twitter:site\" content=\"@hudo_si\" \/>\n<meta name=\"twitter:label1\" content=\"Written by\" \/>\n\t<meta name=\"twitter:data1\" content=\"M. N., STA\" \/>\n\t<meta name=\"twitter:label2\" content=\"Est. reading time\" \/>\n\t<meta name=\"twitter:data2\" content=\"2 minuti\" \/>\n<script type=\"application\/ld+json\" class=\"yoast-schema-graph\">{\"@context\":\"https:\/\/schema.org\",\"@graph\":[{\"@type\":\"Article\",\"@id\":\"https:\/\/hudo.com\/si\/aktualno\/presernov-dan-praznujejo-tudi-zamejski-slovenci-v-avstriji-italiji-na-madzarskem\/#article\",\"isPartOf\":{\"@id\":\"https:\/\/hudo.com\/si\/aktualno\/presernov-dan-praznujejo-tudi-zamejski-slovenci-v-avstriji-italiji-na-madzarskem\/\"},\"author\":{\"name\":\"M. N., STA\",\"@id\":\"https:\/\/hudo.com\/si\/#\/schema\/person\/c2f10ce65d2e6ede2aeda5be2a0611fa\"},\"headline\":\"Pre\u0161ernov dan praznujejo tudi zamejski Slovenci v Avstriji, Italiji in na Mad\u017earskem\",\"datePublished\":\"2019-02-07T08:12:55+00:00\",\"dateModified\":\"2019-02-07T08:12:55+00:00\",\"mainEntityOfPage\":{\"@id\":\"https:\/\/hudo.com\/si\/aktualno\/presernov-dan-praznujejo-tudi-zamejski-slovenci-v-avstriji-italiji-na-madzarskem\/\"},\"wordCount\":503,\"publisher\":{\"@id\":\"https:\/\/hudo.com\/si\/#organization\"},\"keywords\":[\"pre\u0161ernov dan\",\"Slovenija\",\"Zamejski Slovenci\"],\"articleSection\":[\"Aktualno\"],\"inLanguage\":\"sl-SI\"},{\"@type\":\"WebPage\",\"@id\":\"https:\/\/hudo.com\/si\/aktualno\/presernov-dan-praznujejo-tudi-zamejski-slovenci-v-avstriji-italiji-na-madzarskem\/\",\"url\":\"https:\/\/hudo.com\/si\/aktualno\/presernov-dan-praznujejo-tudi-zamejski-slovenci-v-avstriji-italiji-na-madzarskem\/\",\"name\":\"Pre\u0161ernov dan praznujejo tudi zamejski Slovenci v Avstriji, Italiji in na Mad\u017earskem - Hudo Slovenija\",\"isPartOf\":{\"@id\":\"https:\/\/hudo.com\/si\/#website\"},\"datePublished\":\"2019-02-07T08:12:55+00:00\",\"dateModified\":\"2019-02-07T08:12:55+00:00\",\"breadcrumb\":{\"@id\":\"https:\/\/hudo.com\/si\/aktualno\/presernov-dan-praznujejo-tudi-zamejski-slovenci-v-avstriji-italiji-na-madzarskem\/#breadcrumb\"},\"inLanguage\":\"sl-SI\",\"potentialAction\":[{\"@type\":\"ReadAction\",\"target\":[\"https:\/\/hudo.com\/si\/aktualno\/presernov-dan-praznujejo-tudi-zamejski-slovenci-v-avstriji-italiji-na-madzarskem\/\"]}]},{\"@type\":\"BreadcrumbList\",\"@id\":\"https:\/\/hudo.com\/si\/aktualno\/presernov-dan-praznujejo-tudi-zamejski-slovenci-v-avstriji-italiji-na-madzarskem\/#breadcrumb\",\"itemListElement\":[{\"@type\":\"ListItem\",\"position\":1,\"name\":\"Home\",\"item\":\"https:\/\/hudo.com\/si\/\"},{\"@type\":\"ListItem\",\"position\":2,\"name\":\"Pre\u0161ernov dan praznujejo tudi zamejski Slovenci v Avstriji, Italiji in na Mad\u017earskem\"}]},{\"@type\":\"WebSite\",\"@id\":\"https:\/\/hudo.com\/si\/#website\",\"url\":\"https:\/\/hudo.com\/si\/\",\"name\":\"Hudo Slovenija\",\"description\":\"Vse novice iz Slovenije in sveta\",\"publisher\":{\"@id\":\"https:\/\/hudo.com\/si\/#organization\"},\"potentialAction\":[{\"@type\":\"SearchAction\",\"target\":{\"@type\":\"EntryPoint\",\"urlTemplate\":\"https:\/\/hudo.com\/si\/?s={search_term_string}\"},\"query-input\":\"required name=search_term_string\"}],\"inLanguage\":\"sl-SI\"},{\"@type\":\"Organization\",\"@id\":\"https:\/\/hudo.com\/si\/#organization\",\"name\":\"VSN Media\",\"url\":\"https:\/\/hudo.com\/si\/\",\"logo\":{\"@type\":\"ImageObject\",\"inLanguage\":\"sl-SI\",\"@id\":\"https:\/\/hudo.com\/si\/#\/schema\/logo\/image\/\",\"url\":\"https:\/\/hudo.com\/si\/wp-content\/uploads\/sites\/2\/2021\/03\/hudo-app-2.png\",\"contentUrl\":\"https:\/\/hudo.com\/si\/wp-content\/uploads\/sites\/2\/2021\/03\/hudo-app-2.png\",\"width\":2185,\"height\":2167,\"caption\":\"VSN Media\"},\"image\":{\"@id\":\"https:\/\/hudo.com\/si\/#\/schema\/logo\/image\/\"},\"sameAs\":[\"https:\/\/www.facebook.com\/hudo.si\",\"https:\/\/twitter.com\/hudo_si\"]},{\"@type\":\"Person\",\"@id\":\"https:\/\/hudo.com\/si\/#\/schema\/person\/c2f10ce65d2e6ede2aeda5be2a0611fa\",\"name\":\"M. N., STA\",\"image\":{\"@type\":\"ImageObject\",\"inLanguage\":\"sl-SI\",\"@id\":\"https:\/\/hudo.com\/si\/#\/schema\/person\/image\/\",\"url\":\"https:\/\/secure.gravatar.com\/avatar\/f370d38daa10467f755c5c766a4cac20?s=96&d=mm&r=g\",\"contentUrl\":\"https:\/\/secure.gravatar.com\/avatar\/f370d38daa10467f755c5c766a4cac20?s=96&d=mm&r=g\",\"caption\":\"M. N., STA\"},\"url\":\"https:\/\/hudo.com\/si\/author\/mana\/\"}]}<\/script>\n<!-- \/ Yoast SEO plugin. -->","yoast_head_json":{"title":"Pre\u0161ernov dan praznujejo tudi zamejski Slovenci v Avstriji, Italiji in na Mad\u017earskem - Hudo Slovenija","robots":{"index":"index","follow":"follow","max-snippet":"max-snippet:-1","max-image-preview":"max-image-preview:large","max-video-preview":"max-video-preview:-1"},"canonical":"https:\/\/hudo.com\/si\/aktualno\/presernov-dan-praznujejo-tudi-zamejski-slovenci-v-avstriji-italiji-na-madzarskem\/","og_locale":"sl_SI","og_type":"article","og_title":"Pre\u0161ernov dan praznujejo tudi zamejski Slovenci v Avstriji, Italiji in na Mad\u017earskem - Hudo Slovenija","og_description":"Franceta Pre\u0161erna se spominjajo tudi zamejski Slovenci v Avstriji, Italiji in na Mad\u017earskem. Osrednja koro\u0161ka proslava v Celovcu je bila \u017ee v torek, sledijo \u0161e prireditve v \u0160mihelu, \u017delezni Kapli in Ro\u017eeku. Osrednja Pre\u0161ernova prireditev Slovencev v Italiji bo v nedeljo v \u010cedadu, takrat bodo Pre\u0161ernov dan po\u010dastili tudi porabski Slovenci.","og_url":"https:\/\/hudo.com\/si\/aktualno\/presernov-dan-praznujejo-tudi-zamejski-slovenci-v-avstriji-italiji-na-madzarskem\/","og_site_name":"Hudo Slovenija","article_publisher":"https:\/\/www.facebook.com\/hudo.si","article_published_time":"2019-02-07T08:12:55+00:00","og_image":[{"width":1250,"height":831,"url":"https:\/\/hudo.com\/si\/wp-content\/uploads\/sites\/2\/2017\/02\/profimedia-0134460650.jpg","type":"image\/jpeg"}],"author":"M. N., STA","twitter_card":"summary_large_image","twitter_creator":"@hudo_si","twitter_site":"@hudo_si","twitter_misc":{"Written by":"M. N., STA","Est. reading time":"2 minuti"},"schema":{"@context":"https:\/\/schema.org","@graph":[{"@type":"Article","@id":"https:\/\/hudo.com\/si\/aktualno\/presernov-dan-praznujejo-tudi-zamejski-slovenci-v-avstriji-italiji-na-madzarskem\/#article","isPartOf":{"@id":"https:\/\/hudo.com\/si\/aktualno\/presernov-dan-praznujejo-tudi-zamejski-slovenci-v-avstriji-italiji-na-madzarskem\/"},"author":{"name":"M. N., STA","@id":"https:\/\/hudo.com\/si\/#\/schema\/person\/c2f10ce65d2e6ede2aeda5be2a0611fa"},"headline":"Pre\u0161ernov dan praznujejo tudi zamejski Slovenci v Avstriji, Italiji in na Mad\u017earskem","datePublished":"2019-02-07T08:12:55+00:00","dateModified":"2019-02-07T08:12:55+00:00","mainEntityOfPage":{"@id":"https:\/\/hudo.com\/si\/aktualno\/presernov-dan-praznujejo-tudi-zamejski-slovenci-v-avstriji-italiji-na-madzarskem\/"},"wordCount":503,"publisher":{"@id":"https:\/\/hudo.com\/si\/#organization"},"keywords":["pre\u0161ernov dan","Slovenija","Zamejski Slovenci"],"articleSection":["Aktualno"],"inLanguage":"sl-SI"},{"@type":"WebPage","@id":"https:\/\/hudo.com\/si\/aktualno\/presernov-dan-praznujejo-tudi-zamejski-slovenci-v-avstriji-italiji-na-madzarskem\/","url":"https:\/\/hudo.com\/si\/aktualno\/presernov-dan-praznujejo-tudi-zamejski-slovenci-v-avstriji-italiji-na-madzarskem\/","name":"Pre\u0161ernov dan praznujejo tudi zamejski Slovenci v Avstriji, Italiji in na Mad\u017earskem - Hudo Slovenija","isPartOf":{"@id":"https:\/\/hudo.com\/si\/#website"},"datePublished":"2019-02-07T08:12:55+00:00","dateModified":"2019-02-07T08:12:55+00:00","breadcrumb":{"@id":"https:\/\/hudo.com\/si\/aktualno\/presernov-dan-praznujejo-tudi-zamejski-slovenci-v-avstriji-italiji-na-madzarskem\/#breadcrumb"},"inLanguage":"sl-SI","potentialAction":[{"@type":"ReadAction","target":["https:\/\/hudo.com\/si\/aktualno\/presernov-dan-praznujejo-tudi-zamejski-slovenci-v-avstriji-italiji-na-madzarskem\/"]}]},{"@type":"BreadcrumbList","@id":"https:\/\/hudo.com\/si\/aktualno\/presernov-dan-praznujejo-tudi-zamejski-slovenci-v-avstriji-italiji-na-madzarskem\/#breadcrumb","itemListElement":[{"@type":"ListItem","position":1,"name":"Home","item":"https:\/\/hudo.com\/si\/"},{"@type":"ListItem","position":2,"name":"Pre\u0161ernov dan praznujejo tudi zamejski Slovenci v Avstriji, Italiji in na Mad\u017earskem"}]},{"@type":"WebSite","@id":"https:\/\/hudo.com\/si\/#website","url":"https:\/\/hudo.com\/si\/","name":"Hudo Slovenija","description":"Vse novice iz Slovenije in sveta","publisher":{"@id":"https:\/\/hudo.com\/si\/#organization"},"potentialAction":[{"@type":"SearchAction","target":{"@type":"EntryPoint","urlTemplate":"https:\/\/hudo.com\/si\/?s={search_term_string}"},"query-input":"required name=search_term_string"}],"inLanguage":"sl-SI"},{"@type":"Organization","@id":"https:\/\/hudo.com\/si\/#organization","name":"VSN Media","url":"https:\/\/hudo.com\/si\/","logo":{"@type":"ImageObject","inLanguage":"sl-SI","@id":"https:\/\/hudo.com\/si\/#\/schema\/logo\/image\/","url":"https:\/\/hudo.com\/si\/wp-content\/uploads\/sites\/2\/2021\/03\/hudo-app-2.png","contentUrl":"https:\/\/hudo.com\/si\/wp-content\/uploads\/sites\/2\/2021\/03\/hudo-app-2.png","width":2185,"height":2167,"caption":"VSN Media"},"image":{"@id":"https:\/\/hudo.com\/si\/#\/schema\/logo\/image\/"},"sameAs":["https:\/\/www.facebook.com\/hudo.si","https:\/\/twitter.com\/hudo_si"]},{"@type":"Person","@id":"https:\/\/hudo.com\/si\/#\/schema\/person\/c2f10ce65d2e6ede2aeda5be2a0611fa","name":"M. N., STA","image":{"@type":"ImageObject","inLanguage":"sl-SI","@id":"https:\/\/hudo.com\/si\/#\/schema\/person\/image\/","url":"https:\/\/secure.gravatar.com\/avatar\/f370d38daa10467f755c5c766a4cac20?s=96&d=mm&r=g","contentUrl":"https:\/\/secure.gravatar.com\/avatar\/f370d38daa10467f755c5c766a4cac20?s=96&d=mm&r=g","caption":"M. N., STA"},"url":"https:\/\/hudo.com\/si\/author\/mana\/"}]}},"amp_enabled":true,"_links":{"self":[{"href":"https:\/\/hudo.com\/si\/wp-json\/wp\/v2\/posts\/392493"}],"collection":[{"href":"https:\/\/hudo.com\/si\/wp-json\/wp\/v2\/posts"}],"about":[{"href":"https:\/\/hudo.com\/si\/wp-json\/wp\/v2\/types\/post"}],"author":[{"embeddable":true,"href":"https:\/\/hudo.com\/si\/wp-json\/wp\/v2\/users\/8"}],"replies":[{"embeddable":true,"href":"https:\/\/hudo.com\/si\/wp-json\/wp\/v2\/comments?post=392493"}],"version-history":[{"count":1,"href":"https:\/\/hudo.com\/si\/wp-json\/wp\/v2\/posts\/392493\/revisions"}],"predecessor-version":[{"id":392494,"href":"https:\/\/hudo.com\/si\/wp-json\/wp\/v2\/posts\/392493\/revisions\/392494"}],"wp:featuredmedia":[{"embeddable":true,"href":"https:\/\/hudo.com\/si\/wp-json\/wp\/v2\/media\/206324"}],"wp:attachment":[{"href":"https:\/\/hudo.com\/si\/wp-json\/wp\/v2\/media?parent=392493"}],"wp:term":[{"taxonomy":"category","embeddable":true,"href":"https:\/\/hudo.com\/si\/wp-json\/wp\/v2\/categories?post=392493"},{"taxonomy":"post_tag","embeddable":true,"href":"https:\/\/hudo.com\/si\/wp-json\/wp\/v2\/tags?post=392493"},{"taxonomy":"source","embeddable":true,"href":"https:\/\/hudo.com\/si\/wp-json\/wp\/v2\/source?post=392493"},{"taxonomy":"supertag","embeddable":true,"href":"https:\/\/hudo.com\/si\/wp-json\/wp\/v2\/supertag?post=392493"}],"curies":[{"name":"wp","href":"https:\/\/api.w.org\/{rel}","templated":true}]}}