{"id":392655,"date":"2019-02-10T15:33:02","date_gmt":"2019-02-10T14:33:02","guid":{"rendered":"http:\/\/hudo.com\/si\/?p=392655"},"modified":"2019-02-10T15:33:03","modified_gmt":"2019-02-10T14:33:03","slug":"sef-mariborskih-kriminalistov-munda-vozil-pod-vplivom-alkohola-bezal-pred-policisti","status":"publish","type":"post","link":"https:\/\/hudo.com\/si\/aktualno\/sef-mariborskih-kriminalistov-munda-vozil-pod-vplivom-alkohola-bezal-pred-policisti\/","title":{"rendered":"\u0160ef mariborskih kriminalistov Munda vozil pod vplivom alkohola in be\u017eal pred policisti"},"content":{"rendered":"<div class=\"text\">\n<p>Tiskovni predstavnik Policijske uprave Maribor Miran \u0160adl je za portal potrdil, da so policisti policijske postaje Ra\u010de v petek ob 01.56 na regionalni cesti v Spodnjih Ho\u010dah ustavili 50-letnega voznika osebnega vozila.<\/p>\n<p>&#8220;Odredili so mu in nato opravili preizkus alkoholiziranosti v izdihanem zraku z elektronskim alkotestom, ki je pokazal, da je imel v organizmu 0,51 mg\/l alkohola. Vozniku so policisti zaradi vo\u017enje pod vplivom alkohola izrekli globo v vi\u0161ini 900 evrov in 16 kazenskih to\u010dk. Isto\u010dasno so mu za 24 ur odvzeli vozni\u0161ko dovoljenje. Nadaljnjo vo\u017enjo so mu prepovedali. Ker si je voznik uredil prevoz domov, ga policisti niso pridr\u017eali. Po na\u0161em vedenju je globo \u017ee poravnal,&#8221; je zapisa \u0160adl.<\/p>\n<p>Imena kr\u0161itelja na Policijski upravi Maribor zaradi dolo\u010dil zakona o varstvu osebnih podatkov niso \u017eeleli razkriti, so pa potrdili, da je \u0161lo za njihovega uslu\u017ebenca.<\/p>\n<p>&#8220;Ker v policiji do takih prekr\u0161kov nimamo tolerance oz. je ta ni\u010delna, bo direktor Policijske uprave Maribor Danijel Lorbek zoper njega uvedel notranjevarnostni postopek. Navedena kr\u0161itev pa, ker je bila storjena izven delovnega \u010dasa, ni take narave, da bi bila potrebna odstranitev delavca z dela. Po zaklju\u010denem notranjevarnostnem postopku pa bo sprejeta odlo\u010ditev o ustreznem delovnopravnem ukrepu,&#8221; so \u0161e zapisali.<\/p>\n<p>Po informacijah portala naj bi Munda sprva sku\u0161al tudi pobegniti, \u010desar na PU Maribor niso komentirali.<\/p>\n<p>\u0160e dovoljena meja za vo\u017enjo pod vplivom alkohola je sicer 0,24 miligrama alkohola na liter izdihanega zraka (mg\/l).<\/p>\n<\/div>\n","protected":false},"excerpt":{"rendered":"<p>Prometni policisti so v petek med rutinskim pregledom ustavili \u0161efa mariborskih kriminalistov Roberta Mundo, alkotest pa je pokazal, da je vozil pod vplivom alkohola, poro\u010da spletni portal \u0160kandal24. Na PU Maribor so potrdili, da je \u0161lo za njihovega uslu\u017ebenca, zoper katerega so \u017ee uvedli postopek, ne razkrivajo pa, ali gre za Mundo.<\/p>\n","protected":false},"author":5,"featured_media":392656,"comment_status":"closed","ping_status":"closed","sticky":false,"template":"","format":"standard","meta":{"footnotes":""},"categories":[1179],"tags":[5163,1728,12986,1595,6420],"source":[4511],"supertag":[7150],"acf":[],"yoast_head":"<!-- This site is optimized with the Yoast SEO plugin v21.3 - https:\/\/yoast.com\/wordpress\/plugins\/seo\/ -->\n<title>\u0160ef mariborskih kriminalistov Munda vozil pod vplivom alkohola in be\u017eal pred policisti - Hudo Slovenija<\/title>\n<meta name=\"robots\" content=\"index, follow, max-snippet:-1, max-image-preview:large, max-video-preview:-1\" \/>\n<link rel=\"canonical\" href=\"https:\/\/hudo.com\/si\/aktualno\/sef-mariborskih-kriminalistov-munda-vozil-pod-vplivom-alkohola-bezal-pred-policisti\/\" \/>\n<meta property=\"og:locale\" content=\"sl_SI\" \/>\n<meta property=\"og:type\" content=\"article\" \/>\n<meta property=\"og:title\" content=\"\u0160ef mariborskih kriminalistov Munda vozil pod vplivom alkohola in be\u017eal pred policisti - Hudo Slovenija\" \/>\n<meta property=\"og:description\" content=\"Prometni policisti so v petek med rutinskim pregledom ustavili \u0161efa mariborskih kriminalistov Roberta Mundo, alkotest pa je pokazal, da je vozil pod vplivom alkohola, poro\u010da spletni portal \u0160kandal24. Na PU Maribor so potrdili, da je \u0161lo za njihovega uslu\u017ebenca, zoper katerega so \u017ee uvedli postopek, ne razkrivajo pa, ali gre za Mundo.\" \/>\n<meta property=\"og:url\" content=\"https:\/\/hudo.com\/si\/aktualno\/sef-mariborskih-kriminalistov-munda-vozil-pod-vplivom-alkohola-bezal-pred-policisti\/\" \/>\n<meta property=\"og:site_name\" content=\"Hudo Slovenija\" \/>\n<meta property=\"article:publisher\" content=\"https:\/\/www.facebook.com\/hudo.si\" \/>\n<meta property=\"article:published_time\" content=\"2019-02-10T14:33:02+00:00\" \/>\n<meta property=\"article:modified_time\" content=\"2019-02-10T14:33:03+00:00\" \/>\n<meta property=\"og:image\" content=\"https:\/\/hudo.com\/si\/wp-content\/uploads\/sites\/2\/2019\/02\/20180906-00881302.jpg\" \/>\n\t<meta property=\"og:image:width\" content=\"640\" \/>\n\t<meta property=\"og:image:height\" content=\"427\" \/>\n\t<meta property=\"og:image:type\" content=\"image\/jpeg\" \/>\n<meta name=\"author\" content=\"A. G., STA\" \/>\n<meta name=\"twitter:card\" content=\"summary_large_image\" \/>\n<meta name=\"twitter:creator\" content=\"@hudo_si\" \/>\n<meta name=\"twitter:site\" content=\"@hudo_si\" \/>\n<meta name=\"twitter:label1\" content=\"Written by\" \/>\n\t<meta name=\"twitter:data1\" content=\"A. G., STA\" \/>\n\t<meta name=\"twitter:label2\" content=\"Est. reading time\" \/>\n\t<meta name=\"twitter:data2\" content=\"1 minuta\" \/>\n<script type=\"application\/ld+json\" class=\"yoast-schema-graph\">{\"@context\":\"https:\/\/schema.org\",\"@graph\":[{\"@type\":\"Article\",\"@id\":\"https:\/\/hudo.com\/si\/aktualno\/sef-mariborskih-kriminalistov-munda-vozil-pod-vplivom-alkohola-bezal-pred-policisti\/#article\",\"isPartOf\":{\"@id\":\"https:\/\/hudo.com\/si\/aktualno\/sef-mariborskih-kriminalistov-munda-vozil-pod-vplivom-alkohola-bezal-pred-policisti\/\"},\"author\":{\"name\":\"A. G., STA\",\"@id\":\"https:\/\/hudo.com\/si\/#\/schema\/person\/2391667a63ea075ba94f2f2dc6b77537\"},\"headline\":\"\u0160ef mariborskih kriminalistov Munda vozil pod vplivom alkohola in be\u017eal pred policisti\",\"datePublished\":\"2019-02-10T14:33:02+00:00\",\"dateModified\":\"2019-02-10T14:33:03+00:00\",\"mainEntityOfPage\":{\"@id\":\"https:\/\/hudo.com\/si\/aktualno\/sef-mariborskih-kriminalistov-munda-vozil-pod-vplivom-alkohola-bezal-pred-policisti\/\"},\"wordCount\":258,\"publisher\":{\"@id\":\"https:\/\/hudo.com\/si\/#organization\"},\"keywords\":[\"incident\",\"policija\",\"Robert Munda\",\"Slovenija\",\"vo\u017enja pod vplivom alkohola\"],\"articleSection\":[\"Aktualno\"],\"inLanguage\":\"sl-SI\"},{\"@type\":\"WebPage\",\"@id\":\"https:\/\/hudo.com\/si\/aktualno\/sef-mariborskih-kriminalistov-munda-vozil-pod-vplivom-alkohola-bezal-pred-policisti\/\",\"url\":\"https:\/\/hudo.com\/si\/aktualno\/sef-mariborskih-kriminalistov-munda-vozil-pod-vplivom-alkohola-bezal-pred-policisti\/\",\"name\":\"\u0160ef mariborskih kriminalistov Munda vozil pod vplivom alkohola in be\u017eal pred policisti - Hudo Slovenija\",\"isPartOf\":{\"@id\":\"https:\/\/hudo.com\/si\/#website\"},\"datePublished\":\"2019-02-10T14:33:02+00:00\",\"dateModified\":\"2019-02-10T14:33:03+00:00\",\"breadcrumb\":{\"@id\":\"https:\/\/hudo.com\/si\/aktualno\/sef-mariborskih-kriminalistov-munda-vozil-pod-vplivom-alkohola-bezal-pred-policisti\/#breadcrumb\"},\"inLanguage\":\"sl-SI\",\"potentialAction\":[{\"@type\":\"ReadAction\",\"target\":[\"https:\/\/hudo.com\/si\/aktualno\/sef-mariborskih-kriminalistov-munda-vozil-pod-vplivom-alkohola-bezal-pred-policisti\/\"]}]},{\"@type\":\"BreadcrumbList\",\"@id\":\"https:\/\/hudo.com\/si\/aktualno\/sef-mariborskih-kriminalistov-munda-vozil-pod-vplivom-alkohola-bezal-pred-policisti\/#breadcrumb\",\"itemListElement\":[{\"@type\":\"ListItem\",\"position\":1,\"name\":\"Home\",\"item\":\"https:\/\/hudo.com\/si\/\"},{\"@type\":\"ListItem\",\"position\":2,\"name\":\"\u0160ef mariborskih kriminalistov Munda vozil pod vplivom alkohola in be\u017eal pred policisti\"}]},{\"@type\":\"WebSite\",\"@id\":\"https:\/\/hudo.com\/si\/#website\",\"url\":\"https:\/\/hudo.com\/si\/\",\"name\":\"Hudo Slovenija\",\"description\":\"Vse novice iz Slovenije in sveta\",\"publisher\":{\"@id\":\"https:\/\/hudo.com\/si\/#organization\"},\"potentialAction\":[{\"@type\":\"SearchAction\",\"target\":{\"@type\":\"EntryPoint\",\"urlTemplate\":\"https:\/\/hudo.com\/si\/?s={search_term_string}\"},\"query-input\":\"required name=search_term_string\"}],\"inLanguage\":\"sl-SI\"},{\"@type\":\"Organization\",\"@id\":\"https:\/\/hudo.com\/si\/#organization\",\"name\":\"VSN Media\",\"url\":\"https:\/\/hudo.com\/si\/\",\"logo\":{\"@type\":\"ImageObject\",\"inLanguage\":\"sl-SI\",\"@id\":\"https:\/\/hudo.com\/si\/#\/schema\/logo\/image\/\",\"url\":\"https:\/\/hudo.com\/si\/wp-content\/uploads\/sites\/2\/2021\/03\/hudo-app-2.png\",\"contentUrl\":\"https:\/\/hudo.com\/si\/wp-content\/uploads\/sites\/2\/2021\/03\/hudo-app-2.png\",\"width\":2185,\"height\":2167,\"caption\":\"VSN Media\"},\"image\":{\"@id\":\"https:\/\/hudo.com\/si\/#\/schema\/logo\/image\/\"},\"sameAs\":[\"https:\/\/www.facebook.com\/hudo.si\",\"https:\/\/twitter.com\/hudo_si\"]},{\"@type\":\"Person\",\"@id\":\"https:\/\/hudo.com\/si\/#\/schema\/person\/2391667a63ea075ba94f2f2dc6b77537\",\"name\":\"A. G., STA\",\"image\":{\"@type\":\"ImageObject\",\"inLanguage\":\"sl-SI\",\"@id\":\"https:\/\/hudo.com\/si\/#\/schema\/person\/image\/\",\"url\":\"https:\/\/secure.gravatar.com\/avatar\/e13d22ac3e442658d5025fbbe6238a79?s=96&d=mm&r=g\",\"contentUrl\":\"https:\/\/secure.gravatar.com\/avatar\/e13d22ac3e442658d5025fbbe6238a79?s=96&d=mm&r=g\",\"caption\":\"A. G., STA\"},\"url\":\"https:\/\/hudo.com\/si\/author\/alenka\/\"}]}<\/script>\n<!-- \/ Yoast SEO plugin. -->","yoast_head_json":{"title":"\u0160ef mariborskih kriminalistov Munda vozil pod vplivom alkohola in be\u017eal pred policisti - Hudo Slovenija","robots":{"index":"index","follow":"follow","max-snippet":"max-snippet:-1","max-image-preview":"max-image-preview:large","max-video-preview":"max-video-preview:-1"},"canonical":"https:\/\/hudo.com\/si\/aktualno\/sef-mariborskih-kriminalistov-munda-vozil-pod-vplivom-alkohola-bezal-pred-policisti\/","og_locale":"sl_SI","og_type":"article","og_title":"\u0160ef mariborskih kriminalistov Munda vozil pod vplivom alkohola in be\u017eal pred policisti - Hudo Slovenija","og_description":"Prometni policisti so v petek med rutinskim pregledom ustavili \u0161efa mariborskih kriminalistov Roberta Mundo, alkotest pa je pokazal, da je vozil pod vplivom alkohola, poro\u010da spletni portal \u0160kandal24. Na PU Maribor so potrdili, da je \u0161lo za njihovega uslu\u017ebenca, zoper katerega so \u017ee uvedli postopek, ne razkrivajo pa, ali gre za Mundo.","og_url":"https:\/\/hudo.com\/si\/aktualno\/sef-mariborskih-kriminalistov-munda-vozil-pod-vplivom-alkohola-bezal-pred-policisti\/","og_site_name":"Hudo Slovenija","article_publisher":"https:\/\/www.facebook.com\/hudo.si","article_published_time":"2019-02-10T14:33:02+00:00","article_modified_time":"2019-02-10T14:33:03+00:00","og_image":[{"width":640,"height":427,"url":"https:\/\/hudo.com\/si\/wp-content\/uploads\/sites\/2\/2019\/02\/20180906-00881302.jpg","type":"image\/jpeg"}],"author":"A. G., STA","twitter_card":"summary_large_image","twitter_creator":"@hudo_si","twitter_site":"@hudo_si","twitter_misc":{"Written by":"A. G., STA","Est. reading time":"1 minuta"},"schema":{"@context":"https:\/\/schema.org","@graph":[{"@type":"Article","@id":"https:\/\/hudo.com\/si\/aktualno\/sef-mariborskih-kriminalistov-munda-vozil-pod-vplivom-alkohola-bezal-pred-policisti\/#article","isPartOf":{"@id":"https:\/\/hudo.com\/si\/aktualno\/sef-mariborskih-kriminalistov-munda-vozil-pod-vplivom-alkohola-bezal-pred-policisti\/"},"author":{"name":"A. G., STA","@id":"https:\/\/hudo.com\/si\/#\/schema\/person\/2391667a63ea075ba94f2f2dc6b77537"},"headline":"\u0160ef mariborskih kriminalistov Munda vozil pod vplivom alkohola in be\u017eal pred policisti","datePublished":"2019-02-10T14:33:02+00:00","dateModified":"2019-02-10T14:33:03+00:00","mainEntityOfPage":{"@id":"https:\/\/hudo.com\/si\/aktualno\/sef-mariborskih-kriminalistov-munda-vozil-pod-vplivom-alkohola-bezal-pred-policisti\/"},"wordCount":258,"publisher":{"@id":"https:\/\/hudo.com\/si\/#organization"},"keywords":["incident","policija","Robert Munda","Slovenija","vo\u017enja pod vplivom alkohola"],"articleSection":["Aktualno"],"inLanguage":"sl-SI"},{"@type":"WebPage","@id":"https:\/\/hudo.com\/si\/aktualno\/sef-mariborskih-kriminalistov-munda-vozil-pod-vplivom-alkohola-bezal-pred-policisti\/","url":"https:\/\/hudo.com\/si\/aktualno\/sef-mariborskih-kriminalistov-munda-vozil-pod-vplivom-alkohola-bezal-pred-policisti\/","name":"\u0160ef mariborskih kriminalistov Munda vozil pod vplivom alkohola in be\u017eal pred policisti - Hudo Slovenija","isPartOf":{"@id":"https:\/\/hudo.com\/si\/#website"},"datePublished":"2019-02-10T14:33:02+00:00","dateModified":"2019-02-10T14:33:03+00:00","breadcrumb":{"@id":"https:\/\/hudo.com\/si\/aktualno\/sef-mariborskih-kriminalistov-munda-vozil-pod-vplivom-alkohola-bezal-pred-policisti\/#breadcrumb"},"inLanguage":"sl-SI","potentialAction":[{"@type":"ReadAction","target":["https:\/\/hudo.com\/si\/aktualno\/sef-mariborskih-kriminalistov-munda-vozil-pod-vplivom-alkohola-bezal-pred-policisti\/"]}]},{"@type":"BreadcrumbList","@id":"https:\/\/hudo.com\/si\/aktualno\/sef-mariborskih-kriminalistov-munda-vozil-pod-vplivom-alkohola-bezal-pred-policisti\/#breadcrumb","itemListElement":[{"@type":"ListItem","position":1,"name":"Home","item":"https:\/\/hudo.com\/si\/"},{"@type":"ListItem","position":2,"name":"\u0160ef mariborskih kriminalistov Munda vozil pod vplivom alkohola in be\u017eal pred policisti"}]},{"@type":"WebSite","@id":"https:\/\/hudo.com\/si\/#website","url":"https:\/\/hudo.com\/si\/","name":"Hudo Slovenija","description":"Vse novice iz Slovenije in sveta","publisher":{"@id":"https:\/\/hudo.com\/si\/#organization"},"potentialAction":[{"@type":"SearchAction","target":{"@type":"EntryPoint","urlTemplate":"https:\/\/hudo.com\/si\/?s={search_term_string}"},"query-input":"required name=search_term_string"}],"inLanguage":"sl-SI"},{"@type":"Organization","@id":"https:\/\/hudo.com\/si\/#organization","name":"VSN Media","url":"https:\/\/hudo.com\/si\/","logo":{"@type":"ImageObject","inLanguage":"sl-SI","@id":"https:\/\/hudo.com\/si\/#\/schema\/logo\/image\/","url":"https:\/\/hudo.com\/si\/wp-content\/uploads\/sites\/2\/2021\/03\/hudo-app-2.png","contentUrl":"https:\/\/hudo.com\/si\/wp-content\/uploads\/sites\/2\/2021\/03\/hudo-app-2.png","width":2185,"height":2167,"caption":"VSN Media"},"image":{"@id":"https:\/\/hudo.com\/si\/#\/schema\/logo\/image\/"},"sameAs":["https:\/\/www.facebook.com\/hudo.si","https:\/\/twitter.com\/hudo_si"]},{"@type":"Person","@id":"https:\/\/hudo.com\/si\/#\/schema\/person\/2391667a63ea075ba94f2f2dc6b77537","name":"A. G., STA","image":{"@type":"ImageObject","inLanguage":"sl-SI","@id":"https:\/\/hudo.com\/si\/#\/schema\/person\/image\/","url":"https:\/\/secure.gravatar.com\/avatar\/e13d22ac3e442658d5025fbbe6238a79?s=96&d=mm&r=g","contentUrl":"https:\/\/secure.gravatar.com\/avatar\/e13d22ac3e442658d5025fbbe6238a79?s=96&d=mm&r=g","caption":"A. G., STA"},"url":"https:\/\/hudo.com\/si\/author\/alenka\/"}]}},"amp_enabled":true,"_links":{"self":[{"href":"https:\/\/hudo.com\/si\/wp-json\/wp\/v2\/posts\/392655"}],"collection":[{"href":"https:\/\/hudo.com\/si\/wp-json\/wp\/v2\/posts"}],"about":[{"href":"https:\/\/hudo.com\/si\/wp-json\/wp\/v2\/types\/post"}],"author":[{"embeddable":true,"href":"https:\/\/hudo.com\/si\/wp-json\/wp\/v2\/users\/5"}],"replies":[{"embeddable":true,"href":"https:\/\/hudo.com\/si\/wp-json\/wp\/v2\/comments?post=392655"}],"version-history":[{"count":1,"href":"https:\/\/hudo.com\/si\/wp-json\/wp\/v2\/posts\/392655\/revisions"}],"predecessor-version":[{"id":392657,"href":"https:\/\/hudo.com\/si\/wp-json\/wp\/v2\/posts\/392655\/revisions\/392657"}],"wp:featuredmedia":[{"embeddable":true,"href":"https:\/\/hudo.com\/si\/wp-json\/wp\/v2\/media\/392656"}],"wp:attachment":[{"href":"https:\/\/hudo.com\/si\/wp-json\/wp\/v2\/media?parent=392655"}],"wp:term":[{"taxonomy":"category","embeddable":true,"href":"https:\/\/hudo.com\/si\/wp-json\/wp\/v2\/categories?post=392655"},{"taxonomy":"post_tag","embeddable":true,"href":"https:\/\/hudo.com\/si\/wp-json\/wp\/v2\/tags?post=392655"},{"taxonomy":"source","embeddable":true,"href":"https:\/\/hudo.com\/si\/wp-json\/wp\/v2\/source?post=392655"},{"taxonomy":"supertag","embeddable":true,"href":"https:\/\/hudo.com\/si\/wp-json\/wp\/v2\/supertag?post=392655"}],"curies":[{"name":"wp","href":"https:\/\/api.w.org\/{rel}","templated":true}]}}