{"id":392798,"date":"2019-02-12T14:29:18","date_gmt":"2019-02-12T13:29:18","guid":{"rendered":"http:\/\/hudo.com\/si\/?p=392798"},"modified":"2019-02-12T14:29:18","modified_gmt":"2019-02-12T13:29:18","slug":"salvini-ne-razumem-slovenskega-protesta","status":"publish","type":"post","link":"https:\/\/hudo.com\/si\/aktualno\/salvini-ne-razumem-slovenskega-protesta\/","title":{"rendered":"Salvini: Ne razumem slovenskega protesta"},"content":{"rendered":"<div class=\"text\">\n<p>Salvini, ki je tudi podpredsednik italijanske vlade, se je v nedeljo v Bazovici udele\u017eil slovesnosti ob italijanskem dnevu spomina na \u017ertve fojb in eksodus Italijanov iz Istre, Reke in Dalmacije. Ob tem je preko Twitterja sporo\u010dil, da je pri\u0161el v Bazovico, da bi po\u010dastil tiso\u010de rojakov, ki so jih komunisti mu\u010dili, pobili in ve\u010dkrat \u0161e \u017eive vrgli v brezna. &#8220;Kaj je bila njihova krivda? To, da so bili Italijani. Kdor zanika, dvakrat ubije. Mi ne pozabimo,&#8221; je \u0161e zapisal.<\/p>\n<p>Premier \u0160arec je v odzivu na dogajanje v Bazovici na Twitterju zapisal, da je bil fa\u0161izem dejstvo &#8220;in imel je za cilj uni\u010denje slovenskega naroda&#8221;. Kot je \u0161e spomnil v tvitu, je v soboto govoril o \u017eelji po potvarjanju zgodovine v Sloveniji. &#8220;Enako se dogaja na italijanski strani meje. \u017dal s strani vidnih politikov, celo EU funkcionarjev,&#8221; je dodal.<\/p>\n<p>Slovesnosti v Bazovici se je udele\u017eil tudi predsednik Evropskega parlamenta Antonio Tajani, ki je izjavil, da je tiste, ki zanikajo pojav fojb in eksodusa, premagala zgodovina in da je tisti, kdor zanika ta pojav, sostorilec tistega, kar se je zgodilo. Ob tem je dodal, da naj &#8220;\u017eivi Trst, naj \u017eivi italijanska Istra, naj \u017eivi italijanska Dalmacija&#8221;. Tajani je sicer v ponedeljek izrazil ob\u017ealovanje, \u010de\u0161 da so bile njegove izjave narobe razumljene.<\/p>\n<p>Medtem pa je poslanka opozicijske Demokratske stranke in nekdanja predsednica Furlanije-Julijske krajine Deborah Serrachiani dejala, da utegnejo izjave predstavnikov desnice v Bazovici spro\u017eiti nov diplomatski spor Italije, tokrat s Slovenijo. &#8220;Ne bi si smeli izmi\u0161ljati zunanjih sovra\u017enikov, da bi prikrili doma\u010de napake ali izvajali volilno kampanjo,&#8221; je dejala po poro\u010danju Anse.<\/p>\n<p>Senatorka slovenskega rodu Tatjana Rojc pa je napovedala poslansko vpra\u0161anje italijanskemu zunanjemu ministru Moaveru Milanesiju, kaj bo storil za razjasnitev italijanskega stali\u0161\u010da v evropskem duhu, k \u010demur je pozvalo slovensko zunanje ministrstvo.<\/p>\n<\/div>\n","protected":false},"excerpt":{"rendered":"<p>Italijanski notranji minister Matteo Salvini je dejal, da ne razume, zakaj je slovenski premier Marjan \u0160arec protestiral proti njegovim izjavam. &#8220;Ne verjamem, da je otrok, ki ga je ubila nacisti\u010dna roka, druga\u010den od otroka, ki ga je ubila roka komunista,&#8221; je dejal v ponedeljek zve\u010der na italijanski televiziji, poro\u010da tiskovna agencija Ansa.<\/p>\n","protected":false},"author":5,"featured_media":392799,"comment_status":"closed","ping_status":"closed","sticky":false,"template":"","format":"standard","meta":{"footnotes":""},"categories":[1179],"tags":[1760,12991,1595],"source":[4511],"supertag":[],"acf":[],"yoast_head":"<!-- This site is optimized with the Yoast SEO plugin v21.3 - https:\/\/yoast.com\/wordpress\/plugins\/seo\/ -->\n<title>Salvini: Ne razumem slovenskega protesta - Hudo Slovenija<\/title>\n<meta name=\"robots\" content=\"index, follow, max-snippet:-1, max-image-preview:large, max-video-preview:-1\" \/>\n<link rel=\"canonical\" href=\"https:\/\/hudo.com\/si\/aktualno\/salvini-ne-razumem-slovenskega-protesta\/\" \/>\n<meta property=\"og:locale\" content=\"sl_SI\" \/>\n<meta property=\"og:type\" content=\"article\" \/>\n<meta property=\"og:title\" content=\"Salvini: Ne razumem slovenskega protesta - Hudo Slovenija\" \/>\n<meta property=\"og:description\" content=\"Italijanski notranji minister Matteo Salvini je dejal, da ne razume, zakaj je slovenski premier Marjan \u0160arec protestiral proti njegovim izjavam. &quot;Ne verjamem, da je otrok, ki ga je ubila nacisti\u010dna roka, druga\u010den od otroka, ki ga je ubila roka komunista,&quot; je dejal v ponedeljek zve\u010der na italijanski televiziji, poro\u010da tiskovna agencija Ansa.\" \/>\n<meta property=\"og:url\" content=\"https:\/\/hudo.com\/si\/aktualno\/salvini-ne-razumem-slovenskega-protesta\/\" \/>\n<meta property=\"og:site_name\" content=\"Hudo Slovenija\" \/>\n<meta property=\"article:publisher\" content=\"https:\/\/www.facebook.com\/hudo.si\" \/>\n<meta property=\"article:published_time\" content=\"2019-02-12T13:29:18+00:00\" \/>\n<meta property=\"og:image\" content=\"https:\/\/hudo.com\/si\/wp-content\/uploads\/sites\/2\/2019\/02\/profimedia-0413232271.jpg\" \/>\n\t<meta property=\"og:image:width\" content=\"1250\" \/>\n\t<meta property=\"og:image:height\" content=\"833\" \/>\n\t<meta property=\"og:image:type\" content=\"image\/jpeg\" \/>\n<meta name=\"author\" content=\"A. G., STA\" \/>\n<meta name=\"twitter:card\" content=\"summary_large_image\" \/>\n<meta name=\"twitter:creator\" content=\"@hudo_si\" \/>\n<meta name=\"twitter:site\" content=\"@hudo_si\" \/>\n<meta name=\"twitter:label1\" content=\"Written by\" \/>\n\t<meta name=\"twitter:data1\" content=\"A. G., STA\" \/>\n\t<meta name=\"twitter:label2\" content=\"Est. reading time\" \/>\n\t<meta name=\"twitter:data2\" content=\"2 minuti\" \/>\n<script type=\"application\/ld+json\" class=\"yoast-schema-graph\">{\"@context\":\"https:\/\/schema.org\",\"@graph\":[{\"@type\":\"Article\",\"@id\":\"https:\/\/hudo.com\/si\/aktualno\/salvini-ne-razumem-slovenskega-protesta\/#article\",\"isPartOf\":{\"@id\":\"https:\/\/hudo.com\/si\/aktualno\/salvini-ne-razumem-slovenskega-protesta\/\"},\"author\":{\"name\":\"A. G., STA\",\"@id\":\"https:\/\/hudo.com\/si\/#\/schema\/person\/2391667a63ea075ba94f2f2dc6b77537\"},\"headline\":\"Salvini: Ne razumem slovenskega protesta\",\"datePublished\":\"2019-02-12T13:29:18+00:00\",\"dateModified\":\"2019-02-12T13:29:18+00:00\",\"mainEntityOfPage\":{\"@id\":\"https:\/\/hudo.com\/si\/aktualno\/salvini-ne-razumem-slovenskega-protesta\/\"},\"wordCount\":315,\"publisher\":{\"@id\":\"https:\/\/hudo.com\/si\/#organization\"},\"keywords\":[\"italija\",\"matteo salvini\",\"Slovenija\"],\"articleSection\":[\"Aktualno\"],\"inLanguage\":\"sl-SI\"},{\"@type\":\"WebPage\",\"@id\":\"https:\/\/hudo.com\/si\/aktualno\/salvini-ne-razumem-slovenskega-protesta\/\",\"url\":\"https:\/\/hudo.com\/si\/aktualno\/salvini-ne-razumem-slovenskega-protesta\/\",\"name\":\"Salvini: Ne razumem slovenskega protesta - Hudo Slovenija\",\"isPartOf\":{\"@id\":\"https:\/\/hudo.com\/si\/#website\"},\"datePublished\":\"2019-02-12T13:29:18+00:00\",\"dateModified\":\"2019-02-12T13:29:18+00:00\",\"breadcrumb\":{\"@id\":\"https:\/\/hudo.com\/si\/aktualno\/salvini-ne-razumem-slovenskega-protesta\/#breadcrumb\"},\"inLanguage\":\"sl-SI\",\"potentialAction\":[{\"@type\":\"ReadAction\",\"target\":[\"https:\/\/hudo.com\/si\/aktualno\/salvini-ne-razumem-slovenskega-protesta\/\"]}]},{\"@type\":\"BreadcrumbList\",\"@id\":\"https:\/\/hudo.com\/si\/aktualno\/salvini-ne-razumem-slovenskega-protesta\/#breadcrumb\",\"itemListElement\":[{\"@type\":\"ListItem\",\"position\":1,\"name\":\"Home\",\"item\":\"https:\/\/hudo.com\/si\/\"},{\"@type\":\"ListItem\",\"position\":2,\"name\":\"Salvini: Ne razumem slovenskega protesta\"}]},{\"@type\":\"WebSite\",\"@id\":\"https:\/\/hudo.com\/si\/#website\",\"url\":\"https:\/\/hudo.com\/si\/\",\"name\":\"Hudo Slovenija\",\"description\":\"Vse novice iz Slovenije in sveta\",\"publisher\":{\"@id\":\"https:\/\/hudo.com\/si\/#organization\"},\"potentialAction\":[{\"@type\":\"SearchAction\",\"target\":{\"@type\":\"EntryPoint\",\"urlTemplate\":\"https:\/\/hudo.com\/si\/?s={search_term_string}\"},\"query-input\":\"required name=search_term_string\"}],\"inLanguage\":\"sl-SI\"},{\"@type\":\"Organization\",\"@id\":\"https:\/\/hudo.com\/si\/#organization\",\"name\":\"VSN Media\",\"url\":\"https:\/\/hudo.com\/si\/\",\"logo\":{\"@type\":\"ImageObject\",\"inLanguage\":\"sl-SI\",\"@id\":\"https:\/\/hudo.com\/si\/#\/schema\/logo\/image\/\",\"url\":\"https:\/\/hudo.com\/si\/wp-content\/uploads\/sites\/2\/2021\/03\/hudo-app-2.png\",\"contentUrl\":\"https:\/\/hudo.com\/si\/wp-content\/uploads\/sites\/2\/2021\/03\/hudo-app-2.png\",\"width\":2185,\"height\":2167,\"caption\":\"VSN Media\"},\"image\":{\"@id\":\"https:\/\/hudo.com\/si\/#\/schema\/logo\/image\/\"},\"sameAs\":[\"https:\/\/www.facebook.com\/hudo.si\",\"https:\/\/twitter.com\/hudo_si\"]},{\"@type\":\"Person\",\"@id\":\"https:\/\/hudo.com\/si\/#\/schema\/person\/2391667a63ea075ba94f2f2dc6b77537\",\"name\":\"A. G., STA\",\"image\":{\"@type\":\"ImageObject\",\"inLanguage\":\"sl-SI\",\"@id\":\"https:\/\/hudo.com\/si\/#\/schema\/person\/image\/\",\"url\":\"https:\/\/secure.gravatar.com\/avatar\/e13d22ac3e442658d5025fbbe6238a79?s=96&d=mm&r=g\",\"contentUrl\":\"https:\/\/secure.gravatar.com\/avatar\/e13d22ac3e442658d5025fbbe6238a79?s=96&d=mm&r=g\",\"caption\":\"A. G., STA\"},\"url\":\"https:\/\/hudo.com\/si\/author\/alenka\/\"}]}<\/script>\n<!-- \/ Yoast SEO plugin. -->","yoast_head_json":{"title":"Salvini: Ne razumem slovenskega protesta - Hudo Slovenija","robots":{"index":"index","follow":"follow","max-snippet":"max-snippet:-1","max-image-preview":"max-image-preview:large","max-video-preview":"max-video-preview:-1"},"canonical":"https:\/\/hudo.com\/si\/aktualno\/salvini-ne-razumem-slovenskega-protesta\/","og_locale":"sl_SI","og_type":"article","og_title":"Salvini: Ne razumem slovenskega protesta - Hudo Slovenija","og_description":"Italijanski notranji minister Matteo Salvini je dejal, da ne razume, zakaj je slovenski premier Marjan \u0160arec protestiral proti njegovim izjavam. \"Ne verjamem, da je otrok, ki ga je ubila nacisti\u010dna roka, druga\u010den od otroka, ki ga je ubila roka komunista,\" je dejal v ponedeljek zve\u010der na italijanski televiziji, poro\u010da tiskovna agencija Ansa.","og_url":"https:\/\/hudo.com\/si\/aktualno\/salvini-ne-razumem-slovenskega-protesta\/","og_site_name":"Hudo Slovenija","article_publisher":"https:\/\/www.facebook.com\/hudo.si","article_published_time":"2019-02-12T13:29:18+00:00","og_image":[{"width":1250,"height":833,"url":"https:\/\/hudo.com\/si\/wp-content\/uploads\/sites\/2\/2019\/02\/profimedia-0413232271.jpg","type":"image\/jpeg"}],"author":"A. G., STA","twitter_card":"summary_large_image","twitter_creator":"@hudo_si","twitter_site":"@hudo_si","twitter_misc":{"Written by":"A. G., STA","Est. reading time":"2 minuti"},"schema":{"@context":"https:\/\/schema.org","@graph":[{"@type":"Article","@id":"https:\/\/hudo.com\/si\/aktualno\/salvini-ne-razumem-slovenskega-protesta\/#article","isPartOf":{"@id":"https:\/\/hudo.com\/si\/aktualno\/salvini-ne-razumem-slovenskega-protesta\/"},"author":{"name":"A. G., STA","@id":"https:\/\/hudo.com\/si\/#\/schema\/person\/2391667a63ea075ba94f2f2dc6b77537"},"headline":"Salvini: Ne razumem slovenskega protesta","datePublished":"2019-02-12T13:29:18+00:00","dateModified":"2019-02-12T13:29:18+00:00","mainEntityOfPage":{"@id":"https:\/\/hudo.com\/si\/aktualno\/salvini-ne-razumem-slovenskega-protesta\/"},"wordCount":315,"publisher":{"@id":"https:\/\/hudo.com\/si\/#organization"},"keywords":["italija","matteo salvini","Slovenija"],"articleSection":["Aktualno"],"inLanguage":"sl-SI"},{"@type":"WebPage","@id":"https:\/\/hudo.com\/si\/aktualno\/salvini-ne-razumem-slovenskega-protesta\/","url":"https:\/\/hudo.com\/si\/aktualno\/salvini-ne-razumem-slovenskega-protesta\/","name":"Salvini: Ne razumem slovenskega protesta - Hudo Slovenija","isPartOf":{"@id":"https:\/\/hudo.com\/si\/#website"},"datePublished":"2019-02-12T13:29:18+00:00","dateModified":"2019-02-12T13:29:18+00:00","breadcrumb":{"@id":"https:\/\/hudo.com\/si\/aktualno\/salvini-ne-razumem-slovenskega-protesta\/#breadcrumb"},"inLanguage":"sl-SI","potentialAction":[{"@type":"ReadAction","target":["https:\/\/hudo.com\/si\/aktualno\/salvini-ne-razumem-slovenskega-protesta\/"]}]},{"@type":"BreadcrumbList","@id":"https:\/\/hudo.com\/si\/aktualno\/salvini-ne-razumem-slovenskega-protesta\/#breadcrumb","itemListElement":[{"@type":"ListItem","position":1,"name":"Home","item":"https:\/\/hudo.com\/si\/"},{"@type":"ListItem","position":2,"name":"Salvini: Ne razumem slovenskega protesta"}]},{"@type":"WebSite","@id":"https:\/\/hudo.com\/si\/#website","url":"https:\/\/hudo.com\/si\/","name":"Hudo Slovenija","description":"Vse novice iz Slovenije in sveta","publisher":{"@id":"https:\/\/hudo.com\/si\/#organization"},"potentialAction":[{"@type":"SearchAction","target":{"@type":"EntryPoint","urlTemplate":"https:\/\/hudo.com\/si\/?s={search_term_string}"},"query-input":"required name=search_term_string"}],"inLanguage":"sl-SI"},{"@type":"Organization","@id":"https:\/\/hudo.com\/si\/#organization","name":"VSN Media","url":"https:\/\/hudo.com\/si\/","logo":{"@type":"ImageObject","inLanguage":"sl-SI","@id":"https:\/\/hudo.com\/si\/#\/schema\/logo\/image\/","url":"https:\/\/hudo.com\/si\/wp-content\/uploads\/sites\/2\/2021\/03\/hudo-app-2.png","contentUrl":"https:\/\/hudo.com\/si\/wp-content\/uploads\/sites\/2\/2021\/03\/hudo-app-2.png","width":2185,"height":2167,"caption":"VSN Media"},"image":{"@id":"https:\/\/hudo.com\/si\/#\/schema\/logo\/image\/"},"sameAs":["https:\/\/www.facebook.com\/hudo.si","https:\/\/twitter.com\/hudo_si"]},{"@type":"Person","@id":"https:\/\/hudo.com\/si\/#\/schema\/person\/2391667a63ea075ba94f2f2dc6b77537","name":"A. G., STA","image":{"@type":"ImageObject","inLanguage":"sl-SI","@id":"https:\/\/hudo.com\/si\/#\/schema\/person\/image\/","url":"https:\/\/secure.gravatar.com\/avatar\/e13d22ac3e442658d5025fbbe6238a79?s=96&d=mm&r=g","contentUrl":"https:\/\/secure.gravatar.com\/avatar\/e13d22ac3e442658d5025fbbe6238a79?s=96&d=mm&r=g","caption":"A. G., STA"},"url":"https:\/\/hudo.com\/si\/author\/alenka\/"}]}},"amp_enabled":true,"_links":{"self":[{"href":"https:\/\/hudo.com\/si\/wp-json\/wp\/v2\/posts\/392798"}],"collection":[{"href":"https:\/\/hudo.com\/si\/wp-json\/wp\/v2\/posts"}],"about":[{"href":"https:\/\/hudo.com\/si\/wp-json\/wp\/v2\/types\/post"}],"author":[{"embeddable":true,"href":"https:\/\/hudo.com\/si\/wp-json\/wp\/v2\/users\/5"}],"replies":[{"embeddable":true,"href":"https:\/\/hudo.com\/si\/wp-json\/wp\/v2\/comments?post=392798"}],"version-history":[{"count":1,"href":"https:\/\/hudo.com\/si\/wp-json\/wp\/v2\/posts\/392798\/revisions"}],"predecessor-version":[{"id":392800,"href":"https:\/\/hudo.com\/si\/wp-json\/wp\/v2\/posts\/392798\/revisions\/392800"}],"wp:featuredmedia":[{"embeddable":true,"href":"https:\/\/hudo.com\/si\/wp-json\/wp\/v2\/media\/392799"}],"wp:attachment":[{"href":"https:\/\/hudo.com\/si\/wp-json\/wp\/v2\/media?parent=392798"}],"wp:term":[{"taxonomy":"category","embeddable":true,"href":"https:\/\/hudo.com\/si\/wp-json\/wp\/v2\/categories?post=392798"},{"taxonomy":"post_tag","embeddable":true,"href":"https:\/\/hudo.com\/si\/wp-json\/wp\/v2\/tags?post=392798"},{"taxonomy":"source","embeddable":true,"href":"https:\/\/hudo.com\/si\/wp-json\/wp\/v2\/source?post=392798"},{"taxonomy":"supertag","embeddable":true,"href":"https:\/\/hudo.com\/si\/wp-json\/wp\/v2\/supertag?post=392798"}],"curies":[{"name":"wp","href":"https:\/\/api.w.org\/{rel}","templated":true}]}}