{"id":393029,"date":"2019-02-15T10:24:12","date_gmt":"2019-02-15T09:24:12","guid":{"rendered":"http:\/\/hudo.com\/si\/?p=393029"},"modified":"2019-02-15T10:24:12","modified_gmt":"2019-02-15T09:24:12","slug":"bulceva-bi-tajanija-peljala-v-fasisticno-koncentracijsko-taborisce","status":"publish","type":"post","link":"https:\/\/hudo.com\/si\/aktualno\/bulceva-bi-tajanija-peljala-v-fasisticno-koncentracijsko-taborisce\/","title":{"rendered":"Bul\u010deva bi Tajanija peljala v fa\u0161isti\u010dno koncentracijsko tabori\u0161\u010de"},"content":{"rendered":"<div class=\"text\">\n<p>Bul\u010deva se je za pisno vabilo Tajaniju odlo\u010dila po njuni burni razpravi na Twitterju v za\u010detku tedna zaradi Tajanijevih spornih izjav na nedeljski slovesnosti v Bazovici ob italijanskem dnevu spomina na \u017ertve fojb in eksodus.<\/p>\n<p>Ko ga je komisarka opozorila, da sprevra\u010da zgodovinska dejstva, ji je Tajani odgovoril, da je &#8220;zgodovina pa\u010d zgodovina&#8221;. Nato mu je Bul\u010deva spet odgovorila, da se je iz zgodovine treba u\u010diti, in ga nato povabila, da skupaj obi\u0161\u010deta spomenik na bazovi\u0161ki Gmajni, kjer so bili ubiti \u0161tirje slovenski domoljubi v boju proti italijanskemu fa\u0161izmu, ter Ri\u017earno v Trstu, kjer je bilo nacisti\u010dno koncentracijsko tabori\u0161\u010de. Tajani ji je odgovoril: &#8220;Jaz sem pripravljen&#8221;.<\/p>\n<p>Kljub temu da se je Tajani po burnih odzivih v Sloveniji in Hrva\u0161ki tudi pisno opravi\u010dil, pa ga je Bul\u010deva vseeno \u0161e pisno povabila na skupni obisk bazovi\u0161ke Gmajne in Ri\u017earne na italijanski dan osvoboditve, ki ga obele\u017eujejo 25. aprila. Predlagala mu je, da ob tamkaj\u0161njih spominskih obele\u017ejih skupaj postavita venec.<\/p>\n<p>&#8220;V teh zahtevnih \u010dasih za Evropsko unijo je zelo pomembno, da promoviramo EU kot projekt za mir, solidarnost, enotnost in za blaginjo za vse na\u0161e dr\u017eave,&#8221; je zapisala Bul\u010deva v pismu, ki ga je objavila na Twitterju.<\/p>\n<p>&#8220;Zgodovina nas u\u010di, da je mogo\u010de agresivni nacionalizem zlahka zlorabiti za nacionalisti\u010dne konflikte in celo za pod\u017eiganje vojne. Verjamem, da je dru\u017eba danes pripravljena graditi prihodnost v sodelovanju in medsebojnem spo\u0161tovanju,&#8221; je \u0161e zapisala Bul\u010deva.<\/p>\n<p>Tajani na pobudo slovenske komisarke zaenkrat \u0161e ni odgovoril.<\/p>\n<\/div>\n","protected":false},"excerpt":{"rendered":"<p>Evropska komisarka Violeta Bulc je povabila predsednika Evropskega parlamenta Antonia Tajanija, da skupaj obi\u0161\u010deta Ri\u017earno in Bazovico ter obele\u017eita spomin na slovenske \u017ertve fa\u0161isti\u010dnega in nacisti\u010dnega re\u017eima. To bi izvedla 25. aprila, na italijanski dan osvoboditve.<\/p>\n","protected":false},"author":7,"featured_media":366641,"comment_status":"closed","ping_status":"closed","sticky":false,"template":"","format":"standard","meta":{"footnotes":""},"categories":[1179],"tags":[9693,8387,1595,10696],"source":[4511],"supertag":[],"acf":[],"yoast_head":"<!-- This site is optimized with the Yoast SEO plugin v21.3 - https:\/\/yoast.com\/wordpress\/plugins\/seo\/ -->\n<title>Bul\u010deva bi Tajanija peljala v fa\u0161isti\u010dno koncentracijsko tabori\u0161\u010de - Hudo Slovenija<\/title>\n<meta name=\"robots\" content=\"index, follow, max-snippet:-1, max-image-preview:large, max-video-preview:-1\" \/>\n<link rel=\"canonical\" href=\"https:\/\/hudo.com\/si\/aktualno\/bulceva-bi-tajanija-peljala-v-fasisticno-koncentracijsko-taborisce\/\" \/>\n<meta property=\"og:locale\" content=\"sl_SI\" \/>\n<meta property=\"og:type\" content=\"article\" \/>\n<meta property=\"og:title\" content=\"Bul\u010deva bi Tajanija peljala v fa\u0161isti\u010dno koncentracijsko tabori\u0161\u010de - Hudo Slovenija\" \/>\n<meta property=\"og:description\" content=\"Evropska komisarka Violeta Bulc je povabila predsednika Evropskega parlamenta Antonia Tajanija, da skupaj obi\u0161\u010deta Ri\u017earno in Bazovico ter obele\u017eita spomin na slovenske \u017ertve fa\u0161isti\u010dnega in nacisti\u010dnega re\u017eima. To bi izvedla 25. aprila, na italijanski dan osvoboditve.\" \/>\n<meta property=\"og:url\" content=\"https:\/\/hudo.com\/si\/aktualno\/bulceva-bi-tajanija-peljala-v-fasisticno-koncentracijsko-taborisce\/\" \/>\n<meta property=\"og:site_name\" content=\"Hudo Slovenija\" \/>\n<meta property=\"article:publisher\" content=\"https:\/\/www.facebook.com\/hudo.si\" \/>\n<meta property=\"article:published_time\" content=\"2019-02-15T09:24:12+00:00\" \/>\n<meta property=\"og:image\" content=\"https:\/\/hudo.com\/si\/wp-content\/uploads\/sites\/2\/2018\/03\/profimedia-0355074164.jpg\" \/>\n\t<meta property=\"og:image:width\" content=\"1250\" \/>\n\t<meta property=\"og:image:height\" content=\"753\" \/>\n\t<meta property=\"og:image:type\" content=\"image\/jpeg\" \/>\n<meta name=\"author\" content=\"A. P., STA\" \/>\n<meta name=\"twitter:card\" content=\"summary_large_image\" \/>\n<meta name=\"twitter:creator\" content=\"@hudo_si\" \/>\n<meta name=\"twitter:site\" content=\"@hudo_si\" \/>\n<meta name=\"twitter:label1\" content=\"Written by\" \/>\n\t<meta name=\"twitter:data1\" content=\"A. P., STA\" \/>\n\t<meta name=\"twitter:label2\" content=\"Est. reading time\" \/>\n\t<meta name=\"twitter:data2\" content=\"1 minuta\" \/>\n<script type=\"application\/ld+json\" class=\"yoast-schema-graph\">{\"@context\":\"https:\/\/schema.org\",\"@graph\":[{\"@type\":\"Article\",\"@id\":\"https:\/\/hudo.com\/si\/aktualno\/bulceva-bi-tajanija-peljala-v-fasisticno-koncentracijsko-taborisce\/#article\",\"isPartOf\":{\"@id\":\"https:\/\/hudo.com\/si\/aktualno\/bulceva-bi-tajanija-peljala-v-fasisticno-koncentracijsko-taborisce\/\"},\"author\":{\"name\":\"A. P., STA\",\"@id\":\"https:\/\/hudo.com\/si\/#\/schema\/person\/18f09c02475ba9e606e941a565b80cff\"},\"headline\":\"Bul\u010deva bi Tajanija peljala v fa\u0161isti\u010dno koncentracijsko tabori\u0161\u010de\",\"datePublished\":\"2019-02-15T09:24:12+00:00\",\"dateModified\":\"2019-02-15T09:24:12+00:00\",\"mainEntityOfPage\":{\"@id\":\"https:\/\/hudo.com\/si\/aktualno\/bulceva-bi-tajanija-peljala-v-fasisticno-koncentracijsko-taborisce\/\"},\"wordCount\":279,\"publisher\":{\"@id\":\"https:\/\/hudo.com\/si\/#organization\"},\"keywords\":[\"Antonio Tajani\",\"fa\u0161izem\",\"Slovenija\",\"violeta bulc\"],\"articleSection\":[\"Aktualno\"],\"inLanguage\":\"sl-SI\"},{\"@type\":\"WebPage\",\"@id\":\"https:\/\/hudo.com\/si\/aktualno\/bulceva-bi-tajanija-peljala-v-fasisticno-koncentracijsko-taborisce\/\",\"url\":\"https:\/\/hudo.com\/si\/aktualno\/bulceva-bi-tajanija-peljala-v-fasisticno-koncentracijsko-taborisce\/\",\"name\":\"Bul\u010deva bi Tajanija peljala v fa\u0161isti\u010dno koncentracijsko tabori\u0161\u010de - Hudo Slovenija\",\"isPartOf\":{\"@id\":\"https:\/\/hudo.com\/si\/#website\"},\"datePublished\":\"2019-02-15T09:24:12+00:00\",\"dateModified\":\"2019-02-15T09:24:12+00:00\",\"breadcrumb\":{\"@id\":\"https:\/\/hudo.com\/si\/aktualno\/bulceva-bi-tajanija-peljala-v-fasisticno-koncentracijsko-taborisce\/#breadcrumb\"},\"inLanguage\":\"sl-SI\",\"potentialAction\":[{\"@type\":\"ReadAction\",\"target\":[\"https:\/\/hudo.com\/si\/aktualno\/bulceva-bi-tajanija-peljala-v-fasisticno-koncentracijsko-taborisce\/\"]}]},{\"@type\":\"BreadcrumbList\",\"@id\":\"https:\/\/hudo.com\/si\/aktualno\/bulceva-bi-tajanija-peljala-v-fasisticno-koncentracijsko-taborisce\/#breadcrumb\",\"itemListElement\":[{\"@type\":\"ListItem\",\"position\":1,\"name\":\"Home\",\"item\":\"https:\/\/hudo.com\/si\/\"},{\"@type\":\"ListItem\",\"position\":2,\"name\":\"Bul\u010deva bi Tajanija peljala v fa\u0161isti\u010dno koncentracijsko tabori\u0161\u010de\"}]},{\"@type\":\"WebSite\",\"@id\":\"https:\/\/hudo.com\/si\/#website\",\"url\":\"https:\/\/hudo.com\/si\/\",\"name\":\"Hudo Slovenija\",\"description\":\"Vse novice iz Slovenije in sveta\",\"publisher\":{\"@id\":\"https:\/\/hudo.com\/si\/#organization\"},\"potentialAction\":[{\"@type\":\"SearchAction\",\"target\":{\"@type\":\"EntryPoint\",\"urlTemplate\":\"https:\/\/hudo.com\/si\/?s={search_term_string}\"},\"query-input\":\"required name=search_term_string\"}],\"inLanguage\":\"sl-SI\"},{\"@type\":\"Organization\",\"@id\":\"https:\/\/hudo.com\/si\/#organization\",\"name\":\"VSN Media\",\"url\":\"https:\/\/hudo.com\/si\/\",\"logo\":{\"@type\":\"ImageObject\",\"inLanguage\":\"sl-SI\",\"@id\":\"https:\/\/hudo.com\/si\/#\/schema\/logo\/image\/\",\"url\":\"https:\/\/hudo.com\/si\/wp-content\/uploads\/sites\/2\/2021\/03\/hudo-app-2.png\",\"contentUrl\":\"https:\/\/hudo.com\/si\/wp-content\/uploads\/sites\/2\/2021\/03\/hudo-app-2.png\",\"width\":2185,\"height\":2167,\"caption\":\"VSN Media\"},\"image\":{\"@id\":\"https:\/\/hudo.com\/si\/#\/schema\/logo\/image\/\"},\"sameAs\":[\"https:\/\/www.facebook.com\/hudo.si\",\"https:\/\/twitter.com\/hudo_si\"]},{\"@type\":\"Person\",\"@id\":\"https:\/\/hudo.com\/si\/#\/schema\/person\/18f09c02475ba9e606e941a565b80cff\",\"name\":\"A. P., STA\",\"image\":{\"@type\":\"ImageObject\",\"inLanguage\":\"sl-SI\",\"@id\":\"https:\/\/hudo.com\/si\/#\/schema\/person\/image\/\",\"url\":\"https:\/\/secure.gravatar.com\/avatar\/03eac8e609f5f04383125d80eaeaaf3e?s=96&d=mm&r=g\",\"contentUrl\":\"https:\/\/secure.gravatar.com\/avatar\/03eac8e609f5f04383125d80eaeaaf3e?s=96&d=mm&r=g\",\"caption\":\"A. P., STA\"},\"url\":\"https:\/\/hudo.com\/si\/author\/lubu\/\"}]}<\/script>\n<!-- \/ Yoast SEO plugin. -->","yoast_head_json":{"title":"Bul\u010deva bi Tajanija peljala v fa\u0161isti\u010dno koncentracijsko tabori\u0161\u010de - Hudo Slovenija","robots":{"index":"index","follow":"follow","max-snippet":"max-snippet:-1","max-image-preview":"max-image-preview:large","max-video-preview":"max-video-preview:-1"},"canonical":"https:\/\/hudo.com\/si\/aktualno\/bulceva-bi-tajanija-peljala-v-fasisticno-koncentracijsko-taborisce\/","og_locale":"sl_SI","og_type":"article","og_title":"Bul\u010deva bi Tajanija peljala v fa\u0161isti\u010dno koncentracijsko tabori\u0161\u010de - Hudo Slovenija","og_description":"Evropska komisarka Violeta Bulc je povabila predsednika Evropskega parlamenta Antonia Tajanija, da skupaj obi\u0161\u010deta Ri\u017earno in Bazovico ter obele\u017eita spomin na slovenske \u017ertve fa\u0161isti\u010dnega in nacisti\u010dnega re\u017eima. To bi izvedla 25. aprila, na italijanski dan osvoboditve.","og_url":"https:\/\/hudo.com\/si\/aktualno\/bulceva-bi-tajanija-peljala-v-fasisticno-koncentracijsko-taborisce\/","og_site_name":"Hudo Slovenija","article_publisher":"https:\/\/www.facebook.com\/hudo.si","article_published_time":"2019-02-15T09:24:12+00:00","og_image":[{"width":1250,"height":753,"url":"https:\/\/hudo.com\/si\/wp-content\/uploads\/sites\/2\/2018\/03\/profimedia-0355074164.jpg","type":"image\/jpeg"}],"author":"A. P., STA","twitter_card":"summary_large_image","twitter_creator":"@hudo_si","twitter_site":"@hudo_si","twitter_misc":{"Written by":"A. P., STA","Est. reading time":"1 minuta"},"schema":{"@context":"https:\/\/schema.org","@graph":[{"@type":"Article","@id":"https:\/\/hudo.com\/si\/aktualno\/bulceva-bi-tajanija-peljala-v-fasisticno-koncentracijsko-taborisce\/#article","isPartOf":{"@id":"https:\/\/hudo.com\/si\/aktualno\/bulceva-bi-tajanija-peljala-v-fasisticno-koncentracijsko-taborisce\/"},"author":{"name":"A. P., STA","@id":"https:\/\/hudo.com\/si\/#\/schema\/person\/18f09c02475ba9e606e941a565b80cff"},"headline":"Bul\u010deva bi Tajanija peljala v fa\u0161isti\u010dno koncentracijsko tabori\u0161\u010de","datePublished":"2019-02-15T09:24:12+00:00","dateModified":"2019-02-15T09:24:12+00:00","mainEntityOfPage":{"@id":"https:\/\/hudo.com\/si\/aktualno\/bulceva-bi-tajanija-peljala-v-fasisticno-koncentracijsko-taborisce\/"},"wordCount":279,"publisher":{"@id":"https:\/\/hudo.com\/si\/#organization"},"keywords":["Antonio Tajani","fa\u0161izem","Slovenija","violeta bulc"],"articleSection":["Aktualno"],"inLanguage":"sl-SI"},{"@type":"WebPage","@id":"https:\/\/hudo.com\/si\/aktualno\/bulceva-bi-tajanija-peljala-v-fasisticno-koncentracijsko-taborisce\/","url":"https:\/\/hudo.com\/si\/aktualno\/bulceva-bi-tajanija-peljala-v-fasisticno-koncentracijsko-taborisce\/","name":"Bul\u010deva bi Tajanija peljala v fa\u0161isti\u010dno koncentracijsko tabori\u0161\u010de - Hudo Slovenija","isPartOf":{"@id":"https:\/\/hudo.com\/si\/#website"},"datePublished":"2019-02-15T09:24:12+00:00","dateModified":"2019-02-15T09:24:12+00:00","breadcrumb":{"@id":"https:\/\/hudo.com\/si\/aktualno\/bulceva-bi-tajanija-peljala-v-fasisticno-koncentracijsko-taborisce\/#breadcrumb"},"inLanguage":"sl-SI","potentialAction":[{"@type":"ReadAction","target":["https:\/\/hudo.com\/si\/aktualno\/bulceva-bi-tajanija-peljala-v-fasisticno-koncentracijsko-taborisce\/"]}]},{"@type":"BreadcrumbList","@id":"https:\/\/hudo.com\/si\/aktualno\/bulceva-bi-tajanija-peljala-v-fasisticno-koncentracijsko-taborisce\/#breadcrumb","itemListElement":[{"@type":"ListItem","position":1,"name":"Home","item":"https:\/\/hudo.com\/si\/"},{"@type":"ListItem","position":2,"name":"Bul\u010deva bi Tajanija peljala v fa\u0161isti\u010dno koncentracijsko tabori\u0161\u010de"}]},{"@type":"WebSite","@id":"https:\/\/hudo.com\/si\/#website","url":"https:\/\/hudo.com\/si\/","name":"Hudo Slovenija","description":"Vse novice iz Slovenije in sveta","publisher":{"@id":"https:\/\/hudo.com\/si\/#organization"},"potentialAction":[{"@type":"SearchAction","target":{"@type":"EntryPoint","urlTemplate":"https:\/\/hudo.com\/si\/?s={search_term_string}"},"query-input":"required name=search_term_string"}],"inLanguage":"sl-SI"},{"@type":"Organization","@id":"https:\/\/hudo.com\/si\/#organization","name":"VSN Media","url":"https:\/\/hudo.com\/si\/","logo":{"@type":"ImageObject","inLanguage":"sl-SI","@id":"https:\/\/hudo.com\/si\/#\/schema\/logo\/image\/","url":"https:\/\/hudo.com\/si\/wp-content\/uploads\/sites\/2\/2021\/03\/hudo-app-2.png","contentUrl":"https:\/\/hudo.com\/si\/wp-content\/uploads\/sites\/2\/2021\/03\/hudo-app-2.png","width":2185,"height":2167,"caption":"VSN Media"},"image":{"@id":"https:\/\/hudo.com\/si\/#\/schema\/logo\/image\/"},"sameAs":["https:\/\/www.facebook.com\/hudo.si","https:\/\/twitter.com\/hudo_si"]},{"@type":"Person","@id":"https:\/\/hudo.com\/si\/#\/schema\/person\/18f09c02475ba9e606e941a565b80cff","name":"A. P., STA","image":{"@type":"ImageObject","inLanguage":"sl-SI","@id":"https:\/\/hudo.com\/si\/#\/schema\/person\/image\/","url":"https:\/\/secure.gravatar.com\/avatar\/03eac8e609f5f04383125d80eaeaaf3e?s=96&d=mm&r=g","contentUrl":"https:\/\/secure.gravatar.com\/avatar\/03eac8e609f5f04383125d80eaeaaf3e?s=96&d=mm&r=g","caption":"A. P., STA"},"url":"https:\/\/hudo.com\/si\/author\/lubu\/"}]}},"amp_enabled":true,"_links":{"self":[{"href":"https:\/\/hudo.com\/si\/wp-json\/wp\/v2\/posts\/393029"}],"collection":[{"href":"https:\/\/hudo.com\/si\/wp-json\/wp\/v2\/posts"}],"about":[{"href":"https:\/\/hudo.com\/si\/wp-json\/wp\/v2\/types\/post"}],"author":[{"embeddable":true,"href":"https:\/\/hudo.com\/si\/wp-json\/wp\/v2\/users\/7"}],"replies":[{"embeddable":true,"href":"https:\/\/hudo.com\/si\/wp-json\/wp\/v2\/comments?post=393029"}],"version-history":[{"count":1,"href":"https:\/\/hudo.com\/si\/wp-json\/wp\/v2\/posts\/393029\/revisions"}],"predecessor-version":[{"id":393030,"href":"https:\/\/hudo.com\/si\/wp-json\/wp\/v2\/posts\/393029\/revisions\/393030"}],"wp:featuredmedia":[{"embeddable":true,"href":"https:\/\/hudo.com\/si\/wp-json\/wp\/v2\/media\/366641"}],"wp:attachment":[{"href":"https:\/\/hudo.com\/si\/wp-json\/wp\/v2\/media?parent=393029"}],"wp:term":[{"taxonomy":"category","embeddable":true,"href":"https:\/\/hudo.com\/si\/wp-json\/wp\/v2\/categories?post=393029"},{"taxonomy":"post_tag","embeddable":true,"href":"https:\/\/hudo.com\/si\/wp-json\/wp\/v2\/tags?post=393029"},{"taxonomy":"source","embeddable":true,"href":"https:\/\/hudo.com\/si\/wp-json\/wp\/v2\/source?post=393029"},{"taxonomy":"supertag","embeddable":true,"href":"https:\/\/hudo.com\/si\/wp-json\/wp\/v2\/supertag?post=393029"}],"curies":[{"name":"wp","href":"https:\/\/api.w.org\/{rel}","templated":true}]}}