{"id":393066,"date":"2019-02-15T17:12:01","date_gmt":"2019-02-15T16:12:01","guid":{"rendered":"http:\/\/hudo.com\/si\/?p=393066"},"modified":"2019-02-15T17:12:01","modified_gmt":"2019-02-15T16:12:01","slug":"v-franciji-zaradi-domnevnega-otipavanja-sodelavca-preiskujejo-apostolskega-nuncija","status":"publish","type":"post","link":"https:\/\/hudo.com\/si\/aktualno\/v-franciji-zaradi-domnevnega-otipavanja-sodelavca-preiskujejo-apostolskega-nuncija\/","title":{"rendered":"V Franciji zaradi domnevnega otipavanja sodelavca preiskujejo apostolskega nuncija"},"content":{"rendered":"<p>Incident se je zgodil med novoletnim nagovorom pari\u0161ke \u017eupanje Anne Hidalgo tujim diplomatom 17. januarja, je povedal namestnik \u017eupanje, pristojen za mednarodne odnose, Patrick Klugman.<\/p>\n<p>Vir na ob\u010dini je povedal, da je 74-letni vatikanski veleposlanik v Franciji otipaval uslu\u017ebenca ob\u010dine, starega okoli 30 let, navaja francoska tiskovna agencija AFP.<\/p>\n<p>Klugman je povedal \u0161e, da so se odlo\u010dili Venturo ovaditi to\u017eilstvu. To pa je po navedbah sodnega vira preiskavo spro\u017eilo 24. januarja.<\/p>\n<p>Vatikanski karierni diplomat polo\u017eaj vatikanskega veleposlanika v Parizu zaseda od leta 2009. Pristojen je za odnose Svetega sede\u017ea s francoskimi oblastmi na eni strani in francoskimi \u0161kofi na drugi. Kot veleposlanik ima diplomatsko imuniteto.<\/p>\n","protected":false},"excerpt":{"rendered":"<p>Francosko to\u017eilstvo zaradi domnevnega spolnega nadlegovanja preiskuje apostolskega nuncija v Franciji Luigija Venturo, ki naj bi sredi januarja v prostorih pari\u0161ke ob\u010dine &#8220;otipaval&#8221; tamkaj\u0161njega uslu\u017ebenca. Z nunciature so sporo\u010dili, da nimajo \u010desa potrditi.<\/p>\n","protected":false},"author":8,"featured_media":179844,"comment_status":"closed","ping_status":"closed","sticky":false,"template":"","format":"standard","meta":{"footnotes":""},"categories":[1179],"tags":[2018,5653,4202],"source":[4511],"supertag":[6103],"acf":[],"yoast_head":"<!-- This site is optimized with the Yoast SEO plugin v21.3 - https:\/\/yoast.com\/wordpress\/plugins\/seo\/ -->\n<title>V Franciji zaradi domnevnega otipavanja sodelavca preiskujejo apostolskega nuncija - Hudo Slovenija<\/title>\n<meta name=\"robots\" content=\"index, follow, max-snippet:-1, max-image-preview:large, max-video-preview:-1\" \/>\n<link rel=\"canonical\" href=\"https:\/\/hudo.com\/si\/aktualno\/v-franciji-zaradi-domnevnega-otipavanja-sodelavca-preiskujejo-apostolskega-nuncija\/\" \/>\n<meta property=\"og:locale\" content=\"sl_SI\" \/>\n<meta property=\"og:type\" content=\"article\" \/>\n<meta property=\"og:title\" content=\"V Franciji zaradi domnevnega otipavanja sodelavca preiskujejo apostolskega nuncija - Hudo Slovenija\" \/>\n<meta property=\"og:description\" content=\"Francosko to\u017eilstvo zaradi domnevnega spolnega nadlegovanja preiskuje apostolskega nuncija v Franciji Luigija Venturo, ki naj bi sredi januarja v prostorih pari\u0161ke ob\u010dine &quot;otipaval&quot; tamkaj\u0161njega uslu\u017ebenca. Z nunciature so sporo\u010dili, da nimajo \u010desa potrditi.\" \/>\n<meta property=\"og:url\" content=\"https:\/\/hudo.com\/si\/aktualno\/v-franciji-zaradi-domnevnega-otipavanja-sodelavca-preiskujejo-apostolskega-nuncija\/\" \/>\n<meta property=\"og:site_name\" content=\"Hudo Slovenija\" \/>\n<meta property=\"article:publisher\" content=\"https:\/\/www.facebook.com\/hudo.si\" \/>\n<meta property=\"article:published_time\" content=\"2019-02-15T16:12:01+00:00\" \/>\n<meta property=\"og:image\" content=\"https:\/\/hudo.com\/si\/wp-content\/uploads\/sites\/2\/2016\/12\/profimedia-0152052280.jpg\" \/>\n\t<meta property=\"og:image:width\" content=\"1250\" \/>\n\t<meta property=\"og:image:height\" content=\"830\" \/>\n\t<meta property=\"og:image:type\" content=\"image\/jpeg\" \/>\n<meta name=\"author\" content=\"M. N., STA\" \/>\n<meta name=\"twitter:card\" content=\"summary_large_image\" \/>\n<meta name=\"twitter:creator\" content=\"@hudo_si\" \/>\n<meta name=\"twitter:site\" content=\"@hudo_si\" \/>\n<meta name=\"twitter:label1\" content=\"Written by\" \/>\n\t<meta name=\"twitter:data1\" content=\"M. N., STA\" \/>\n\t<meta name=\"twitter:label2\" content=\"Est. reading time\" \/>\n\t<meta name=\"twitter:data2\" content=\"1 minuta\" \/>\n<script type=\"application\/ld+json\" class=\"yoast-schema-graph\">{\"@context\":\"https:\/\/schema.org\",\"@graph\":[{\"@type\":\"Article\",\"@id\":\"https:\/\/hudo.com\/si\/aktualno\/v-franciji-zaradi-domnevnega-otipavanja-sodelavca-preiskujejo-apostolskega-nuncija\/#article\",\"isPartOf\":{\"@id\":\"https:\/\/hudo.com\/si\/aktualno\/v-franciji-zaradi-domnevnega-otipavanja-sodelavca-preiskujejo-apostolskega-nuncija\/\"},\"author\":{\"name\":\"M. N., STA\",\"@id\":\"https:\/\/hudo.com\/si\/#\/schema\/person\/c2f10ce65d2e6ede2aeda5be2a0611fa\"},\"headline\":\"V Franciji zaradi domnevnega otipavanja sodelavca preiskujejo apostolskega nuncija\",\"datePublished\":\"2019-02-15T16:12:01+00:00\",\"dateModified\":\"2019-02-15T16:12:01+00:00\",\"mainEntityOfPage\":{\"@id\":\"https:\/\/hudo.com\/si\/aktualno\/v-franciji-zaradi-domnevnega-otipavanja-sodelavca-preiskujejo-apostolskega-nuncija\/\"},\"wordCount\":119,\"publisher\":{\"@id\":\"https:\/\/hudo.com\/si\/#organization\"},\"keywords\":[\"francija\",\"katoli\u0161ka cekev\",\"spolno nadlegovanje\"],\"articleSection\":[\"Aktualno\"],\"inLanguage\":\"sl-SI\"},{\"@type\":\"WebPage\",\"@id\":\"https:\/\/hudo.com\/si\/aktualno\/v-franciji-zaradi-domnevnega-otipavanja-sodelavca-preiskujejo-apostolskega-nuncija\/\",\"url\":\"https:\/\/hudo.com\/si\/aktualno\/v-franciji-zaradi-domnevnega-otipavanja-sodelavca-preiskujejo-apostolskega-nuncija\/\",\"name\":\"V Franciji zaradi domnevnega otipavanja sodelavca preiskujejo apostolskega nuncija - Hudo Slovenija\",\"isPartOf\":{\"@id\":\"https:\/\/hudo.com\/si\/#website\"},\"datePublished\":\"2019-02-15T16:12:01+00:00\",\"dateModified\":\"2019-02-15T16:12:01+00:00\",\"breadcrumb\":{\"@id\":\"https:\/\/hudo.com\/si\/aktualno\/v-franciji-zaradi-domnevnega-otipavanja-sodelavca-preiskujejo-apostolskega-nuncija\/#breadcrumb\"},\"inLanguage\":\"sl-SI\",\"potentialAction\":[{\"@type\":\"ReadAction\",\"target\":[\"https:\/\/hudo.com\/si\/aktualno\/v-franciji-zaradi-domnevnega-otipavanja-sodelavca-preiskujejo-apostolskega-nuncija\/\"]}]},{\"@type\":\"BreadcrumbList\",\"@id\":\"https:\/\/hudo.com\/si\/aktualno\/v-franciji-zaradi-domnevnega-otipavanja-sodelavca-preiskujejo-apostolskega-nuncija\/#breadcrumb\",\"itemListElement\":[{\"@type\":\"ListItem\",\"position\":1,\"name\":\"Home\",\"item\":\"https:\/\/hudo.com\/si\/\"},{\"@type\":\"ListItem\",\"position\":2,\"name\":\"V Franciji zaradi domnevnega otipavanja sodelavca preiskujejo apostolskega nuncija\"}]},{\"@type\":\"WebSite\",\"@id\":\"https:\/\/hudo.com\/si\/#website\",\"url\":\"https:\/\/hudo.com\/si\/\",\"name\":\"Hudo Slovenija\",\"description\":\"Vse novice iz Slovenije in sveta\",\"publisher\":{\"@id\":\"https:\/\/hudo.com\/si\/#organization\"},\"potentialAction\":[{\"@type\":\"SearchAction\",\"target\":{\"@type\":\"EntryPoint\",\"urlTemplate\":\"https:\/\/hudo.com\/si\/?s={search_term_string}\"},\"query-input\":\"required name=search_term_string\"}],\"inLanguage\":\"sl-SI\"},{\"@type\":\"Organization\",\"@id\":\"https:\/\/hudo.com\/si\/#organization\",\"name\":\"VSN Media\",\"url\":\"https:\/\/hudo.com\/si\/\",\"logo\":{\"@type\":\"ImageObject\",\"inLanguage\":\"sl-SI\",\"@id\":\"https:\/\/hudo.com\/si\/#\/schema\/logo\/image\/\",\"url\":\"https:\/\/hudo.com\/si\/wp-content\/uploads\/sites\/2\/2021\/03\/hudo-app-2.png\",\"contentUrl\":\"https:\/\/hudo.com\/si\/wp-content\/uploads\/sites\/2\/2021\/03\/hudo-app-2.png\",\"width\":2185,\"height\":2167,\"caption\":\"VSN Media\"},\"image\":{\"@id\":\"https:\/\/hudo.com\/si\/#\/schema\/logo\/image\/\"},\"sameAs\":[\"https:\/\/www.facebook.com\/hudo.si\",\"https:\/\/twitter.com\/hudo_si\"]},{\"@type\":\"Person\",\"@id\":\"https:\/\/hudo.com\/si\/#\/schema\/person\/c2f10ce65d2e6ede2aeda5be2a0611fa\",\"name\":\"M. N., STA\",\"image\":{\"@type\":\"ImageObject\",\"inLanguage\":\"sl-SI\",\"@id\":\"https:\/\/hudo.com\/si\/#\/schema\/person\/image\/\",\"url\":\"https:\/\/secure.gravatar.com\/avatar\/f370d38daa10467f755c5c766a4cac20?s=96&d=mm&r=g\",\"contentUrl\":\"https:\/\/secure.gravatar.com\/avatar\/f370d38daa10467f755c5c766a4cac20?s=96&d=mm&r=g\",\"caption\":\"M. N., STA\"},\"url\":\"https:\/\/hudo.com\/si\/author\/mana\/\"}]}<\/script>\n<!-- \/ Yoast SEO plugin. -->","yoast_head_json":{"title":"V Franciji zaradi domnevnega otipavanja sodelavca preiskujejo apostolskega nuncija - Hudo Slovenija","robots":{"index":"index","follow":"follow","max-snippet":"max-snippet:-1","max-image-preview":"max-image-preview:large","max-video-preview":"max-video-preview:-1"},"canonical":"https:\/\/hudo.com\/si\/aktualno\/v-franciji-zaradi-domnevnega-otipavanja-sodelavca-preiskujejo-apostolskega-nuncija\/","og_locale":"sl_SI","og_type":"article","og_title":"V Franciji zaradi domnevnega otipavanja sodelavca preiskujejo apostolskega nuncija - Hudo Slovenija","og_description":"Francosko to\u017eilstvo zaradi domnevnega spolnega nadlegovanja preiskuje apostolskega nuncija v Franciji Luigija Venturo, ki naj bi sredi januarja v prostorih pari\u0161ke ob\u010dine \"otipaval\" tamkaj\u0161njega uslu\u017ebenca. Z nunciature so sporo\u010dili, da nimajo \u010desa potrditi.","og_url":"https:\/\/hudo.com\/si\/aktualno\/v-franciji-zaradi-domnevnega-otipavanja-sodelavca-preiskujejo-apostolskega-nuncija\/","og_site_name":"Hudo Slovenija","article_publisher":"https:\/\/www.facebook.com\/hudo.si","article_published_time":"2019-02-15T16:12:01+00:00","og_image":[{"width":1250,"height":830,"url":"https:\/\/hudo.com\/si\/wp-content\/uploads\/sites\/2\/2016\/12\/profimedia-0152052280.jpg","type":"image\/jpeg"}],"author":"M. N., STA","twitter_card":"summary_large_image","twitter_creator":"@hudo_si","twitter_site":"@hudo_si","twitter_misc":{"Written by":"M. N., STA","Est. reading time":"1 minuta"},"schema":{"@context":"https:\/\/schema.org","@graph":[{"@type":"Article","@id":"https:\/\/hudo.com\/si\/aktualno\/v-franciji-zaradi-domnevnega-otipavanja-sodelavca-preiskujejo-apostolskega-nuncija\/#article","isPartOf":{"@id":"https:\/\/hudo.com\/si\/aktualno\/v-franciji-zaradi-domnevnega-otipavanja-sodelavca-preiskujejo-apostolskega-nuncija\/"},"author":{"name":"M. N., STA","@id":"https:\/\/hudo.com\/si\/#\/schema\/person\/c2f10ce65d2e6ede2aeda5be2a0611fa"},"headline":"V Franciji zaradi domnevnega otipavanja sodelavca preiskujejo apostolskega nuncija","datePublished":"2019-02-15T16:12:01+00:00","dateModified":"2019-02-15T16:12:01+00:00","mainEntityOfPage":{"@id":"https:\/\/hudo.com\/si\/aktualno\/v-franciji-zaradi-domnevnega-otipavanja-sodelavca-preiskujejo-apostolskega-nuncija\/"},"wordCount":119,"publisher":{"@id":"https:\/\/hudo.com\/si\/#organization"},"keywords":["francija","katoli\u0161ka cekev","spolno nadlegovanje"],"articleSection":["Aktualno"],"inLanguage":"sl-SI"},{"@type":"WebPage","@id":"https:\/\/hudo.com\/si\/aktualno\/v-franciji-zaradi-domnevnega-otipavanja-sodelavca-preiskujejo-apostolskega-nuncija\/","url":"https:\/\/hudo.com\/si\/aktualno\/v-franciji-zaradi-domnevnega-otipavanja-sodelavca-preiskujejo-apostolskega-nuncija\/","name":"V Franciji zaradi domnevnega otipavanja sodelavca preiskujejo apostolskega nuncija - Hudo Slovenija","isPartOf":{"@id":"https:\/\/hudo.com\/si\/#website"},"datePublished":"2019-02-15T16:12:01+00:00","dateModified":"2019-02-15T16:12:01+00:00","breadcrumb":{"@id":"https:\/\/hudo.com\/si\/aktualno\/v-franciji-zaradi-domnevnega-otipavanja-sodelavca-preiskujejo-apostolskega-nuncija\/#breadcrumb"},"inLanguage":"sl-SI","potentialAction":[{"@type":"ReadAction","target":["https:\/\/hudo.com\/si\/aktualno\/v-franciji-zaradi-domnevnega-otipavanja-sodelavca-preiskujejo-apostolskega-nuncija\/"]}]},{"@type":"BreadcrumbList","@id":"https:\/\/hudo.com\/si\/aktualno\/v-franciji-zaradi-domnevnega-otipavanja-sodelavca-preiskujejo-apostolskega-nuncija\/#breadcrumb","itemListElement":[{"@type":"ListItem","position":1,"name":"Home","item":"https:\/\/hudo.com\/si\/"},{"@type":"ListItem","position":2,"name":"V Franciji zaradi domnevnega otipavanja sodelavca preiskujejo apostolskega nuncija"}]},{"@type":"WebSite","@id":"https:\/\/hudo.com\/si\/#website","url":"https:\/\/hudo.com\/si\/","name":"Hudo Slovenija","description":"Vse novice iz Slovenije in sveta","publisher":{"@id":"https:\/\/hudo.com\/si\/#organization"},"potentialAction":[{"@type":"SearchAction","target":{"@type":"EntryPoint","urlTemplate":"https:\/\/hudo.com\/si\/?s={search_term_string}"},"query-input":"required name=search_term_string"}],"inLanguage":"sl-SI"},{"@type":"Organization","@id":"https:\/\/hudo.com\/si\/#organization","name":"VSN Media","url":"https:\/\/hudo.com\/si\/","logo":{"@type":"ImageObject","inLanguage":"sl-SI","@id":"https:\/\/hudo.com\/si\/#\/schema\/logo\/image\/","url":"https:\/\/hudo.com\/si\/wp-content\/uploads\/sites\/2\/2021\/03\/hudo-app-2.png","contentUrl":"https:\/\/hudo.com\/si\/wp-content\/uploads\/sites\/2\/2021\/03\/hudo-app-2.png","width":2185,"height":2167,"caption":"VSN Media"},"image":{"@id":"https:\/\/hudo.com\/si\/#\/schema\/logo\/image\/"},"sameAs":["https:\/\/www.facebook.com\/hudo.si","https:\/\/twitter.com\/hudo_si"]},{"@type":"Person","@id":"https:\/\/hudo.com\/si\/#\/schema\/person\/c2f10ce65d2e6ede2aeda5be2a0611fa","name":"M. N., STA","image":{"@type":"ImageObject","inLanguage":"sl-SI","@id":"https:\/\/hudo.com\/si\/#\/schema\/person\/image\/","url":"https:\/\/secure.gravatar.com\/avatar\/f370d38daa10467f755c5c766a4cac20?s=96&d=mm&r=g","contentUrl":"https:\/\/secure.gravatar.com\/avatar\/f370d38daa10467f755c5c766a4cac20?s=96&d=mm&r=g","caption":"M. N., STA"},"url":"https:\/\/hudo.com\/si\/author\/mana\/"}]}},"amp_enabled":true,"_links":{"self":[{"href":"https:\/\/hudo.com\/si\/wp-json\/wp\/v2\/posts\/393066"}],"collection":[{"href":"https:\/\/hudo.com\/si\/wp-json\/wp\/v2\/posts"}],"about":[{"href":"https:\/\/hudo.com\/si\/wp-json\/wp\/v2\/types\/post"}],"author":[{"embeddable":true,"href":"https:\/\/hudo.com\/si\/wp-json\/wp\/v2\/users\/8"}],"replies":[{"embeddable":true,"href":"https:\/\/hudo.com\/si\/wp-json\/wp\/v2\/comments?post=393066"}],"version-history":[{"count":1,"href":"https:\/\/hudo.com\/si\/wp-json\/wp\/v2\/posts\/393066\/revisions"}],"predecessor-version":[{"id":393067,"href":"https:\/\/hudo.com\/si\/wp-json\/wp\/v2\/posts\/393066\/revisions\/393067"}],"wp:featuredmedia":[{"embeddable":true,"href":"https:\/\/hudo.com\/si\/wp-json\/wp\/v2\/media\/179844"}],"wp:attachment":[{"href":"https:\/\/hudo.com\/si\/wp-json\/wp\/v2\/media?parent=393066"}],"wp:term":[{"taxonomy":"category","embeddable":true,"href":"https:\/\/hudo.com\/si\/wp-json\/wp\/v2\/categories?post=393066"},{"taxonomy":"post_tag","embeddable":true,"href":"https:\/\/hudo.com\/si\/wp-json\/wp\/v2\/tags?post=393066"},{"taxonomy":"source","embeddable":true,"href":"https:\/\/hudo.com\/si\/wp-json\/wp\/v2\/source?post=393066"},{"taxonomy":"supertag","embeddable":true,"href":"https:\/\/hudo.com\/si\/wp-json\/wp\/v2\/supertag?post=393066"}],"curies":[{"name":"wp","href":"https:\/\/api.w.org\/{rel}","templated":true}]}}