{"id":393069,"date":"2019-02-15T18:39:02","date_gmt":"2019-02-15T17:39:02","guid":{"rendered":"http:\/\/hudo.com\/si\/?p=393069"},"modified":"2019-02-15T18:39:02","modified_gmt":"2019-02-15T17:39:02","slug":"predsednik-zda-zaradi-krize-na-meji-z-mehiko-razglasil-izredne-razmere","status":"publish","type":"post","link":"https:\/\/hudo.com\/si\/aktualno\/predsednik-zda-zaradi-krize-na-meji-z-mehiko-razglasil-izredne-razmere\/","title":{"rendered":"Predsednik ZDA zaradi krize na meji z Mehiko razglasil izredne razmere"},"content":{"rendered":"<p>Trenutno \u0161e ni povsem jasno, kaj natan\u010dno razglasitev izrednih razmer na meji z Mehiko pomeni, razen tega da bo Trump sku\u0161al zaobiti ustavni proces, po katerem o prora\u010dunski porabi odlo\u010da kongres, in najti denar za zid na meji iz neke druge prora\u010dunske porabe, ki je bila \u017ee potrjena. Najverjetneje namerava denar vzeti vojski, saj se je pohvalil, da ji je dal doslej najve\u010d denarja v zgodovini in ga ima nekje nekaj vi\u0161ka.<\/p>\n<p>&#8220;\u0160el bom nazaj v Belo hi\u0161o in podpisal papirje. Potem nas bodo to\u017eili. To\u017eili nas bodo v 9. okro\u017eju, \u010deprav ne bi smeli. Dobili bomo slabo sodbo, potem bomo spet dobili slabo sodbo. Nato bomo \u0161li na vrhovno sodi\u0161\u010de, kjer nas bodo, upam, po\u0161teno obravnavali in bomo zmagali, kot smo zmagali glede prepovedi,&#8221; je posledice svoje odlo\u010ditve v izjavi pred Belo hi\u0161o pojasnil Trump.<\/p>\n<p>Predsednik pri\u010dakuje vlaganje to\u017eb proti njegovi razglasitvi izrednih razmer tam, kjer so sodi\u0161\u010da bolj liberalna, na primer v Kaliforniji, kjer bo njegova prito\u017eba na poraz na prvi stopnji oziroma sodna blokada ukaza \u0161la pred prizivno sodi\u0161\u010de v San Franciscu, kjer spet pri\u010dakuje poraz. Nato Trump pri\u010dakuje zmago na vrhovnem sodi\u0161\u010du, kamor je imenoval dva konservativna sodnika. Pri\u010dakuje podoben razplet kot v primeru njegove prepovedi vstopa muslimanom v ZDA.<\/p>\n<p>Njegovi kritiki ga medtem obto\u017eujejo, da kr\u0161i ustavo, pozivi za uvedbo postopka odstavitve oziroma impeachmenta pa se krepijo.<\/p>\n<p>Po napovedi podpisa okrog 330 milijard dolarjev vrednega prora\u010duna za vladne agencije in izrednega stanja se je Trump zapletel v verbalni dvoboj z dopisniki v Beli hi\u0161i, ki so ga opozarjali na druga\u010dno realnost kot tisto, ki jo je opisoval.<\/p>\n<p>V skladu s Trumpovo napovedjo se bodo sedaj za\u010dele to\u017ebe od zahodne do vzhodne obale ZDA. To\u017eile bodo organizacije, pravosodni ministri in morda tudi kongresni demokrati. Pravosodno ministrstvo ZDA je Trumpa na to \u017ee opozorilo.<\/p>\n<p>&#8220;Edina kriza na ju\u017eni meji je tista kriza, ki jo ustvarja predsednik ZDA,&#8221; je izjavil pravosodni minister Kalifornije Xavier Becerra. &#8220;Lo\u010devanje dru\u017ein, zapiranje otrok, zavra\u010danje prosilcev za azil in \u0161e ve\u010d.&#8221;<\/p>\n<p>Trumpovi odvetniki naj bi mu svetovali, da lahko najde denar za zid na druge na\u010dine, vendar pa je predsednik to zavrnil v strahu, da bo pred svojo bazo izpadel \u0161ibak.<\/p>\n","protected":false},"excerpt":{"rendered":"<p>Ameri\u0161ki predsednik Donald Trump je zaradi po njegovih besedah katastrofalnih razmer na ju\u017eni meji z Mehiko razglasil izredne razmere na meji. Napovedal je tudi podpis dogovora o prora\u010dunu, ki odpravlja nevarnost novega zaprtja vlade do konca septembra.<\/p>\n","protected":false},"author":8,"featured_media":392611,"comment_status":"closed","ping_status":"closed","sticky":false,"template":"","format":"standard","meta":{"footnotes":""},"categories":[1179],"tags":[1680,1682],"source":[4511],"supertag":[6103],"acf":[],"yoast_head":"<!-- This site is optimized with the Yoast SEO plugin v21.3 - https:\/\/yoast.com\/wordpress\/plugins\/seo\/ -->\n<title>Predsednik ZDA zaradi krize na meji z Mehiko razglasil izredne razmere - Hudo Slovenija<\/title>\n<meta name=\"robots\" content=\"index, follow, max-snippet:-1, max-image-preview:large, max-video-preview:-1\" \/>\n<link rel=\"canonical\" href=\"https:\/\/hudo.com\/si\/aktualno\/predsednik-zda-zaradi-krize-na-meji-z-mehiko-razglasil-izredne-razmere\/\" \/>\n<meta property=\"og:locale\" content=\"sl_SI\" \/>\n<meta property=\"og:type\" content=\"article\" \/>\n<meta property=\"og:title\" content=\"Predsednik ZDA zaradi krize na meji z Mehiko razglasil izredne razmere - Hudo Slovenija\" \/>\n<meta property=\"og:description\" content=\"Ameri\u0161ki predsednik Donald Trump je zaradi po njegovih besedah katastrofalnih razmer na ju\u017eni meji z Mehiko razglasil izredne razmere na meji. Napovedal je tudi podpis dogovora o prora\u010dunu, ki odpravlja nevarnost novega zaprtja vlade do konca septembra.\" \/>\n<meta property=\"og:url\" content=\"https:\/\/hudo.com\/si\/aktualno\/predsednik-zda-zaradi-krize-na-meji-z-mehiko-razglasil-izredne-razmere\/\" \/>\n<meta property=\"og:site_name\" content=\"Hudo Slovenija\" \/>\n<meta property=\"article:publisher\" content=\"https:\/\/www.facebook.com\/hudo.si\" \/>\n<meta property=\"article:published_time\" content=\"2019-02-15T17:39:02+00:00\" \/>\n<meta property=\"og:image\" content=\"https:\/\/hudo.com\/si\/wp-content\/uploads\/sites\/2\/2019\/02\/profimedia-0384389531.jpg\" \/>\n\t<meta property=\"og:image:width\" content=\"1250\" \/>\n\t<meta property=\"og:image:height\" content=\"883\" \/>\n\t<meta property=\"og:image:type\" content=\"image\/jpeg\" \/>\n<meta name=\"author\" content=\"M. N., STA\" \/>\n<meta name=\"twitter:card\" content=\"summary_large_image\" \/>\n<meta name=\"twitter:creator\" content=\"@hudo_si\" \/>\n<meta name=\"twitter:site\" content=\"@hudo_si\" \/>\n<meta name=\"twitter:label1\" content=\"Written by\" \/>\n\t<meta name=\"twitter:data1\" content=\"M. N., STA\" \/>\n\t<meta name=\"twitter:label2\" content=\"Est. reading time\" \/>\n\t<meta name=\"twitter:data2\" content=\"2 minuti\" \/>\n<script type=\"application\/ld+json\" class=\"yoast-schema-graph\">{\"@context\":\"https:\/\/schema.org\",\"@graph\":[{\"@type\":\"Article\",\"@id\":\"https:\/\/hudo.com\/si\/aktualno\/predsednik-zda-zaradi-krize-na-meji-z-mehiko-razglasil-izredne-razmere\/#article\",\"isPartOf\":{\"@id\":\"https:\/\/hudo.com\/si\/aktualno\/predsednik-zda-zaradi-krize-na-meji-z-mehiko-razglasil-izredne-razmere\/\"},\"author\":{\"name\":\"M. N., STA\",\"@id\":\"https:\/\/hudo.com\/si\/#\/schema\/person\/c2f10ce65d2e6ede2aeda5be2a0611fa\"},\"headline\":\"Predsednik ZDA zaradi krize na meji z Mehiko razglasil izredne razmere\",\"datePublished\":\"2019-02-15T17:39:02+00:00\",\"dateModified\":\"2019-02-15T17:39:02+00:00\",\"mainEntityOfPage\":{\"@id\":\"https:\/\/hudo.com\/si\/aktualno\/predsednik-zda-zaradi-krize-na-meji-z-mehiko-razglasil-izredne-razmere\/\"},\"wordCount\":403,\"publisher\":{\"@id\":\"https:\/\/hudo.com\/si\/#organization\"},\"keywords\":[\"Donald Trump\",\"ZDA\"],\"articleSection\":[\"Aktualno\"],\"inLanguage\":\"sl-SI\"},{\"@type\":\"WebPage\",\"@id\":\"https:\/\/hudo.com\/si\/aktualno\/predsednik-zda-zaradi-krize-na-meji-z-mehiko-razglasil-izredne-razmere\/\",\"url\":\"https:\/\/hudo.com\/si\/aktualno\/predsednik-zda-zaradi-krize-na-meji-z-mehiko-razglasil-izredne-razmere\/\",\"name\":\"Predsednik ZDA zaradi krize na meji z Mehiko razglasil izredne razmere - Hudo Slovenija\",\"isPartOf\":{\"@id\":\"https:\/\/hudo.com\/si\/#website\"},\"datePublished\":\"2019-02-15T17:39:02+00:00\",\"dateModified\":\"2019-02-15T17:39:02+00:00\",\"breadcrumb\":{\"@id\":\"https:\/\/hudo.com\/si\/aktualno\/predsednik-zda-zaradi-krize-na-meji-z-mehiko-razglasil-izredne-razmere\/#breadcrumb\"},\"inLanguage\":\"sl-SI\",\"potentialAction\":[{\"@type\":\"ReadAction\",\"target\":[\"https:\/\/hudo.com\/si\/aktualno\/predsednik-zda-zaradi-krize-na-meji-z-mehiko-razglasil-izredne-razmere\/\"]}]},{\"@type\":\"BreadcrumbList\",\"@id\":\"https:\/\/hudo.com\/si\/aktualno\/predsednik-zda-zaradi-krize-na-meji-z-mehiko-razglasil-izredne-razmere\/#breadcrumb\",\"itemListElement\":[{\"@type\":\"ListItem\",\"position\":1,\"name\":\"Home\",\"item\":\"https:\/\/hudo.com\/si\/\"},{\"@type\":\"ListItem\",\"position\":2,\"name\":\"Predsednik ZDA zaradi krize na meji z Mehiko razglasil izredne razmere\"}]},{\"@type\":\"WebSite\",\"@id\":\"https:\/\/hudo.com\/si\/#website\",\"url\":\"https:\/\/hudo.com\/si\/\",\"name\":\"Hudo Slovenija\",\"description\":\"Vse novice iz Slovenije in sveta\",\"publisher\":{\"@id\":\"https:\/\/hudo.com\/si\/#organization\"},\"potentialAction\":[{\"@type\":\"SearchAction\",\"target\":{\"@type\":\"EntryPoint\",\"urlTemplate\":\"https:\/\/hudo.com\/si\/?s={search_term_string}\"},\"query-input\":\"required name=search_term_string\"}],\"inLanguage\":\"sl-SI\"},{\"@type\":\"Organization\",\"@id\":\"https:\/\/hudo.com\/si\/#organization\",\"name\":\"VSN Media\",\"url\":\"https:\/\/hudo.com\/si\/\",\"logo\":{\"@type\":\"ImageObject\",\"inLanguage\":\"sl-SI\",\"@id\":\"https:\/\/hudo.com\/si\/#\/schema\/logo\/image\/\",\"url\":\"https:\/\/hudo.com\/si\/wp-content\/uploads\/sites\/2\/2021\/03\/hudo-app-2.png\",\"contentUrl\":\"https:\/\/hudo.com\/si\/wp-content\/uploads\/sites\/2\/2021\/03\/hudo-app-2.png\",\"width\":2185,\"height\":2167,\"caption\":\"VSN Media\"},\"image\":{\"@id\":\"https:\/\/hudo.com\/si\/#\/schema\/logo\/image\/\"},\"sameAs\":[\"https:\/\/www.facebook.com\/hudo.si\",\"https:\/\/twitter.com\/hudo_si\"]},{\"@type\":\"Person\",\"@id\":\"https:\/\/hudo.com\/si\/#\/schema\/person\/c2f10ce65d2e6ede2aeda5be2a0611fa\",\"name\":\"M. N., STA\",\"image\":{\"@type\":\"ImageObject\",\"inLanguage\":\"sl-SI\",\"@id\":\"https:\/\/hudo.com\/si\/#\/schema\/person\/image\/\",\"url\":\"https:\/\/secure.gravatar.com\/avatar\/f370d38daa10467f755c5c766a4cac20?s=96&d=mm&r=g\",\"contentUrl\":\"https:\/\/secure.gravatar.com\/avatar\/f370d38daa10467f755c5c766a4cac20?s=96&d=mm&r=g\",\"caption\":\"M. N., STA\"},\"url\":\"https:\/\/hudo.com\/si\/author\/mana\/\"}]}<\/script>\n<!-- \/ Yoast SEO plugin. -->","yoast_head_json":{"title":"Predsednik ZDA zaradi krize na meji z Mehiko razglasil izredne razmere - Hudo Slovenija","robots":{"index":"index","follow":"follow","max-snippet":"max-snippet:-1","max-image-preview":"max-image-preview:large","max-video-preview":"max-video-preview:-1"},"canonical":"https:\/\/hudo.com\/si\/aktualno\/predsednik-zda-zaradi-krize-na-meji-z-mehiko-razglasil-izredne-razmere\/","og_locale":"sl_SI","og_type":"article","og_title":"Predsednik ZDA zaradi krize na meji z Mehiko razglasil izredne razmere - Hudo Slovenija","og_description":"Ameri\u0161ki predsednik Donald Trump je zaradi po njegovih besedah katastrofalnih razmer na ju\u017eni meji z Mehiko razglasil izredne razmere na meji. Napovedal je tudi podpis dogovora o prora\u010dunu, ki odpravlja nevarnost novega zaprtja vlade do konca septembra.","og_url":"https:\/\/hudo.com\/si\/aktualno\/predsednik-zda-zaradi-krize-na-meji-z-mehiko-razglasil-izredne-razmere\/","og_site_name":"Hudo Slovenija","article_publisher":"https:\/\/www.facebook.com\/hudo.si","article_published_time":"2019-02-15T17:39:02+00:00","og_image":[{"width":1250,"height":883,"url":"https:\/\/hudo.com\/si\/wp-content\/uploads\/sites\/2\/2019\/02\/profimedia-0384389531.jpg","type":"image\/jpeg"}],"author":"M. N., STA","twitter_card":"summary_large_image","twitter_creator":"@hudo_si","twitter_site":"@hudo_si","twitter_misc":{"Written by":"M. N., STA","Est. reading time":"2 minuti"},"schema":{"@context":"https:\/\/schema.org","@graph":[{"@type":"Article","@id":"https:\/\/hudo.com\/si\/aktualno\/predsednik-zda-zaradi-krize-na-meji-z-mehiko-razglasil-izredne-razmere\/#article","isPartOf":{"@id":"https:\/\/hudo.com\/si\/aktualno\/predsednik-zda-zaradi-krize-na-meji-z-mehiko-razglasil-izredne-razmere\/"},"author":{"name":"M. N., STA","@id":"https:\/\/hudo.com\/si\/#\/schema\/person\/c2f10ce65d2e6ede2aeda5be2a0611fa"},"headline":"Predsednik ZDA zaradi krize na meji z Mehiko razglasil izredne razmere","datePublished":"2019-02-15T17:39:02+00:00","dateModified":"2019-02-15T17:39:02+00:00","mainEntityOfPage":{"@id":"https:\/\/hudo.com\/si\/aktualno\/predsednik-zda-zaradi-krize-na-meji-z-mehiko-razglasil-izredne-razmere\/"},"wordCount":403,"publisher":{"@id":"https:\/\/hudo.com\/si\/#organization"},"keywords":["Donald Trump","ZDA"],"articleSection":["Aktualno"],"inLanguage":"sl-SI"},{"@type":"WebPage","@id":"https:\/\/hudo.com\/si\/aktualno\/predsednik-zda-zaradi-krize-na-meji-z-mehiko-razglasil-izredne-razmere\/","url":"https:\/\/hudo.com\/si\/aktualno\/predsednik-zda-zaradi-krize-na-meji-z-mehiko-razglasil-izredne-razmere\/","name":"Predsednik ZDA zaradi krize na meji z Mehiko razglasil izredne razmere - Hudo Slovenija","isPartOf":{"@id":"https:\/\/hudo.com\/si\/#website"},"datePublished":"2019-02-15T17:39:02+00:00","dateModified":"2019-02-15T17:39:02+00:00","breadcrumb":{"@id":"https:\/\/hudo.com\/si\/aktualno\/predsednik-zda-zaradi-krize-na-meji-z-mehiko-razglasil-izredne-razmere\/#breadcrumb"},"inLanguage":"sl-SI","potentialAction":[{"@type":"ReadAction","target":["https:\/\/hudo.com\/si\/aktualno\/predsednik-zda-zaradi-krize-na-meji-z-mehiko-razglasil-izredne-razmere\/"]}]},{"@type":"BreadcrumbList","@id":"https:\/\/hudo.com\/si\/aktualno\/predsednik-zda-zaradi-krize-na-meji-z-mehiko-razglasil-izredne-razmere\/#breadcrumb","itemListElement":[{"@type":"ListItem","position":1,"name":"Home","item":"https:\/\/hudo.com\/si\/"},{"@type":"ListItem","position":2,"name":"Predsednik ZDA zaradi krize na meji z Mehiko razglasil izredne razmere"}]},{"@type":"WebSite","@id":"https:\/\/hudo.com\/si\/#website","url":"https:\/\/hudo.com\/si\/","name":"Hudo Slovenija","description":"Vse novice iz Slovenije in sveta","publisher":{"@id":"https:\/\/hudo.com\/si\/#organization"},"potentialAction":[{"@type":"SearchAction","target":{"@type":"EntryPoint","urlTemplate":"https:\/\/hudo.com\/si\/?s={search_term_string}"},"query-input":"required name=search_term_string"}],"inLanguage":"sl-SI"},{"@type":"Organization","@id":"https:\/\/hudo.com\/si\/#organization","name":"VSN Media","url":"https:\/\/hudo.com\/si\/","logo":{"@type":"ImageObject","inLanguage":"sl-SI","@id":"https:\/\/hudo.com\/si\/#\/schema\/logo\/image\/","url":"https:\/\/hudo.com\/si\/wp-content\/uploads\/sites\/2\/2021\/03\/hudo-app-2.png","contentUrl":"https:\/\/hudo.com\/si\/wp-content\/uploads\/sites\/2\/2021\/03\/hudo-app-2.png","width":2185,"height":2167,"caption":"VSN Media"},"image":{"@id":"https:\/\/hudo.com\/si\/#\/schema\/logo\/image\/"},"sameAs":["https:\/\/www.facebook.com\/hudo.si","https:\/\/twitter.com\/hudo_si"]},{"@type":"Person","@id":"https:\/\/hudo.com\/si\/#\/schema\/person\/c2f10ce65d2e6ede2aeda5be2a0611fa","name":"M. N., STA","image":{"@type":"ImageObject","inLanguage":"sl-SI","@id":"https:\/\/hudo.com\/si\/#\/schema\/person\/image\/","url":"https:\/\/secure.gravatar.com\/avatar\/f370d38daa10467f755c5c766a4cac20?s=96&d=mm&r=g","contentUrl":"https:\/\/secure.gravatar.com\/avatar\/f370d38daa10467f755c5c766a4cac20?s=96&d=mm&r=g","caption":"M. N., STA"},"url":"https:\/\/hudo.com\/si\/author\/mana\/"}]}},"amp_enabled":true,"_links":{"self":[{"href":"https:\/\/hudo.com\/si\/wp-json\/wp\/v2\/posts\/393069"}],"collection":[{"href":"https:\/\/hudo.com\/si\/wp-json\/wp\/v2\/posts"}],"about":[{"href":"https:\/\/hudo.com\/si\/wp-json\/wp\/v2\/types\/post"}],"author":[{"embeddable":true,"href":"https:\/\/hudo.com\/si\/wp-json\/wp\/v2\/users\/8"}],"replies":[{"embeddable":true,"href":"https:\/\/hudo.com\/si\/wp-json\/wp\/v2\/comments?post=393069"}],"version-history":[{"count":1,"href":"https:\/\/hudo.com\/si\/wp-json\/wp\/v2\/posts\/393069\/revisions"}],"predecessor-version":[{"id":393070,"href":"https:\/\/hudo.com\/si\/wp-json\/wp\/v2\/posts\/393069\/revisions\/393070"}],"wp:featuredmedia":[{"embeddable":true,"href":"https:\/\/hudo.com\/si\/wp-json\/wp\/v2\/media\/392611"}],"wp:attachment":[{"href":"https:\/\/hudo.com\/si\/wp-json\/wp\/v2\/media?parent=393069"}],"wp:term":[{"taxonomy":"category","embeddable":true,"href":"https:\/\/hudo.com\/si\/wp-json\/wp\/v2\/categories?post=393069"},{"taxonomy":"post_tag","embeddable":true,"href":"https:\/\/hudo.com\/si\/wp-json\/wp\/v2\/tags?post=393069"},{"taxonomy":"source","embeddable":true,"href":"https:\/\/hudo.com\/si\/wp-json\/wp\/v2\/source?post=393069"},{"taxonomy":"supertag","embeddable":true,"href":"https:\/\/hudo.com\/si\/wp-json\/wp\/v2\/supertag?post=393069"}],"curies":[{"name":"wp","href":"https:\/\/api.w.org\/{rel}","templated":true}]}}