{"id":393075,"date":"2019-02-16T09:06:08","date_gmt":"2019-02-16T08:06:08","guid":{"rendered":"http:\/\/hudo.com\/si\/?p=393075"},"modified":"2019-02-16T09:06:08","modified_gmt":"2019-02-16T08:06:08","slug":"lani-v-sloveniji-proizvedli-manj-mlecnih-izdelkov","status":"publish","type":"post","link":"https:\/\/hudo.com\/si\/aktualno\/lani-v-sloveniji-proizvedli-manj-mlecnih-izdelkov\/","title":{"rendered":"Lani v Sloveniji proizvedli manj mle\u010dnih izdelkov"},"content":{"rendered":"<p>Dele\u017e mleka, ki so ga od kmetijskih gospodarstev odkupile slovenske mlekarne, je bil lani tretje leto zapored ve\u010dji kot v prej\u0161njem letu. Lani so ga odkupile 394.239 ton ali za 0,2 odstotka ve\u010d kot predlani.<\/p>\n<p>Proizvodnja fermentiranih mle\u010dnih izdelkov se je pove\u010dala za \u0161tiri odstotke na 43.800 ton. Mlekarne pa so lani prvi\u010d po petih letih proizvedle manj konzumnega mleka. Proizvedle so ga 168.000 ton ali okoli pet odstotkov manj kot predlani.<\/p>\n<p>Proizvodnja smetane je ostala na podobni ravni kot v letih prej. Mlekarne so jo proizvedle nekaj ve\u010d kot 12.100 ton. Medtem se je proizvodnja mleka v prahu nadalje zmanj\u0161evala, lani za 16 odstotkov.<\/p>\n<p>Proizvodnja masla se je zmanj\u0161ala za skoraj \u0161tiri odstotke na okoli 2600 ton. Proizvodnja sira pa se je zmanj\u0161ala za okoli dva odstotka na pribli\u017eno 16.500 ton, je \u0161e navedel urad.<\/p>\n<p>Koli\u010dina prodanega mleka mlekarnam se je v EU lani pove\u010dala za slab odstotek. Odkup mleka se je najbolj zmanj\u0161al na Hrva\u0161kem, sledile so Latvija, Nizozemska, Litva, \u0160vedska, Malta in Slovenija. Medtem se je najbolj pove\u010dal v Bolgariji in Romuniji.<\/p>\n","protected":false},"excerpt":{"rendered":"<p>Odkup mleka od kmetijskih gospodarstev v Sloveniji je lani zna\u0161al 570.634 ton, kar je 1,4 odstotka manj kot predlani. Med mle\u010dnimi izdelki so mlekarne proizvedle ve\u010d fermentiranih mle\u010dnih izdelkov, proizvodnja ostalih skupin pa je bila manj\u0161a, je sporo\u010dil statisti\u010dni urad.<\/p>\n","protected":false},"author":7,"featured_media":393076,"comment_status":"closed","ping_status":"closed","sticky":false,"template":"","format":"standard","meta":{"footnotes":""},"categories":[1179],"tags":[2134,1595],"source":[4511],"supertag":[],"acf":[],"yoast_head":"<!-- This site is optimized with the Yoast SEO plugin v21.3 - https:\/\/yoast.com\/wordpress\/plugins\/seo\/ -->\n<title>Lani v Sloveniji proizvedli manj mle\u010dnih izdelkov - Hudo Slovenija<\/title>\n<meta name=\"robots\" content=\"index, follow, max-snippet:-1, max-image-preview:large, max-video-preview:-1\" \/>\n<link rel=\"canonical\" href=\"https:\/\/hudo.com\/si\/aktualno\/lani-v-sloveniji-proizvedli-manj-mlecnih-izdelkov\/\" \/>\n<meta property=\"og:locale\" content=\"sl_SI\" \/>\n<meta property=\"og:type\" content=\"article\" \/>\n<meta property=\"og:title\" content=\"Lani v Sloveniji proizvedli manj mle\u010dnih izdelkov - Hudo Slovenija\" \/>\n<meta property=\"og:description\" content=\"Odkup mleka od kmetijskih gospodarstev v Sloveniji je lani zna\u0161al 570.634 ton, kar je 1,4 odstotka manj kot predlani. Med mle\u010dnimi izdelki so mlekarne proizvedle ve\u010d fermentiranih mle\u010dnih izdelkov, proizvodnja ostalih skupin pa je bila manj\u0161a, je sporo\u010dil statisti\u010dni urad.\" \/>\n<meta property=\"og:url\" content=\"https:\/\/hudo.com\/si\/aktualno\/lani-v-sloveniji-proizvedli-manj-mlecnih-izdelkov\/\" \/>\n<meta property=\"og:site_name\" content=\"Hudo Slovenija\" \/>\n<meta property=\"article:publisher\" content=\"https:\/\/www.facebook.com\/hudo.si\" \/>\n<meta property=\"article:published_time\" content=\"2019-02-16T08:06:08+00:00\" \/>\n<meta property=\"og:image\" content=\"https:\/\/hudo.com\/si\/wp-content\/uploads\/sites\/2\/2019\/02\/profimedia-0104235918-scaled.jpg\" \/>\n\t<meta property=\"og:image:width\" content=\"2560\" \/>\n\t<meta property=\"og:image:height\" content=\"1707\" \/>\n\t<meta property=\"og:image:type\" content=\"image\/jpeg\" \/>\n<meta name=\"author\" content=\"A. P., STA\" \/>\n<meta name=\"twitter:card\" content=\"summary_large_image\" \/>\n<meta name=\"twitter:creator\" content=\"@hudo_si\" \/>\n<meta name=\"twitter:site\" content=\"@hudo_si\" \/>\n<meta name=\"twitter:label1\" content=\"Written by\" \/>\n\t<meta name=\"twitter:data1\" content=\"A. P., STA\" \/>\n\t<meta name=\"twitter:label2\" content=\"Est. reading time\" \/>\n\t<meta name=\"twitter:data2\" content=\"1 minuta\" \/>\n<script type=\"application\/ld+json\" class=\"yoast-schema-graph\">{\"@context\":\"https:\/\/schema.org\",\"@graph\":[{\"@type\":\"Article\",\"@id\":\"https:\/\/hudo.com\/si\/aktualno\/lani-v-sloveniji-proizvedli-manj-mlecnih-izdelkov\/#article\",\"isPartOf\":{\"@id\":\"https:\/\/hudo.com\/si\/aktualno\/lani-v-sloveniji-proizvedli-manj-mlecnih-izdelkov\/\"},\"author\":{\"name\":\"A. P., STA\",\"@id\":\"https:\/\/hudo.com\/si\/#\/schema\/person\/18f09c02475ba9e606e941a565b80cff\"},\"headline\":\"Lani v Sloveniji proizvedli manj mle\u010dnih izdelkov\",\"datePublished\":\"2019-02-16T08:06:08+00:00\",\"dateModified\":\"2019-02-16T08:06:08+00:00\",\"mainEntityOfPage\":{\"@id\":\"https:\/\/hudo.com\/si\/aktualno\/lani-v-sloveniji-proizvedli-manj-mlecnih-izdelkov\/\"},\"wordCount\":188,\"publisher\":{\"@id\":\"https:\/\/hudo.com\/si\/#organization\"},\"keywords\":[\"mle\u010dni izdelki\",\"Slovenija\"],\"articleSection\":[\"Aktualno\"],\"inLanguage\":\"sl-SI\"},{\"@type\":\"WebPage\",\"@id\":\"https:\/\/hudo.com\/si\/aktualno\/lani-v-sloveniji-proizvedli-manj-mlecnih-izdelkov\/\",\"url\":\"https:\/\/hudo.com\/si\/aktualno\/lani-v-sloveniji-proizvedli-manj-mlecnih-izdelkov\/\",\"name\":\"Lani v Sloveniji proizvedli manj mle\u010dnih izdelkov - Hudo Slovenija\",\"isPartOf\":{\"@id\":\"https:\/\/hudo.com\/si\/#website\"},\"datePublished\":\"2019-02-16T08:06:08+00:00\",\"dateModified\":\"2019-02-16T08:06:08+00:00\",\"breadcrumb\":{\"@id\":\"https:\/\/hudo.com\/si\/aktualno\/lani-v-sloveniji-proizvedli-manj-mlecnih-izdelkov\/#breadcrumb\"},\"inLanguage\":\"sl-SI\",\"potentialAction\":[{\"@type\":\"ReadAction\",\"target\":[\"https:\/\/hudo.com\/si\/aktualno\/lani-v-sloveniji-proizvedli-manj-mlecnih-izdelkov\/\"]}]},{\"@type\":\"BreadcrumbList\",\"@id\":\"https:\/\/hudo.com\/si\/aktualno\/lani-v-sloveniji-proizvedli-manj-mlecnih-izdelkov\/#breadcrumb\",\"itemListElement\":[{\"@type\":\"ListItem\",\"position\":1,\"name\":\"Home\",\"item\":\"https:\/\/hudo.com\/si\/\"},{\"@type\":\"ListItem\",\"position\":2,\"name\":\"Lani v Sloveniji proizvedli manj mle\u010dnih izdelkov\"}]},{\"@type\":\"WebSite\",\"@id\":\"https:\/\/hudo.com\/si\/#website\",\"url\":\"https:\/\/hudo.com\/si\/\",\"name\":\"Hudo Slovenija\",\"description\":\"Vse novice iz Slovenije in sveta\",\"publisher\":{\"@id\":\"https:\/\/hudo.com\/si\/#organization\"},\"potentialAction\":[{\"@type\":\"SearchAction\",\"target\":{\"@type\":\"EntryPoint\",\"urlTemplate\":\"https:\/\/hudo.com\/si\/?s={search_term_string}\"},\"query-input\":\"required name=search_term_string\"}],\"inLanguage\":\"sl-SI\"},{\"@type\":\"Organization\",\"@id\":\"https:\/\/hudo.com\/si\/#organization\",\"name\":\"VSN Media\",\"url\":\"https:\/\/hudo.com\/si\/\",\"logo\":{\"@type\":\"ImageObject\",\"inLanguage\":\"sl-SI\",\"@id\":\"https:\/\/hudo.com\/si\/#\/schema\/logo\/image\/\",\"url\":\"https:\/\/hudo.com\/si\/wp-content\/uploads\/sites\/2\/2021\/03\/hudo-app-2.png\",\"contentUrl\":\"https:\/\/hudo.com\/si\/wp-content\/uploads\/sites\/2\/2021\/03\/hudo-app-2.png\",\"width\":2185,\"height\":2167,\"caption\":\"VSN Media\"},\"image\":{\"@id\":\"https:\/\/hudo.com\/si\/#\/schema\/logo\/image\/\"},\"sameAs\":[\"https:\/\/www.facebook.com\/hudo.si\",\"https:\/\/twitter.com\/hudo_si\"]},{\"@type\":\"Person\",\"@id\":\"https:\/\/hudo.com\/si\/#\/schema\/person\/18f09c02475ba9e606e941a565b80cff\",\"name\":\"A. P., STA\",\"image\":{\"@type\":\"ImageObject\",\"inLanguage\":\"sl-SI\",\"@id\":\"https:\/\/hudo.com\/si\/#\/schema\/person\/image\/\",\"url\":\"https:\/\/secure.gravatar.com\/avatar\/03eac8e609f5f04383125d80eaeaaf3e?s=96&d=mm&r=g\",\"contentUrl\":\"https:\/\/secure.gravatar.com\/avatar\/03eac8e609f5f04383125d80eaeaaf3e?s=96&d=mm&r=g\",\"caption\":\"A. P., STA\"},\"url\":\"https:\/\/hudo.com\/si\/author\/lubu\/\"}]}<\/script>\n<!-- \/ Yoast SEO plugin. -->","yoast_head_json":{"title":"Lani v Sloveniji proizvedli manj mle\u010dnih izdelkov - Hudo Slovenija","robots":{"index":"index","follow":"follow","max-snippet":"max-snippet:-1","max-image-preview":"max-image-preview:large","max-video-preview":"max-video-preview:-1"},"canonical":"https:\/\/hudo.com\/si\/aktualno\/lani-v-sloveniji-proizvedli-manj-mlecnih-izdelkov\/","og_locale":"sl_SI","og_type":"article","og_title":"Lani v Sloveniji proizvedli manj mle\u010dnih izdelkov - Hudo Slovenija","og_description":"Odkup mleka od kmetijskih gospodarstev v Sloveniji je lani zna\u0161al 570.634 ton, kar je 1,4 odstotka manj kot predlani. Med mle\u010dnimi izdelki so mlekarne proizvedle ve\u010d fermentiranih mle\u010dnih izdelkov, proizvodnja ostalih skupin pa je bila manj\u0161a, je sporo\u010dil statisti\u010dni urad.","og_url":"https:\/\/hudo.com\/si\/aktualno\/lani-v-sloveniji-proizvedli-manj-mlecnih-izdelkov\/","og_site_name":"Hudo Slovenija","article_publisher":"https:\/\/www.facebook.com\/hudo.si","article_published_time":"2019-02-16T08:06:08+00:00","og_image":[{"width":2560,"height":1707,"url":"https:\/\/hudo.com\/si\/wp-content\/uploads\/sites\/2\/2019\/02\/profimedia-0104235918-scaled.jpg","type":"image\/jpeg"}],"author":"A. P., STA","twitter_card":"summary_large_image","twitter_creator":"@hudo_si","twitter_site":"@hudo_si","twitter_misc":{"Written by":"A. P., STA","Est. reading time":"1 minuta"},"schema":{"@context":"https:\/\/schema.org","@graph":[{"@type":"Article","@id":"https:\/\/hudo.com\/si\/aktualno\/lani-v-sloveniji-proizvedli-manj-mlecnih-izdelkov\/#article","isPartOf":{"@id":"https:\/\/hudo.com\/si\/aktualno\/lani-v-sloveniji-proizvedli-manj-mlecnih-izdelkov\/"},"author":{"name":"A. P., STA","@id":"https:\/\/hudo.com\/si\/#\/schema\/person\/18f09c02475ba9e606e941a565b80cff"},"headline":"Lani v Sloveniji proizvedli manj mle\u010dnih izdelkov","datePublished":"2019-02-16T08:06:08+00:00","dateModified":"2019-02-16T08:06:08+00:00","mainEntityOfPage":{"@id":"https:\/\/hudo.com\/si\/aktualno\/lani-v-sloveniji-proizvedli-manj-mlecnih-izdelkov\/"},"wordCount":188,"publisher":{"@id":"https:\/\/hudo.com\/si\/#organization"},"keywords":["mle\u010dni izdelki","Slovenija"],"articleSection":["Aktualno"],"inLanguage":"sl-SI"},{"@type":"WebPage","@id":"https:\/\/hudo.com\/si\/aktualno\/lani-v-sloveniji-proizvedli-manj-mlecnih-izdelkov\/","url":"https:\/\/hudo.com\/si\/aktualno\/lani-v-sloveniji-proizvedli-manj-mlecnih-izdelkov\/","name":"Lani v Sloveniji proizvedli manj mle\u010dnih izdelkov - Hudo Slovenija","isPartOf":{"@id":"https:\/\/hudo.com\/si\/#website"},"datePublished":"2019-02-16T08:06:08+00:00","dateModified":"2019-02-16T08:06:08+00:00","breadcrumb":{"@id":"https:\/\/hudo.com\/si\/aktualno\/lani-v-sloveniji-proizvedli-manj-mlecnih-izdelkov\/#breadcrumb"},"inLanguage":"sl-SI","potentialAction":[{"@type":"ReadAction","target":["https:\/\/hudo.com\/si\/aktualno\/lani-v-sloveniji-proizvedli-manj-mlecnih-izdelkov\/"]}]},{"@type":"BreadcrumbList","@id":"https:\/\/hudo.com\/si\/aktualno\/lani-v-sloveniji-proizvedli-manj-mlecnih-izdelkov\/#breadcrumb","itemListElement":[{"@type":"ListItem","position":1,"name":"Home","item":"https:\/\/hudo.com\/si\/"},{"@type":"ListItem","position":2,"name":"Lani v Sloveniji proizvedli manj mle\u010dnih izdelkov"}]},{"@type":"WebSite","@id":"https:\/\/hudo.com\/si\/#website","url":"https:\/\/hudo.com\/si\/","name":"Hudo Slovenija","description":"Vse novice iz Slovenije in sveta","publisher":{"@id":"https:\/\/hudo.com\/si\/#organization"},"potentialAction":[{"@type":"SearchAction","target":{"@type":"EntryPoint","urlTemplate":"https:\/\/hudo.com\/si\/?s={search_term_string}"},"query-input":"required name=search_term_string"}],"inLanguage":"sl-SI"},{"@type":"Organization","@id":"https:\/\/hudo.com\/si\/#organization","name":"VSN Media","url":"https:\/\/hudo.com\/si\/","logo":{"@type":"ImageObject","inLanguage":"sl-SI","@id":"https:\/\/hudo.com\/si\/#\/schema\/logo\/image\/","url":"https:\/\/hudo.com\/si\/wp-content\/uploads\/sites\/2\/2021\/03\/hudo-app-2.png","contentUrl":"https:\/\/hudo.com\/si\/wp-content\/uploads\/sites\/2\/2021\/03\/hudo-app-2.png","width":2185,"height":2167,"caption":"VSN Media"},"image":{"@id":"https:\/\/hudo.com\/si\/#\/schema\/logo\/image\/"},"sameAs":["https:\/\/www.facebook.com\/hudo.si","https:\/\/twitter.com\/hudo_si"]},{"@type":"Person","@id":"https:\/\/hudo.com\/si\/#\/schema\/person\/18f09c02475ba9e606e941a565b80cff","name":"A. P., STA","image":{"@type":"ImageObject","inLanguage":"sl-SI","@id":"https:\/\/hudo.com\/si\/#\/schema\/person\/image\/","url":"https:\/\/secure.gravatar.com\/avatar\/03eac8e609f5f04383125d80eaeaaf3e?s=96&d=mm&r=g","contentUrl":"https:\/\/secure.gravatar.com\/avatar\/03eac8e609f5f04383125d80eaeaaf3e?s=96&d=mm&r=g","caption":"A. P., STA"},"url":"https:\/\/hudo.com\/si\/author\/lubu\/"}]}},"amp_enabled":true,"_links":{"self":[{"href":"https:\/\/hudo.com\/si\/wp-json\/wp\/v2\/posts\/393075"}],"collection":[{"href":"https:\/\/hudo.com\/si\/wp-json\/wp\/v2\/posts"}],"about":[{"href":"https:\/\/hudo.com\/si\/wp-json\/wp\/v2\/types\/post"}],"author":[{"embeddable":true,"href":"https:\/\/hudo.com\/si\/wp-json\/wp\/v2\/users\/7"}],"replies":[{"embeddable":true,"href":"https:\/\/hudo.com\/si\/wp-json\/wp\/v2\/comments?post=393075"}],"version-history":[{"count":1,"href":"https:\/\/hudo.com\/si\/wp-json\/wp\/v2\/posts\/393075\/revisions"}],"predecessor-version":[{"id":393077,"href":"https:\/\/hudo.com\/si\/wp-json\/wp\/v2\/posts\/393075\/revisions\/393077"}],"wp:featuredmedia":[{"embeddable":true,"href":"https:\/\/hudo.com\/si\/wp-json\/wp\/v2\/media\/393076"}],"wp:attachment":[{"href":"https:\/\/hudo.com\/si\/wp-json\/wp\/v2\/media?parent=393075"}],"wp:term":[{"taxonomy":"category","embeddable":true,"href":"https:\/\/hudo.com\/si\/wp-json\/wp\/v2\/categories?post=393075"},{"taxonomy":"post_tag","embeddable":true,"href":"https:\/\/hudo.com\/si\/wp-json\/wp\/v2\/tags?post=393075"},{"taxonomy":"source","embeddable":true,"href":"https:\/\/hudo.com\/si\/wp-json\/wp\/v2\/source?post=393075"},{"taxonomy":"supertag","embeddable":true,"href":"https:\/\/hudo.com\/si\/wp-json\/wp\/v2\/supertag?post=393075"}],"curies":[{"name":"wp","href":"https:\/\/api.w.org\/{rel}","templated":true}]}}