{"id":393078,"date":"2019-02-16T09:14:07","date_gmt":"2019-02-16T08:14:07","guid":{"rendered":"http:\/\/hudo.com\/si\/?p=393078"},"modified":"2019-02-16T09:14:07","modified_gmt":"2019-02-16T08:14:07","slug":"studija-je-pokazala-da-nemski-trg-dela-nujno-potrebuje-migrante-iz-drzav-zunaj-eu","status":"publish","type":"post","link":"https:\/\/hudo.com\/si\/aktualno\/studija-je-pokazala-da-nemski-trg-dela-nujno-potrebuje-migrante-iz-drzav-zunaj-eu\/","title":{"rendered":"\u0160tudija je pokazala, da nem\u0161ki trg dela nujno potrebuje migrante iz dr\u017eav zunaj EU"},"content":{"rendered":"<p>Kot so po poro\u010danju nem\u0161ke tiskovne agencije dpa pred dnevi poudarili v in\u0161titutu, se nem\u0161ko prebivalstvo stara, stopnja rodnosti pa ostaja nizka. Primanjkljaj delavcev, ki je \u017ee zdaj prisoten na prakti\u010dno vseh podro\u010djih, trenutno zapolnjujejo tudi dr\u017eavljani drugih \u010dlanic EU, kar pa se bo po ocenah in\u0161tituta v prihodnjih desetletjih spremenilo. \u017divljenjski standard se namre\u010d v ve\u010dini dr\u017eav EU zvi\u0161uje, zato se bo vedno manj ljudi \u017eelelo preseliti v drugo \u010dlanico.<\/p>\n<p>Nem\u010dija bo zato potrebovala migrante iz dr\u017eav zunaj EU, izziv pa bo zagotoviti tudi ustrezno \u0161tevilo visoko izobra\u017eenih zaposlenih.<\/p>\n<p>Po ocenah in\u0161tituta bi nem\u0161ko gospodarstvo za nemoteno delovanje potrebovalo okoli 146.000 migrantov iz dr\u017eav EU in okoli 114.000 ljudi iz drugih dr\u017eav. Dr\u017eava je lani \u017ee sprejela zakonodajne spremembe, ki naj bi visoko kvalificiranim tujim delavcem olaj\u0161alo selitev v Nem\u010dijo.<\/p>\n","protected":false},"excerpt":{"rendered":"<p>Nem\u0161ki trg dela bo na dolgi in tudi \u017ee na srednji rok potreboval najmanj 260.000 migrantov letno, pri \u010demer bodo morali \u0161tevilni priti iz dr\u017eav zunaj EU, ka\u017ee \u0161tudija nem\u0161kega in\u0161tituta Bertelsmann Institute. \u0160tevilo delovno aktivnih Nemcev se bo do leta 2060 namre\u010d zmanj\u0161alo za 16 milijonov oziroma eno tretjino.<\/p>\n","protected":false},"author":7,"featured_media":393079,"comment_status":"closed","ping_status":"closed","sticky":false,"template":"","format":"standard","meta":{"footnotes":""},"categories":[1179],"tags":[2391,5465,3628,4505],"source":[4511],"supertag":[7541],"acf":[],"yoast_head":"<!-- This site is optimized with the Yoast SEO plugin v21.3 - https:\/\/yoast.com\/wordpress\/plugins\/seo\/ -->\n<title>\u0160tudija je pokazala, da nem\u0161ki trg dela nujno potrebuje migrante iz dr\u017eav zunaj EU - Hudo Slovenija<\/title>\n<meta name=\"robots\" content=\"index, follow, max-snippet:-1, max-image-preview:large, max-video-preview:-1\" \/>\n<link rel=\"canonical\" href=\"https:\/\/hudo.com\/si\/aktualno\/studija-je-pokazala-da-nemski-trg-dela-nujno-potrebuje-migrante-iz-drzav-zunaj-eu\/\" \/>\n<meta property=\"og:locale\" content=\"sl_SI\" \/>\n<meta property=\"og:type\" content=\"article\" \/>\n<meta property=\"og:title\" content=\"\u0160tudija je pokazala, da nem\u0161ki trg dela nujno potrebuje migrante iz dr\u017eav zunaj EU - Hudo Slovenija\" \/>\n<meta property=\"og:description\" content=\"Nem\u0161ki trg dela bo na dolgi in tudi \u017ee na srednji rok potreboval najmanj 260.000 migrantov letno, pri \u010demer bodo morali \u0161tevilni priti iz dr\u017eav zunaj EU, ka\u017ee \u0161tudija nem\u0161kega in\u0161tituta Bertelsmann Institute. \u0160tevilo delovno aktivnih Nemcev se bo do leta 2060 namre\u010d zmanj\u0161alo za 16 milijonov oziroma eno tretjino.\" \/>\n<meta property=\"og:url\" content=\"https:\/\/hudo.com\/si\/aktualno\/studija-je-pokazala-da-nemski-trg-dela-nujno-potrebuje-migrante-iz-drzav-zunaj-eu\/\" \/>\n<meta property=\"og:site_name\" content=\"Hudo Slovenija\" \/>\n<meta property=\"article:publisher\" content=\"https:\/\/www.facebook.com\/hudo.si\" \/>\n<meta property=\"article:published_time\" content=\"2019-02-16T08:14:07+00:00\" \/>\n<meta property=\"og:image\" content=\"https:\/\/hudo.com\/si\/wp-content\/uploads\/sites\/2\/2019\/02\/profimedia-0134149349-scaled.jpg\" \/>\n\t<meta property=\"og:image:width\" content=\"2560\" \/>\n\t<meta property=\"og:image:height\" content=\"1701\" \/>\n\t<meta property=\"og:image:type\" content=\"image\/jpeg\" \/>\n<meta name=\"author\" content=\"A. P., STA\" \/>\n<meta name=\"twitter:card\" content=\"summary_large_image\" \/>\n<meta name=\"twitter:creator\" content=\"@hudo_si\" \/>\n<meta name=\"twitter:site\" content=\"@hudo_si\" \/>\n<meta name=\"twitter:label1\" content=\"Written by\" \/>\n\t<meta name=\"twitter:data1\" content=\"A. P., STA\" \/>\n\t<meta name=\"twitter:label2\" content=\"Est. reading time\" \/>\n\t<meta name=\"twitter:data2\" content=\"1 minuta\" \/>\n<script type=\"application\/ld+json\" class=\"yoast-schema-graph\">{\"@context\":\"https:\/\/schema.org\",\"@graph\":[{\"@type\":\"Article\",\"@id\":\"https:\/\/hudo.com\/si\/aktualno\/studija-je-pokazala-da-nemski-trg-dela-nujno-potrebuje-migrante-iz-drzav-zunaj-eu\/#article\",\"isPartOf\":{\"@id\":\"https:\/\/hudo.com\/si\/aktualno\/studija-je-pokazala-da-nemski-trg-dela-nujno-potrebuje-migrante-iz-drzav-zunaj-eu\/\"},\"author\":{\"name\":\"A. P., STA\",\"@id\":\"https:\/\/hudo.com\/si\/#\/schema\/person\/18f09c02475ba9e606e941a565b80cff\"},\"headline\":\"\u0160tudija je pokazala, da nem\u0161ki trg dela nujno potrebuje migrante iz dr\u017eav zunaj EU\",\"datePublished\":\"2019-02-16T08:14:07+00:00\",\"dateModified\":\"2019-02-16T08:14:07+00:00\",\"mainEntityOfPage\":{\"@id\":\"https:\/\/hudo.com\/si\/aktualno\/studija-je-pokazala-da-nemski-trg-dela-nujno-potrebuje-migrante-iz-drzav-zunaj-eu\/\"},\"wordCount\":166,\"publisher\":{\"@id\":\"https:\/\/hudo.com\/si\/#organization\"},\"keywords\":[\"gospodarstvo\",\"migranti\",\"nem\u010dija\",\"statistika\"],\"articleSection\":[\"Aktualno\"],\"inLanguage\":\"sl-SI\"},{\"@type\":\"WebPage\",\"@id\":\"https:\/\/hudo.com\/si\/aktualno\/studija-je-pokazala-da-nemski-trg-dela-nujno-potrebuje-migrante-iz-drzav-zunaj-eu\/\",\"url\":\"https:\/\/hudo.com\/si\/aktualno\/studija-je-pokazala-da-nemski-trg-dela-nujno-potrebuje-migrante-iz-drzav-zunaj-eu\/\",\"name\":\"\u0160tudija je pokazala, da nem\u0161ki trg dela nujno potrebuje migrante iz dr\u017eav zunaj EU - Hudo Slovenija\",\"isPartOf\":{\"@id\":\"https:\/\/hudo.com\/si\/#website\"},\"datePublished\":\"2019-02-16T08:14:07+00:00\",\"dateModified\":\"2019-02-16T08:14:07+00:00\",\"breadcrumb\":{\"@id\":\"https:\/\/hudo.com\/si\/aktualno\/studija-je-pokazala-da-nemski-trg-dela-nujno-potrebuje-migrante-iz-drzav-zunaj-eu\/#breadcrumb\"},\"inLanguage\":\"sl-SI\",\"potentialAction\":[{\"@type\":\"ReadAction\",\"target\":[\"https:\/\/hudo.com\/si\/aktualno\/studija-je-pokazala-da-nemski-trg-dela-nujno-potrebuje-migrante-iz-drzav-zunaj-eu\/\"]}]},{\"@type\":\"BreadcrumbList\",\"@id\":\"https:\/\/hudo.com\/si\/aktualno\/studija-je-pokazala-da-nemski-trg-dela-nujno-potrebuje-migrante-iz-drzav-zunaj-eu\/#breadcrumb\",\"itemListElement\":[{\"@type\":\"ListItem\",\"position\":1,\"name\":\"Home\",\"item\":\"https:\/\/hudo.com\/si\/\"},{\"@type\":\"ListItem\",\"position\":2,\"name\":\"\u0160tudija je pokazala, da nem\u0161ki trg dela nujno potrebuje migrante iz dr\u017eav zunaj EU\"}]},{\"@type\":\"WebSite\",\"@id\":\"https:\/\/hudo.com\/si\/#website\",\"url\":\"https:\/\/hudo.com\/si\/\",\"name\":\"Hudo Slovenija\",\"description\":\"Vse novice iz Slovenije in sveta\",\"publisher\":{\"@id\":\"https:\/\/hudo.com\/si\/#organization\"},\"potentialAction\":[{\"@type\":\"SearchAction\",\"target\":{\"@type\":\"EntryPoint\",\"urlTemplate\":\"https:\/\/hudo.com\/si\/?s={search_term_string}\"},\"query-input\":\"required name=search_term_string\"}],\"inLanguage\":\"sl-SI\"},{\"@type\":\"Organization\",\"@id\":\"https:\/\/hudo.com\/si\/#organization\",\"name\":\"VSN Media\",\"url\":\"https:\/\/hudo.com\/si\/\",\"logo\":{\"@type\":\"ImageObject\",\"inLanguage\":\"sl-SI\",\"@id\":\"https:\/\/hudo.com\/si\/#\/schema\/logo\/image\/\",\"url\":\"https:\/\/hudo.com\/si\/wp-content\/uploads\/sites\/2\/2021\/03\/hudo-app-2.png\",\"contentUrl\":\"https:\/\/hudo.com\/si\/wp-content\/uploads\/sites\/2\/2021\/03\/hudo-app-2.png\",\"width\":2185,\"height\":2167,\"caption\":\"VSN Media\"},\"image\":{\"@id\":\"https:\/\/hudo.com\/si\/#\/schema\/logo\/image\/\"},\"sameAs\":[\"https:\/\/www.facebook.com\/hudo.si\",\"https:\/\/twitter.com\/hudo_si\"]},{\"@type\":\"Person\",\"@id\":\"https:\/\/hudo.com\/si\/#\/schema\/person\/18f09c02475ba9e606e941a565b80cff\",\"name\":\"A. P., STA\",\"image\":{\"@type\":\"ImageObject\",\"inLanguage\":\"sl-SI\",\"@id\":\"https:\/\/hudo.com\/si\/#\/schema\/person\/image\/\",\"url\":\"https:\/\/secure.gravatar.com\/avatar\/03eac8e609f5f04383125d80eaeaaf3e?s=96&d=mm&r=g\",\"contentUrl\":\"https:\/\/secure.gravatar.com\/avatar\/03eac8e609f5f04383125d80eaeaaf3e?s=96&d=mm&r=g\",\"caption\":\"A. P., STA\"},\"url\":\"https:\/\/hudo.com\/si\/author\/lubu\/\"}]}<\/script>\n<!-- \/ Yoast SEO plugin. -->","yoast_head_json":{"title":"\u0160tudija je pokazala, da nem\u0161ki trg dela nujno potrebuje migrante iz dr\u017eav zunaj EU - Hudo Slovenija","robots":{"index":"index","follow":"follow","max-snippet":"max-snippet:-1","max-image-preview":"max-image-preview:large","max-video-preview":"max-video-preview:-1"},"canonical":"https:\/\/hudo.com\/si\/aktualno\/studija-je-pokazala-da-nemski-trg-dela-nujno-potrebuje-migrante-iz-drzav-zunaj-eu\/","og_locale":"sl_SI","og_type":"article","og_title":"\u0160tudija je pokazala, da nem\u0161ki trg dela nujno potrebuje migrante iz dr\u017eav zunaj EU - Hudo Slovenija","og_description":"Nem\u0161ki trg dela bo na dolgi in tudi \u017ee na srednji rok potreboval najmanj 260.000 migrantov letno, pri \u010demer bodo morali \u0161tevilni priti iz dr\u017eav zunaj EU, ka\u017ee \u0161tudija nem\u0161kega in\u0161tituta Bertelsmann Institute. \u0160tevilo delovno aktivnih Nemcev se bo do leta 2060 namre\u010d zmanj\u0161alo za 16 milijonov oziroma eno tretjino.","og_url":"https:\/\/hudo.com\/si\/aktualno\/studija-je-pokazala-da-nemski-trg-dela-nujno-potrebuje-migrante-iz-drzav-zunaj-eu\/","og_site_name":"Hudo Slovenija","article_publisher":"https:\/\/www.facebook.com\/hudo.si","article_published_time":"2019-02-16T08:14:07+00:00","og_image":[{"width":2560,"height":1701,"url":"https:\/\/hudo.com\/si\/wp-content\/uploads\/sites\/2\/2019\/02\/profimedia-0134149349-scaled.jpg","type":"image\/jpeg"}],"author":"A. P., STA","twitter_card":"summary_large_image","twitter_creator":"@hudo_si","twitter_site":"@hudo_si","twitter_misc":{"Written by":"A. P., STA","Est. reading time":"1 minuta"},"schema":{"@context":"https:\/\/schema.org","@graph":[{"@type":"Article","@id":"https:\/\/hudo.com\/si\/aktualno\/studija-je-pokazala-da-nemski-trg-dela-nujno-potrebuje-migrante-iz-drzav-zunaj-eu\/#article","isPartOf":{"@id":"https:\/\/hudo.com\/si\/aktualno\/studija-je-pokazala-da-nemski-trg-dela-nujno-potrebuje-migrante-iz-drzav-zunaj-eu\/"},"author":{"name":"A. P., STA","@id":"https:\/\/hudo.com\/si\/#\/schema\/person\/18f09c02475ba9e606e941a565b80cff"},"headline":"\u0160tudija je pokazala, da nem\u0161ki trg dela nujno potrebuje migrante iz dr\u017eav zunaj EU","datePublished":"2019-02-16T08:14:07+00:00","dateModified":"2019-02-16T08:14:07+00:00","mainEntityOfPage":{"@id":"https:\/\/hudo.com\/si\/aktualno\/studija-je-pokazala-da-nemski-trg-dela-nujno-potrebuje-migrante-iz-drzav-zunaj-eu\/"},"wordCount":166,"publisher":{"@id":"https:\/\/hudo.com\/si\/#organization"},"keywords":["gospodarstvo","migranti","nem\u010dija","statistika"],"articleSection":["Aktualno"],"inLanguage":"sl-SI"},{"@type":"WebPage","@id":"https:\/\/hudo.com\/si\/aktualno\/studija-je-pokazala-da-nemski-trg-dela-nujno-potrebuje-migrante-iz-drzav-zunaj-eu\/","url":"https:\/\/hudo.com\/si\/aktualno\/studija-je-pokazala-da-nemski-trg-dela-nujno-potrebuje-migrante-iz-drzav-zunaj-eu\/","name":"\u0160tudija je pokazala, da nem\u0161ki trg dela nujno potrebuje migrante iz dr\u017eav zunaj EU - Hudo Slovenija","isPartOf":{"@id":"https:\/\/hudo.com\/si\/#website"},"datePublished":"2019-02-16T08:14:07+00:00","dateModified":"2019-02-16T08:14:07+00:00","breadcrumb":{"@id":"https:\/\/hudo.com\/si\/aktualno\/studija-je-pokazala-da-nemski-trg-dela-nujno-potrebuje-migrante-iz-drzav-zunaj-eu\/#breadcrumb"},"inLanguage":"sl-SI","potentialAction":[{"@type":"ReadAction","target":["https:\/\/hudo.com\/si\/aktualno\/studija-je-pokazala-da-nemski-trg-dela-nujno-potrebuje-migrante-iz-drzav-zunaj-eu\/"]}]},{"@type":"BreadcrumbList","@id":"https:\/\/hudo.com\/si\/aktualno\/studija-je-pokazala-da-nemski-trg-dela-nujno-potrebuje-migrante-iz-drzav-zunaj-eu\/#breadcrumb","itemListElement":[{"@type":"ListItem","position":1,"name":"Home","item":"https:\/\/hudo.com\/si\/"},{"@type":"ListItem","position":2,"name":"\u0160tudija je pokazala, da nem\u0161ki trg dela nujno potrebuje migrante iz dr\u017eav zunaj EU"}]},{"@type":"WebSite","@id":"https:\/\/hudo.com\/si\/#website","url":"https:\/\/hudo.com\/si\/","name":"Hudo Slovenija","description":"Vse novice iz Slovenije in sveta","publisher":{"@id":"https:\/\/hudo.com\/si\/#organization"},"potentialAction":[{"@type":"SearchAction","target":{"@type":"EntryPoint","urlTemplate":"https:\/\/hudo.com\/si\/?s={search_term_string}"},"query-input":"required name=search_term_string"}],"inLanguage":"sl-SI"},{"@type":"Organization","@id":"https:\/\/hudo.com\/si\/#organization","name":"VSN Media","url":"https:\/\/hudo.com\/si\/","logo":{"@type":"ImageObject","inLanguage":"sl-SI","@id":"https:\/\/hudo.com\/si\/#\/schema\/logo\/image\/","url":"https:\/\/hudo.com\/si\/wp-content\/uploads\/sites\/2\/2021\/03\/hudo-app-2.png","contentUrl":"https:\/\/hudo.com\/si\/wp-content\/uploads\/sites\/2\/2021\/03\/hudo-app-2.png","width":2185,"height":2167,"caption":"VSN Media"},"image":{"@id":"https:\/\/hudo.com\/si\/#\/schema\/logo\/image\/"},"sameAs":["https:\/\/www.facebook.com\/hudo.si","https:\/\/twitter.com\/hudo_si"]},{"@type":"Person","@id":"https:\/\/hudo.com\/si\/#\/schema\/person\/18f09c02475ba9e606e941a565b80cff","name":"A. P., STA","image":{"@type":"ImageObject","inLanguage":"sl-SI","@id":"https:\/\/hudo.com\/si\/#\/schema\/person\/image\/","url":"https:\/\/secure.gravatar.com\/avatar\/03eac8e609f5f04383125d80eaeaaf3e?s=96&d=mm&r=g","contentUrl":"https:\/\/secure.gravatar.com\/avatar\/03eac8e609f5f04383125d80eaeaaf3e?s=96&d=mm&r=g","caption":"A. P., STA"},"url":"https:\/\/hudo.com\/si\/author\/lubu\/"}]}},"amp_enabled":true,"_links":{"self":[{"href":"https:\/\/hudo.com\/si\/wp-json\/wp\/v2\/posts\/393078"}],"collection":[{"href":"https:\/\/hudo.com\/si\/wp-json\/wp\/v2\/posts"}],"about":[{"href":"https:\/\/hudo.com\/si\/wp-json\/wp\/v2\/types\/post"}],"author":[{"embeddable":true,"href":"https:\/\/hudo.com\/si\/wp-json\/wp\/v2\/users\/7"}],"replies":[{"embeddable":true,"href":"https:\/\/hudo.com\/si\/wp-json\/wp\/v2\/comments?post=393078"}],"version-history":[{"count":1,"href":"https:\/\/hudo.com\/si\/wp-json\/wp\/v2\/posts\/393078\/revisions"}],"predecessor-version":[{"id":393080,"href":"https:\/\/hudo.com\/si\/wp-json\/wp\/v2\/posts\/393078\/revisions\/393080"}],"wp:featuredmedia":[{"embeddable":true,"href":"https:\/\/hudo.com\/si\/wp-json\/wp\/v2\/media\/393079"}],"wp:attachment":[{"href":"https:\/\/hudo.com\/si\/wp-json\/wp\/v2\/media?parent=393078"}],"wp:term":[{"taxonomy":"category","embeddable":true,"href":"https:\/\/hudo.com\/si\/wp-json\/wp\/v2\/categories?post=393078"},{"taxonomy":"post_tag","embeddable":true,"href":"https:\/\/hudo.com\/si\/wp-json\/wp\/v2\/tags?post=393078"},{"taxonomy":"source","embeddable":true,"href":"https:\/\/hudo.com\/si\/wp-json\/wp\/v2\/source?post=393078"},{"taxonomy":"supertag","embeddable":true,"href":"https:\/\/hudo.com\/si\/wp-json\/wp\/v2\/supertag?post=393078"}],"curies":[{"name":"wp","href":"https:\/\/api.w.org\/{rel}","templated":true}]}}