{"id":393081,"date":"2019-02-16T09:51:42","date_gmt":"2019-02-16T08:51:42","guid":{"rendered":"http:\/\/hudo.com\/si\/?p=393081"},"modified":"2019-02-16T09:51:42","modified_gmt":"2019-02-16T08:51:42","slug":"med-zimskimi-pocitnicami-pester-program-s-stevilnimi-dejavnostmi","status":"publish","type":"post","link":"https:\/\/hudo.com\/si\/aktualno\/med-zimskimi-pocitnicami-pester-program-s-stevilnimi-dejavnostmi\/","title":{"rendered":"Med zimskimi po\u010ditnicami pester program s \u0161tevilnimi dejavnostmi"},"content":{"rendered":"<p>Zimske \u0161olske po\u010ditnice imajo najprej u\u010denci in dijaki jugovzhodne Slovenije (razen ob\u010din Ribnica, Sodra\u017eica, Lo\u0161ki Potok, Ko\u010devje, Osilnica in Kostel), koro\u0161ke, podravske, pomurske, savinjske in spodnjeposavske regije. Doma bo tako ostalo 81.101 osnovno\u0161olcev in 33.954 dijakov.<\/p>\n<p>Za po\u010ditnikarje so pripravljene \u0161tevilne dejavnosti in programi, ob ugodnih vremenskih razmerah pa bodo lahko smu\u010dali in se sankali.<\/p>\n<h2><b>Pester po\u010ditni\u0161ki program, zimski tabori, izleti &#8230;<\/b><\/h2>\n<p>V Zvezi prijateljev mladine Maribor so za po\u010ditni\u0161ke dni pripravili pester po\u010ditni\u0161ki program. Otrokom in mladim bo v Domu ustvarjalnosti mladih na voljo sedem razli\u010dnih ustvarjalnih delavnic, ve\u010d \u0161portnih aktivnosti in zimski sredin izlet v \u010cokoladnico Zotter v okolici avstrijskega Gradca.<\/p>\n<p>Na Domu Milo\u0161a Zidan\u0161ka na Pohorju bosta po\u010ditnice pre\u017eiveli dve skupini mladih. 21 otrok se bo udele\u017eilo petdnevnega zimskega tabora, ki so ga omogo\u010dili donatorji. Druga skupina 27 otrok pa bo na tematskih taborih za nadarjene Omogo\u010dimo sanje! poglabljala znanja na temi &#8220;kreativno pisanje&#8221; ter &#8220;tehnika in robotika&#8221;.<\/p>\n<p>Na celjskem koncu \u0160portna zveza Celje tako kot vsako leto tudi letos v \u010dasu zimskih \u0161olskih po\u010ditnic otrokom, osnovno\u0161olski in srednje\u0161olski mladini ter \u0161tudentom omogo\u010da udele\u017ebo v razli\u010dnih \u0161portnih aktivnostih &#8211; od plavanja, drsanja, kegljanja, namiznega tenisa, badmintona do \u0161portnega plezanja in skupinskih vadb.<\/p>\n<p>Tudi velenjska medob\u010dinska zveza prijateljev mladine je pripravila pester po\u010ditni\u0161ki program. Med drugim je pripravila zelo zanimivi delavnici. Na kuharski v torek se bodo otroci nau\u010dili pripraviti slastne, zdrave knedle oz. cmoke po receptu na\u0161ih babic, druga v sredo pa bo tehni\u0161ko obarvana. Za delavnici je treba sicer prispevati pet oz. 10 evrov.<\/p>\n<p>Prav tako v Metliki je tamkaj\u0161nje dru\u0161tvo prijateljev mladine pripravilo razli\u010dne ustvarjalne delavnice, tudi smu\u010darske po\u010ditnice v Kranjski Gori ter obisk Atlantisa v BTC v Ljubljani v sredo.<\/p>\n<p>Tako kot med vsakimi po\u010ditnicami bo tudi med tokratnimi poskrbljeno za otro\u0161ko varstvo. V nekaterih ob\u010dinah bo za to poskrbljeno v posameznih osnovnih \u0161olah, organizirajo pa ga tudi razli\u010dni zavodi in organizacije.<\/p>\n<h2><b>Sankanje, smu\u010danje, deskanje na snegu, poostren nadzor &#8230;<\/b><\/h2>\n<p>V zimskem \u010dasu se otroci radi sankajo in smu\u010dajo, odrasli pa radi delimo ta zimska veselja z njimi. Vendar se lahko pri zimskih dejavnostih na snegu zgodijo tudi po\u0161kodbe, kot so zlomi, po\u0161kodbe trebuha, glave in vratu, vzrok pa so najpogosteje padci in trki z drugimi osebami ali stoje\u010dimi objekti. Na nacionalnem in\u0161titutu za javno zdravje so podali nekaj varnostnih nasvetov.<\/p>\n<p>Tako priporo\u010dajo, da naj bodo otroci oble\u010deni v zimska vrhnja obla\u010dila, kot so bunda, hla\u010de in rokavice ter obuti v tople in vodoodporne \u0161kornje, pod njimi pa naj bo ve\u010d slojev obleke. \u0160al ni priporo\u010dljiv, ker se lahko zaplete v sanke, kar je nevarno za zadu\u0161itev. Vedno naj uporabljajo \u010delado za zimske \u0161porte, saj so pri sankanju pogoste ravno po\u0161kodbe glave. Za sankanje priporo\u010dajo le sani ali bob.<\/p>\n<p>Ker se son\u010dni \u017earki mo\u010dno odbijajo od sne\u017ene podlage tudi v obla\u010dnem vremenu, se je treba namazati z za\u0161\u010ditno kremo s faktorjem za UVA in UVB \u017earke. Na visoki nadmorski vi\u0161ini in zaradi suhega mrzlega zraka na\u0161e telo izgublja teko\u010dino in lahko se pojavijo znaki dehidracije, kot suha usta, glavobol. Otroci pogosto pozabijo, da so \u017eejni, zato jim ve\u010dkrat ponudimo napitke oz. vodo, nesladkan ali rahlo \u010daj in mineralno vodo, \u0161e svetujejo na in\u0161titutu.<\/p>\n<p>Policisti pa bodo med po\u010ditnicami na smu\u010di\u0161\u010dih, kjer je takrat ve\u010d ljudi kot obi\u010dajno, poostreno nadzirali spo\u0161tovanje predpisov. S tem naj bi zagotovili ve\u010djo varnost, zlasti otrok, in prepre\u010dili nepotrebne po\u0161kodbe.<\/p>\n<h2><b>Zadnji teden februarja na po\u010ditnice okoli 140.000 \u0161olarjev zahodne Slovenije<\/b><\/h2>\n<p>U\u010denci in dijaki z vzhoda dr\u017eave bodo v \u0161olske klopi znova sedli \u010dez en teden, ko bodo na po\u010ditnice od\u0161li njihovi kolegi iz osrednje in zahodne Slovenije oziroma iz gorenjske, gori\u0161ke, notranjsko-kra\u0161ke, obalno-kra\u0161ke, osrednjeslovenske in zasavske regije ter Ko\u010devja, Osilnice in Kostela. Zadnji teden v februarju bo tako na po\u010ditnicah 102.790 osnovno\u0161olcev in 39.714 dijakov.<\/p>\n","protected":false},"excerpt":{"rendered":"<p>Za slovenske \u0161olarje se za\u010denjajo te\u017eko pri\u010dakovane zimske po\u010ditnice. Za en teden se bodo na po\u010ditnice najprej odpravili u\u010denci in dijaki z vzhoda dr\u017eave, nato pa \u0161e njihovi vrstniki iz osrednje in zahodne Slovenije. V \u010dasu po\u010ditnic bodo po dr\u017eavi potekale \u0161tevilne dejavnosti in delavnice. Mnogi se bodo odpravili tudi na smu\u010di\u0161\u010da.<\/p>\n","protected":false},"author":7,"featured_media":393082,"comment_status":"closed","ping_status":"closed","sticky":false,"template":"","format":"standard","meta":{"footnotes":""},"categories":[1179],"tags":[1595,10575],"source":[4511],"supertag":[],"acf":[],"yoast_head":"<!-- This site is optimized with the Yoast SEO plugin v21.3 - https:\/\/yoast.com\/wordpress\/plugins\/seo\/ -->\n<title>Med zimskimi po\u010ditnicami pester program s \u0161tevilnimi dejavnostmi - Hudo Slovenija<\/title>\n<meta name=\"robots\" content=\"index, follow, max-snippet:-1, max-image-preview:large, max-video-preview:-1\" \/>\n<link rel=\"canonical\" href=\"https:\/\/hudo.com\/si\/aktualno\/med-zimskimi-pocitnicami-pester-program-s-stevilnimi-dejavnostmi\/\" \/>\n<meta property=\"og:locale\" content=\"sl_SI\" \/>\n<meta property=\"og:type\" content=\"article\" \/>\n<meta property=\"og:title\" content=\"Med zimskimi po\u010ditnicami pester program s \u0161tevilnimi dejavnostmi - Hudo Slovenija\" \/>\n<meta property=\"og:description\" content=\"Za slovenske \u0161olarje se za\u010denjajo te\u017eko pri\u010dakovane zimske po\u010ditnice. Za en teden se bodo na po\u010ditnice najprej odpravili u\u010denci in dijaki z vzhoda dr\u017eave, nato pa \u0161e njihovi vrstniki iz osrednje in zahodne Slovenije. V \u010dasu po\u010ditnic bodo po dr\u017eavi potekale \u0161tevilne dejavnosti in delavnice. Mnogi se bodo odpravili tudi na smu\u010di\u0161\u010da.\" \/>\n<meta property=\"og:url\" content=\"https:\/\/hudo.com\/si\/aktualno\/med-zimskimi-pocitnicami-pester-program-s-stevilnimi-dejavnostmi\/\" \/>\n<meta property=\"og:site_name\" content=\"Hudo Slovenija\" \/>\n<meta property=\"article:publisher\" content=\"https:\/\/www.facebook.com\/hudo.si\" \/>\n<meta property=\"article:published_time\" content=\"2019-02-16T08:51:42+00:00\" \/>\n<meta property=\"og:image\" content=\"https:\/\/hudo.com\/si\/wp-content\/uploads\/sites\/2\/2019\/02\/profimedia-0013873503-scaled.jpg\" \/>\n\t<meta property=\"og:image:width\" content=\"2560\" \/>\n\t<meta property=\"og:image:height\" content=\"1703\" \/>\n\t<meta property=\"og:image:type\" content=\"image\/jpeg\" \/>\n<meta name=\"author\" content=\"A. P., STA\" \/>\n<meta name=\"twitter:card\" content=\"summary_large_image\" \/>\n<meta name=\"twitter:creator\" content=\"@hudo_si\" \/>\n<meta name=\"twitter:site\" content=\"@hudo_si\" \/>\n<meta name=\"twitter:label1\" content=\"Written by\" \/>\n\t<meta name=\"twitter:data1\" content=\"A. P., STA\" \/>\n\t<meta name=\"twitter:label2\" content=\"Est. reading time\" \/>\n\t<meta name=\"twitter:data2\" content=\"3 minute\" \/>\n<script type=\"application\/ld+json\" class=\"yoast-schema-graph\">{\"@context\":\"https:\/\/schema.org\",\"@graph\":[{\"@type\":\"Article\",\"@id\":\"https:\/\/hudo.com\/si\/aktualno\/med-zimskimi-pocitnicami-pester-program-s-stevilnimi-dejavnostmi\/#article\",\"isPartOf\":{\"@id\":\"https:\/\/hudo.com\/si\/aktualno\/med-zimskimi-pocitnicami-pester-program-s-stevilnimi-dejavnostmi\/\"},\"author\":{\"name\":\"A. P., STA\",\"@id\":\"https:\/\/hudo.com\/si\/#\/schema\/person\/18f09c02475ba9e606e941a565b80cff\"},\"headline\":\"Med zimskimi po\u010ditnicami pester program s \u0161tevilnimi dejavnostmi\",\"datePublished\":\"2019-02-16T08:51:42+00:00\",\"dateModified\":\"2019-02-16T08:51:42+00:00\",\"mainEntityOfPage\":{\"@id\":\"https:\/\/hudo.com\/si\/aktualno\/med-zimskimi-pocitnicami-pester-program-s-stevilnimi-dejavnostmi\/\"},\"wordCount\":702,\"publisher\":{\"@id\":\"https:\/\/hudo.com\/si\/#organization\"},\"keywords\":[\"Slovenija\",\"zimske \u0161olske po\u010ditnice\"],\"articleSection\":[\"Aktualno\"],\"inLanguage\":\"sl-SI\"},{\"@type\":\"WebPage\",\"@id\":\"https:\/\/hudo.com\/si\/aktualno\/med-zimskimi-pocitnicami-pester-program-s-stevilnimi-dejavnostmi\/\",\"url\":\"https:\/\/hudo.com\/si\/aktualno\/med-zimskimi-pocitnicami-pester-program-s-stevilnimi-dejavnostmi\/\",\"name\":\"Med zimskimi po\u010ditnicami pester program s \u0161tevilnimi dejavnostmi - Hudo Slovenija\",\"isPartOf\":{\"@id\":\"https:\/\/hudo.com\/si\/#website\"},\"datePublished\":\"2019-02-16T08:51:42+00:00\",\"dateModified\":\"2019-02-16T08:51:42+00:00\",\"breadcrumb\":{\"@id\":\"https:\/\/hudo.com\/si\/aktualno\/med-zimskimi-pocitnicami-pester-program-s-stevilnimi-dejavnostmi\/#breadcrumb\"},\"inLanguage\":\"sl-SI\",\"potentialAction\":[{\"@type\":\"ReadAction\",\"target\":[\"https:\/\/hudo.com\/si\/aktualno\/med-zimskimi-pocitnicami-pester-program-s-stevilnimi-dejavnostmi\/\"]}]},{\"@type\":\"BreadcrumbList\",\"@id\":\"https:\/\/hudo.com\/si\/aktualno\/med-zimskimi-pocitnicami-pester-program-s-stevilnimi-dejavnostmi\/#breadcrumb\",\"itemListElement\":[{\"@type\":\"ListItem\",\"position\":1,\"name\":\"Home\",\"item\":\"https:\/\/hudo.com\/si\/\"},{\"@type\":\"ListItem\",\"position\":2,\"name\":\"Med zimskimi po\u010ditnicami pester program s \u0161tevilnimi dejavnostmi\"}]},{\"@type\":\"WebSite\",\"@id\":\"https:\/\/hudo.com\/si\/#website\",\"url\":\"https:\/\/hudo.com\/si\/\",\"name\":\"Hudo Slovenija\",\"description\":\"Vse novice iz Slovenije in sveta\",\"publisher\":{\"@id\":\"https:\/\/hudo.com\/si\/#organization\"},\"potentialAction\":[{\"@type\":\"SearchAction\",\"target\":{\"@type\":\"EntryPoint\",\"urlTemplate\":\"https:\/\/hudo.com\/si\/?s={search_term_string}\"},\"query-input\":\"required name=search_term_string\"}],\"inLanguage\":\"sl-SI\"},{\"@type\":\"Organization\",\"@id\":\"https:\/\/hudo.com\/si\/#organization\",\"name\":\"VSN Media\",\"url\":\"https:\/\/hudo.com\/si\/\",\"logo\":{\"@type\":\"ImageObject\",\"inLanguage\":\"sl-SI\",\"@id\":\"https:\/\/hudo.com\/si\/#\/schema\/logo\/image\/\",\"url\":\"https:\/\/hudo.com\/si\/wp-content\/uploads\/sites\/2\/2021\/03\/hudo-app-2.png\",\"contentUrl\":\"https:\/\/hudo.com\/si\/wp-content\/uploads\/sites\/2\/2021\/03\/hudo-app-2.png\",\"width\":2185,\"height\":2167,\"caption\":\"VSN Media\"},\"image\":{\"@id\":\"https:\/\/hudo.com\/si\/#\/schema\/logo\/image\/\"},\"sameAs\":[\"https:\/\/www.facebook.com\/hudo.si\",\"https:\/\/twitter.com\/hudo_si\"]},{\"@type\":\"Person\",\"@id\":\"https:\/\/hudo.com\/si\/#\/schema\/person\/18f09c02475ba9e606e941a565b80cff\",\"name\":\"A. P., STA\",\"image\":{\"@type\":\"ImageObject\",\"inLanguage\":\"sl-SI\",\"@id\":\"https:\/\/hudo.com\/si\/#\/schema\/person\/image\/\",\"url\":\"https:\/\/secure.gravatar.com\/avatar\/03eac8e609f5f04383125d80eaeaaf3e?s=96&d=mm&r=g\",\"contentUrl\":\"https:\/\/secure.gravatar.com\/avatar\/03eac8e609f5f04383125d80eaeaaf3e?s=96&d=mm&r=g\",\"caption\":\"A. P., STA\"},\"url\":\"https:\/\/hudo.com\/si\/author\/lubu\/\"}]}<\/script>\n<!-- \/ Yoast SEO plugin. -->","yoast_head_json":{"title":"Med zimskimi po\u010ditnicami pester program s \u0161tevilnimi dejavnostmi - Hudo Slovenija","robots":{"index":"index","follow":"follow","max-snippet":"max-snippet:-1","max-image-preview":"max-image-preview:large","max-video-preview":"max-video-preview:-1"},"canonical":"https:\/\/hudo.com\/si\/aktualno\/med-zimskimi-pocitnicami-pester-program-s-stevilnimi-dejavnostmi\/","og_locale":"sl_SI","og_type":"article","og_title":"Med zimskimi po\u010ditnicami pester program s \u0161tevilnimi dejavnostmi - Hudo Slovenija","og_description":"Za slovenske \u0161olarje se za\u010denjajo te\u017eko pri\u010dakovane zimske po\u010ditnice. Za en teden se bodo na po\u010ditnice najprej odpravili u\u010denci in dijaki z vzhoda dr\u017eave, nato pa \u0161e njihovi vrstniki iz osrednje in zahodne Slovenije. V \u010dasu po\u010ditnic bodo po dr\u017eavi potekale \u0161tevilne dejavnosti in delavnice. Mnogi se bodo odpravili tudi na smu\u010di\u0161\u010da.","og_url":"https:\/\/hudo.com\/si\/aktualno\/med-zimskimi-pocitnicami-pester-program-s-stevilnimi-dejavnostmi\/","og_site_name":"Hudo Slovenija","article_publisher":"https:\/\/www.facebook.com\/hudo.si","article_published_time":"2019-02-16T08:51:42+00:00","og_image":[{"width":2560,"height":1703,"url":"https:\/\/hudo.com\/si\/wp-content\/uploads\/sites\/2\/2019\/02\/profimedia-0013873503-scaled.jpg","type":"image\/jpeg"}],"author":"A. P., STA","twitter_card":"summary_large_image","twitter_creator":"@hudo_si","twitter_site":"@hudo_si","twitter_misc":{"Written by":"A. P., STA","Est. reading time":"3 minute"},"schema":{"@context":"https:\/\/schema.org","@graph":[{"@type":"Article","@id":"https:\/\/hudo.com\/si\/aktualno\/med-zimskimi-pocitnicami-pester-program-s-stevilnimi-dejavnostmi\/#article","isPartOf":{"@id":"https:\/\/hudo.com\/si\/aktualno\/med-zimskimi-pocitnicami-pester-program-s-stevilnimi-dejavnostmi\/"},"author":{"name":"A. P., STA","@id":"https:\/\/hudo.com\/si\/#\/schema\/person\/18f09c02475ba9e606e941a565b80cff"},"headline":"Med zimskimi po\u010ditnicami pester program s \u0161tevilnimi dejavnostmi","datePublished":"2019-02-16T08:51:42+00:00","dateModified":"2019-02-16T08:51:42+00:00","mainEntityOfPage":{"@id":"https:\/\/hudo.com\/si\/aktualno\/med-zimskimi-pocitnicami-pester-program-s-stevilnimi-dejavnostmi\/"},"wordCount":702,"publisher":{"@id":"https:\/\/hudo.com\/si\/#organization"},"keywords":["Slovenija","zimske \u0161olske po\u010ditnice"],"articleSection":["Aktualno"],"inLanguage":"sl-SI"},{"@type":"WebPage","@id":"https:\/\/hudo.com\/si\/aktualno\/med-zimskimi-pocitnicami-pester-program-s-stevilnimi-dejavnostmi\/","url":"https:\/\/hudo.com\/si\/aktualno\/med-zimskimi-pocitnicami-pester-program-s-stevilnimi-dejavnostmi\/","name":"Med zimskimi po\u010ditnicami pester program s \u0161tevilnimi dejavnostmi - Hudo Slovenija","isPartOf":{"@id":"https:\/\/hudo.com\/si\/#website"},"datePublished":"2019-02-16T08:51:42+00:00","dateModified":"2019-02-16T08:51:42+00:00","breadcrumb":{"@id":"https:\/\/hudo.com\/si\/aktualno\/med-zimskimi-pocitnicami-pester-program-s-stevilnimi-dejavnostmi\/#breadcrumb"},"inLanguage":"sl-SI","potentialAction":[{"@type":"ReadAction","target":["https:\/\/hudo.com\/si\/aktualno\/med-zimskimi-pocitnicami-pester-program-s-stevilnimi-dejavnostmi\/"]}]},{"@type":"BreadcrumbList","@id":"https:\/\/hudo.com\/si\/aktualno\/med-zimskimi-pocitnicami-pester-program-s-stevilnimi-dejavnostmi\/#breadcrumb","itemListElement":[{"@type":"ListItem","position":1,"name":"Home","item":"https:\/\/hudo.com\/si\/"},{"@type":"ListItem","position":2,"name":"Med zimskimi po\u010ditnicami pester program s \u0161tevilnimi dejavnostmi"}]},{"@type":"WebSite","@id":"https:\/\/hudo.com\/si\/#website","url":"https:\/\/hudo.com\/si\/","name":"Hudo Slovenija","description":"Vse novice iz Slovenije in sveta","publisher":{"@id":"https:\/\/hudo.com\/si\/#organization"},"potentialAction":[{"@type":"SearchAction","target":{"@type":"EntryPoint","urlTemplate":"https:\/\/hudo.com\/si\/?s={search_term_string}"},"query-input":"required name=search_term_string"}],"inLanguage":"sl-SI"},{"@type":"Organization","@id":"https:\/\/hudo.com\/si\/#organization","name":"VSN Media","url":"https:\/\/hudo.com\/si\/","logo":{"@type":"ImageObject","inLanguage":"sl-SI","@id":"https:\/\/hudo.com\/si\/#\/schema\/logo\/image\/","url":"https:\/\/hudo.com\/si\/wp-content\/uploads\/sites\/2\/2021\/03\/hudo-app-2.png","contentUrl":"https:\/\/hudo.com\/si\/wp-content\/uploads\/sites\/2\/2021\/03\/hudo-app-2.png","width":2185,"height":2167,"caption":"VSN Media"},"image":{"@id":"https:\/\/hudo.com\/si\/#\/schema\/logo\/image\/"},"sameAs":["https:\/\/www.facebook.com\/hudo.si","https:\/\/twitter.com\/hudo_si"]},{"@type":"Person","@id":"https:\/\/hudo.com\/si\/#\/schema\/person\/18f09c02475ba9e606e941a565b80cff","name":"A. P., STA","image":{"@type":"ImageObject","inLanguage":"sl-SI","@id":"https:\/\/hudo.com\/si\/#\/schema\/person\/image\/","url":"https:\/\/secure.gravatar.com\/avatar\/03eac8e609f5f04383125d80eaeaaf3e?s=96&d=mm&r=g","contentUrl":"https:\/\/secure.gravatar.com\/avatar\/03eac8e609f5f04383125d80eaeaaf3e?s=96&d=mm&r=g","caption":"A. P., STA"},"url":"https:\/\/hudo.com\/si\/author\/lubu\/"}]}},"amp_enabled":true,"_links":{"self":[{"href":"https:\/\/hudo.com\/si\/wp-json\/wp\/v2\/posts\/393081"}],"collection":[{"href":"https:\/\/hudo.com\/si\/wp-json\/wp\/v2\/posts"}],"about":[{"href":"https:\/\/hudo.com\/si\/wp-json\/wp\/v2\/types\/post"}],"author":[{"embeddable":true,"href":"https:\/\/hudo.com\/si\/wp-json\/wp\/v2\/users\/7"}],"replies":[{"embeddable":true,"href":"https:\/\/hudo.com\/si\/wp-json\/wp\/v2\/comments?post=393081"}],"version-history":[{"count":1,"href":"https:\/\/hudo.com\/si\/wp-json\/wp\/v2\/posts\/393081\/revisions"}],"predecessor-version":[{"id":393083,"href":"https:\/\/hudo.com\/si\/wp-json\/wp\/v2\/posts\/393081\/revisions\/393083"}],"wp:featuredmedia":[{"embeddable":true,"href":"https:\/\/hudo.com\/si\/wp-json\/wp\/v2\/media\/393082"}],"wp:attachment":[{"href":"https:\/\/hudo.com\/si\/wp-json\/wp\/v2\/media?parent=393081"}],"wp:term":[{"taxonomy":"category","embeddable":true,"href":"https:\/\/hudo.com\/si\/wp-json\/wp\/v2\/categories?post=393081"},{"taxonomy":"post_tag","embeddable":true,"href":"https:\/\/hudo.com\/si\/wp-json\/wp\/v2\/tags?post=393081"},{"taxonomy":"source","embeddable":true,"href":"https:\/\/hudo.com\/si\/wp-json\/wp\/v2\/source?post=393081"},{"taxonomy":"supertag","embeddable":true,"href":"https:\/\/hudo.com\/si\/wp-json\/wp\/v2\/supertag?post=393081"}],"curies":[{"name":"wp","href":"https:\/\/api.w.org\/{rel}","templated":true}]}}