{"id":393218,"date":"2019-02-18T16:56:40","date_gmt":"2019-02-18T15:56:40","guid":{"rendered":"http:\/\/hudo.com\/si\/?p=393218"},"modified":"2019-02-18T16:57:07","modified_gmt":"2019-02-18T15:57:07","slug":"v-belo-hiso-priromala-podlaga-za-uvedbo-carin-na-uvoz-avtomobilov-eu-ze-zagrozila-nazaj","status":"publish","type":"post","link":"https:\/\/hudo.com\/si\/aktualno\/v-belo-hiso-priromala-podlaga-za-uvedbo-carin-na-uvoz-avtomobilov-eu-ze-zagrozila-nazaj\/","title":{"rendered":"V Belo hi\u0161o priromala podlaga za uvedbo carin na uvoz avtomobilov, EU \u017ee zagrozila nazaj"},"content":{"rendered":"<p>Poro\u010dilo o avtomobilski industriji navaja, da uvoz avtomobilov lahko predstavlja gro\u017enjo ameri\u0161ki nacionalni varnosti, ob sklicevanju na neimenovane vire navaja AFP.<\/p>\n<p>&#8220;Minister za trgovino Wilbur Ross je predsedniku Donaldu J. Trumpu formalno predal rezultate preiskave ameri\u0161kega ministrstva za trgovino o vplivu uvoza avtomobilov in avtomobilskih delov na nacionalno varnost ZDA,&#8221; je v sporo\u010dilu za javnost v nedeljo zve\u010der zapisalo ministrstvo. Podrobnosti o vsebini ni razkrilo.<\/p>\n<p>Trump je preiskavo odredil maja lani, po prejemu poro\u010dila pa ima 90 dni \u010dasa, da se odlo\u010di o morebitni uvedbi carin.<\/p>\n<p>V preteklosti je ameri\u0161ki predsednik zagrozil s 25-odstotnimi carinami na evropske avtomobile. \u0160e posebej mu gre v nos Nem\u010dija.<\/p>\n<p>Julija sta Trump in predsednik Evropske komisije Jean-Claude Juncker dosegla dogovor o za\u010dasnem trgovinskem premirju, v obdobju katerega naj bi se obe strani vzdr\u017eali novih carin, dokler se pogajata o trgovinskih vpra\u0161anjih. V pogajanjih je bilo doslej dose\u017eenega le malo napredka.<\/p>\n<p>Bela hi\u0161a je argument nacionalne varnosti uporabila \u017ee za uvedbo visokih carin na jeklo in aluminij. S svojimi protiukrepi so se na to takrat odzvale EU, Kanada, Mehika in Kitajska.<\/p>\n<p>EU tudi tokrat grozi s svojim odgovorom, \u010de bodo carine uvedene. &#8220;\u010ce bo to poro\u010dilo prevedeno v dejanja, ki bodo klju\u010dna za evropski izvoz, se bo Evropska komisija odzvala hitro in v ustrezni meri,&#8221; je novinarjem danes v Bruslju dejal tiskovni predstavnik komisije Margaritis Schinas.<\/p>\n<p>V letu 2017 je bilo v ZDA uvo\u017eenih malo manj kot polovica od 17 milijonov avtomobilov, prodanih na tem trgu. Ve\u010dina jih je bila proizvedenih v Kanadi in Mehiki, ki sta z ZDA \u017ee dosegli nov trgovinski sporazum in bi bili zato iz morebitnih novih carin izvzeti.<\/p>\n<p>Nem\u0161ki proizvajalci so lani v ZDA iz Nem\u010dije izvozili 470.000 avtomobilov.<\/p>\n<p>Nem\u0161ka vlada \u0161e vedno upa, da bi bilo re\u0161itev mogo\u010de najti s pogovori. &#8220;To bi bila po na\u0161em prepri\u010danju prava pot,&#8221; je novinarjem v Berlinu dejal tiskovni predstavnik nem\u0161ke vlade Steffen Seibert. Kot je dodal, nem\u0161ka vlada \u0161e ni seznanjena z vsebino zaklju\u010dkov preiskave ameri\u0161kega ministrstva za trgovino.<\/p>\n<p>Nem\u0161ka kanclerka Angela Merkel je v soboto dejala, da ne razume, kako lahko ZDA razmi\u0161ljajo o uvedbi carin na podlagi varnostnih pomislekov. Nem\u010dija je po njenih besedah ponosna na svoje avtomobile, spomnila pa je tudi, da \u0161tevilna nem\u0161ka podjetja avtomobile proizvajajo tudi v ZDA.<\/p>\n<p>Uvedbi carin nasprotujejo tudi v ameri\u0161ki avtomobilski industriji. Center za avtomobilske raziskave iz Ann Arbor v Michiganu je v petek objavil poro\u010dilo, ki ka\u017ee, da bi 25-odstotne carine uni\u010dile 366.900 delovnih mest v ZDA. Cena lahkega dostavnega vozila bi se v povpre\u010dju dvignila za 2750 dolarjev, tudi za vozila, proizvedena v ZDA. Ameri\u0161ka prodaja bi se zmanj\u0161ala za 1,3 milijona enot, povzema ameri\u0161ki Reuters.<\/p>\n","protected":false},"excerpt":{"rendered":"<p>Ameri\u0161ka Bela hi\u0161a je prejela poro\u010dilo ministrstva za trgovino o avtomobilski industriji, ki bi lahko slu\u017eilo kot osnova za uvedbo carin na uvoz avtomobilov. Pred temi carinami trepeta predvsem EU, ki je danes v primeru njihove uvedbe \u017ee napovedala hiter in u\u010dinkovit odziv, poro\u010da francoska tiskovna agencija AFP.<\/p>\n","protected":false},"author":8,"featured_media":180912,"comment_status":"closed","ping_status":"closed","sticky":false,"template":"","format":"standard","meta":{"footnotes":""},"categories":[1179],"tags":[1520,10685,4548,1682],"source":[4511],"supertag":[6103],"acf":[],"yoast_head":"<!-- This site is optimized with the Yoast SEO plugin v21.3 - https:\/\/yoast.com\/wordpress\/plugins\/seo\/ -->\n<title>V Belo hi\u0161o priromala podlaga za uvedbo carin na uvoz avtomobilov, EU \u017ee zagrozila nazaj - Hudo Slovenija<\/title>\n<meta name=\"robots\" content=\"index, follow, max-snippet:-1, max-image-preview:large, max-video-preview:-1\" \/>\n<link rel=\"canonical\" href=\"https:\/\/hudo.com\/si\/aktualno\/v-belo-hiso-priromala-podlaga-za-uvedbo-carin-na-uvoz-avtomobilov-eu-ze-zagrozila-nazaj\/\" \/>\n<meta property=\"og:locale\" content=\"sl_SI\" \/>\n<meta property=\"og:type\" content=\"article\" \/>\n<meta property=\"og:title\" content=\"V Belo hi\u0161o priromala podlaga za uvedbo carin na uvoz avtomobilov, EU \u017ee zagrozila nazaj - Hudo Slovenija\" \/>\n<meta property=\"og:description\" content=\"Ameri\u0161ka Bela hi\u0161a je prejela poro\u010dilo ministrstva za trgovino o avtomobilski industriji, ki bi lahko slu\u017eilo kot osnova za uvedbo carin na uvoz avtomobilov. Pred temi carinami trepeta predvsem EU, ki je danes v primeru njihove uvedbe \u017ee napovedala hiter in u\u010dinkovit odziv, poro\u010da francoska tiskovna agencija AFP.\" \/>\n<meta property=\"og:url\" content=\"https:\/\/hudo.com\/si\/aktualno\/v-belo-hiso-priromala-podlaga-za-uvedbo-carin-na-uvoz-avtomobilov-eu-ze-zagrozila-nazaj\/\" \/>\n<meta property=\"og:site_name\" content=\"Hudo Slovenija\" \/>\n<meta property=\"article:publisher\" content=\"https:\/\/www.facebook.com\/hudo.si\" \/>\n<meta property=\"article:published_time\" content=\"2019-02-18T15:56:40+00:00\" \/>\n<meta property=\"article:modified_time\" content=\"2019-02-18T15:57:07+00:00\" \/>\n<meta property=\"og:image\" content=\"https:\/\/hudo.com\/si\/wp-content\/uploads\/sites\/2\/2016\/12\/profimedia-0215508058.jpg\" \/>\n\t<meta property=\"og:image:width\" content=\"1250\" \/>\n\t<meta property=\"og:image:height\" content=\"834\" \/>\n\t<meta property=\"og:image:type\" content=\"image\/jpeg\" \/>\n<meta name=\"author\" content=\"M. N., STA\" \/>\n<meta name=\"twitter:card\" content=\"summary_large_image\" \/>\n<meta name=\"twitter:creator\" content=\"@hudo_si\" \/>\n<meta name=\"twitter:site\" content=\"@hudo_si\" \/>\n<meta name=\"twitter:label1\" content=\"Written by\" \/>\n\t<meta name=\"twitter:data1\" content=\"M. N., STA\" \/>\n\t<meta name=\"twitter:label2\" content=\"Est. reading time\" \/>\n\t<meta name=\"twitter:data2\" content=\"2 minuti\" \/>\n<script type=\"application\/ld+json\" class=\"yoast-schema-graph\">{\"@context\":\"https:\/\/schema.org\",\"@graph\":[{\"@type\":\"Article\",\"@id\":\"https:\/\/hudo.com\/si\/aktualno\/v-belo-hiso-priromala-podlaga-za-uvedbo-carin-na-uvoz-avtomobilov-eu-ze-zagrozila-nazaj\/#article\",\"isPartOf\":{\"@id\":\"https:\/\/hudo.com\/si\/aktualno\/v-belo-hiso-priromala-podlaga-za-uvedbo-carin-na-uvoz-avtomobilov-eu-ze-zagrozila-nazaj\/\"},\"author\":{\"name\":\"M. N., STA\",\"@id\":\"https:\/\/hudo.com\/si\/#\/schema\/person\/c2f10ce65d2e6ede2aeda5be2a0611fa\"},\"headline\":\"V Belo hi\u0161o priromala podlaga za uvedbo carin na uvoz avtomobilov, EU \u017ee zagrozila nazaj\",\"datePublished\":\"2019-02-18T15:56:40+00:00\",\"dateModified\":\"2019-02-18T15:57:07+00:00\",\"mainEntityOfPage\":{\"@id\":\"https:\/\/hudo.com\/si\/aktualno\/v-belo-hiso-priromala-podlaga-za-uvedbo-carin-na-uvoz-avtomobilov-eu-ze-zagrozila-nazaj\/\"},\"wordCount\":486,\"publisher\":{\"@id\":\"https:\/\/hudo.com\/si\/#organization\"},\"keywords\":[\"avtomobili\",\"carine\",\"EU\",\"ZDA\"],\"articleSection\":[\"Aktualno\"],\"inLanguage\":\"sl-SI\"},{\"@type\":\"WebPage\",\"@id\":\"https:\/\/hudo.com\/si\/aktualno\/v-belo-hiso-priromala-podlaga-za-uvedbo-carin-na-uvoz-avtomobilov-eu-ze-zagrozila-nazaj\/\",\"url\":\"https:\/\/hudo.com\/si\/aktualno\/v-belo-hiso-priromala-podlaga-za-uvedbo-carin-na-uvoz-avtomobilov-eu-ze-zagrozila-nazaj\/\",\"name\":\"V Belo hi\u0161o priromala podlaga za uvedbo carin na uvoz avtomobilov, EU \u017ee zagrozila nazaj - Hudo Slovenija\",\"isPartOf\":{\"@id\":\"https:\/\/hudo.com\/si\/#website\"},\"datePublished\":\"2019-02-18T15:56:40+00:00\",\"dateModified\":\"2019-02-18T15:57:07+00:00\",\"breadcrumb\":{\"@id\":\"https:\/\/hudo.com\/si\/aktualno\/v-belo-hiso-priromala-podlaga-za-uvedbo-carin-na-uvoz-avtomobilov-eu-ze-zagrozila-nazaj\/#breadcrumb\"},\"inLanguage\":\"sl-SI\",\"potentialAction\":[{\"@type\":\"ReadAction\",\"target\":[\"https:\/\/hudo.com\/si\/aktualno\/v-belo-hiso-priromala-podlaga-za-uvedbo-carin-na-uvoz-avtomobilov-eu-ze-zagrozila-nazaj\/\"]}]},{\"@type\":\"BreadcrumbList\",\"@id\":\"https:\/\/hudo.com\/si\/aktualno\/v-belo-hiso-priromala-podlaga-za-uvedbo-carin-na-uvoz-avtomobilov-eu-ze-zagrozila-nazaj\/#breadcrumb\",\"itemListElement\":[{\"@type\":\"ListItem\",\"position\":1,\"name\":\"Home\",\"item\":\"https:\/\/hudo.com\/si\/\"},{\"@type\":\"ListItem\",\"position\":2,\"name\":\"V Belo hi\u0161o priromala podlaga za uvedbo carin na uvoz avtomobilov, EU \u017ee zagrozila nazaj\"}]},{\"@type\":\"WebSite\",\"@id\":\"https:\/\/hudo.com\/si\/#website\",\"url\":\"https:\/\/hudo.com\/si\/\",\"name\":\"Hudo Slovenija\",\"description\":\"Vse novice iz Slovenije in sveta\",\"publisher\":{\"@id\":\"https:\/\/hudo.com\/si\/#organization\"},\"potentialAction\":[{\"@type\":\"SearchAction\",\"target\":{\"@type\":\"EntryPoint\",\"urlTemplate\":\"https:\/\/hudo.com\/si\/?s={search_term_string}\"},\"query-input\":\"required name=search_term_string\"}],\"inLanguage\":\"sl-SI\"},{\"@type\":\"Organization\",\"@id\":\"https:\/\/hudo.com\/si\/#organization\",\"name\":\"VSN Media\",\"url\":\"https:\/\/hudo.com\/si\/\",\"logo\":{\"@type\":\"ImageObject\",\"inLanguage\":\"sl-SI\",\"@id\":\"https:\/\/hudo.com\/si\/#\/schema\/logo\/image\/\",\"url\":\"https:\/\/hudo.com\/si\/wp-content\/uploads\/sites\/2\/2021\/03\/hudo-app-2.png\",\"contentUrl\":\"https:\/\/hudo.com\/si\/wp-content\/uploads\/sites\/2\/2021\/03\/hudo-app-2.png\",\"width\":2185,\"height\":2167,\"caption\":\"VSN Media\"},\"image\":{\"@id\":\"https:\/\/hudo.com\/si\/#\/schema\/logo\/image\/\"},\"sameAs\":[\"https:\/\/www.facebook.com\/hudo.si\",\"https:\/\/twitter.com\/hudo_si\"]},{\"@type\":\"Person\",\"@id\":\"https:\/\/hudo.com\/si\/#\/schema\/person\/c2f10ce65d2e6ede2aeda5be2a0611fa\",\"name\":\"M. N., STA\",\"image\":{\"@type\":\"ImageObject\",\"inLanguage\":\"sl-SI\",\"@id\":\"https:\/\/hudo.com\/si\/#\/schema\/person\/image\/\",\"url\":\"https:\/\/secure.gravatar.com\/avatar\/f370d38daa10467f755c5c766a4cac20?s=96&d=mm&r=g\",\"contentUrl\":\"https:\/\/secure.gravatar.com\/avatar\/f370d38daa10467f755c5c766a4cac20?s=96&d=mm&r=g\",\"caption\":\"M. N., STA\"},\"url\":\"https:\/\/hudo.com\/si\/author\/mana\/\"}]}<\/script>\n<!-- \/ Yoast SEO plugin. -->","yoast_head_json":{"title":"V Belo hi\u0161o priromala podlaga za uvedbo carin na uvoz avtomobilov, EU \u017ee zagrozila nazaj - Hudo Slovenija","robots":{"index":"index","follow":"follow","max-snippet":"max-snippet:-1","max-image-preview":"max-image-preview:large","max-video-preview":"max-video-preview:-1"},"canonical":"https:\/\/hudo.com\/si\/aktualno\/v-belo-hiso-priromala-podlaga-za-uvedbo-carin-na-uvoz-avtomobilov-eu-ze-zagrozila-nazaj\/","og_locale":"sl_SI","og_type":"article","og_title":"V Belo hi\u0161o priromala podlaga za uvedbo carin na uvoz avtomobilov, EU \u017ee zagrozila nazaj - Hudo Slovenija","og_description":"Ameri\u0161ka Bela hi\u0161a je prejela poro\u010dilo ministrstva za trgovino o avtomobilski industriji, ki bi lahko slu\u017eilo kot osnova za uvedbo carin na uvoz avtomobilov. Pred temi carinami trepeta predvsem EU, ki je danes v primeru njihove uvedbe \u017ee napovedala hiter in u\u010dinkovit odziv, poro\u010da francoska tiskovna agencija AFP.","og_url":"https:\/\/hudo.com\/si\/aktualno\/v-belo-hiso-priromala-podlaga-za-uvedbo-carin-na-uvoz-avtomobilov-eu-ze-zagrozila-nazaj\/","og_site_name":"Hudo Slovenija","article_publisher":"https:\/\/www.facebook.com\/hudo.si","article_published_time":"2019-02-18T15:56:40+00:00","article_modified_time":"2019-02-18T15:57:07+00:00","og_image":[{"width":1250,"height":834,"url":"https:\/\/hudo.com\/si\/wp-content\/uploads\/sites\/2\/2016\/12\/profimedia-0215508058.jpg","type":"image\/jpeg"}],"author":"M. N., STA","twitter_card":"summary_large_image","twitter_creator":"@hudo_si","twitter_site":"@hudo_si","twitter_misc":{"Written by":"M. N., STA","Est. reading time":"2 minuti"},"schema":{"@context":"https:\/\/schema.org","@graph":[{"@type":"Article","@id":"https:\/\/hudo.com\/si\/aktualno\/v-belo-hiso-priromala-podlaga-za-uvedbo-carin-na-uvoz-avtomobilov-eu-ze-zagrozila-nazaj\/#article","isPartOf":{"@id":"https:\/\/hudo.com\/si\/aktualno\/v-belo-hiso-priromala-podlaga-za-uvedbo-carin-na-uvoz-avtomobilov-eu-ze-zagrozila-nazaj\/"},"author":{"name":"M. N., STA","@id":"https:\/\/hudo.com\/si\/#\/schema\/person\/c2f10ce65d2e6ede2aeda5be2a0611fa"},"headline":"V Belo hi\u0161o priromala podlaga za uvedbo carin na uvoz avtomobilov, EU \u017ee zagrozila nazaj","datePublished":"2019-02-18T15:56:40+00:00","dateModified":"2019-02-18T15:57:07+00:00","mainEntityOfPage":{"@id":"https:\/\/hudo.com\/si\/aktualno\/v-belo-hiso-priromala-podlaga-za-uvedbo-carin-na-uvoz-avtomobilov-eu-ze-zagrozila-nazaj\/"},"wordCount":486,"publisher":{"@id":"https:\/\/hudo.com\/si\/#organization"},"keywords":["avtomobili","carine","EU","ZDA"],"articleSection":["Aktualno"],"inLanguage":"sl-SI"},{"@type":"WebPage","@id":"https:\/\/hudo.com\/si\/aktualno\/v-belo-hiso-priromala-podlaga-za-uvedbo-carin-na-uvoz-avtomobilov-eu-ze-zagrozila-nazaj\/","url":"https:\/\/hudo.com\/si\/aktualno\/v-belo-hiso-priromala-podlaga-za-uvedbo-carin-na-uvoz-avtomobilov-eu-ze-zagrozila-nazaj\/","name":"V Belo hi\u0161o priromala podlaga za uvedbo carin na uvoz avtomobilov, EU \u017ee zagrozila nazaj - Hudo Slovenija","isPartOf":{"@id":"https:\/\/hudo.com\/si\/#website"},"datePublished":"2019-02-18T15:56:40+00:00","dateModified":"2019-02-18T15:57:07+00:00","breadcrumb":{"@id":"https:\/\/hudo.com\/si\/aktualno\/v-belo-hiso-priromala-podlaga-za-uvedbo-carin-na-uvoz-avtomobilov-eu-ze-zagrozila-nazaj\/#breadcrumb"},"inLanguage":"sl-SI","potentialAction":[{"@type":"ReadAction","target":["https:\/\/hudo.com\/si\/aktualno\/v-belo-hiso-priromala-podlaga-za-uvedbo-carin-na-uvoz-avtomobilov-eu-ze-zagrozila-nazaj\/"]}]},{"@type":"BreadcrumbList","@id":"https:\/\/hudo.com\/si\/aktualno\/v-belo-hiso-priromala-podlaga-za-uvedbo-carin-na-uvoz-avtomobilov-eu-ze-zagrozila-nazaj\/#breadcrumb","itemListElement":[{"@type":"ListItem","position":1,"name":"Home","item":"https:\/\/hudo.com\/si\/"},{"@type":"ListItem","position":2,"name":"V Belo hi\u0161o priromala podlaga za uvedbo carin na uvoz avtomobilov, EU \u017ee zagrozila nazaj"}]},{"@type":"WebSite","@id":"https:\/\/hudo.com\/si\/#website","url":"https:\/\/hudo.com\/si\/","name":"Hudo Slovenija","description":"Vse novice iz Slovenije in sveta","publisher":{"@id":"https:\/\/hudo.com\/si\/#organization"},"potentialAction":[{"@type":"SearchAction","target":{"@type":"EntryPoint","urlTemplate":"https:\/\/hudo.com\/si\/?s={search_term_string}"},"query-input":"required name=search_term_string"}],"inLanguage":"sl-SI"},{"@type":"Organization","@id":"https:\/\/hudo.com\/si\/#organization","name":"VSN Media","url":"https:\/\/hudo.com\/si\/","logo":{"@type":"ImageObject","inLanguage":"sl-SI","@id":"https:\/\/hudo.com\/si\/#\/schema\/logo\/image\/","url":"https:\/\/hudo.com\/si\/wp-content\/uploads\/sites\/2\/2021\/03\/hudo-app-2.png","contentUrl":"https:\/\/hudo.com\/si\/wp-content\/uploads\/sites\/2\/2021\/03\/hudo-app-2.png","width":2185,"height":2167,"caption":"VSN Media"},"image":{"@id":"https:\/\/hudo.com\/si\/#\/schema\/logo\/image\/"},"sameAs":["https:\/\/www.facebook.com\/hudo.si","https:\/\/twitter.com\/hudo_si"]},{"@type":"Person","@id":"https:\/\/hudo.com\/si\/#\/schema\/person\/c2f10ce65d2e6ede2aeda5be2a0611fa","name":"M. N., STA","image":{"@type":"ImageObject","inLanguage":"sl-SI","@id":"https:\/\/hudo.com\/si\/#\/schema\/person\/image\/","url":"https:\/\/secure.gravatar.com\/avatar\/f370d38daa10467f755c5c766a4cac20?s=96&d=mm&r=g","contentUrl":"https:\/\/secure.gravatar.com\/avatar\/f370d38daa10467f755c5c766a4cac20?s=96&d=mm&r=g","caption":"M. N., STA"},"url":"https:\/\/hudo.com\/si\/author\/mana\/"}]}},"amp_enabled":true,"_links":{"self":[{"href":"https:\/\/hudo.com\/si\/wp-json\/wp\/v2\/posts\/393218"}],"collection":[{"href":"https:\/\/hudo.com\/si\/wp-json\/wp\/v2\/posts"}],"about":[{"href":"https:\/\/hudo.com\/si\/wp-json\/wp\/v2\/types\/post"}],"author":[{"embeddable":true,"href":"https:\/\/hudo.com\/si\/wp-json\/wp\/v2\/users\/8"}],"replies":[{"embeddable":true,"href":"https:\/\/hudo.com\/si\/wp-json\/wp\/v2\/comments?post=393218"}],"version-history":[{"count":1,"href":"https:\/\/hudo.com\/si\/wp-json\/wp\/v2\/posts\/393218\/revisions"}],"predecessor-version":[{"id":393219,"href":"https:\/\/hudo.com\/si\/wp-json\/wp\/v2\/posts\/393218\/revisions\/393219"}],"wp:featuredmedia":[{"embeddable":true,"href":"https:\/\/hudo.com\/si\/wp-json\/wp\/v2\/media\/180912"}],"wp:attachment":[{"href":"https:\/\/hudo.com\/si\/wp-json\/wp\/v2\/media?parent=393218"}],"wp:term":[{"taxonomy":"category","embeddable":true,"href":"https:\/\/hudo.com\/si\/wp-json\/wp\/v2\/categories?post=393218"},{"taxonomy":"post_tag","embeddable":true,"href":"https:\/\/hudo.com\/si\/wp-json\/wp\/v2\/tags?post=393218"},{"taxonomy":"source","embeddable":true,"href":"https:\/\/hudo.com\/si\/wp-json\/wp\/v2\/source?post=393218"},{"taxonomy":"supertag","embeddable":true,"href":"https:\/\/hudo.com\/si\/wp-json\/wp\/v2\/supertag?post=393218"}],"curies":[{"name":"wp","href":"https:\/\/api.w.org\/{rel}","templated":true}]}}