{"id":393373,"date":"2019-02-20T14:16:42","date_gmt":"2019-02-20T13:16:42","guid":{"rendered":"http:\/\/hudo.com\/si\/?p=393373"},"modified":"2019-02-20T14:16:42","modified_gmt":"2019-02-20T13:16:42","slug":"pahor-tajaniju-predlagal-pripravo-skupnega-slovensko-italijanskega-zgodovinskega-ucbenika","status":"publish","type":"post","link":"https:\/\/hudo.com\/si\/aktualno\/pahor-tajaniju-predlagal-pripravo-skupnega-slovensko-italijanskega-zgodovinskega-ucbenika\/","title":{"rendered":"Pahor Tajaniju predlagal pripravo skupnega slovensko-italijanskega zgodovinskega u\u010dbenika"},"content":{"rendered":"<div class=\"text\">\n<p>To je po Pahorjevih besedah zelo pomembno, saj se je po njegovem spominu prvi\u010d zgodilo, da je kak visok predstavnik EU ali Italije uradno od najvi\u0161jega predstavnika slovenske dr\u017eave prejel osebno v roke to poro\u010dilo, in to z obljubo, da ga bo tudi preu\u010dil.<\/p>\n<p>To poro\u010dilo, pripravljeno leta 2000, ki je pomembno v lu\u010di vseevropske sprave, takrat bodo\u010dega \u010dlanstva Slovenije v EU in v \u017eelji poenotenja stali\u0161\u010d o nekaterih pomembnih zgodovinskih dogodkih v odnosih med Slovenci in Italijani v 19. in 20. stoletju, je namre\u010d Slovenija politi\u010dno prevzela, Italija pa ga ne upo\u0161teva, je spomnil Pahor.<\/p>\n<p>Poleg tega je slovenski predsednik Tajaniju danes predlagal, da se po uspe\u0161nem nem\u0161ko-francoskem zgledu pripravi skupni slovensko-italijanski zgodovinski u\u010dbenik, ki bi temeljil na poro\u010dilu skupne zgodovinske komisije.<\/p>\n<p>Tak\u0161en u\u010dbenik naj bi po Pahorjevih besedah \u0161olarje na obeh straneh meje, spominjal in opominjal na zgodovinske dogodke in jih navdihoval k skupni evropski prihodnosti.<\/p>\n<p>To je \u0161e zlasti pomembno v trenutnih okoli\u0161\u010dinah, ko evropska ideja ni tako mo\u010dna, kot bi si \u017eeleli tisti, ki vanjo verjamemo in ki si \u017eelimo njene renesanse, ter ko nas vzpon nacionalizma opominja, da je treba hkrati upo\u0161tevati preteklost in prihodnost, \u010de \u017eelimo navdu\u0161iti Evropejce za skupni evropski dom, je poudaril Pahor.<\/p>\n<p>V \u010dasu vzpona nacionalizmov moramo po njegovih besedah &#8220;paziti drug na drugega, tudi z izjavami&#8221;. &#8220;Skrbni moramo biti z izjavami,&#8221; je izpostavil.<\/p>\n<p>Pozive k Tajanijevemu odstopu, ki se \u0161e vedno vrstijo v Sloveniji, je Pahor komentiral z besedami, da od vselej zastopa stali\u0161\u010de, da ni stvar predsednika republike, da poziva k odstopu ali k temu, da nekdo na polo\u017eaju ostane. &#8220;Teh odlo\u010ditev sem se vedno vzdr\u017eal. Menim, da je prav, da si predsednik ne prisvoji pravice, da to po\u010dne, to ne bi bilo in se ni nikoli izkazalo za koristno,&#8221; je poudaril.<\/p>\n<p>Pahor je ob tem tudi spomnil, da ima zgodovino ogla\u0161anja v povezavi s tem. Izpostavil je, da je po svojem spominu kot evropski poslanec v Evropskem parlamentu leta 2005 nekaj dni po drugem proslavljanju dneva spomina na \u017ertve fojb v Italiji, uvedenega leta 2004, prvi opozoril na to, da se preteklost prikazuje enostransko ter da to ne koristi ne italijansko-slovenskim odnosom ne skupni evropski prihodnosti.<\/p>\n<p>Izpostavil je tudi, da je Tajani danes omenjal fa\u0161izem in da je prav, da je to storil, saj se italijanski sogovorniki temu sicer radi izogibajo.<\/p>\n<p>Tajanijev tiskovni predstavnik Carlo Corazza pa je povedal, da je bilo sre\u010danje &#8220;zelo zelo pozitivno&#8221; ter da sta govorila o brexitu, azilni reformi, prihodnosti Evrope, varnosti in trgovinskih odnosih z ZDA.<\/p>\n<p>Glede Tajanijevih izjav v Bazovici je tiskovni predstavnik dejal, da nih\u010de ne brani po\u010detja fa\u0161istov ter da se vsi strinjajo, da je treba prese\u010di preteklost in gledati v prihodnost, saj za to tudi gre pri Evropi.<\/p>\n<p>Glede odgovora Tajanija na povabilo evropske komisarke Violete Bulc, da skupaj obi\u0161\u010deta Ri\u017earno in Bazovico ter obele\u017eita spomin na slovenske \u017ertve fa\u0161isti\u010dnega in nacisti\u010dnega re\u017eima, v parlamentu za zdaj pravijo, da uradnega odgovora \u0161e ni, a da bo ta verjetno pozitiven, a odvisen od sicer\u0161njega urnika predsednika.<\/p>\n<p>Glede pozivov k Tajanijevemu odstopu pa je v Bruslju neuradno sli\u0161ati komentarje, da so besede, da je Tajani fa\u0161ist, nesprejemljive. Tajani se je za svoje neprimerne besede opravi\u010dil, da se ga zdaj ozna\u010duje kot fa\u0161ista, pa ni normalen odziv med prijatelji, je \u0161e sli\u0161ati neuradno.<\/p>\n<\/div>\n","protected":false},"excerpt":{"rendered":"<p>Predsednik republike Borut Pahor je danes v Bruslju predsedniku Evropskega parlamenta Antoniu Tajaniju uradno predal poro\u010dilo slovensko-italijanske zgodovinsko-kulturne komisije o slovensko-italijanskih odnosih 1880-1956 v knji\u017eni obliki. Tajani je poro\u010dilo sprejel z obljubo, da ga bo tudi preu\u010dil, je izpostavil Pahor.<\/p>\n","protected":false},"author":5,"featured_media":193305,"comment_status":"closed","ping_status":"closed","sticky":false,"template":"","format":"standard","meta":{"footnotes":""},"categories":[1179],"tags":[9693,3458,1760,1595],"source":[4511],"supertag":[],"acf":[],"yoast_head":"<!-- This site is optimized with the Yoast SEO plugin v21.3 - https:\/\/yoast.com\/wordpress\/plugins\/seo\/ -->\n<title>Pahor Tajaniju predlagal pripravo skupnega slovensko-italijanskega zgodovinskega u\u010dbenika - Hudo Slovenija<\/title>\n<meta name=\"robots\" content=\"index, follow, max-snippet:-1, max-image-preview:large, max-video-preview:-1\" \/>\n<link rel=\"canonical\" href=\"https:\/\/hudo.com\/si\/aktualno\/pahor-tajaniju-predlagal-pripravo-skupnega-slovensko-italijanskega-zgodovinskega-ucbenika\/\" \/>\n<meta property=\"og:locale\" content=\"sl_SI\" \/>\n<meta property=\"og:type\" content=\"article\" \/>\n<meta property=\"og:title\" content=\"Pahor Tajaniju predlagal pripravo skupnega slovensko-italijanskega zgodovinskega u\u010dbenika - Hudo Slovenija\" \/>\n<meta property=\"og:description\" content=\"Predsednik republike Borut Pahor je danes v Bruslju predsedniku Evropskega parlamenta Antoniu Tajaniju uradno predal poro\u010dilo slovensko-italijanske zgodovinsko-kulturne komisije o slovensko-italijanskih odnosih 1880-1956 v knji\u017eni obliki. Tajani je poro\u010dilo sprejel z obljubo, da ga bo tudi preu\u010dil, je izpostavil Pahor.\" \/>\n<meta property=\"og:url\" content=\"https:\/\/hudo.com\/si\/aktualno\/pahor-tajaniju-predlagal-pripravo-skupnega-slovensko-italijanskega-zgodovinskega-ucbenika\/\" \/>\n<meta property=\"og:site_name\" content=\"Hudo Slovenija\" \/>\n<meta property=\"article:publisher\" content=\"https:\/\/www.facebook.com\/hudo.si\" \/>\n<meta property=\"article:published_time\" content=\"2019-02-20T13:16:42+00:00\" \/>\n<meta property=\"og:image\" content=\"https:\/\/hudo.com\/si\/wp-content\/uploads\/sites\/2\/2017\/01\/profimedia-0310970856.jpg\" \/>\n\t<meta property=\"og:image:width\" content=\"1250\" \/>\n\t<meta property=\"og:image:height\" content=\"841\" \/>\n\t<meta property=\"og:image:type\" content=\"image\/jpeg\" \/>\n<meta name=\"author\" content=\"A. G., STA\" \/>\n<meta name=\"twitter:card\" content=\"summary_large_image\" \/>\n<meta name=\"twitter:creator\" content=\"@hudo_si\" \/>\n<meta name=\"twitter:site\" content=\"@hudo_si\" \/>\n<meta name=\"twitter:label1\" content=\"Written by\" \/>\n\t<meta name=\"twitter:data1\" content=\"A. G., STA\" \/>\n\t<meta name=\"twitter:label2\" content=\"Est. reading time\" \/>\n\t<meta name=\"twitter:data2\" content=\"3 minute\" \/>\n<script type=\"application\/ld+json\" class=\"yoast-schema-graph\">{\"@context\":\"https:\/\/schema.org\",\"@graph\":[{\"@type\":\"Article\",\"@id\":\"https:\/\/hudo.com\/si\/aktualno\/pahor-tajaniju-predlagal-pripravo-skupnega-slovensko-italijanskega-zgodovinskega-ucbenika\/#article\",\"isPartOf\":{\"@id\":\"https:\/\/hudo.com\/si\/aktualno\/pahor-tajaniju-predlagal-pripravo-skupnega-slovensko-italijanskega-zgodovinskega-ucbenika\/\"},\"author\":{\"name\":\"A. G., STA\",\"@id\":\"https:\/\/hudo.com\/si\/#\/schema\/person\/2391667a63ea075ba94f2f2dc6b77537\"},\"headline\":\"Pahor Tajaniju predlagal pripravo skupnega slovensko-italijanskega zgodovinskega u\u010dbenika\",\"datePublished\":\"2019-02-20T13:16:42+00:00\",\"dateModified\":\"2019-02-20T13:16:42+00:00\",\"mainEntityOfPage\":{\"@id\":\"https:\/\/hudo.com\/si\/aktualno\/pahor-tajaniju-predlagal-pripravo-skupnega-slovensko-italijanskega-zgodovinskega-ucbenika\/\"},\"wordCount\":591,\"publisher\":{\"@id\":\"https:\/\/hudo.com\/si\/#organization\"},\"keywords\":[\"Antonio Tajani\",\"Borut Pahor\",\"italija\",\"Slovenija\"],\"articleSection\":[\"Aktualno\"],\"inLanguage\":\"sl-SI\"},{\"@type\":\"WebPage\",\"@id\":\"https:\/\/hudo.com\/si\/aktualno\/pahor-tajaniju-predlagal-pripravo-skupnega-slovensko-italijanskega-zgodovinskega-ucbenika\/\",\"url\":\"https:\/\/hudo.com\/si\/aktualno\/pahor-tajaniju-predlagal-pripravo-skupnega-slovensko-italijanskega-zgodovinskega-ucbenika\/\",\"name\":\"Pahor Tajaniju predlagal pripravo skupnega slovensko-italijanskega zgodovinskega u\u010dbenika - Hudo Slovenija\",\"isPartOf\":{\"@id\":\"https:\/\/hudo.com\/si\/#website\"},\"datePublished\":\"2019-02-20T13:16:42+00:00\",\"dateModified\":\"2019-02-20T13:16:42+00:00\",\"breadcrumb\":{\"@id\":\"https:\/\/hudo.com\/si\/aktualno\/pahor-tajaniju-predlagal-pripravo-skupnega-slovensko-italijanskega-zgodovinskega-ucbenika\/#breadcrumb\"},\"inLanguage\":\"sl-SI\",\"potentialAction\":[{\"@type\":\"ReadAction\",\"target\":[\"https:\/\/hudo.com\/si\/aktualno\/pahor-tajaniju-predlagal-pripravo-skupnega-slovensko-italijanskega-zgodovinskega-ucbenika\/\"]}]},{\"@type\":\"BreadcrumbList\",\"@id\":\"https:\/\/hudo.com\/si\/aktualno\/pahor-tajaniju-predlagal-pripravo-skupnega-slovensko-italijanskega-zgodovinskega-ucbenika\/#breadcrumb\",\"itemListElement\":[{\"@type\":\"ListItem\",\"position\":1,\"name\":\"Home\",\"item\":\"https:\/\/hudo.com\/si\/\"},{\"@type\":\"ListItem\",\"position\":2,\"name\":\"Pahor Tajaniju predlagal pripravo skupnega slovensko-italijanskega zgodovinskega u\u010dbenika\"}]},{\"@type\":\"WebSite\",\"@id\":\"https:\/\/hudo.com\/si\/#website\",\"url\":\"https:\/\/hudo.com\/si\/\",\"name\":\"Hudo Slovenija\",\"description\":\"Vse novice iz Slovenije in sveta\",\"publisher\":{\"@id\":\"https:\/\/hudo.com\/si\/#organization\"},\"potentialAction\":[{\"@type\":\"SearchAction\",\"target\":{\"@type\":\"EntryPoint\",\"urlTemplate\":\"https:\/\/hudo.com\/si\/?s={search_term_string}\"},\"query-input\":\"required name=search_term_string\"}],\"inLanguage\":\"sl-SI\"},{\"@type\":\"Organization\",\"@id\":\"https:\/\/hudo.com\/si\/#organization\",\"name\":\"VSN Media\",\"url\":\"https:\/\/hudo.com\/si\/\",\"logo\":{\"@type\":\"ImageObject\",\"inLanguage\":\"sl-SI\",\"@id\":\"https:\/\/hudo.com\/si\/#\/schema\/logo\/image\/\",\"url\":\"https:\/\/hudo.com\/si\/wp-content\/uploads\/sites\/2\/2021\/03\/hudo-app-2.png\",\"contentUrl\":\"https:\/\/hudo.com\/si\/wp-content\/uploads\/sites\/2\/2021\/03\/hudo-app-2.png\",\"width\":2185,\"height\":2167,\"caption\":\"VSN Media\"},\"image\":{\"@id\":\"https:\/\/hudo.com\/si\/#\/schema\/logo\/image\/\"},\"sameAs\":[\"https:\/\/www.facebook.com\/hudo.si\",\"https:\/\/twitter.com\/hudo_si\"]},{\"@type\":\"Person\",\"@id\":\"https:\/\/hudo.com\/si\/#\/schema\/person\/2391667a63ea075ba94f2f2dc6b77537\",\"name\":\"A. G., STA\",\"image\":{\"@type\":\"ImageObject\",\"inLanguage\":\"sl-SI\",\"@id\":\"https:\/\/hudo.com\/si\/#\/schema\/person\/image\/\",\"url\":\"https:\/\/secure.gravatar.com\/avatar\/e13d22ac3e442658d5025fbbe6238a79?s=96&d=mm&r=g\",\"contentUrl\":\"https:\/\/secure.gravatar.com\/avatar\/e13d22ac3e442658d5025fbbe6238a79?s=96&d=mm&r=g\",\"caption\":\"A. G., STA\"},\"url\":\"https:\/\/hudo.com\/si\/author\/alenka\/\"}]}<\/script>\n<!-- \/ Yoast SEO plugin. -->","yoast_head_json":{"title":"Pahor Tajaniju predlagal pripravo skupnega slovensko-italijanskega zgodovinskega u\u010dbenika - Hudo Slovenija","robots":{"index":"index","follow":"follow","max-snippet":"max-snippet:-1","max-image-preview":"max-image-preview:large","max-video-preview":"max-video-preview:-1"},"canonical":"https:\/\/hudo.com\/si\/aktualno\/pahor-tajaniju-predlagal-pripravo-skupnega-slovensko-italijanskega-zgodovinskega-ucbenika\/","og_locale":"sl_SI","og_type":"article","og_title":"Pahor Tajaniju predlagal pripravo skupnega slovensko-italijanskega zgodovinskega u\u010dbenika - Hudo Slovenija","og_description":"Predsednik republike Borut Pahor je danes v Bruslju predsedniku Evropskega parlamenta Antoniu Tajaniju uradno predal poro\u010dilo slovensko-italijanske zgodovinsko-kulturne komisije o slovensko-italijanskih odnosih 1880-1956 v knji\u017eni obliki. Tajani je poro\u010dilo sprejel z obljubo, da ga bo tudi preu\u010dil, je izpostavil Pahor.","og_url":"https:\/\/hudo.com\/si\/aktualno\/pahor-tajaniju-predlagal-pripravo-skupnega-slovensko-italijanskega-zgodovinskega-ucbenika\/","og_site_name":"Hudo Slovenija","article_publisher":"https:\/\/www.facebook.com\/hudo.si","article_published_time":"2019-02-20T13:16:42+00:00","og_image":[{"width":1250,"height":841,"url":"https:\/\/hudo.com\/si\/wp-content\/uploads\/sites\/2\/2017\/01\/profimedia-0310970856.jpg","type":"image\/jpeg"}],"author":"A. G., STA","twitter_card":"summary_large_image","twitter_creator":"@hudo_si","twitter_site":"@hudo_si","twitter_misc":{"Written by":"A. G., STA","Est. reading time":"3 minute"},"schema":{"@context":"https:\/\/schema.org","@graph":[{"@type":"Article","@id":"https:\/\/hudo.com\/si\/aktualno\/pahor-tajaniju-predlagal-pripravo-skupnega-slovensko-italijanskega-zgodovinskega-ucbenika\/#article","isPartOf":{"@id":"https:\/\/hudo.com\/si\/aktualno\/pahor-tajaniju-predlagal-pripravo-skupnega-slovensko-italijanskega-zgodovinskega-ucbenika\/"},"author":{"name":"A. G., STA","@id":"https:\/\/hudo.com\/si\/#\/schema\/person\/2391667a63ea075ba94f2f2dc6b77537"},"headline":"Pahor Tajaniju predlagal pripravo skupnega slovensko-italijanskega zgodovinskega u\u010dbenika","datePublished":"2019-02-20T13:16:42+00:00","dateModified":"2019-02-20T13:16:42+00:00","mainEntityOfPage":{"@id":"https:\/\/hudo.com\/si\/aktualno\/pahor-tajaniju-predlagal-pripravo-skupnega-slovensko-italijanskega-zgodovinskega-ucbenika\/"},"wordCount":591,"publisher":{"@id":"https:\/\/hudo.com\/si\/#organization"},"keywords":["Antonio Tajani","Borut Pahor","italija","Slovenija"],"articleSection":["Aktualno"],"inLanguage":"sl-SI"},{"@type":"WebPage","@id":"https:\/\/hudo.com\/si\/aktualno\/pahor-tajaniju-predlagal-pripravo-skupnega-slovensko-italijanskega-zgodovinskega-ucbenika\/","url":"https:\/\/hudo.com\/si\/aktualno\/pahor-tajaniju-predlagal-pripravo-skupnega-slovensko-italijanskega-zgodovinskega-ucbenika\/","name":"Pahor Tajaniju predlagal pripravo skupnega slovensko-italijanskega zgodovinskega u\u010dbenika - Hudo Slovenija","isPartOf":{"@id":"https:\/\/hudo.com\/si\/#website"},"datePublished":"2019-02-20T13:16:42+00:00","dateModified":"2019-02-20T13:16:42+00:00","breadcrumb":{"@id":"https:\/\/hudo.com\/si\/aktualno\/pahor-tajaniju-predlagal-pripravo-skupnega-slovensko-italijanskega-zgodovinskega-ucbenika\/#breadcrumb"},"inLanguage":"sl-SI","potentialAction":[{"@type":"ReadAction","target":["https:\/\/hudo.com\/si\/aktualno\/pahor-tajaniju-predlagal-pripravo-skupnega-slovensko-italijanskega-zgodovinskega-ucbenika\/"]}]},{"@type":"BreadcrumbList","@id":"https:\/\/hudo.com\/si\/aktualno\/pahor-tajaniju-predlagal-pripravo-skupnega-slovensko-italijanskega-zgodovinskega-ucbenika\/#breadcrumb","itemListElement":[{"@type":"ListItem","position":1,"name":"Home","item":"https:\/\/hudo.com\/si\/"},{"@type":"ListItem","position":2,"name":"Pahor Tajaniju predlagal pripravo skupnega slovensko-italijanskega zgodovinskega u\u010dbenika"}]},{"@type":"WebSite","@id":"https:\/\/hudo.com\/si\/#website","url":"https:\/\/hudo.com\/si\/","name":"Hudo Slovenija","description":"Vse novice iz Slovenije in sveta","publisher":{"@id":"https:\/\/hudo.com\/si\/#organization"},"potentialAction":[{"@type":"SearchAction","target":{"@type":"EntryPoint","urlTemplate":"https:\/\/hudo.com\/si\/?s={search_term_string}"},"query-input":"required name=search_term_string"}],"inLanguage":"sl-SI"},{"@type":"Organization","@id":"https:\/\/hudo.com\/si\/#organization","name":"VSN Media","url":"https:\/\/hudo.com\/si\/","logo":{"@type":"ImageObject","inLanguage":"sl-SI","@id":"https:\/\/hudo.com\/si\/#\/schema\/logo\/image\/","url":"https:\/\/hudo.com\/si\/wp-content\/uploads\/sites\/2\/2021\/03\/hudo-app-2.png","contentUrl":"https:\/\/hudo.com\/si\/wp-content\/uploads\/sites\/2\/2021\/03\/hudo-app-2.png","width":2185,"height":2167,"caption":"VSN Media"},"image":{"@id":"https:\/\/hudo.com\/si\/#\/schema\/logo\/image\/"},"sameAs":["https:\/\/www.facebook.com\/hudo.si","https:\/\/twitter.com\/hudo_si"]},{"@type":"Person","@id":"https:\/\/hudo.com\/si\/#\/schema\/person\/2391667a63ea075ba94f2f2dc6b77537","name":"A. G., STA","image":{"@type":"ImageObject","inLanguage":"sl-SI","@id":"https:\/\/hudo.com\/si\/#\/schema\/person\/image\/","url":"https:\/\/secure.gravatar.com\/avatar\/e13d22ac3e442658d5025fbbe6238a79?s=96&d=mm&r=g","contentUrl":"https:\/\/secure.gravatar.com\/avatar\/e13d22ac3e442658d5025fbbe6238a79?s=96&d=mm&r=g","caption":"A. G., STA"},"url":"https:\/\/hudo.com\/si\/author\/alenka\/"}]}},"amp_enabled":true,"_links":{"self":[{"href":"https:\/\/hudo.com\/si\/wp-json\/wp\/v2\/posts\/393373"}],"collection":[{"href":"https:\/\/hudo.com\/si\/wp-json\/wp\/v2\/posts"}],"about":[{"href":"https:\/\/hudo.com\/si\/wp-json\/wp\/v2\/types\/post"}],"author":[{"embeddable":true,"href":"https:\/\/hudo.com\/si\/wp-json\/wp\/v2\/users\/5"}],"replies":[{"embeddable":true,"href":"https:\/\/hudo.com\/si\/wp-json\/wp\/v2\/comments?post=393373"}],"version-history":[{"count":1,"href":"https:\/\/hudo.com\/si\/wp-json\/wp\/v2\/posts\/393373\/revisions"}],"predecessor-version":[{"id":393377,"href":"https:\/\/hudo.com\/si\/wp-json\/wp\/v2\/posts\/393373\/revisions\/393377"}],"wp:featuredmedia":[{"embeddable":true,"href":"https:\/\/hudo.com\/si\/wp-json\/wp\/v2\/media\/193305"}],"wp:attachment":[{"href":"https:\/\/hudo.com\/si\/wp-json\/wp\/v2\/media?parent=393373"}],"wp:term":[{"taxonomy":"category","embeddable":true,"href":"https:\/\/hudo.com\/si\/wp-json\/wp\/v2\/categories?post=393373"},{"taxonomy":"post_tag","embeddable":true,"href":"https:\/\/hudo.com\/si\/wp-json\/wp\/v2\/tags?post=393373"},{"taxonomy":"source","embeddable":true,"href":"https:\/\/hudo.com\/si\/wp-json\/wp\/v2\/source?post=393373"},{"taxonomy":"supertag","embeddable":true,"href":"https:\/\/hudo.com\/si\/wp-json\/wp\/v2\/supertag?post=393373"}],"curies":[{"name":"wp","href":"https:\/\/api.w.org\/{rel}","templated":true}]}}