{"id":393522,"date":"2019-02-22T12:42:02","date_gmt":"2019-02-22T11:42:02","guid":{"rendered":"http:\/\/hudo.com\/si\/?p=393522"},"modified":"2019-02-22T12:42:02","modified_gmt":"2019-02-22T11:42:02","slug":"nastopil-je-cas-norcij-mask-plesa-praznovanja-karnevali-po-svetu-ze-v-polnem-zagonu","status":"publish","type":"post","link":"https:\/\/hudo.com\/si\/aktualno\/nastopil-je-cas-norcij-mask-plesa-praznovanja-karnevali-po-svetu-ze-v-polnem-zagonu\/","title":{"rendered":"Nastopil je \u010das nor\u010dij, mask, plesa in praznovanja: Karnevali po svetu \u017ee v polnem zagonu"},"content":{"rendered":"<p>Karneval je tradicionalno prisoten v kr\u0161\u010danskih kulturah po vsem svetu, dandanes pa barvito &#8220;preganjajo zimo&#8221; v ve\u010d kot 50 dr\u017eavah. Beseda karneval naj bi izhajala iz latinskega izraza carne vale, kar pomeni slovo od mesa, saj pustu sledi 40-dnevni postni \u010das. Zgodovinsko pa praznovanje sega v predkr\u0161\u010danski \u010das, domnevno v obdobje starega Egipta, ko so praznovali za\u010detek novega leta in preporod narave. Kasneje so karnevalu dodali kr\u0161\u010danski pridih in pomen.<\/p>\n<p>Prvi dan karnevala se razlikuje glede na dr\u017eavo in lokalne tradicije. V nem\u0161kem mestu K\u00f6ln se tako pri\u010dne \u017ee 11. novembra ob 11.11, obi\u010dajno pa po svetu za\u017eenejo pustne povorke in zabave v dnevih in tednih pred pepelni\u010dno sredo, ki zaznamuje za\u010detek postnega \u010dasa pred veliko no\u010djo.<\/p>\n<p>Sledijo predstavitve nekaterih bolj znanih karnevalov po svetu.<\/p>\n<p><b>Bene\u0161ki karneval<\/b><\/p>\n<p>Sloveniji najbli\u017eje mno\u017ei\u010dno pustovanje v tujini je tudi eno najstarej\u0161ih. Prvi\u010d je bil bene\u0161ki karneval omenjen \u017ee v 11. stoletju, leta 1296 pa je bil dan pred za\u010detkom posta razgla\u0161en za praznik. Festival je bil vsako leto bolj priljubljen in ob\u0161iren, dokler niso ob padcu Bene\u0161ke republike konec 18. stoletja prepovedali bene\u0161ke kostume, karneval pa je zamrl. Z nekaj izjemami so ga ponovno uspe\u0161no o\u017eivili pred natanko 40 leti, leta 1979, pi\u0161e na spletni strani karnevala.<\/p>\n<p>Festival, ki se je letos za\u010del 16. februarja in se bo sklenil 5. marca, letno v mesto privabi ve\u010d milijonov obiskovalcev, ki ob\u010dudujejo in fotografirajo ljudi, oble\u010dene v razko\u0161ne kostume in tradicionalne bene\u0161ke maske. Med slednjimi so zna\u010dilne maske commedie dell&#8217;arte, ki predstavljajo posamezne vloge v dru\u017ebi. Tradicionalno so maske narejene iz usnja, porcelana ali stekla ter so preprostih oblik.<\/p>\n<p><b>Mardi gras v New Orleansu<\/b><\/p>\n<p>V ameri\u0161ki zvezni dr\u017eavi Louisiana s pustnim rajanjem, ki ga poimenujejo Mardi gras, kar v prevodu pomeni debeli torek in ozna\u010duje zadnji dan pustovanja, za\u010dnejo dva tedna pred pustnim torkom. V New Orleansu pa so letos prve pustne dogodke in parade organizirali \u017ee v za\u010detku leta, a najbolj pestro bo zadnjih pet dni pred torkom, pi\u0161e na spletni strani festivala.<\/p>\n<p>Parade v New Orleansu obi\u010dajno organizirajo klubi, imenovani krewe, ki na pot po\u0161ljejo okra\u0161ena pustna vozila, na katerih poskakujejo v najrazli\u010dnej\u0161e kostume oble\u010deni ljudje in med mno\u017eico obi\u010dajno me\u010dejo barvite veri\u017eice. Prvi\u010d je bil Mardi gras organiziran leta 1837, 20 let kasneje pa so se pojavila prva pustna vozila. Rajanje se tradicionalno sklene s t. i. sre\u010danjem dvorov med kluboma Rex in Comus, ko mesto obi\u0161\u010de okoli milijon ljudi.<\/p>\n<p><b>Karneval v Rio de Janeiru<\/b><\/p>\n<p>Najve\u010dja uli\u010dna zabava na svetu, ko se vsak dan na ulicah zbere ve\u010d kot dva milijona ljudi, se bo letos za\u010dela 1. marca in sklenila 9. marca, ko se bodo na sambadromu ponovno zbrale zmagovalne plesne ekipe. Za parado v brazilskem mestu so zna\u010dilne ogromne skupine plesalcev sambe v ble\u0161\u010de\u010dih in pompoznih kostumih ter bu\u010dna glasba.<\/p>\n<p>Zgodovina karnevala sega v prvo polovico 19. stoletja, ko so Portugalci v mestu organizirali prvo ma\u0161karado, na kateri so plesali na ritme polke in val\u010dka. Kasneje so imeli na rajanje velik vpliv afri\u0161ki priseljenci, ki so leta 1917 na karnevalu uvedli sambo, brez katere si je dandanes nemogo\u010de predstavljati najve\u010dji karneval v Ju\u017eni Ameriki.<\/p>\n<p><b>Karneval Binche<\/b><\/p>\n<p>Enega najbolj pestrih karnevalov v Belgiji je Organizacija ZN za izobra\u017eevanje, znanost in kulturo (Unesco) leta 2003 priznala tudi kot \u017eivo kulturno dedi\u0161\u010dino. Zgodovina pustovanja v Bincheju sega v 14. stoletje in tako velja za enega najstarej\u0161ih karnevalov.<\/p>\n<p>Od pustne nedelje, ki bo letos 3. marca, pa do pustnega torka bodo ulice zapolnili zna\u010dilni klovni Gilles, ki so obuti v lesene \u010devlje in oble\u010deni v rumene, rde\u010de in \u010drne kostume, kar so tudi barve belgijske zastave. Na glavo si klovni nadenejo vo\u0161\u010dene maske z rde\u010dimi br\u010dicami. V tradicionalne kostume se lahko oble\u010dejo le izbrani mo\u0161ki, ki nato od jutra do ve\u010dera ple\u0161ejo na ritme bobnov in odganjajo zle duhove. Ob koncu prireditve si nadenejo klobuke z nojevim perjem in med mno\u017eico za sre\u010do me\u010dejo pomaran\u010de, pri \u010demer pogosto razbijejo tudi kak\u0161no okno.<\/p>\n<p><b>K\u00f6lnski karneval<\/b><\/p>\n<p>Eden najve\u010djih in najbolj znanih karnevalov v Nem\u010diji se tradicionalno za\u010dne \u017ee na martinovo, vrhunec pa je zadnjih pet dni pred pepelni\u010dno sredo, ko so v K\u00f6lnu t. i. nori dnevi. Uvod v pustno rajanje je t. i. babji pustni ve\u010der v \u010detrtek, vrhunec pa je na pustni ponedeljek s tradicionalno povorko. Na ta dan se v mestu zbere tudi do milijon obiskovalcev, ki spremljajo sprevod mask in pustnih vozil, s katerih me\u010dejo najrazli\u010dnej\u0161a darila &#8211; tudi znamenito kolonjsko vodico.<\/p>\n","protected":false},"excerpt":{"rendered":"<p>Ve\u010d stoletij stara tradicija pustovanja in karnevalov je ponekod v svetu \u017ee v polnem razmahu, drugod bodo zimo za\u010deli preganjati v prihodnjih dnevih. Po svetu se vsako leto zvrstijo \u0161tevilni odmevnej\u0161i karnevali s svojimi posebnostmi in tradicijami.<\/p>\n","protected":false},"author":8,"featured_media":393523,"comment_status":"closed","ping_status":"closed","sticky":false,"template":"","format":"standard","meta":{"footnotes":""},"categories":[1179],"tags":[3730,13079],"source":[4511],"supertag":[6103],"acf":[],"yoast_head":"<!-- This site is optimized with the Yoast SEO plugin v21.3 - https:\/\/yoast.com\/wordpress\/plugins\/seo\/ -->\n<title>Nastopil je \u010das nor\u010dij, mask, plesa in praznovanja: Karnevali po svetu \u017ee v polnem zagonu - Hudo Slovenija<\/title>\n<meta name=\"robots\" content=\"index, follow, max-snippet:-1, max-image-preview:large, max-video-preview:-1\" \/>\n<link rel=\"canonical\" href=\"https:\/\/hudo.com\/si\/aktualno\/nastopil-je-cas-norcij-mask-plesa-praznovanja-karnevali-po-svetu-ze-v-polnem-zagonu\/\" \/>\n<meta property=\"og:locale\" content=\"sl_SI\" \/>\n<meta property=\"og:type\" content=\"article\" \/>\n<meta property=\"og:title\" content=\"Nastopil je \u010das nor\u010dij, mask, plesa in praznovanja: Karnevali po svetu \u017ee v polnem zagonu - Hudo Slovenija\" \/>\n<meta property=\"og:description\" content=\"Ve\u010d stoletij stara tradicija pustovanja in karnevalov je ponekod v svetu \u017ee v polnem razmahu, drugod bodo zimo za\u010deli preganjati v prihodnjih dnevih. Po svetu se vsako leto zvrstijo \u0161tevilni odmevnej\u0161i karnevali s svojimi posebnostmi in tradicijami.\" \/>\n<meta property=\"og:url\" content=\"https:\/\/hudo.com\/si\/aktualno\/nastopil-je-cas-norcij-mask-plesa-praznovanja-karnevali-po-svetu-ze-v-polnem-zagonu\/\" \/>\n<meta property=\"og:site_name\" content=\"Hudo Slovenija\" \/>\n<meta property=\"article:publisher\" content=\"https:\/\/www.facebook.com\/hudo.si\" \/>\n<meta property=\"article:published_time\" content=\"2019-02-22T11:42:02+00:00\" \/>\n<meta property=\"og:image\" content=\"https:\/\/hudo.com\/si\/wp-content\/uploads\/sites\/2\/2019\/02\/profimedia-0014238548.jpg\" \/>\n\t<meta property=\"og:image:width\" content=\"1250\" \/>\n\t<meta property=\"og:image:height\" content=\"821\" \/>\n\t<meta property=\"og:image:type\" content=\"image\/jpeg\" \/>\n<meta name=\"author\" content=\"M. N., STA\" \/>\n<meta name=\"twitter:card\" content=\"summary_large_image\" \/>\n<meta name=\"twitter:creator\" content=\"@hudo_si\" \/>\n<meta name=\"twitter:site\" content=\"@hudo_si\" \/>\n<meta name=\"twitter:label1\" content=\"Written by\" \/>\n\t<meta name=\"twitter:data1\" content=\"M. N., STA\" \/>\n\t<meta name=\"twitter:label2\" content=\"Est. reading time\" \/>\n\t<meta name=\"twitter:data2\" content=\"4 minute\" \/>\n<script type=\"application\/ld+json\" class=\"yoast-schema-graph\">{\"@context\":\"https:\/\/schema.org\",\"@graph\":[{\"@type\":\"Article\",\"@id\":\"https:\/\/hudo.com\/si\/aktualno\/nastopil-je-cas-norcij-mask-plesa-praznovanja-karnevali-po-svetu-ze-v-polnem-zagonu\/#article\",\"isPartOf\":{\"@id\":\"https:\/\/hudo.com\/si\/aktualno\/nastopil-je-cas-norcij-mask-plesa-praznovanja-karnevali-po-svetu-ze-v-polnem-zagonu\/\"},\"author\":{\"name\":\"M. N., STA\",\"@id\":\"https:\/\/hudo.com\/si\/#\/schema\/person\/c2f10ce65d2e6ede2aeda5be2a0611fa\"},\"headline\":\"Nastopil je \u010das nor\u010dij, mask, plesa in praznovanja: Karnevali po svetu \u017ee v polnem zagonu\",\"datePublished\":\"2019-02-22T11:42:02+00:00\",\"dateModified\":\"2019-02-22T11:42:02+00:00\",\"mainEntityOfPage\":{\"@id\":\"https:\/\/hudo.com\/si\/aktualno\/nastopil-je-cas-norcij-mask-plesa-praznovanja-karnevali-po-svetu-ze-v-polnem-zagonu\/\"},\"wordCount\":819,\"publisher\":{\"@id\":\"https:\/\/hudo.com\/si\/#organization\"},\"keywords\":[\"karneval\",\"pust 2019\"],\"articleSection\":[\"Aktualno\"],\"inLanguage\":\"sl-SI\"},{\"@type\":\"WebPage\",\"@id\":\"https:\/\/hudo.com\/si\/aktualno\/nastopil-je-cas-norcij-mask-plesa-praznovanja-karnevali-po-svetu-ze-v-polnem-zagonu\/\",\"url\":\"https:\/\/hudo.com\/si\/aktualno\/nastopil-je-cas-norcij-mask-plesa-praznovanja-karnevali-po-svetu-ze-v-polnem-zagonu\/\",\"name\":\"Nastopil je \u010das nor\u010dij, mask, plesa in praznovanja: Karnevali po svetu \u017ee v polnem zagonu - Hudo Slovenija\",\"isPartOf\":{\"@id\":\"https:\/\/hudo.com\/si\/#website\"},\"datePublished\":\"2019-02-22T11:42:02+00:00\",\"dateModified\":\"2019-02-22T11:42:02+00:00\",\"breadcrumb\":{\"@id\":\"https:\/\/hudo.com\/si\/aktualno\/nastopil-je-cas-norcij-mask-plesa-praznovanja-karnevali-po-svetu-ze-v-polnem-zagonu\/#breadcrumb\"},\"inLanguage\":\"sl-SI\",\"potentialAction\":[{\"@type\":\"ReadAction\",\"target\":[\"https:\/\/hudo.com\/si\/aktualno\/nastopil-je-cas-norcij-mask-plesa-praznovanja-karnevali-po-svetu-ze-v-polnem-zagonu\/\"]}]},{\"@type\":\"BreadcrumbList\",\"@id\":\"https:\/\/hudo.com\/si\/aktualno\/nastopil-je-cas-norcij-mask-plesa-praznovanja-karnevali-po-svetu-ze-v-polnem-zagonu\/#breadcrumb\",\"itemListElement\":[{\"@type\":\"ListItem\",\"position\":1,\"name\":\"Home\",\"item\":\"https:\/\/hudo.com\/si\/\"},{\"@type\":\"ListItem\",\"position\":2,\"name\":\"Nastopil je \u010das nor\u010dij, mask, plesa in praznovanja: Karnevali po svetu \u017ee v polnem zagonu\"}]},{\"@type\":\"WebSite\",\"@id\":\"https:\/\/hudo.com\/si\/#website\",\"url\":\"https:\/\/hudo.com\/si\/\",\"name\":\"Hudo Slovenija\",\"description\":\"Vse novice iz Slovenije in sveta\",\"publisher\":{\"@id\":\"https:\/\/hudo.com\/si\/#organization\"},\"potentialAction\":[{\"@type\":\"SearchAction\",\"target\":{\"@type\":\"EntryPoint\",\"urlTemplate\":\"https:\/\/hudo.com\/si\/?s={search_term_string}\"},\"query-input\":\"required name=search_term_string\"}],\"inLanguage\":\"sl-SI\"},{\"@type\":\"Organization\",\"@id\":\"https:\/\/hudo.com\/si\/#organization\",\"name\":\"VSN Media\",\"url\":\"https:\/\/hudo.com\/si\/\",\"logo\":{\"@type\":\"ImageObject\",\"inLanguage\":\"sl-SI\",\"@id\":\"https:\/\/hudo.com\/si\/#\/schema\/logo\/image\/\",\"url\":\"https:\/\/hudo.com\/si\/wp-content\/uploads\/sites\/2\/2021\/03\/hudo-app-2.png\",\"contentUrl\":\"https:\/\/hudo.com\/si\/wp-content\/uploads\/sites\/2\/2021\/03\/hudo-app-2.png\",\"width\":2185,\"height\":2167,\"caption\":\"VSN Media\"},\"image\":{\"@id\":\"https:\/\/hudo.com\/si\/#\/schema\/logo\/image\/\"},\"sameAs\":[\"https:\/\/www.facebook.com\/hudo.si\",\"https:\/\/twitter.com\/hudo_si\"]},{\"@type\":\"Person\",\"@id\":\"https:\/\/hudo.com\/si\/#\/schema\/person\/c2f10ce65d2e6ede2aeda5be2a0611fa\",\"name\":\"M. N., STA\",\"image\":{\"@type\":\"ImageObject\",\"inLanguage\":\"sl-SI\",\"@id\":\"https:\/\/hudo.com\/si\/#\/schema\/person\/image\/\",\"url\":\"https:\/\/secure.gravatar.com\/avatar\/f370d38daa10467f755c5c766a4cac20?s=96&d=mm&r=g\",\"contentUrl\":\"https:\/\/secure.gravatar.com\/avatar\/f370d38daa10467f755c5c766a4cac20?s=96&d=mm&r=g\",\"caption\":\"M. N., STA\"},\"url\":\"https:\/\/hudo.com\/si\/author\/mana\/\"}]}<\/script>\n<!-- \/ Yoast SEO plugin. -->","yoast_head_json":{"title":"Nastopil je \u010das nor\u010dij, mask, plesa in praznovanja: Karnevali po svetu \u017ee v polnem zagonu - Hudo Slovenija","robots":{"index":"index","follow":"follow","max-snippet":"max-snippet:-1","max-image-preview":"max-image-preview:large","max-video-preview":"max-video-preview:-1"},"canonical":"https:\/\/hudo.com\/si\/aktualno\/nastopil-je-cas-norcij-mask-plesa-praznovanja-karnevali-po-svetu-ze-v-polnem-zagonu\/","og_locale":"sl_SI","og_type":"article","og_title":"Nastopil je \u010das nor\u010dij, mask, plesa in praznovanja: Karnevali po svetu \u017ee v polnem zagonu - Hudo Slovenija","og_description":"Ve\u010d stoletij stara tradicija pustovanja in karnevalov je ponekod v svetu \u017ee v polnem razmahu, drugod bodo zimo za\u010deli preganjati v prihodnjih dnevih. Po svetu se vsako leto zvrstijo \u0161tevilni odmevnej\u0161i karnevali s svojimi posebnostmi in tradicijami.","og_url":"https:\/\/hudo.com\/si\/aktualno\/nastopil-je-cas-norcij-mask-plesa-praznovanja-karnevali-po-svetu-ze-v-polnem-zagonu\/","og_site_name":"Hudo Slovenija","article_publisher":"https:\/\/www.facebook.com\/hudo.si","article_published_time":"2019-02-22T11:42:02+00:00","og_image":[{"width":1250,"height":821,"url":"https:\/\/hudo.com\/si\/wp-content\/uploads\/sites\/2\/2019\/02\/profimedia-0014238548.jpg","type":"image\/jpeg"}],"author":"M. N., STA","twitter_card":"summary_large_image","twitter_creator":"@hudo_si","twitter_site":"@hudo_si","twitter_misc":{"Written by":"M. N., STA","Est. reading time":"4 minute"},"schema":{"@context":"https:\/\/schema.org","@graph":[{"@type":"Article","@id":"https:\/\/hudo.com\/si\/aktualno\/nastopil-je-cas-norcij-mask-plesa-praznovanja-karnevali-po-svetu-ze-v-polnem-zagonu\/#article","isPartOf":{"@id":"https:\/\/hudo.com\/si\/aktualno\/nastopil-je-cas-norcij-mask-plesa-praznovanja-karnevali-po-svetu-ze-v-polnem-zagonu\/"},"author":{"name":"M. N., STA","@id":"https:\/\/hudo.com\/si\/#\/schema\/person\/c2f10ce65d2e6ede2aeda5be2a0611fa"},"headline":"Nastopil je \u010das nor\u010dij, mask, plesa in praznovanja: Karnevali po svetu \u017ee v polnem zagonu","datePublished":"2019-02-22T11:42:02+00:00","dateModified":"2019-02-22T11:42:02+00:00","mainEntityOfPage":{"@id":"https:\/\/hudo.com\/si\/aktualno\/nastopil-je-cas-norcij-mask-plesa-praznovanja-karnevali-po-svetu-ze-v-polnem-zagonu\/"},"wordCount":819,"publisher":{"@id":"https:\/\/hudo.com\/si\/#organization"},"keywords":["karneval","pust 2019"],"articleSection":["Aktualno"],"inLanguage":"sl-SI"},{"@type":"WebPage","@id":"https:\/\/hudo.com\/si\/aktualno\/nastopil-je-cas-norcij-mask-plesa-praznovanja-karnevali-po-svetu-ze-v-polnem-zagonu\/","url":"https:\/\/hudo.com\/si\/aktualno\/nastopil-je-cas-norcij-mask-plesa-praznovanja-karnevali-po-svetu-ze-v-polnem-zagonu\/","name":"Nastopil je \u010das nor\u010dij, mask, plesa in praznovanja: Karnevali po svetu \u017ee v polnem zagonu - Hudo Slovenija","isPartOf":{"@id":"https:\/\/hudo.com\/si\/#website"},"datePublished":"2019-02-22T11:42:02+00:00","dateModified":"2019-02-22T11:42:02+00:00","breadcrumb":{"@id":"https:\/\/hudo.com\/si\/aktualno\/nastopil-je-cas-norcij-mask-plesa-praznovanja-karnevali-po-svetu-ze-v-polnem-zagonu\/#breadcrumb"},"inLanguage":"sl-SI","potentialAction":[{"@type":"ReadAction","target":["https:\/\/hudo.com\/si\/aktualno\/nastopil-je-cas-norcij-mask-plesa-praznovanja-karnevali-po-svetu-ze-v-polnem-zagonu\/"]}]},{"@type":"BreadcrumbList","@id":"https:\/\/hudo.com\/si\/aktualno\/nastopil-je-cas-norcij-mask-plesa-praznovanja-karnevali-po-svetu-ze-v-polnem-zagonu\/#breadcrumb","itemListElement":[{"@type":"ListItem","position":1,"name":"Home","item":"https:\/\/hudo.com\/si\/"},{"@type":"ListItem","position":2,"name":"Nastopil je \u010das nor\u010dij, mask, plesa in praznovanja: Karnevali po svetu \u017ee v polnem zagonu"}]},{"@type":"WebSite","@id":"https:\/\/hudo.com\/si\/#website","url":"https:\/\/hudo.com\/si\/","name":"Hudo Slovenija","description":"Vse novice iz Slovenije in sveta","publisher":{"@id":"https:\/\/hudo.com\/si\/#organization"},"potentialAction":[{"@type":"SearchAction","target":{"@type":"EntryPoint","urlTemplate":"https:\/\/hudo.com\/si\/?s={search_term_string}"},"query-input":"required name=search_term_string"}],"inLanguage":"sl-SI"},{"@type":"Organization","@id":"https:\/\/hudo.com\/si\/#organization","name":"VSN Media","url":"https:\/\/hudo.com\/si\/","logo":{"@type":"ImageObject","inLanguage":"sl-SI","@id":"https:\/\/hudo.com\/si\/#\/schema\/logo\/image\/","url":"https:\/\/hudo.com\/si\/wp-content\/uploads\/sites\/2\/2021\/03\/hudo-app-2.png","contentUrl":"https:\/\/hudo.com\/si\/wp-content\/uploads\/sites\/2\/2021\/03\/hudo-app-2.png","width":2185,"height":2167,"caption":"VSN Media"},"image":{"@id":"https:\/\/hudo.com\/si\/#\/schema\/logo\/image\/"},"sameAs":["https:\/\/www.facebook.com\/hudo.si","https:\/\/twitter.com\/hudo_si"]},{"@type":"Person","@id":"https:\/\/hudo.com\/si\/#\/schema\/person\/c2f10ce65d2e6ede2aeda5be2a0611fa","name":"M. N., STA","image":{"@type":"ImageObject","inLanguage":"sl-SI","@id":"https:\/\/hudo.com\/si\/#\/schema\/person\/image\/","url":"https:\/\/secure.gravatar.com\/avatar\/f370d38daa10467f755c5c766a4cac20?s=96&d=mm&r=g","contentUrl":"https:\/\/secure.gravatar.com\/avatar\/f370d38daa10467f755c5c766a4cac20?s=96&d=mm&r=g","caption":"M. N., STA"},"url":"https:\/\/hudo.com\/si\/author\/mana\/"}]}},"amp_enabled":true,"_links":{"self":[{"href":"https:\/\/hudo.com\/si\/wp-json\/wp\/v2\/posts\/393522"}],"collection":[{"href":"https:\/\/hudo.com\/si\/wp-json\/wp\/v2\/posts"}],"about":[{"href":"https:\/\/hudo.com\/si\/wp-json\/wp\/v2\/types\/post"}],"author":[{"embeddable":true,"href":"https:\/\/hudo.com\/si\/wp-json\/wp\/v2\/users\/8"}],"replies":[{"embeddable":true,"href":"https:\/\/hudo.com\/si\/wp-json\/wp\/v2\/comments?post=393522"}],"version-history":[{"count":1,"href":"https:\/\/hudo.com\/si\/wp-json\/wp\/v2\/posts\/393522\/revisions"}],"predecessor-version":[{"id":393525,"href":"https:\/\/hudo.com\/si\/wp-json\/wp\/v2\/posts\/393522\/revisions\/393525"}],"wp:featuredmedia":[{"embeddable":true,"href":"https:\/\/hudo.com\/si\/wp-json\/wp\/v2\/media\/393523"}],"wp:attachment":[{"href":"https:\/\/hudo.com\/si\/wp-json\/wp\/v2\/media?parent=393522"}],"wp:term":[{"taxonomy":"category","embeddable":true,"href":"https:\/\/hudo.com\/si\/wp-json\/wp\/v2\/categories?post=393522"},{"taxonomy":"post_tag","embeddable":true,"href":"https:\/\/hudo.com\/si\/wp-json\/wp\/v2\/tags?post=393522"},{"taxonomy":"source","embeddable":true,"href":"https:\/\/hudo.com\/si\/wp-json\/wp\/v2\/source?post=393522"},{"taxonomy":"supertag","embeddable":true,"href":"https:\/\/hudo.com\/si\/wp-json\/wp\/v2\/supertag?post=393522"}],"curies":[{"name":"wp","href":"https:\/\/api.w.org\/{rel}","templated":true}]}}