{"id":393604,"date":"2019-02-24T12:00:03","date_gmt":"2019-02-24T11:00:03","guid":{"rendered":"http:\/\/hudo.com\/si\/?p=393604"},"modified":"2019-02-24T12:00:03","modified_gmt":"2019-02-24T11:00:03","slug":"papez-francisek-je-ob-zakljucku-konference-o-zasciti-otrok-danes-v-vatikanu-oznacil-duhovnike-ki-prezijo-na-otroke-za-orodje-hudica","status":"publish","type":"post","link":"https:\/\/hudo.com\/si\/aktualno\/papez-francisek-je-ob-zakljucku-konference-o-zasciti-otrok-danes-v-vatikanu-oznacil-duhovnike-ki-prezijo-na-otroke-za-orodje-hudica\/","title":{"rendered":"Pape\u017e Fran\u010di\u0161ek je ob zaklju\u010dku konference o za\u0161\u010diti otrok danes v Vatikanu ozna\u010dil duhovnike, ki pre\u017eijo na otroke, za orodje hudi\u010da"},"content":{"rendered":"<p>&#8220;Na\u0161e delo nas je privedlo do ugotovitve, da je resnost nadloge spolnih zlorab mladoletnih raz\u0161irjen fenomen v vseh kulturah in dru\u017ebah in da je bilo tako tudi v preteklosti,&#8221; je dejal Fran\u010di\u0161ek ob koncu ma\u0161e.<\/p>\n<p>Ob tem je primerjal zlorabe otrok z drugimi krutimi verskimi praksami, ki so bile neko\u010d raz\u0161irjenje, kot je na primer \u017ertvovanje ljudi, prete\u017eno otrok, v poganstvu, poro\u010dajo tuje tiskovne agencije.<\/p>\n<p>Obljubil je, da bodo v prihodnosti kakr\u0161enkoli primer zlorabe obravnavali z najve\u010djo resnostjo. &#8220;Odmevi tihega joka malih, ki so v njih na\u0161li mu\u010ditelje namesto o\u010detov ali duhovnih vodij, bodo pretresli srca, zaslepljena s hipokrizijo in oblastjo,&#8221; je povedal pape\u017e in dodal, da je njihova dol\u017enost, da pozorno prisluhnejo tem tihim jokom.<\/p>\n<p>Po oceni pape\u017ea so tako zlorabe v Cerkvi \u0161e huj\u0161e kot drugod, saj niso v skladu z moralno avtoriteto in eti\u010dno verodostojnostjo, ki jo Cerkev predstavlja in u\u010di.<\/p>\n<p>V Vatikanu se po \u0161tirih dnevih danes kon\u010duje prvi vrh katoli\u0161ke cerkve o spolnih zlorabah otrok. Zavezujo\u010dih sklepov ni pri\u010dakovati, naj bi pa ob koncu izdali priro\u010dnik s smernicami za ravnanje v primerih zlorab.<\/p>\n<p>Kot opozarja nem\u0161ka tiskovna agencija dpa, je pape\u017e na sklepnem nagovoru pozval k okrepljenemu boju proti zlorabam, ni pa predstavil konkretnih na\u010drtov za to. Fran\u010di\u0161ek se je sicer ob za\u010detku konference zavzel za konkretne ukrepe in \u0161kofom predstavil predloge v 21 to\u010dkah, s katerimi bi za\u0161\u010ditili otroke.<\/p>\n<p>A \u0161kofje predvidoma ne bodo sprejeli zavezujo\u010dih sklepov, prav tako ne bo sklepne izjave. Bodo pa izdali priro\u010dnik z vpra\u0161anji in odgovori o tem, kako ravnati v primerih spolnih zlorab, je pojasnil malte\u0161ki nad\u0161kof Charles Scicluna. \u0160kofje morajo vedeti, kaj storiti v primeru prijav ali to\u017eb zaradi zlorab, je pojasnil.<\/p>\n<p>Predstavniki \u017ertev, ki so zahtevali konkretne ukrepe, so \u017ee v soboto izrazili razo\u010daranje nad potekom sre\u010danja. Vrh Vatikana se izogiba sprejetju jasnih smernic in navodil za svetovno Cerkev, je povedal Matthias Katsch iz enega od nem\u0161kih zdru\u017eenj \u017ertev spolnih zlorab.<\/p>\n<p>Ob robu konference so organizirali tudi proteste, na katerih so pape\u017eu o\u010ditali, da ne sli\u0161i njihovih krikov. Zahtevali so, da se storilce tovrstnih dejanj in tiste, ki jim to omogo\u010dajo, razre\u0161i duhovni\u0161kega poklica, ne pa da se jih zgolj preme\u0161\u010da v druge \u017eupnije.<\/p>\n<p>Razburilo jih je tudi priznanje nem\u0161kega kardinala Reinharda Marxa, da je Cerkev uni\u010dila dokumente o duhovnikih, ki so spolno zlorabili otroke, oziroma da teh dokumentov sploh niso pripravili.<\/p>\n","protected":false},"excerpt":{"rendered":"<p>Tovrstnega krutega dejanja ne more upravi\u010diti nobena razlaga, je dejal in obljubil, da katoli\u0161ka cerkev v prihodnje ne bo ve\u010d prikrivala zlo\u010dinov pedofilskih duhovnikov, kot je bilo to v preteklosti.<\/p>\n","protected":false},"author":8,"featured_media":383408,"comment_status":"closed","ping_status":"closed","sticky":false,"template":"","format":"standard","meta":{"footnotes":""},"categories":[1179],"tags":[5652,5891,12105],"source":[4511],"supertag":[6103],"acf":[],"yoast_head":"<!-- This site is optimized with the Yoast SEO plugin v21.3 - https:\/\/yoast.com\/wordpress\/plugins\/seo\/ -->\n<title>Pape\u017e Fran\u010di\u0161ek je ob zaklju\u010dku konference o za\u0161\u010diti otrok danes v Vatikanu ozna\u010dil duhovnike, ki pre\u017eijo na otroke, za orodje hudi\u010da - Hudo Slovenija<\/title>\n<meta name=\"robots\" content=\"index, follow, max-snippet:-1, max-image-preview:large, max-video-preview:-1\" \/>\n<link rel=\"canonical\" href=\"https:\/\/hudo.com\/si\/aktualno\/papez-francisek-je-ob-zakljucku-konference-o-zasciti-otrok-danes-v-vatikanu-oznacil-duhovnike-ki-prezijo-na-otroke-za-orodje-hudica\/\" \/>\n<meta property=\"og:locale\" content=\"sl_SI\" \/>\n<meta property=\"og:type\" content=\"article\" \/>\n<meta property=\"og:title\" content=\"Pape\u017e Fran\u010di\u0161ek je ob zaklju\u010dku konference o za\u0161\u010diti otrok danes v Vatikanu ozna\u010dil duhovnike, ki pre\u017eijo na otroke, za orodje hudi\u010da - Hudo Slovenija\" \/>\n<meta property=\"og:description\" content=\"Tovrstnega krutega dejanja ne more upravi\u010diti nobena razlaga, je dejal in obljubil, da katoli\u0161ka cerkev v prihodnje ne bo ve\u010d prikrivala zlo\u010dinov pedofilskih duhovnikov, kot je bilo to v preteklosti.\" \/>\n<meta property=\"og:url\" content=\"https:\/\/hudo.com\/si\/aktualno\/papez-francisek-je-ob-zakljucku-konference-o-zasciti-otrok-danes-v-vatikanu-oznacil-duhovnike-ki-prezijo-na-otroke-za-orodje-hudica\/\" \/>\n<meta property=\"og:site_name\" content=\"Hudo Slovenija\" \/>\n<meta property=\"article:publisher\" content=\"https:\/\/www.facebook.com\/hudo.si\" \/>\n<meta property=\"article:published_time\" content=\"2019-02-24T11:00:03+00:00\" \/>\n<meta property=\"og:image\" content=\"https:\/\/hudo.com\/si\/wp-content\/uploads\/sites\/2\/2018\/12\/profimedia-0403449975.jpg\" \/>\n\t<meta property=\"og:image:width\" content=\"1250\" \/>\n\t<meta property=\"og:image:height\" content=\"996\" \/>\n\t<meta property=\"og:image:type\" content=\"image\/jpeg\" \/>\n<meta name=\"author\" content=\"M. N., STA\" \/>\n<meta name=\"twitter:card\" content=\"summary_large_image\" \/>\n<meta name=\"twitter:creator\" content=\"@hudo_si\" \/>\n<meta name=\"twitter:site\" content=\"@hudo_si\" \/>\n<meta name=\"twitter:label1\" content=\"Written by\" \/>\n\t<meta name=\"twitter:data1\" content=\"M. N., STA\" \/>\n\t<meta name=\"twitter:label2\" content=\"Est. reading time\" \/>\n\t<meta name=\"twitter:data2\" content=\"2 minuti\" \/>\n<script type=\"application\/ld+json\" class=\"yoast-schema-graph\">{\"@context\":\"https:\/\/schema.org\",\"@graph\":[{\"@type\":\"Article\",\"@id\":\"https:\/\/hudo.com\/si\/aktualno\/papez-francisek-je-ob-zakljucku-konference-o-zasciti-otrok-danes-v-vatikanu-oznacil-duhovnike-ki-prezijo-na-otroke-za-orodje-hudica\/#article\",\"isPartOf\":{\"@id\":\"https:\/\/hudo.com\/si\/aktualno\/papez-francisek-je-ob-zakljucku-konference-o-zasciti-otrok-danes-v-vatikanu-oznacil-duhovnike-ki-prezijo-na-otroke-za-orodje-hudica\/\"},\"author\":{\"name\":\"M. N., STA\",\"@id\":\"https:\/\/hudo.com\/si\/#\/schema\/person\/c2f10ce65d2e6ede2aeda5be2a0611fa\"},\"headline\":\"Pape\u017e Fran\u010di\u0161ek je ob zaklju\u010dku konference o za\u0161\u010diti otrok danes v Vatikanu ozna\u010dil duhovnike, ki pre\u017eijo na otroke, za orodje hudi\u010da\",\"datePublished\":\"2019-02-24T11:00:03+00:00\",\"dateModified\":\"2019-02-24T11:00:03+00:00\",\"mainEntityOfPage\":{\"@id\":\"https:\/\/hudo.com\/si\/aktualno\/papez-francisek-je-ob-zakljucku-konference-o-zasciti-otrok-danes-v-vatikanu-oznacil-duhovnike-ki-prezijo-na-otroke-za-orodje-hudica\/\"},\"wordCount\":463,\"publisher\":{\"@id\":\"https:\/\/hudo.com\/si\/#organization\"},\"keywords\":[\"pape\u017e fran\u010di\u0161ek\",\"pedofilija\",\"zloraba otrok\"],\"articleSection\":[\"Aktualno\"],\"inLanguage\":\"sl-SI\"},{\"@type\":\"WebPage\",\"@id\":\"https:\/\/hudo.com\/si\/aktualno\/papez-francisek-je-ob-zakljucku-konference-o-zasciti-otrok-danes-v-vatikanu-oznacil-duhovnike-ki-prezijo-na-otroke-za-orodje-hudica\/\",\"url\":\"https:\/\/hudo.com\/si\/aktualno\/papez-francisek-je-ob-zakljucku-konference-o-zasciti-otrok-danes-v-vatikanu-oznacil-duhovnike-ki-prezijo-na-otroke-za-orodje-hudica\/\",\"name\":\"Pape\u017e Fran\u010di\u0161ek je ob zaklju\u010dku konference o za\u0161\u010diti otrok danes v Vatikanu ozna\u010dil duhovnike, ki pre\u017eijo na otroke, za orodje hudi\u010da - Hudo Slovenija\",\"isPartOf\":{\"@id\":\"https:\/\/hudo.com\/si\/#website\"},\"datePublished\":\"2019-02-24T11:00:03+00:00\",\"dateModified\":\"2019-02-24T11:00:03+00:00\",\"breadcrumb\":{\"@id\":\"https:\/\/hudo.com\/si\/aktualno\/papez-francisek-je-ob-zakljucku-konference-o-zasciti-otrok-danes-v-vatikanu-oznacil-duhovnike-ki-prezijo-na-otroke-za-orodje-hudica\/#breadcrumb\"},\"inLanguage\":\"sl-SI\",\"potentialAction\":[{\"@type\":\"ReadAction\",\"target\":[\"https:\/\/hudo.com\/si\/aktualno\/papez-francisek-je-ob-zakljucku-konference-o-zasciti-otrok-danes-v-vatikanu-oznacil-duhovnike-ki-prezijo-na-otroke-za-orodje-hudica\/\"]}]},{\"@type\":\"BreadcrumbList\",\"@id\":\"https:\/\/hudo.com\/si\/aktualno\/papez-francisek-je-ob-zakljucku-konference-o-zasciti-otrok-danes-v-vatikanu-oznacil-duhovnike-ki-prezijo-na-otroke-za-orodje-hudica\/#breadcrumb\",\"itemListElement\":[{\"@type\":\"ListItem\",\"position\":1,\"name\":\"Home\",\"item\":\"https:\/\/hudo.com\/si\/\"},{\"@type\":\"ListItem\",\"position\":2,\"name\":\"Pape\u017e Fran\u010di\u0161ek je ob zaklju\u010dku konference o za\u0161\u010diti otrok danes v Vatikanu ozna\u010dil duhovnike, ki pre\u017eijo na otroke, za orodje hudi\u010da\"}]},{\"@type\":\"WebSite\",\"@id\":\"https:\/\/hudo.com\/si\/#website\",\"url\":\"https:\/\/hudo.com\/si\/\",\"name\":\"Hudo Slovenija\",\"description\":\"Vse novice iz Slovenije in sveta\",\"publisher\":{\"@id\":\"https:\/\/hudo.com\/si\/#organization\"},\"potentialAction\":[{\"@type\":\"SearchAction\",\"target\":{\"@type\":\"EntryPoint\",\"urlTemplate\":\"https:\/\/hudo.com\/si\/?s={search_term_string}\"},\"query-input\":\"required name=search_term_string\"}],\"inLanguage\":\"sl-SI\"},{\"@type\":\"Organization\",\"@id\":\"https:\/\/hudo.com\/si\/#organization\",\"name\":\"VSN Media\",\"url\":\"https:\/\/hudo.com\/si\/\",\"logo\":{\"@type\":\"ImageObject\",\"inLanguage\":\"sl-SI\",\"@id\":\"https:\/\/hudo.com\/si\/#\/schema\/logo\/image\/\",\"url\":\"https:\/\/hudo.com\/si\/wp-content\/uploads\/sites\/2\/2021\/03\/hudo-app-2.png\",\"contentUrl\":\"https:\/\/hudo.com\/si\/wp-content\/uploads\/sites\/2\/2021\/03\/hudo-app-2.png\",\"width\":2185,\"height\":2167,\"caption\":\"VSN Media\"},\"image\":{\"@id\":\"https:\/\/hudo.com\/si\/#\/schema\/logo\/image\/\"},\"sameAs\":[\"https:\/\/www.facebook.com\/hudo.si\",\"https:\/\/twitter.com\/hudo_si\"]},{\"@type\":\"Person\",\"@id\":\"https:\/\/hudo.com\/si\/#\/schema\/person\/c2f10ce65d2e6ede2aeda5be2a0611fa\",\"name\":\"M. N., STA\",\"image\":{\"@type\":\"ImageObject\",\"inLanguage\":\"sl-SI\",\"@id\":\"https:\/\/hudo.com\/si\/#\/schema\/person\/image\/\",\"url\":\"https:\/\/secure.gravatar.com\/avatar\/f370d38daa10467f755c5c766a4cac20?s=96&d=mm&r=g\",\"contentUrl\":\"https:\/\/secure.gravatar.com\/avatar\/f370d38daa10467f755c5c766a4cac20?s=96&d=mm&r=g\",\"caption\":\"M. N., STA\"},\"url\":\"https:\/\/hudo.com\/si\/author\/mana\/\"}]}<\/script>\n<!-- \/ Yoast SEO plugin. -->","yoast_head_json":{"title":"Pape\u017e Fran\u010di\u0161ek je ob zaklju\u010dku konference o za\u0161\u010diti otrok danes v Vatikanu ozna\u010dil duhovnike, ki pre\u017eijo na otroke, za orodje hudi\u010da - Hudo Slovenija","robots":{"index":"index","follow":"follow","max-snippet":"max-snippet:-1","max-image-preview":"max-image-preview:large","max-video-preview":"max-video-preview:-1"},"canonical":"https:\/\/hudo.com\/si\/aktualno\/papez-francisek-je-ob-zakljucku-konference-o-zasciti-otrok-danes-v-vatikanu-oznacil-duhovnike-ki-prezijo-na-otroke-za-orodje-hudica\/","og_locale":"sl_SI","og_type":"article","og_title":"Pape\u017e Fran\u010di\u0161ek je ob zaklju\u010dku konference o za\u0161\u010diti otrok danes v Vatikanu ozna\u010dil duhovnike, ki pre\u017eijo na otroke, za orodje hudi\u010da - Hudo Slovenija","og_description":"Tovrstnega krutega dejanja ne more upravi\u010diti nobena razlaga, je dejal in obljubil, da katoli\u0161ka cerkev v prihodnje ne bo ve\u010d prikrivala zlo\u010dinov pedofilskih duhovnikov, kot je bilo to v preteklosti.","og_url":"https:\/\/hudo.com\/si\/aktualno\/papez-francisek-je-ob-zakljucku-konference-o-zasciti-otrok-danes-v-vatikanu-oznacil-duhovnike-ki-prezijo-na-otroke-za-orodje-hudica\/","og_site_name":"Hudo Slovenija","article_publisher":"https:\/\/www.facebook.com\/hudo.si","article_published_time":"2019-02-24T11:00:03+00:00","og_image":[{"width":1250,"height":996,"url":"https:\/\/hudo.com\/si\/wp-content\/uploads\/sites\/2\/2018\/12\/profimedia-0403449975.jpg","type":"image\/jpeg"}],"author":"M. N., STA","twitter_card":"summary_large_image","twitter_creator":"@hudo_si","twitter_site":"@hudo_si","twitter_misc":{"Written by":"M. N., STA","Est. reading time":"2 minuti"},"schema":{"@context":"https:\/\/schema.org","@graph":[{"@type":"Article","@id":"https:\/\/hudo.com\/si\/aktualno\/papez-francisek-je-ob-zakljucku-konference-o-zasciti-otrok-danes-v-vatikanu-oznacil-duhovnike-ki-prezijo-na-otroke-za-orodje-hudica\/#article","isPartOf":{"@id":"https:\/\/hudo.com\/si\/aktualno\/papez-francisek-je-ob-zakljucku-konference-o-zasciti-otrok-danes-v-vatikanu-oznacil-duhovnike-ki-prezijo-na-otroke-za-orodje-hudica\/"},"author":{"name":"M. N., STA","@id":"https:\/\/hudo.com\/si\/#\/schema\/person\/c2f10ce65d2e6ede2aeda5be2a0611fa"},"headline":"Pape\u017e Fran\u010di\u0161ek je ob zaklju\u010dku konference o za\u0161\u010diti otrok danes v Vatikanu ozna\u010dil duhovnike, ki pre\u017eijo na otroke, za orodje hudi\u010da","datePublished":"2019-02-24T11:00:03+00:00","dateModified":"2019-02-24T11:00:03+00:00","mainEntityOfPage":{"@id":"https:\/\/hudo.com\/si\/aktualno\/papez-francisek-je-ob-zakljucku-konference-o-zasciti-otrok-danes-v-vatikanu-oznacil-duhovnike-ki-prezijo-na-otroke-za-orodje-hudica\/"},"wordCount":463,"publisher":{"@id":"https:\/\/hudo.com\/si\/#organization"},"keywords":["pape\u017e fran\u010di\u0161ek","pedofilija","zloraba otrok"],"articleSection":["Aktualno"],"inLanguage":"sl-SI"},{"@type":"WebPage","@id":"https:\/\/hudo.com\/si\/aktualno\/papez-francisek-je-ob-zakljucku-konference-o-zasciti-otrok-danes-v-vatikanu-oznacil-duhovnike-ki-prezijo-na-otroke-za-orodje-hudica\/","url":"https:\/\/hudo.com\/si\/aktualno\/papez-francisek-je-ob-zakljucku-konference-o-zasciti-otrok-danes-v-vatikanu-oznacil-duhovnike-ki-prezijo-na-otroke-za-orodje-hudica\/","name":"Pape\u017e Fran\u010di\u0161ek je ob zaklju\u010dku konference o za\u0161\u010diti otrok danes v Vatikanu ozna\u010dil duhovnike, ki pre\u017eijo na otroke, za orodje hudi\u010da - Hudo Slovenija","isPartOf":{"@id":"https:\/\/hudo.com\/si\/#website"},"datePublished":"2019-02-24T11:00:03+00:00","dateModified":"2019-02-24T11:00:03+00:00","breadcrumb":{"@id":"https:\/\/hudo.com\/si\/aktualno\/papez-francisek-je-ob-zakljucku-konference-o-zasciti-otrok-danes-v-vatikanu-oznacil-duhovnike-ki-prezijo-na-otroke-za-orodje-hudica\/#breadcrumb"},"inLanguage":"sl-SI","potentialAction":[{"@type":"ReadAction","target":["https:\/\/hudo.com\/si\/aktualno\/papez-francisek-je-ob-zakljucku-konference-o-zasciti-otrok-danes-v-vatikanu-oznacil-duhovnike-ki-prezijo-na-otroke-za-orodje-hudica\/"]}]},{"@type":"BreadcrumbList","@id":"https:\/\/hudo.com\/si\/aktualno\/papez-francisek-je-ob-zakljucku-konference-o-zasciti-otrok-danes-v-vatikanu-oznacil-duhovnike-ki-prezijo-na-otroke-za-orodje-hudica\/#breadcrumb","itemListElement":[{"@type":"ListItem","position":1,"name":"Home","item":"https:\/\/hudo.com\/si\/"},{"@type":"ListItem","position":2,"name":"Pape\u017e Fran\u010di\u0161ek je ob zaklju\u010dku konference o za\u0161\u010diti otrok danes v Vatikanu ozna\u010dil duhovnike, ki pre\u017eijo na otroke, za orodje hudi\u010da"}]},{"@type":"WebSite","@id":"https:\/\/hudo.com\/si\/#website","url":"https:\/\/hudo.com\/si\/","name":"Hudo Slovenija","description":"Vse novice iz Slovenije in sveta","publisher":{"@id":"https:\/\/hudo.com\/si\/#organization"},"potentialAction":[{"@type":"SearchAction","target":{"@type":"EntryPoint","urlTemplate":"https:\/\/hudo.com\/si\/?s={search_term_string}"},"query-input":"required name=search_term_string"}],"inLanguage":"sl-SI"},{"@type":"Organization","@id":"https:\/\/hudo.com\/si\/#organization","name":"VSN Media","url":"https:\/\/hudo.com\/si\/","logo":{"@type":"ImageObject","inLanguage":"sl-SI","@id":"https:\/\/hudo.com\/si\/#\/schema\/logo\/image\/","url":"https:\/\/hudo.com\/si\/wp-content\/uploads\/sites\/2\/2021\/03\/hudo-app-2.png","contentUrl":"https:\/\/hudo.com\/si\/wp-content\/uploads\/sites\/2\/2021\/03\/hudo-app-2.png","width":2185,"height":2167,"caption":"VSN Media"},"image":{"@id":"https:\/\/hudo.com\/si\/#\/schema\/logo\/image\/"},"sameAs":["https:\/\/www.facebook.com\/hudo.si","https:\/\/twitter.com\/hudo_si"]},{"@type":"Person","@id":"https:\/\/hudo.com\/si\/#\/schema\/person\/c2f10ce65d2e6ede2aeda5be2a0611fa","name":"M. N., STA","image":{"@type":"ImageObject","inLanguage":"sl-SI","@id":"https:\/\/hudo.com\/si\/#\/schema\/person\/image\/","url":"https:\/\/secure.gravatar.com\/avatar\/f370d38daa10467f755c5c766a4cac20?s=96&d=mm&r=g","contentUrl":"https:\/\/secure.gravatar.com\/avatar\/f370d38daa10467f755c5c766a4cac20?s=96&d=mm&r=g","caption":"M. N., STA"},"url":"https:\/\/hudo.com\/si\/author\/mana\/"}]}},"amp_enabled":true,"_links":{"self":[{"href":"https:\/\/hudo.com\/si\/wp-json\/wp\/v2\/posts\/393604"}],"collection":[{"href":"https:\/\/hudo.com\/si\/wp-json\/wp\/v2\/posts"}],"about":[{"href":"https:\/\/hudo.com\/si\/wp-json\/wp\/v2\/types\/post"}],"author":[{"embeddable":true,"href":"https:\/\/hudo.com\/si\/wp-json\/wp\/v2\/users\/8"}],"replies":[{"embeddable":true,"href":"https:\/\/hudo.com\/si\/wp-json\/wp\/v2\/comments?post=393604"}],"version-history":[{"count":1,"href":"https:\/\/hudo.com\/si\/wp-json\/wp\/v2\/posts\/393604\/revisions"}],"predecessor-version":[{"id":393605,"href":"https:\/\/hudo.com\/si\/wp-json\/wp\/v2\/posts\/393604\/revisions\/393605"}],"wp:featuredmedia":[{"embeddable":true,"href":"https:\/\/hudo.com\/si\/wp-json\/wp\/v2\/media\/383408"}],"wp:attachment":[{"href":"https:\/\/hudo.com\/si\/wp-json\/wp\/v2\/media?parent=393604"}],"wp:term":[{"taxonomy":"category","embeddable":true,"href":"https:\/\/hudo.com\/si\/wp-json\/wp\/v2\/categories?post=393604"},{"taxonomy":"post_tag","embeddable":true,"href":"https:\/\/hudo.com\/si\/wp-json\/wp\/v2\/tags?post=393604"},{"taxonomy":"source","embeddable":true,"href":"https:\/\/hudo.com\/si\/wp-json\/wp\/v2\/source?post=393604"},{"taxonomy":"supertag","embeddable":true,"href":"https:\/\/hudo.com\/si\/wp-json\/wp\/v2\/supertag?post=393604"}],"curies":[{"name":"wp","href":"https:\/\/api.w.org\/{rel}","templated":true}]}}