{"id":393619,"date":"2019-02-24T16:12:00","date_gmt":"2019-02-24T15:12:00","guid":{"rendered":"http:\/\/hudo.com\/si\/?p=393619"},"modified":"2019-02-24T16:12:00","modified_gmt":"2019-02-24T15:12:00","slug":"nicla-v-crans-montani-za-ferkovo-trojcek-za-brignonejevo","status":"publish","type":"post","link":"https:\/\/hudo.com\/si\/aktualno\/nicla-v-crans-montani-za-ferkovo-trojcek-za-brignonejevo\/","title":{"rendered":"Ni\u010dla v Crans Montani za Ferkovo, troj\u010dek za Brignonejevo"},"content":{"rendered":"<p>Ferkovo so po smuka\u0161kem delu, kjer je imela 19. \u010das, diskvalificirali zaradi nepravilne opreme.<\/p>\n<p>Slovenske smu\u010darke leto\u0161nje izvedbe Crans Montane ne bodo ohranile v prav lepem spominu; po sobotnem padcu in po\u0161kodbi Ilke \u0160tuhec na smuku, zanjo je sezone \u017ee konec, se je danes sicer manj dramati\u010dno kon\u010dal \u0161e nastop Ferkove. Prevozila je smuka\u0161ki del, slalomskega pa ni mogla, ker so pri kontroli ugotovili, da njena smu\u010dka ni bila ustrezna.<\/p>\n<p>&#8220;Smu\u010dka oziroma skupna debelina smu\u010dke in podlo\u017ene plo\u0161\u010de je bila previsoka za dve desetinki milimetra. Med vo\u017enjo se je vijak rahlo odvil in med smu\u010dko in plo\u0161\u010do je nastal prostor. Te\u017eko je za to koga kriviti. Dve desetinki milimetra ne pomenita ni\u010d, a pravila so pravila,&#8221; je trener Denis \u0160teharnik pojasnil vzrok diskvalifikacije.<\/p>\n<p>Najbolj\u0161i \u010das smuka je postavila Italijanka Federica Brignone, doma\u010dinka Priska Nufer je na drugem mestu zaostala 37 stotink sekunde, \u0161e \u0161est stotink ve\u010d pa je za vo\u017enjo potrebovala Avstrijka Nina Ortlieb. Ferkova bi, \u010de ne bi bilo diskvalifikacije, imela za slalom solidno izhodi\u0161\u010de z 2,07 sekunde zaostanka.<\/p>\n<p>Brignonejeva je z osmim slalomskim izidom na koncu ubranila prednost iz uvodnega dela tekme, \u010deprav so v slalomu tiste smu\u010darke, ki se v kombinaciji bolj zana\u0161ajo na to disciplino, odlo\u010dno napadle. Kanad\u010danka Remmejeva, ki je bila po smuku \u0161esta, se je prebila na drugo mesto, z 11. po smuku pa je na stopni\u010dke pri\u0161la tudi svetovna prvakinja v tej disciplini Holdenerjeva. Za Remmejevo je dana\u0161nja uvrstitev prva na zmagovalni oder v karieri.<\/p>\n<p>Brignonejeva pa je zdaj pri jubilejni \u0161tevilki desetih zmag, dosegla je drugo v sezoni po decembrski v Killingtonu. Obenem pa je bila dana\u0161nja tekma sploh edina kombinacija v tej sezoni, potem ko so preizku\u0161njo v Val d&#8217;Iseru odpovedali, vendar letos ne bodo podeljevali globusa v tej disciplini.<\/p>\n<p>&#8220;A lahko kar vse tekme prirejamo tukaj? Rada imam to progo, rada imam ta spomladanski sneg, tu se odli\u010dno po\u010dutim,&#8221; je svojo tretjo zmago v Crans Montani pospremila Italijanka.<\/p>\n<p>Za tola\u017ebo, ker ne bo odbila malega globusa, je Italijanki ostal lep dose\u017eek, saj je dobila \u0161e tretjo kombinacijo na tem prizori\u0161\u010du v zadnjih treh sezonah, prav ni\u010d pa je ni motila niti okrnjena konkurenca, med drugimi sta manjkali tudi vodilna v skupnem se\u0161tevku Ameri\u010danka Mikaela Shiffrin, ki si je privo\u0161\u010dila kraj\u0161i tekmovalni oddih, ter druga z nedavnega SP Slovakinja Petra Vlhova.<\/p>\n","protected":false},"excerpt":{"rendered":"<p>Italijanka Federica Brignone je zmagovalka kombinacijske tekme svetovnega pokala alpskih smu\u010dark v Crans Montani. Drugo mesto je osvojila Kanad\u010danka Roni Remme, ki je zaostala 38 stotnik, tretja pa je bila doma\u010dinka Wendy Holdener (+ 1,04). Na tekmi je nastopila tudi slovenska smu\u010darka Maru\u0161a Ferk, ki pa so jo diskvalificirali.<\/p>\n","protected":false},"author":8,"featured_media":393620,"comment_status":"closed","ping_status":"closed","sticky":false,"template":"","format":"standard","meta":{"footnotes":""},"categories":[1179],"tags":[4849,13107,10200,1595],"source":[4511],"supertag":[],"acf":[],"yoast_head":"<!-- This site is optimized with the Yoast SEO plugin v21.3 - https:\/\/yoast.com\/wordpress\/plugins\/seo\/ -->\n<title>Ni\u010dla v Crans Montani za Ferkovo, troj\u010dek za Brignonejevo - Hudo Slovenija<\/title>\n<meta name=\"robots\" content=\"index, follow, max-snippet:-1, max-image-preview:large, max-video-preview:-1\" \/>\n<link rel=\"canonical\" href=\"https:\/\/hudo.com\/si\/aktualno\/nicla-v-crans-montani-za-ferkovo-trojcek-za-brignonejevo\/\" \/>\n<meta property=\"og:locale\" content=\"sl_SI\" \/>\n<meta property=\"og:type\" content=\"article\" \/>\n<meta property=\"og:title\" content=\"Ni\u010dla v Crans Montani za Ferkovo, troj\u010dek za Brignonejevo - Hudo Slovenija\" \/>\n<meta property=\"og:description\" content=\"Italijanka Federica Brignone je zmagovalka kombinacijske tekme svetovnega pokala alpskih smu\u010dark v Crans Montani. Drugo mesto je osvojila Kanad\u010danka Roni Remme, ki je zaostala 38 stotnik, tretja pa je bila doma\u010dinka Wendy Holdener (+ 1,04). Na tekmi je nastopila tudi slovenska smu\u010darka Maru\u0161a Ferk, ki pa so jo diskvalificirali.\" \/>\n<meta property=\"og:url\" content=\"https:\/\/hudo.com\/si\/aktualno\/nicla-v-crans-montani-za-ferkovo-trojcek-za-brignonejevo\/\" \/>\n<meta property=\"og:site_name\" content=\"Hudo Slovenija\" \/>\n<meta property=\"article:publisher\" content=\"https:\/\/www.facebook.com\/hudo.si\" \/>\n<meta property=\"article:published_time\" content=\"2019-02-24T15:12:00+00:00\" \/>\n<meta property=\"og:image\" content=\"https:\/\/hudo.com\/si\/wp-content\/uploads\/sites\/2\/2019\/02\/profimedia-0412228403.jpg\" \/>\n\t<meta property=\"og:image:width\" content=\"1250\" \/>\n\t<meta property=\"og:image:height\" content=\"834\" \/>\n\t<meta property=\"og:image:type\" content=\"image\/jpeg\" \/>\n<meta name=\"author\" content=\"M. N., STA\" \/>\n<meta name=\"twitter:card\" content=\"summary_large_image\" \/>\n<meta name=\"twitter:creator\" content=\"@hudo_si\" \/>\n<meta name=\"twitter:site\" content=\"@hudo_si\" \/>\n<meta name=\"twitter:label1\" content=\"Written by\" \/>\n\t<meta name=\"twitter:data1\" content=\"M. N., STA\" \/>\n\t<meta name=\"twitter:label2\" content=\"Est. reading time\" \/>\n\t<meta name=\"twitter:data2\" content=\"2 minuti\" \/>\n<script type=\"application\/ld+json\" class=\"yoast-schema-graph\">{\"@context\":\"https:\/\/schema.org\",\"@graph\":[{\"@type\":\"Article\",\"@id\":\"https:\/\/hudo.com\/si\/aktualno\/nicla-v-crans-montani-za-ferkovo-trojcek-za-brignonejevo\/#article\",\"isPartOf\":{\"@id\":\"https:\/\/hudo.com\/si\/aktualno\/nicla-v-crans-montani-za-ferkovo-trojcek-za-brignonejevo\/\"},\"author\":{\"name\":\"M. N., STA\",\"@id\":\"https:\/\/hudo.com\/si\/#\/schema\/person\/c2f10ce65d2e6ede2aeda5be2a0611fa\"},\"headline\":\"Ni\u010dla v Crans Montani za Ferkovo, troj\u010dek za Brignonejevo\",\"datePublished\":\"2019-02-24T15:12:00+00:00\",\"dateModified\":\"2019-02-24T15:12:00+00:00\",\"mainEntityOfPage\":{\"@id\":\"https:\/\/hudo.com\/si\/aktualno\/nicla-v-crans-montani-za-ferkovo-trojcek-za-brignonejevo\/\"},\"wordCount\":425,\"publisher\":{\"@id\":\"https:\/\/hudo.com\/si\/#organization\"},\"keywords\":[\"alpsko smu\u010danje\",\"Federica Brignone\",\"Maru\u0161a Ferk\",\"Slovenija\"],\"articleSection\":[\"Aktualno\"],\"inLanguage\":\"sl-SI\"},{\"@type\":\"WebPage\",\"@id\":\"https:\/\/hudo.com\/si\/aktualno\/nicla-v-crans-montani-za-ferkovo-trojcek-za-brignonejevo\/\",\"url\":\"https:\/\/hudo.com\/si\/aktualno\/nicla-v-crans-montani-za-ferkovo-trojcek-za-brignonejevo\/\",\"name\":\"Ni\u010dla v Crans Montani za Ferkovo, troj\u010dek za Brignonejevo - Hudo Slovenija\",\"isPartOf\":{\"@id\":\"https:\/\/hudo.com\/si\/#website\"},\"datePublished\":\"2019-02-24T15:12:00+00:00\",\"dateModified\":\"2019-02-24T15:12:00+00:00\",\"breadcrumb\":{\"@id\":\"https:\/\/hudo.com\/si\/aktualno\/nicla-v-crans-montani-za-ferkovo-trojcek-za-brignonejevo\/#breadcrumb\"},\"inLanguage\":\"sl-SI\",\"potentialAction\":[{\"@type\":\"ReadAction\",\"target\":[\"https:\/\/hudo.com\/si\/aktualno\/nicla-v-crans-montani-za-ferkovo-trojcek-za-brignonejevo\/\"]}]},{\"@type\":\"BreadcrumbList\",\"@id\":\"https:\/\/hudo.com\/si\/aktualno\/nicla-v-crans-montani-za-ferkovo-trojcek-za-brignonejevo\/#breadcrumb\",\"itemListElement\":[{\"@type\":\"ListItem\",\"position\":1,\"name\":\"Home\",\"item\":\"https:\/\/hudo.com\/si\/\"},{\"@type\":\"ListItem\",\"position\":2,\"name\":\"Ni\u010dla v Crans Montani za Ferkovo, troj\u010dek za Brignonejevo\"}]},{\"@type\":\"WebSite\",\"@id\":\"https:\/\/hudo.com\/si\/#website\",\"url\":\"https:\/\/hudo.com\/si\/\",\"name\":\"Hudo Slovenija\",\"description\":\"Vse novice iz Slovenije in sveta\",\"publisher\":{\"@id\":\"https:\/\/hudo.com\/si\/#organization\"},\"potentialAction\":[{\"@type\":\"SearchAction\",\"target\":{\"@type\":\"EntryPoint\",\"urlTemplate\":\"https:\/\/hudo.com\/si\/?s={search_term_string}\"},\"query-input\":\"required name=search_term_string\"}],\"inLanguage\":\"sl-SI\"},{\"@type\":\"Organization\",\"@id\":\"https:\/\/hudo.com\/si\/#organization\",\"name\":\"VSN Media\",\"url\":\"https:\/\/hudo.com\/si\/\",\"logo\":{\"@type\":\"ImageObject\",\"inLanguage\":\"sl-SI\",\"@id\":\"https:\/\/hudo.com\/si\/#\/schema\/logo\/image\/\",\"url\":\"https:\/\/hudo.com\/si\/wp-content\/uploads\/sites\/2\/2021\/03\/hudo-app-2.png\",\"contentUrl\":\"https:\/\/hudo.com\/si\/wp-content\/uploads\/sites\/2\/2021\/03\/hudo-app-2.png\",\"width\":2185,\"height\":2167,\"caption\":\"VSN Media\"},\"image\":{\"@id\":\"https:\/\/hudo.com\/si\/#\/schema\/logo\/image\/\"},\"sameAs\":[\"https:\/\/www.facebook.com\/hudo.si\",\"https:\/\/twitter.com\/hudo_si\"]},{\"@type\":\"Person\",\"@id\":\"https:\/\/hudo.com\/si\/#\/schema\/person\/c2f10ce65d2e6ede2aeda5be2a0611fa\",\"name\":\"M. N., STA\",\"image\":{\"@type\":\"ImageObject\",\"inLanguage\":\"sl-SI\",\"@id\":\"https:\/\/hudo.com\/si\/#\/schema\/person\/image\/\",\"url\":\"https:\/\/secure.gravatar.com\/avatar\/f370d38daa10467f755c5c766a4cac20?s=96&d=mm&r=g\",\"contentUrl\":\"https:\/\/secure.gravatar.com\/avatar\/f370d38daa10467f755c5c766a4cac20?s=96&d=mm&r=g\",\"caption\":\"M. N., STA\"},\"url\":\"https:\/\/hudo.com\/si\/author\/mana\/\"}]}<\/script>\n<!-- \/ Yoast SEO plugin. -->","yoast_head_json":{"title":"Ni\u010dla v Crans Montani za Ferkovo, troj\u010dek za Brignonejevo - Hudo Slovenija","robots":{"index":"index","follow":"follow","max-snippet":"max-snippet:-1","max-image-preview":"max-image-preview:large","max-video-preview":"max-video-preview:-1"},"canonical":"https:\/\/hudo.com\/si\/aktualno\/nicla-v-crans-montani-za-ferkovo-trojcek-za-brignonejevo\/","og_locale":"sl_SI","og_type":"article","og_title":"Ni\u010dla v Crans Montani za Ferkovo, troj\u010dek za Brignonejevo - Hudo Slovenija","og_description":"Italijanka Federica Brignone je zmagovalka kombinacijske tekme svetovnega pokala alpskih smu\u010dark v Crans Montani. Drugo mesto je osvojila Kanad\u010danka Roni Remme, ki je zaostala 38 stotnik, tretja pa je bila doma\u010dinka Wendy Holdener (+ 1,04). Na tekmi je nastopila tudi slovenska smu\u010darka Maru\u0161a Ferk, ki pa so jo diskvalificirali.","og_url":"https:\/\/hudo.com\/si\/aktualno\/nicla-v-crans-montani-za-ferkovo-trojcek-za-brignonejevo\/","og_site_name":"Hudo Slovenija","article_publisher":"https:\/\/www.facebook.com\/hudo.si","article_published_time":"2019-02-24T15:12:00+00:00","og_image":[{"width":1250,"height":834,"url":"https:\/\/hudo.com\/si\/wp-content\/uploads\/sites\/2\/2019\/02\/profimedia-0412228403.jpg","type":"image\/jpeg"}],"author":"M. N., STA","twitter_card":"summary_large_image","twitter_creator":"@hudo_si","twitter_site":"@hudo_si","twitter_misc":{"Written by":"M. N., STA","Est. reading time":"2 minuti"},"schema":{"@context":"https:\/\/schema.org","@graph":[{"@type":"Article","@id":"https:\/\/hudo.com\/si\/aktualno\/nicla-v-crans-montani-za-ferkovo-trojcek-za-brignonejevo\/#article","isPartOf":{"@id":"https:\/\/hudo.com\/si\/aktualno\/nicla-v-crans-montani-za-ferkovo-trojcek-za-brignonejevo\/"},"author":{"name":"M. N., STA","@id":"https:\/\/hudo.com\/si\/#\/schema\/person\/c2f10ce65d2e6ede2aeda5be2a0611fa"},"headline":"Ni\u010dla v Crans Montani za Ferkovo, troj\u010dek za Brignonejevo","datePublished":"2019-02-24T15:12:00+00:00","dateModified":"2019-02-24T15:12:00+00:00","mainEntityOfPage":{"@id":"https:\/\/hudo.com\/si\/aktualno\/nicla-v-crans-montani-za-ferkovo-trojcek-za-brignonejevo\/"},"wordCount":425,"publisher":{"@id":"https:\/\/hudo.com\/si\/#organization"},"keywords":["alpsko smu\u010danje","Federica Brignone","Maru\u0161a Ferk","Slovenija"],"articleSection":["Aktualno"],"inLanguage":"sl-SI"},{"@type":"WebPage","@id":"https:\/\/hudo.com\/si\/aktualno\/nicla-v-crans-montani-za-ferkovo-trojcek-za-brignonejevo\/","url":"https:\/\/hudo.com\/si\/aktualno\/nicla-v-crans-montani-za-ferkovo-trojcek-za-brignonejevo\/","name":"Ni\u010dla v Crans Montani za Ferkovo, troj\u010dek za Brignonejevo - Hudo Slovenija","isPartOf":{"@id":"https:\/\/hudo.com\/si\/#website"},"datePublished":"2019-02-24T15:12:00+00:00","dateModified":"2019-02-24T15:12:00+00:00","breadcrumb":{"@id":"https:\/\/hudo.com\/si\/aktualno\/nicla-v-crans-montani-za-ferkovo-trojcek-za-brignonejevo\/#breadcrumb"},"inLanguage":"sl-SI","potentialAction":[{"@type":"ReadAction","target":["https:\/\/hudo.com\/si\/aktualno\/nicla-v-crans-montani-za-ferkovo-trojcek-za-brignonejevo\/"]}]},{"@type":"BreadcrumbList","@id":"https:\/\/hudo.com\/si\/aktualno\/nicla-v-crans-montani-za-ferkovo-trojcek-za-brignonejevo\/#breadcrumb","itemListElement":[{"@type":"ListItem","position":1,"name":"Home","item":"https:\/\/hudo.com\/si\/"},{"@type":"ListItem","position":2,"name":"Ni\u010dla v Crans Montani za Ferkovo, troj\u010dek za Brignonejevo"}]},{"@type":"WebSite","@id":"https:\/\/hudo.com\/si\/#website","url":"https:\/\/hudo.com\/si\/","name":"Hudo Slovenija","description":"Vse novice iz Slovenije in sveta","publisher":{"@id":"https:\/\/hudo.com\/si\/#organization"},"potentialAction":[{"@type":"SearchAction","target":{"@type":"EntryPoint","urlTemplate":"https:\/\/hudo.com\/si\/?s={search_term_string}"},"query-input":"required name=search_term_string"}],"inLanguage":"sl-SI"},{"@type":"Organization","@id":"https:\/\/hudo.com\/si\/#organization","name":"VSN Media","url":"https:\/\/hudo.com\/si\/","logo":{"@type":"ImageObject","inLanguage":"sl-SI","@id":"https:\/\/hudo.com\/si\/#\/schema\/logo\/image\/","url":"https:\/\/hudo.com\/si\/wp-content\/uploads\/sites\/2\/2021\/03\/hudo-app-2.png","contentUrl":"https:\/\/hudo.com\/si\/wp-content\/uploads\/sites\/2\/2021\/03\/hudo-app-2.png","width":2185,"height":2167,"caption":"VSN Media"},"image":{"@id":"https:\/\/hudo.com\/si\/#\/schema\/logo\/image\/"},"sameAs":["https:\/\/www.facebook.com\/hudo.si","https:\/\/twitter.com\/hudo_si"]},{"@type":"Person","@id":"https:\/\/hudo.com\/si\/#\/schema\/person\/c2f10ce65d2e6ede2aeda5be2a0611fa","name":"M. N., STA","image":{"@type":"ImageObject","inLanguage":"sl-SI","@id":"https:\/\/hudo.com\/si\/#\/schema\/person\/image\/","url":"https:\/\/secure.gravatar.com\/avatar\/f370d38daa10467f755c5c766a4cac20?s=96&d=mm&r=g","contentUrl":"https:\/\/secure.gravatar.com\/avatar\/f370d38daa10467f755c5c766a4cac20?s=96&d=mm&r=g","caption":"M. N., STA"},"url":"https:\/\/hudo.com\/si\/author\/mana\/"}]}},"amp_enabled":true,"_links":{"self":[{"href":"https:\/\/hudo.com\/si\/wp-json\/wp\/v2\/posts\/393619"}],"collection":[{"href":"https:\/\/hudo.com\/si\/wp-json\/wp\/v2\/posts"}],"about":[{"href":"https:\/\/hudo.com\/si\/wp-json\/wp\/v2\/types\/post"}],"author":[{"embeddable":true,"href":"https:\/\/hudo.com\/si\/wp-json\/wp\/v2\/users\/8"}],"replies":[{"embeddable":true,"href":"https:\/\/hudo.com\/si\/wp-json\/wp\/v2\/comments?post=393619"}],"version-history":[{"count":1,"href":"https:\/\/hudo.com\/si\/wp-json\/wp\/v2\/posts\/393619\/revisions"}],"predecessor-version":[{"id":393621,"href":"https:\/\/hudo.com\/si\/wp-json\/wp\/v2\/posts\/393619\/revisions\/393621"}],"wp:featuredmedia":[{"embeddable":true,"href":"https:\/\/hudo.com\/si\/wp-json\/wp\/v2\/media\/393620"}],"wp:attachment":[{"href":"https:\/\/hudo.com\/si\/wp-json\/wp\/v2\/media?parent=393619"}],"wp:term":[{"taxonomy":"category","embeddable":true,"href":"https:\/\/hudo.com\/si\/wp-json\/wp\/v2\/categories?post=393619"},{"taxonomy":"post_tag","embeddable":true,"href":"https:\/\/hudo.com\/si\/wp-json\/wp\/v2\/tags?post=393619"},{"taxonomy":"source","embeddable":true,"href":"https:\/\/hudo.com\/si\/wp-json\/wp\/v2\/source?post=393619"},{"taxonomy":"supertag","embeddable":true,"href":"https:\/\/hudo.com\/si\/wp-json\/wp\/v2\/supertag?post=393619"}],"curies":[{"name":"wp","href":"https:\/\/api.w.org\/{rel}","templated":true}]}}