{"id":393625,"date":"2019-02-25T07:35:08","date_gmt":"2019-02-25T06:35:08","guid":{"rendered":"http:\/\/hudo.com\/si\/?p=393625"},"modified":"2019-02-25T07:35:08","modified_gmt":"2019-02-25T06:35:08","slug":"po-vsej-sloveniji-razglasena-velika-pozarna-ogrozenost","status":"publish","type":"post","link":"https:\/\/hudo.com\/si\/aktualno\/po-vsej-sloveniji-razglasena-velika-pozarna-ogrozenost\/","title":{"rendered":"Po vsej Sloveniji razgla\u0161ena velika po\u017earna ogro\u017eenost"},"content":{"rendered":"<p>Veliko po\u017earno ogro\u017eenost naravnega okolja je uprava za za\u0161\u010dito in re\u0161evanje \u017ee minuli konec tedna razglasila za obmo\u010dje ve\u010d primorskih ob\u010din, od dana\u0161njega dne dalje pa na obmo\u010dju celotne dr\u017eave. Razglas velja za obmo\u010dja brez sne\u017ene odeje.<\/p>\n<p>Z dnem razglasitve velike po\u017earne ogro\u017eenosti je v naravnem okolju poleg po\u017eiganja in odmetavanja gore\u010dih ali drugih predmetov ali snovi, ki lahko povzro\u010dijo po\u017ear, prepovedano tudi kuriti, kuriti kresove, po\u017eigati na obmo\u010djih ob infrastrukturnih objektih, izven pozidanih povr\u0161in uporabljati predmete, naprave ali izvajati aktivnosti, ki lahko povzro\u010dijo po\u017ear ter izvajati ognjemete.<\/p>\n<p>V \u010dasu razgla\u0161ene velike po\u017earne ogro\u017eenosti naravnega okolja bosta In\u0161pektorat RS za varstvo pred naravnimi in drugimi nesre\u010dami in policija izvajala poostren nadzor.<\/p>\n<p>O upravi\u010denosti sprejema tovrstnega ukrepa pri\u010dajo podatki zadnjih dni, ko so gasilci po vsej dr\u017eavi opravili \u0161tevilne intervencije zaradi po\u017earov v naravnem okolju.<\/p>\n","protected":false},"excerpt":{"rendered":"<p>Uprava za za\u0161\u010dito in re\u0161evanje je od dana\u0161njega dne dalje na obmo\u010dju celotne dr\u017eave razglasila veliko po\u017earno ogro\u017eenost naravnega okolja. Tako je med drugim prepovedano kuriti in po\u017eigati na obmo\u010djih ob infrastrukturnih objektih. V \u010dasu razgla\u0161ene velike po\u017earne ogro\u017eenosti bosta policija in pristojni in\u0161pektorat izvajala tudi poostren nadzor.<\/p>\n","protected":false},"author":8,"featured_media":339417,"comment_status":"closed","ping_status":"closed","sticky":false,"template":"","format":"standard","meta":{"footnotes":""},"categories":[1179],"tags":[13108,1595],"source":[4511],"supertag":[],"acf":[],"yoast_head":"<!-- This site is optimized with the Yoast SEO plugin v21.3 - https:\/\/yoast.com\/wordpress\/plugins\/seo\/ -->\n<title>Po vsej Sloveniji razgla\u0161ena velika po\u017earna ogro\u017eenost - Hudo Slovenija<\/title>\n<meta name=\"robots\" content=\"index, follow, max-snippet:-1, max-image-preview:large, max-video-preview:-1\" \/>\n<link rel=\"canonical\" href=\"https:\/\/hudo.com\/si\/aktualno\/po-vsej-sloveniji-razglasena-velika-pozarna-ogrozenost\/\" \/>\n<meta property=\"og:locale\" content=\"sl_SI\" \/>\n<meta property=\"og:type\" content=\"article\" \/>\n<meta property=\"og:title\" content=\"Po vsej Sloveniji razgla\u0161ena velika po\u017earna ogro\u017eenost - Hudo Slovenija\" \/>\n<meta property=\"og:description\" content=\"Uprava za za\u0161\u010dito in re\u0161evanje je od dana\u0161njega dne dalje na obmo\u010dju celotne dr\u017eave razglasila veliko po\u017earno ogro\u017eenost naravnega okolja. Tako je med drugim prepovedano kuriti in po\u017eigati na obmo\u010djih ob infrastrukturnih objektih. V \u010dasu razgla\u0161ene velike po\u017earne ogro\u017eenosti bosta policija in pristojni in\u0161pektorat izvajala tudi poostren nadzor.\" \/>\n<meta property=\"og:url\" content=\"https:\/\/hudo.com\/si\/aktualno\/po-vsej-sloveniji-razglasena-velika-pozarna-ogrozenost\/\" \/>\n<meta property=\"og:site_name\" content=\"Hudo Slovenija\" \/>\n<meta property=\"article:publisher\" content=\"https:\/\/www.facebook.com\/hudo.si\" \/>\n<meta property=\"article:published_time\" content=\"2019-02-25T06:35:08+00:00\" \/>\n<meta property=\"og:image\" content=\"https:\/\/hudo.com\/si\/wp-content\/uploads\/sites\/2\/2018\/01\/20141019-00562571.jpg\" \/>\n\t<meta property=\"og:image:width\" content=\"640\" \/>\n\t<meta property=\"og:image:height\" content=\"425\" \/>\n\t<meta property=\"og:image:type\" content=\"image\/jpeg\" \/>\n<meta name=\"author\" content=\"M. N., STA\" \/>\n<meta name=\"twitter:card\" content=\"summary_large_image\" \/>\n<meta name=\"twitter:creator\" content=\"@hudo_si\" \/>\n<meta name=\"twitter:site\" content=\"@hudo_si\" \/>\n<meta name=\"twitter:label1\" content=\"Written by\" \/>\n\t<meta name=\"twitter:data1\" content=\"M. N., STA\" \/>\n\t<meta name=\"twitter:label2\" content=\"Est. reading time\" \/>\n\t<meta name=\"twitter:data2\" content=\"1 minuta\" \/>\n<script type=\"application\/ld+json\" class=\"yoast-schema-graph\">{\"@context\":\"https:\/\/schema.org\",\"@graph\":[{\"@type\":\"Article\",\"@id\":\"https:\/\/hudo.com\/si\/aktualno\/po-vsej-sloveniji-razglasena-velika-pozarna-ogrozenost\/#article\",\"isPartOf\":{\"@id\":\"https:\/\/hudo.com\/si\/aktualno\/po-vsej-sloveniji-razglasena-velika-pozarna-ogrozenost\/\"},\"author\":{\"name\":\"M. N., STA\",\"@id\":\"https:\/\/hudo.com\/si\/#\/schema\/person\/c2f10ce65d2e6ede2aeda5be2a0611fa\"},\"headline\":\"Po vsej Sloveniji razgla\u0161ena velika po\u017earna ogro\u017eenost\",\"datePublished\":\"2019-02-25T06:35:08+00:00\",\"dateModified\":\"2019-02-25T06:35:08+00:00\",\"mainEntityOfPage\":{\"@id\":\"https:\/\/hudo.com\/si\/aktualno\/po-vsej-sloveniji-razglasena-velika-pozarna-ogrozenost\/\"},\"wordCount\":175,\"publisher\":{\"@id\":\"https:\/\/hudo.com\/si\/#organization\"},\"keywords\":[\"po\u017earna ogro\u017eenost\",\"Slovenija\"],\"articleSection\":[\"Aktualno\"],\"inLanguage\":\"sl-SI\"},{\"@type\":\"WebPage\",\"@id\":\"https:\/\/hudo.com\/si\/aktualno\/po-vsej-sloveniji-razglasena-velika-pozarna-ogrozenost\/\",\"url\":\"https:\/\/hudo.com\/si\/aktualno\/po-vsej-sloveniji-razglasena-velika-pozarna-ogrozenost\/\",\"name\":\"Po vsej Sloveniji razgla\u0161ena velika po\u017earna ogro\u017eenost - Hudo Slovenija\",\"isPartOf\":{\"@id\":\"https:\/\/hudo.com\/si\/#website\"},\"datePublished\":\"2019-02-25T06:35:08+00:00\",\"dateModified\":\"2019-02-25T06:35:08+00:00\",\"breadcrumb\":{\"@id\":\"https:\/\/hudo.com\/si\/aktualno\/po-vsej-sloveniji-razglasena-velika-pozarna-ogrozenost\/#breadcrumb\"},\"inLanguage\":\"sl-SI\",\"potentialAction\":[{\"@type\":\"ReadAction\",\"target\":[\"https:\/\/hudo.com\/si\/aktualno\/po-vsej-sloveniji-razglasena-velika-pozarna-ogrozenost\/\"]}]},{\"@type\":\"BreadcrumbList\",\"@id\":\"https:\/\/hudo.com\/si\/aktualno\/po-vsej-sloveniji-razglasena-velika-pozarna-ogrozenost\/#breadcrumb\",\"itemListElement\":[{\"@type\":\"ListItem\",\"position\":1,\"name\":\"Home\",\"item\":\"https:\/\/hudo.com\/si\/\"},{\"@type\":\"ListItem\",\"position\":2,\"name\":\"Po vsej Sloveniji razgla\u0161ena velika po\u017earna ogro\u017eenost\"}]},{\"@type\":\"WebSite\",\"@id\":\"https:\/\/hudo.com\/si\/#website\",\"url\":\"https:\/\/hudo.com\/si\/\",\"name\":\"Hudo Slovenija\",\"description\":\"Vse novice iz Slovenije in sveta\",\"publisher\":{\"@id\":\"https:\/\/hudo.com\/si\/#organization\"},\"potentialAction\":[{\"@type\":\"SearchAction\",\"target\":{\"@type\":\"EntryPoint\",\"urlTemplate\":\"https:\/\/hudo.com\/si\/?s={search_term_string}\"},\"query-input\":\"required name=search_term_string\"}],\"inLanguage\":\"sl-SI\"},{\"@type\":\"Organization\",\"@id\":\"https:\/\/hudo.com\/si\/#organization\",\"name\":\"VSN Media\",\"url\":\"https:\/\/hudo.com\/si\/\",\"logo\":{\"@type\":\"ImageObject\",\"inLanguage\":\"sl-SI\",\"@id\":\"https:\/\/hudo.com\/si\/#\/schema\/logo\/image\/\",\"url\":\"https:\/\/hudo.com\/si\/wp-content\/uploads\/sites\/2\/2021\/03\/hudo-app-2.png\",\"contentUrl\":\"https:\/\/hudo.com\/si\/wp-content\/uploads\/sites\/2\/2021\/03\/hudo-app-2.png\",\"width\":2185,\"height\":2167,\"caption\":\"VSN Media\"},\"image\":{\"@id\":\"https:\/\/hudo.com\/si\/#\/schema\/logo\/image\/\"},\"sameAs\":[\"https:\/\/www.facebook.com\/hudo.si\",\"https:\/\/twitter.com\/hudo_si\"]},{\"@type\":\"Person\",\"@id\":\"https:\/\/hudo.com\/si\/#\/schema\/person\/c2f10ce65d2e6ede2aeda5be2a0611fa\",\"name\":\"M. N., STA\",\"image\":{\"@type\":\"ImageObject\",\"inLanguage\":\"sl-SI\",\"@id\":\"https:\/\/hudo.com\/si\/#\/schema\/person\/image\/\",\"url\":\"https:\/\/secure.gravatar.com\/avatar\/f370d38daa10467f755c5c766a4cac20?s=96&d=mm&r=g\",\"contentUrl\":\"https:\/\/secure.gravatar.com\/avatar\/f370d38daa10467f755c5c766a4cac20?s=96&d=mm&r=g\",\"caption\":\"M. N., STA\"},\"url\":\"https:\/\/hudo.com\/si\/author\/mana\/\"}]}<\/script>\n<!-- \/ Yoast SEO plugin. -->","yoast_head_json":{"title":"Po vsej Sloveniji razgla\u0161ena velika po\u017earna ogro\u017eenost - Hudo Slovenija","robots":{"index":"index","follow":"follow","max-snippet":"max-snippet:-1","max-image-preview":"max-image-preview:large","max-video-preview":"max-video-preview:-1"},"canonical":"https:\/\/hudo.com\/si\/aktualno\/po-vsej-sloveniji-razglasena-velika-pozarna-ogrozenost\/","og_locale":"sl_SI","og_type":"article","og_title":"Po vsej Sloveniji razgla\u0161ena velika po\u017earna ogro\u017eenost - Hudo Slovenija","og_description":"Uprava za za\u0161\u010dito in re\u0161evanje je od dana\u0161njega dne dalje na obmo\u010dju celotne dr\u017eave razglasila veliko po\u017earno ogro\u017eenost naravnega okolja. Tako je med drugim prepovedano kuriti in po\u017eigati na obmo\u010djih ob infrastrukturnih objektih. V \u010dasu razgla\u0161ene velike po\u017earne ogro\u017eenosti bosta policija in pristojni in\u0161pektorat izvajala tudi poostren nadzor.","og_url":"https:\/\/hudo.com\/si\/aktualno\/po-vsej-sloveniji-razglasena-velika-pozarna-ogrozenost\/","og_site_name":"Hudo Slovenija","article_publisher":"https:\/\/www.facebook.com\/hudo.si","article_published_time":"2019-02-25T06:35:08+00:00","og_image":[{"width":640,"height":425,"url":"https:\/\/hudo.com\/si\/wp-content\/uploads\/sites\/2\/2018\/01\/20141019-00562571.jpg","type":"image\/jpeg"}],"author":"M. N., STA","twitter_card":"summary_large_image","twitter_creator":"@hudo_si","twitter_site":"@hudo_si","twitter_misc":{"Written by":"M. N., STA","Est. reading time":"1 minuta"},"schema":{"@context":"https:\/\/schema.org","@graph":[{"@type":"Article","@id":"https:\/\/hudo.com\/si\/aktualno\/po-vsej-sloveniji-razglasena-velika-pozarna-ogrozenost\/#article","isPartOf":{"@id":"https:\/\/hudo.com\/si\/aktualno\/po-vsej-sloveniji-razglasena-velika-pozarna-ogrozenost\/"},"author":{"name":"M. N., STA","@id":"https:\/\/hudo.com\/si\/#\/schema\/person\/c2f10ce65d2e6ede2aeda5be2a0611fa"},"headline":"Po vsej Sloveniji razgla\u0161ena velika po\u017earna ogro\u017eenost","datePublished":"2019-02-25T06:35:08+00:00","dateModified":"2019-02-25T06:35:08+00:00","mainEntityOfPage":{"@id":"https:\/\/hudo.com\/si\/aktualno\/po-vsej-sloveniji-razglasena-velika-pozarna-ogrozenost\/"},"wordCount":175,"publisher":{"@id":"https:\/\/hudo.com\/si\/#organization"},"keywords":["po\u017earna ogro\u017eenost","Slovenija"],"articleSection":["Aktualno"],"inLanguage":"sl-SI"},{"@type":"WebPage","@id":"https:\/\/hudo.com\/si\/aktualno\/po-vsej-sloveniji-razglasena-velika-pozarna-ogrozenost\/","url":"https:\/\/hudo.com\/si\/aktualno\/po-vsej-sloveniji-razglasena-velika-pozarna-ogrozenost\/","name":"Po vsej Sloveniji razgla\u0161ena velika po\u017earna ogro\u017eenost - Hudo Slovenija","isPartOf":{"@id":"https:\/\/hudo.com\/si\/#website"},"datePublished":"2019-02-25T06:35:08+00:00","dateModified":"2019-02-25T06:35:08+00:00","breadcrumb":{"@id":"https:\/\/hudo.com\/si\/aktualno\/po-vsej-sloveniji-razglasena-velika-pozarna-ogrozenost\/#breadcrumb"},"inLanguage":"sl-SI","potentialAction":[{"@type":"ReadAction","target":["https:\/\/hudo.com\/si\/aktualno\/po-vsej-sloveniji-razglasena-velika-pozarna-ogrozenost\/"]}]},{"@type":"BreadcrumbList","@id":"https:\/\/hudo.com\/si\/aktualno\/po-vsej-sloveniji-razglasena-velika-pozarna-ogrozenost\/#breadcrumb","itemListElement":[{"@type":"ListItem","position":1,"name":"Home","item":"https:\/\/hudo.com\/si\/"},{"@type":"ListItem","position":2,"name":"Po vsej Sloveniji razgla\u0161ena velika po\u017earna ogro\u017eenost"}]},{"@type":"WebSite","@id":"https:\/\/hudo.com\/si\/#website","url":"https:\/\/hudo.com\/si\/","name":"Hudo Slovenija","description":"Vse novice iz Slovenije in sveta","publisher":{"@id":"https:\/\/hudo.com\/si\/#organization"},"potentialAction":[{"@type":"SearchAction","target":{"@type":"EntryPoint","urlTemplate":"https:\/\/hudo.com\/si\/?s={search_term_string}"},"query-input":"required name=search_term_string"}],"inLanguage":"sl-SI"},{"@type":"Organization","@id":"https:\/\/hudo.com\/si\/#organization","name":"VSN Media","url":"https:\/\/hudo.com\/si\/","logo":{"@type":"ImageObject","inLanguage":"sl-SI","@id":"https:\/\/hudo.com\/si\/#\/schema\/logo\/image\/","url":"https:\/\/hudo.com\/si\/wp-content\/uploads\/sites\/2\/2021\/03\/hudo-app-2.png","contentUrl":"https:\/\/hudo.com\/si\/wp-content\/uploads\/sites\/2\/2021\/03\/hudo-app-2.png","width":2185,"height":2167,"caption":"VSN Media"},"image":{"@id":"https:\/\/hudo.com\/si\/#\/schema\/logo\/image\/"},"sameAs":["https:\/\/www.facebook.com\/hudo.si","https:\/\/twitter.com\/hudo_si"]},{"@type":"Person","@id":"https:\/\/hudo.com\/si\/#\/schema\/person\/c2f10ce65d2e6ede2aeda5be2a0611fa","name":"M. N., STA","image":{"@type":"ImageObject","inLanguage":"sl-SI","@id":"https:\/\/hudo.com\/si\/#\/schema\/person\/image\/","url":"https:\/\/secure.gravatar.com\/avatar\/f370d38daa10467f755c5c766a4cac20?s=96&d=mm&r=g","contentUrl":"https:\/\/secure.gravatar.com\/avatar\/f370d38daa10467f755c5c766a4cac20?s=96&d=mm&r=g","caption":"M. N., STA"},"url":"https:\/\/hudo.com\/si\/author\/mana\/"}]}},"amp_enabled":true,"_links":{"self":[{"href":"https:\/\/hudo.com\/si\/wp-json\/wp\/v2\/posts\/393625"}],"collection":[{"href":"https:\/\/hudo.com\/si\/wp-json\/wp\/v2\/posts"}],"about":[{"href":"https:\/\/hudo.com\/si\/wp-json\/wp\/v2\/types\/post"}],"author":[{"embeddable":true,"href":"https:\/\/hudo.com\/si\/wp-json\/wp\/v2\/users\/8"}],"replies":[{"embeddable":true,"href":"https:\/\/hudo.com\/si\/wp-json\/wp\/v2\/comments?post=393625"}],"version-history":[{"count":1,"href":"https:\/\/hudo.com\/si\/wp-json\/wp\/v2\/posts\/393625\/revisions"}],"predecessor-version":[{"id":393626,"href":"https:\/\/hudo.com\/si\/wp-json\/wp\/v2\/posts\/393625\/revisions\/393626"}],"wp:featuredmedia":[{"embeddable":true,"href":"https:\/\/hudo.com\/si\/wp-json\/wp\/v2\/media\/339417"}],"wp:attachment":[{"href":"https:\/\/hudo.com\/si\/wp-json\/wp\/v2\/media?parent=393625"}],"wp:term":[{"taxonomy":"category","embeddable":true,"href":"https:\/\/hudo.com\/si\/wp-json\/wp\/v2\/categories?post=393625"},{"taxonomy":"post_tag","embeddable":true,"href":"https:\/\/hudo.com\/si\/wp-json\/wp\/v2\/tags?post=393625"},{"taxonomy":"source","embeddable":true,"href":"https:\/\/hudo.com\/si\/wp-json\/wp\/v2\/source?post=393625"},{"taxonomy":"supertag","embeddable":true,"href":"https:\/\/hudo.com\/si\/wp-json\/wp\/v2\/supertag?post=393625"}],"curies":[{"name":"wp","href":"https:\/\/api.w.org\/{rel}","templated":true}]}}