{"id":39545,"date":"2016-04-26T09:09:24","date_gmt":"2016-04-26T07:09:24","guid":{"rendered":"http:\/\/hudo.com\/si\/?p=39545"},"modified":"2016-04-26T09:09:24","modified_gmt":"2016-04-26T07:09:24","slug":"posledice-cernobila-tudi-30-let-po-nesreci-ogrozajo-zdravje-lokalnega-prebivalstva","status":"publish","type":"post","link":"https:\/\/hudo.com\/si\/aktualno\/posledice-cernobila-tudi-30-let-po-nesreci-ogrozajo-zdravje-lokalnega-prebivalstva\/","title":{"rendered":"Posledice \u010cernobila tudi 30 let po nesre\u010di ogro\u017eajo zdravje lokalnega prebivalstva"},"content":{"rendered":"<div class=\"text\">\n<figure id=\"attachment_39546\" aria-describedby=\"caption-attachment-39546\" style=\"width: 1000px\" class=\"wp-caption alignnone\"><a href=\"http:\/\/hudo.com\/si\/wp-content\/uploads\/sites\/2\/2016\/04\/profimedia-0160465542.jpg\" rel=\"attachment wp-att-39546\"><img loading=\"lazy\" decoding=\"async\" class=\"size-large wp-image-39546\" src=\"http:\/\/hudo.com\/si\/wp-content\/uploads\/sites\/2\/2016\/04\/profimedia-0160465542-1024x768.jpg\" alt=\"Foto: Profimedia\" width=\"1000\" height=\"750\" srcset=\"https:\/\/hudo.com\/si\/wp-content\/uploads\/sites\/2\/2016\/04\/profimedia-0160465542-1024x768.jpg 1024w, https:\/\/hudo.com\/si\/wp-content\/uploads\/sites\/2\/2016\/04\/profimedia-0160465542-300x225.jpg 300w, https:\/\/hudo.com\/si\/wp-content\/uploads\/sites\/2\/2016\/04\/profimedia-0160465542-768x576.jpg 768w, https:\/\/hudo.com\/si\/wp-content\/uploads\/sites\/2\/2016\/04\/profimedia-0160465542-600x450.jpg 600w, https:\/\/hudo.com\/si\/wp-content\/uploads\/sites\/2\/2016\/04\/profimedia-0160465542.jpg 1250w\" sizes=\"(max-width: 1000px) 100vw, 1000px\" \/><\/a><figcaption id=\"caption-attachment-39546\" class=\"wp-caption-text\">Foto: Profimedia<\/figcaption><\/figure>\n<p>26. aprila 1983 ob 1.23 zjutraj sta v <strong><a href=\"http:\/\/moski.hudo.com\/lifestyle\/zanimivosti\/hudo-pokopalisce-radioaktivnih-vozil-v-cernobilu\/\">\u010cernobilu<\/a><\/strong>, pribli\u017eno 110 kilometrov severno od Kijeva, med varnostnim preizkusom odjeknili dve eksploziji in razdejali \u010detrti reaktor elektrarne. Pri tem je v zraku nastal smrtonosen radioaktivni oblak, ki se je raz\u0161iril nad vso Evropo.<\/p>\n<p>Strokovnjaki menijo, da je bil pomemben dejavnik pri nesre\u010di nenavadna in slaba zasnova reaktorja tipa RMBK, predvsem nagnjenost k nenadnemu nihanju napetosti. Poleg tega sovjetski reaktorji za razliko od tistih drugod po svetu niso imeli za\u0161\u010ditne strukture, ki bi v primeru nesre\u010de prepre\u010devala uhajanje radioaktivnega sevanja.<\/p>\n<p>V nesre\u010di je imel pomembno vlogo tudi \u010dlove\u0161ki dejavnik. Po ugotovitvah strokovnjakov se je nesre\u010da zgodila zaradi kr\u0161itev operativnih postopkov in nezadostne varnostne kulture.<\/p>\n<p>Tudi odpravljanje posledic je potekalo katastrofalno. Sovjetske oblasti so zamujale z evakuacijo lokalnega prebivalstva. 48.000 prebivalcev mesta Pripjat, ki je le tri kilometre od jedrske elektrarne, so evakuirali \u0161ele popoldne dan po nesre\u010di.<\/p>\n<p>Gore\u010de jedrsko gorivo je deset dni gasilo 600.000 &#8220;likvidatorjev&#8221;, ki so imeli le malo ali ni\u010d za\u0161\u010ditne opreme. Zadol\u017eeni so bili tudi za izgradnjo betonskega sarkofaga nad uni\u010denim reaktorjem, ki naj bi prepre\u010dil dodatno uhajanje radioaktivnih snovi, in \u010di\u0161\u010denje okolice.<\/p>\n<p>Koliko \u017ertev je terjala katastrofa v <strong><a href=\"http:\/\/zenska.hudo.com\/aktualno\/resnicne-zgodbe\/26-let-kasneje-zalostne-fotografije-cernobila\/\">\u010cernobilu<\/a><\/strong>, trideset let kasneje ostaja neznanka. Medtem ko je Svetovna zdravstvena organizacija (WHO) predvidela dodatnih 4000 smrti zaradi raka v okoli\u0161kih dr\u017eavah, Greenpeace ocenjuje, da je zaradi radioaktivnega sevanja umrlo \u017ee 100.000 ljudi.<\/p>\n<p>Posledice nesre\u010de \u0161e danes ogro\u017eajo zdravje lokalnih prebivalcev. Na onesna\u017eenih obmo\u010djih \u017eivi ve\u010d kot pet milijonov ljudi &#8211; 2,3 milijona Ukrajincev, 1,1 milijona Belorusov in 1,6 milijona Rusov. 10.000 kvadratnih kilometrov zemlje je \u0161e vedno neprimerne za gospodarske dejavnosti. Na obmo\u010dju deset kilometrov od \u010dernobilske elektrarne zaradi visoke stopnje onesna\u017eenosti s plutonijem \u017eivljenje ne bo mogo\u010de \u0161e ve\u010d deset tiso\u010d let.<\/p>\n<\/div>\n","protected":false},"excerpt":{"rendered":"<p>V Ukrajini bodo danes obele\u017eili 30. obletnico katastrofe v jedrski elektrarni v \u010cernobilu, najhuj\u0161e jedrske nesre\u010de v zgodovini \u010dlove\u0161tva, ki jo je povzro\u010dila kombinacija \u010dlove\u0161ke napake in pomanjkljive tehnologije. Koliko \u017ertev je terjala nesre\u010da, ostaja neznanka, njene posledice pa \u0161e vedno ogro\u017eajo zdravje lokalnih prebivalcev.<\/p>\n","protected":false},"author":5,"featured_media":39546,"comment_status":"closed","ping_status":"closed","sticky":false,"template":"","format":"standard","meta":{"footnotes":""},"categories":[1179],"tags":[3670,3671,1528,3673],"source":[4511],"supertag":[],"acf":[],"yoast_head":"<!-- This site is optimized with the Yoast SEO plugin v21.3 - https:\/\/yoast.com\/wordpress\/plugins\/seo\/ -->\n<title>Posledice \u010cernobila tudi 30 let po nesre\u010di ogro\u017eajo zdravje lokalnega prebivalstva - Hudo Slovenija<\/title>\n<meta name=\"robots\" content=\"index, follow, max-snippet:-1, max-image-preview:large, max-video-preview:-1\" \/>\n<link rel=\"canonical\" href=\"https:\/\/hudo.com\/si\/aktualno\/posledice-cernobila-tudi-30-let-po-nesreci-ogrozajo-zdravje-lokalnega-prebivalstva\/\" \/>\n<meta property=\"og:locale\" content=\"sl_SI\" \/>\n<meta property=\"og:type\" content=\"article\" \/>\n<meta property=\"og:title\" content=\"Posledice \u010cernobila tudi 30 let po nesre\u010di ogro\u017eajo zdravje lokalnega prebivalstva - Hudo Slovenija\" \/>\n<meta property=\"og:description\" content=\"V Ukrajini bodo danes obele\u017eili 30. obletnico katastrofe v jedrski elektrarni v \u010cernobilu, najhuj\u0161e jedrske nesre\u010de v zgodovini \u010dlove\u0161tva, ki jo je povzro\u010dila kombinacija \u010dlove\u0161ke napake in pomanjkljive tehnologije. Koliko \u017ertev je terjala nesre\u010da, ostaja neznanka, njene posledice pa \u0161e vedno ogro\u017eajo zdravje lokalnih prebivalcev.\" \/>\n<meta property=\"og:url\" content=\"https:\/\/hudo.com\/si\/aktualno\/posledice-cernobila-tudi-30-let-po-nesreci-ogrozajo-zdravje-lokalnega-prebivalstva\/\" \/>\n<meta property=\"og:site_name\" content=\"Hudo Slovenija\" \/>\n<meta property=\"article:publisher\" content=\"https:\/\/www.facebook.com\/hudo.si\" \/>\n<meta property=\"article:published_time\" content=\"2016-04-26T07:09:24+00:00\" \/>\n<meta property=\"og:image\" content=\"https:\/\/hudo.com\/si\/wp-content\/uploads\/sites\/2\/2016\/04\/profimedia-0160465542.jpg\" \/>\n\t<meta property=\"og:image:width\" content=\"1250\" \/>\n\t<meta property=\"og:image:height\" content=\"937\" \/>\n\t<meta property=\"og:image:type\" content=\"image\/jpeg\" \/>\n<meta name=\"author\" content=\"A. G., STA\" \/>\n<meta name=\"twitter:card\" content=\"summary_large_image\" \/>\n<meta name=\"twitter:creator\" content=\"@hudo_si\" \/>\n<meta name=\"twitter:site\" content=\"@hudo_si\" \/>\n<meta name=\"twitter:label1\" content=\"Written by\" \/>\n\t<meta name=\"twitter:data1\" content=\"A. G., STA\" \/>\n\t<meta name=\"twitter:label2\" content=\"Est. reading time\" \/>\n\t<meta name=\"twitter:data2\" content=\"2 minuti\" \/>\n<script type=\"application\/ld+json\" class=\"yoast-schema-graph\">{\"@context\":\"https:\/\/schema.org\",\"@graph\":[{\"@type\":\"Article\",\"@id\":\"https:\/\/hudo.com\/si\/aktualno\/posledice-cernobila-tudi-30-let-po-nesreci-ogrozajo-zdravje-lokalnega-prebivalstva\/#article\",\"isPartOf\":{\"@id\":\"https:\/\/hudo.com\/si\/aktualno\/posledice-cernobila-tudi-30-let-po-nesreci-ogrozajo-zdravje-lokalnega-prebivalstva\/\"},\"author\":{\"name\":\"A. G., STA\",\"@id\":\"https:\/\/hudo.com\/si\/#\/schema\/person\/2391667a63ea075ba94f2f2dc6b77537\"},\"headline\":\"Posledice \u010cernobila tudi 30 let po nesre\u010di ogro\u017eajo zdravje lokalnega prebivalstva\",\"datePublished\":\"2016-04-26T07:09:24+00:00\",\"dateModified\":\"2016-04-26T07:09:24+00:00\",\"mainEntityOfPage\":{\"@id\":\"https:\/\/hudo.com\/si\/aktualno\/posledice-cernobila-tudi-30-let-po-nesreci-ogrozajo-zdravje-lokalnega-prebivalstva\/\"},\"wordCount\":320,\"publisher\":{\"@id\":\"https:\/\/hudo.com\/si\/#organization\"},\"keywords\":[\"\u010dernobil\",\"jedrska nesre\u010da\",\"obletnica\",\"ukrajina\"],\"articleSection\":[\"Aktualno\"],\"inLanguage\":\"sl-SI\"},{\"@type\":\"WebPage\",\"@id\":\"https:\/\/hudo.com\/si\/aktualno\/posledice-cernobila-tudi-30-let-po-nesreci-ogrozajo-zdravje-lokalnega-prebivalstva\/\",\"url\":\"https:\/\/hudo.com\/si\/aktualno\/posledice-cernobila-tudi-30-let-po-nesreci-ogrozajo-zdravje-lokalnega-prebivalstva\/\",\"name\":\"Posledice \u010cernobila tudi 30 let po nesre\u010di ogro\u017eajo zdravje lokalnega prebivalstva - Hudo Slovenija\",\"isPartOf\":{\"@id\":\"https:\/\/hudo.com\/si\/#website\"},\"datePublished\":\"2016-04-26T07:09:24+00:00\",\"dateModified\":\"2016-04-26T07:09:24+00:00\",\"breadcrumb\":{\"@id\":\"https:\/\/hudo.com\/si\/aktualno\/posledice-cernobila-tudi-30-let-po-nesreci-ogrozajo-zdravje-lokalnega-prebivalstva\/#breadcrumb\"},\"inLanguage\":\"sl-SI\",\"potentialAction\":[{\"@type\":\"ReadAction\",\"target\":[\"https:\/\/hudo.com\/si\/aktualno\/posledice-cernobila-tudi-30-let-po-nesreci-ogrozajo-zdravje-lokalnega-prebivalstva\/\"]}]},{\"@type\":\"BreadcrumbList\",\"@id\":\"https:\/\/hudo.com\/si\/aktualno\/posledice-cernobila-tudi-30-let-po-nesreci-ogrozajo-zdravje-lokalnega-prebivalstva\/#breadcrumb\",\"itemListElement\":[{\"@type\":\"ListItem\",\"position\":1,\"name\":\"Home\",\"item\":\"https:\/\/hudo.com\/si\/\"},{\"@type\":\"ListItem\",\"position\":2,\"name\":\"Posledice \u010cernobila tudi 30 let po nesre\u010di ogro\u017eajo zdravje lokalnega prebivalstva\"}]},{\"@type\":\"WebSite\",\"@id\":\"https:\/\/hudo.com\/si\/#website\",\"url\":\"https:\/\/hudo.com\/si\/\",\"name\":\"Hudo Slovenija\",\"description\":\"Vse novice iz Slovenije in sveta\",\"publisher\":{\"@id\":\"https:\/\/hudo.com\/si\/#organization\"},\"potentialAction\":[{\"@type\":\"SearchAction\",\"target\":{\"@type\":\"EntryPoint\",\"urlTemplate\":\"https:\/\/hudo.com\/si\/?s={search_term_string}\"},\"query-input\":\"required name=search_term_string\"}],\"inLanguage\":\"sl-SI\"},{\"@type\":\"Organization\",\"@id\":\"https:\/\/hudo.com\/si\/#organization\",\"name\":\"VSN Media\",\"url\":\"https:\/\/hudo.com\/si\/\",\"logo\":{\"@type\":\"ImageObject\",\"inLanguage\":\"sl-SI\",\"@id\":\"https:\/\/hudo.com\/si\/#\/schema\/logo\/image\/\",\"url\":\"https:\/\/hudo.com\/si\/wp-content\/uploads\/sites\/2\/2021\/03\/hudo-app-2.png\",\"contentUrl\":\"https:\/\/hudo.com\/si\/wp-content\/uploads\/sites\/2\/2021\/03\/hudo-app-2.png\",\"width\":2185,\"height\":2167,\"caption\":\"VSN Media\"},\"image\":{\"@id\":\"https:\/\/hudo.com\/si\/#\/schema\/logo\/image\/\"},\"sameAs\":[\"https:\/\/www.facebook.com\/hudo.si\",\"https:\/\/twitter.com\/hudo_si\"]},{\"@type\":\"Person\",\"@id\":\"https:\/\/hudo.com\/si\/#\/schema\/person\/2391667a63ea075ba94f2f2dc6b77537\",\"name\":\"A. G., STA\",\"image\":{\"@type\":\"ImageObject\",\"inLanguage\":\"sl-SI\",\"@id\":\"https:\/\/hudo.com\/si\/#\/schema\/person\/image\/\",\"url\":\"https:\/\/secure.gravatar.com\/avatar\/e13d22ac3e442658d5025fbbe6238a79?s=96&d=mm&r=g\",\"contentUrl\":\"https:\/\/secure.gravatar.com\/avatar\/e13d22ac3e442658d5025fbbe6238a79?s=96&d=mm&r=g\",\"caption\":\"A. G., STA\"},\"url\":\"https:\/\/hudo.com\/si\/author\/alenka\/\"}]}<\/script>\n<!-- \/ Yoast SEO plugin. -->","yoast_head_json":{"title":"Posledice \u010cernobila tudi 30 let po nesre\u010di ogro\u017eajo zdravje lokalnega prebivalstva - Hudo Slovenija","robots":{"index":"index","follow":"follow","max-snippet":"max-snippet:-1","max-image-preview":"max-image-preview:large","max-video-preview":"max-video-preview:-1"},"canonical":"https:\/\/hudo.com\/si\/aktualno\/posledice-cernobila-tudi-30-let-po-nesreci-ogrozajo-zdravje-lokalnega-prebivalstva\/","og_locale":"sl_SI","og_type":"article","og_title":"Posledice \u010cernobila tudi 30 let po nesre\u010di ogro\u017eajo zdravje lokalnega prebivalstva - Hudo Slovenija","og_description":"V Ukrajini bodo danes obele\u017eili 30. obletnico katastrofe v jedrski elektrarni v \u010cernobilu, najhuj\u0161e jedrske nesre\u010de v zgodovini \u010dlove\u0161tva, ki jo je povzro\u010dila kombinacija \u010dlove\u0161ke napake in pomanjkljive tehnologije. Koliko \u017ertev je terjala nesre\u010da, ostaja neznanka, njene posledice pa \u0161e vedno ogro\u017eajo zdravje lokalnih prebivalcev.","og_url":"https:\/\/hudo.com\/si\/aktualno\/posledice-cernobila-tudi-30-let-po-nesreci-ogrozajo-zdravje-lokalnega-prebivalstva\/","og_site_name":"Hudo Slovenija","article_publisher":"https:\/\/www.facebook.com\/hudo.si","article_published_time":"2016-04-26T07:09:24+00:00","og_image":[{"width":1250,"height":937,"url":"https:\/\/hudo.com\/si\/wp-content\/uploads\/sites\/2\/2016\/04\/profimedia-0160465542.jpg","type":"image\/jpeg"}],"author":"A. G., STA","twitter_card":"summary_large_image","twitter_creator":"@hudo_si","twitter_site":"@hudo_si","twitter_misc":{"Written by":"A. G., STA","Est. reading time":"2 minuti"},"schema":{"@context":"https:\/\/schema.org","@graph":[{"@type":"Article","@id":"https:\/\/hudo.com\/si\/aktualno\/posledice-cernobila-tudi-30-let-po-nesreci-ogrozajo-zdravje-lokalnega-prebivalstva\/#article","isPartOf":{"@id":"https:\/\/hudo.com\/si\/aktualno\/posledice-cernobila-tudi-30-let-po-nesreci-ogrozajo-zdravje-lokalnega-prebivalstva\/"},"author":{"name":"A. G., STA","@id":"https:\/\/hudo.com\/si\/#\/schema\/person\/2391667a63ea075ba94f2f2dc6b77537"},"headline":"Posledice \u010cernobila tudi 30 let po nesre\u010di ogro\u017eajo zdravje lokalnega prebivalstva","datePublished":"2016-04-26T07:09:24+00:00","dateModified":"2016-04-26T07:09:24+00:00","mainEntityOfPage":{"@id":"https:\/\/hudo.com\/si\/aktualno\/posledice-cernobila-tudi-30-let-po-nesreci-ogrozajo-zdravje-lokalnega-prebivalstva\/"},"wordCount":320,"publisher":{"@id":"https:\/\/hudo.com\/si\/#organization"},"keywords":["\u010dernobil","jedrska nesre\u010da","obletnica","ukrajina"],"articleSection":["Aktualno"],"inLanguage":"sl-SI"},{"@type":"WebPage","@id":"https:\/\/hudo.com\/si\/aktualno\/posledice-cernobila-tudi-30-let-po-nesreci-ogrozajo-zdravje-lokalnega-prebivalstva\/","url":"https:\/\/hudo.com\/si\/aktualno\/posledice-cernobila-tudi-30-let-po-nesreci-ogrozajo-zdravje-lokalnega-prebivalstva\/","name":"Posledice \u010cernobila tudi 30 let po nesre\u010di ogro\u017eajo zdravje lokalnega prebivalstva - Hudo Slovenija","isPartOf":{"@id":"https:\/\/hudo.com\/si\/#website"},"datePublished":"2016-04-26T07:09:24+00:00","dateModified":"2016-04-26T07:09:24+00:00","breadcrumb":{"@id":"https:\/\/hudo.com\/si\/aktualno\/posledice-cernobila-tudi-30-let-po-nesreci-ogrozajo-zdravje-lokalnega-prebivalstva\/#breadcrumb"},"inLanguage":"sl-SI","potentialAction":[{"@type":"ReadAction","target":["https:\/\/hudo.com\/si\/aktualno\/posledice-cernobila-tudi-30-let-po-nesreci-ogrozajo-zdravje-lokalnega-prebivalstva\/"]}]},{"@type":"BreadcrumbList","@id":"https:\/\/hudo.com\/si\/aktualno\/posledice-cernobila-tudi-30-let-po-nesreci-ogrozajo-zdravje-lokalnega-prebivalstva\/#breadcrumb","itemListElement":[{"@type":"ListItem","position":1,"name":"Home","item":"https:\/\/hudo.com\/si\/"},{"@type":"ListItem","position":2,"name":"Posledice \u010cernobila tudi 30 let po nesre\u010di ogro\u017eajo zdravje lokalnega prebivalstva"}]},{"@type":"WebSite","@id":"https:\/\/hudo.com\/si\/#website","url":"https:\/\/hudo.com\/si\/","name":"Hudo Slovenija","description":"Vse novice iz Slovenije in sveta","publisher":{"@id":"https:\/\/hudo.com\/si\/#organization"},"potentialAction":[{"@type":"SearchAction","target":{"@type":"EntryPoint","urlTemplate":"https:\/\/hudo.com\/si\/?s={search_term_string}"},"query-input":"required name=search_term_string"}],"inLanguage":"sl-SI"},{"@type":"Organization","@id":"https:\/\/hudo.com\/si\/#organization","name":"VSN Media","url":"https:\/\/hudo.com\/si\/","logo":{"@type":"ImageObject","inLanguage":"sl-SI","@id":"https:\/\/hudo.com\/si\/#\/schema\/logo\/image\/","url":"https:\/\/hudo.com\/si\/wp-content\/uploads\/sites\/2\/2021\/03\/hudo-app-2.png","contentUrl":"https:\/\/hudo.com\/si\/wp-content\/uploads\/sites\/2\/2021\/03\/hudo-app-2.png","width":2185,"height":2167,"caption":"VSN Media"},"image":{"@id":"https:\/\/hudo.com\/si\/#\/schema\/logo\/image\/"},"sameAs":["https:\/\/www.facebook.com\/hudo.si","https:\/\/twitter.com\/hudo_si"]},{"@type":"Person","@id":"https:\/\/hudo.com\/si\/#\/schema\/person\/2391667a63ea075ba94f2f2dc6b77537","name":"A. G., STA","image":{"@type":"ImageObject","inLanguage":"sl-SI","@id":"https:\/\/hudo.com\/si\/#\/schema\/person\/image\/","url":"https:\/\/secure.gravatar.com\/avatar\/e13d22ac3e442658d5025fbbe6238a79?s=96&d=mm&r=g","contentUrl":"https:\/\/secure.gravatar.com\/avatar\/e13d22ac3e442658d5025fbbe6238a79?s=96&d=mm&r=g","caption":"A. G., STA"},"url":"https:\/\/hudo.com\/si\/author\/alenka\/"}]}},"amp_enabled":true,"_links":{"self":[{"href":"https:\/\/hudo.com\/si\/wp-json\/wp\/v2\/posts\/39545"}],"collection":[{"href":"https:\/\/hudo.com\/si\/wp-json\/wp\/v2\/posts"}],"about":[{"href":"https:\/\/hudo.com\/si\/wp-json\/wp\/v2\/types\/post"}],"author":[{"embeddable":true,"href":"https:\/\/hudo.com\/si\/wp-json\/wp\/v2\/users\/5"}],"replies":[{"embeddable":true,"href":"https:\/\/hudo.com\/si\/wp-json\/wp\/v2\/comments?post=39545"}],"version-history":[{"count":1,"href":"https:\/\/hudo.com\/si\/wp-json\/wp\/v2\/posts\/39545\/revisions"}],"predecessor-version":[{"id":39547,"href":"https:\/\/hudo.com\/si\/wp-json\/wp\/v2\/posts\/39545\/revisions\/39547"}],"wp:featuredmedia":[{"embeddable":true,"href":"https:\/\/hudo.com\/si\/wp-json\/wp\/v2\/media\/39546"}],"wp:attachment":[{"href":"https:\/\/hudo.com\/si\/wp-json\/wp\/v2\/media?parent=39545"}],"wp:term":[{"taxonomy":"category","embeddable":true,"href":"https:\/\/hudo.com\/si\/wp-json\/wp\/v2\/categories?post=39545"},{"taxonomy":"post_tag","embeddable":true,"href":"https:\/\/hudo.com\/si\/wp-json\/wp\/v2\/tags?post=39545"},{"taxonomy":"source","embeddable":true,"href":"https:\/\/hudo.com\/si\/wp-json\/wp\/v2\/source?post=39545"},{"taxonomy":"supertag","embeddable":true,"href":"https:\/\/hudo.com\/si\/wp-json\/wp\/v2\/supertag?post=39545"}],"curies":[{"name":"wp","href":"https:\/\/api.w.org\/{rel}","templated":true}]}}