{"id":395625,"date":"2019-03-25T18:40:49","date_gmt":"2019-03-25T17:40:49","guid":{"rendered":"http:\/\/hudo.com\/si\/?p=395625"},"modified":"2019-03-25T18:40:49","modified_gmt":"2019-03-25T17:40:49","slug":"potniki-najprej-mislili-da-gre-za-salo-ko-namesto-v-dusseldorfu-pristali-v-edinburgu","status":"publish","type":"post","link":"https:\/\/hudo.com\/si\/aktualno\/potniki-najprej-mislili-da-gre-za-salo-ko-namesto-v-dusseldorfu-pristali-v-edinburgu\/","title":{"rendered":"Potniki so najprej mislili, da gre za \u0161alo, ko so namesto v D\u00fcsseldorfu pristali v Edinburgu"},"content":{"rendered":"<p>\u0160lo je za let dru\u017ebe WDL Aviation, ki je najela letalo britanskega British Airways. Kot poro\u010da britanski BBC, \u0161e vedno preu\u010dujejo, kako je lahko pri\u0161lo do napake.<\/p>\n<p>V British Airwaysu so pojasnili, da se pilot ni izgubil, ampak je pa\u010d letel proti Edinburgu, ker je na\u010drt poleta to predvideval.<\/p>\n<p>Potnica Sophie Cooke, ki vsak teden slu\u017ebeno potuje iz Londona v D\u00fcsseldorf, je povedala, da so po napovedi pilota, da bodo leteli proti Edinburgu, vsi mislili, da gre za \u0161alo. Celo vpra\u0161ala je posadko, ali so resni.<\/p>\n<p>Da so, pa so presene\u010deni potniki spoznali ob pristanku, ko so jih pozdravili z &#8220;dobrodo\u0161li v Edinburgu&#8221;.<\/p>\n<p>Pilot je, potem ko so ugotovili napako, sku\u0161al zagato popraviti in je vpra\u0161al potnike, kdo \u017eeli v D\u00fcsseldorf. Vsi so dvignili roke. &#8220;Pilot je pojasnil, da nima pojma, kaj se je zgodilo. Povedal je, da se mu kaj takega \u0161e ni zgodilo in da bodo zdaj poskusili ugotoviti, kaj lahko naredijo,&#8221; je \u0161e pojasnila Sophie Cooke.<\/p>\n<p>Pilotu je potem vendarle uspelo, da so lahko pot po nepredvidenem postanku v Edinburgu nadaljevali proti D\u00fcsseldorfu. Na letalu so sicer za nadaljevanje poti \u010dakali dve uri in pol, kar je bilo po besedah Cookove precej nadle\u017eno, \u0161e posebej, ker niso smeli na strani\u0161\u010de, na letalu pa je zmanjkalo tudi prigrizkov. &#8220;In bilo je tudi precej zadu\u0161ljivo,&#8221; je \u0161e opisala.<\/p>\n<p>Tovrstne zme\u0161njave so po poro\u010danju BBC zelo redke. Povzro\u010dijo pa tudi precej vpra\u0161anj, na katere bo moral prevoznik odgovoriti, tudi glede nadomestila za zamudo.<\/p>\n","protected":false},"excerpt":{"rendered":"<p>Letalski potniki, ki so hoteli iz Londona v nem\u0161ki D\u00fcsseldorf, so zaradi napa\u010dnega na\u010drta poleta, ki ga je dobil pilot, pristali v Edinburgu na \u0160kotskem. Ko je pilot sporo\u010dil, da letijo proti Edinburgu, so sprva mislili, da gre za \u0161alo, nikomur pa potem ni bilo ni\u010d jasno, ko so tam dejansko pristali. Na koncu so jih le prepeljali na pravi cilj.<\/p>\n","protected":false},"author":8,"featured_media":154648,"comment_status":"closed","ping_status":"closed","sticky":false,"template":"","format":"standard","meta":{"footnotes":""},"categories":[1179],"tags":[1770],"source":[4511],"supertag":[6103],"acf":[],"yoast_head":"<!-- This site is optimized with the Yoast SEO plugin v21.3 - https:\/\/yoast.com\/wordpress\/plugins\/seo\/ -->\n<title>Potniki so najprej mislili, da gre za \u0161alo, ko so namesto v D\u00fcsseldorfu pristali v Edinburgu - Hudo Slovenija<\/title>\n<meta name=\"robots\" content=\"index, follow, max-snippet:-1, max-image-preview:large, max-video-preview:-1\" \/>\n<link rel=\"canonical\" href=\"https:\/\/hudo.com\/si\/aktualno\/potniki-najprej-mislili-da-gre-za-salo-ko-namesto-v-dusseldorfu-pristali-v-edinburgu\/\" \/>\n<meta property=\"og:locale\" content=\"sl_SI\" \/>\n<meta property=\"og:type\" content=\"article\" \/>\n<meta property=\"og:title\" content=\"Potniki so najprej mislili, da gre za \u0161alo, ko so namesto v D\u00fcsseldorfu pristali v Edinburgu - Hudo Slovenija\" \/>\n<meta property=\"og:description\" content=\"Letalski potniki, ki so hoteli iz Londona v nem\u0161ki D\u00fcsseldorf, so zaradi napa\u010dnega na\u010drta poleta, ki ga je dobil pilot, pristali v Edinburgu na \u0160kotskem. Ko je pilot sporo\u010dil, da letijo proti Edinburgu, so sprva mislili, da gre za \u0161alo, nikomur pa potem ni bilo ni\u010d jasno, ko so tam dejansko pristali. Na koncu so jih le prepeljali na pravi cilj.\" \/>\n<meta property=\"og:url\" content=\"https:\/\/hudo.com\/si\/aktualno\/potniki-najprej-mislili-da-gre-za-salo-ko-namesto-v-dusseldorfu-pristali-v-edinburgu\/\" \/>\n<meta property=\"og:site_name\" content=\"Hudo Slovenija\" \/>\n<meta property=\"article:publisher\" content=\"https:\/\/www.facebook.com\/hudo.si\" \/>\n<meta property=\"article:published_time\" content=\"2019-03-25T17:40:49+00:00\" \/>\n<meta property=\"og:image\" content=\"https:\/\/hudo.com\/si\/wp-content\/uploads\/sites\/2\/2016\/10\/profimedia-0293953919.jpg\" \/>\n\t<meta property=\"og:image:width\" content=\"1250\" \/>\n\t<meta property=\"og:image:height\" content=\"834\" \/>\n\t<meta property=\"og:image:type\" content=\"image\/jpeg\" \/>\n<meta name=\"author\" content=\"M. N., STA\" \/>\n<meta name=\"twitter:card\" content=\"summary_large_image\" \/>\n<meta name=\"twitter:creator\" content=\"@hudo_si\" \/>\n<meta name=\"twitter:site\" content=\"@hudo_si\" \/>\n<meta name=\"twitter:label1\" content=\"Written by\" \/>\n\t<meta name=\"twitter:data1\" content=\"M. N., STA\" \/>\n\t<meta name=\"twitter:label2\" content=\"Est. reading time\" \/>\n\t<meta name=\"twitter:data2\" content=\"1 minuta\" \/>\n<script type=\"application\/ld+json\" class=\"yoast-schema-graph\">{\"@context\":\"https:\/\/schema.org\",\"@graph\":[{\"@type\":\"Article\",\"@id\":\"https:\/\/hudo.com\/si\/aktualno\/potniki-najprej-mislili-da-gre-za-salo-ko-namesto-v-dusseldorfu-pristali-v-edinburgu\/#article\",\"isPartOf\":{\"@id\":\"https:\/\/hudo.com\/si\/aktualno\/potniki-najprej-mislili-da-gre-za-salo-ko-namesto-v-dusseldorfu-pristali-v-edinburgu\/\"},\"author\":{\"name\":\"M. N., STA\",\"@id\":\"https:\/\/hudo.com\/si\/#\/schema\/person\/c2f10ce65d2e6ede2aeda5be2a0611fa\"},\"headline\":\"Potniki so najprej mislili, da gre za \u0161alo, ko so namesto v D\u00fcsseldorfu pristali v Edinburgu\",\"datePublished\":\"2019-03-25T17:40:49+00:00\",\"dateModified\":\"2019-03-25T17:40:49+00:00\",\"mainEntityOfPage\":{\"@id\":\"https:\/\/hudo.com\/si\/aktualno\/potniki-najprej-mislili-da-gre-za-salo-ko-namesto-v-dusseldorfu-pristali-v-edinburgu\/\"},\"wordCount\":281,\"publisher\":{\"@id\":\"https:\/\/hudo.com\/si\/#organization\"},\"keywords\":[\"letalski promet\"],\"articleSection\":[\"Aktualno\"],\"inLanguage\":\"sl-SI\"},{\"@type\":\"WebPage\",\"@id\":\"https:\/\/hudo.com\/si\/aktualno\/potniki-najprej-mislili-da-gre-za-salo-ko-namesto-v-dusseldorfu-pristali-v-edinburgu\/\",\"url\":\"https:\/\/hudo.com\/si\/aktualno\/potniki-najprej-mislili-da-gre-za-salo-ko-namesto-v-dusseldorfu-pristali-v-edinburgu\/\",\"name\":\"Potniki so najprej mislili, da gre za \u0161alo, ko so namesto v D\u00fcsseldorfu pristali v Edinburgu - Hudo Slovenija\",\"isPartOf\":{\"@id\":\"https:\/\/hudo.com\/si\/#website\"},\"datePublished\":\"2019-03-25T17:40:49+00:00\",\"dateModified\":\"2019-03-25T17:40:49+00:00\",\"breadcrumb\":{\"@id\":\"https:\/\/hudo.com\/si\/aktualno\/potniki-najprej-mislili-da-gre-za-salo-ko-namesto-v-dusseldorfu-pristali-v-edinburgu\/#breadcrumb\"},\"inLanguage\":\"sl-SI\",\"potentialAction\":[{\"@type\":\"ReadAction\",\"target\":[\"https:\/\/hudo.com\/si\/aktualno\/potniki-najprej-mislili-da-gre-za-salo-ko-namesto-v-dusseldorfu-pristali-v-edinburgu\/\"]}]},{\"@type\":\"BreadcrumbList\",\"@id\":\"https:\/\/hudo.com\/si\/aktualno\/potniki-najprej-mislili-da-gre-za-salo-ko-namesto-v-dusseldorfu-pristali-v-edinburgu\/#breadcrumb\",\"itemListElement\":[{\"@type\":\"ListItem\",\"position\":1,\"name\":\"Home\",\"item\":\"https:\/\/hudo.com\/si\/\"},{\"@type\":\"ListItem\",\"position\":2,\"name\":\"Potniki so najprej mislili, da gre za \u0161alo, ko so namesto v D\u00fcsseldorfu pristali v Edinburgu\"}]},{\"@type\":\"WebSite\",\"@id\":\"https:\/\/hudo.com\/si\/#website\",\"url\":\"https:\/\/hudo.com\/si\/\",\"name\":\"Hudo Slovenija\",\"description\":\"Vse novice iz Slovenije in sveta\",\"publisher\":{\"@id\":\"https:\/\/hudo.com\/si\/#organization\"},\"potentialAction\":[{\"@type\":\"SearchAction\",\"target\":{\"@type\":\"EntryPoint\",\"urlTemplate\":\"https:\/\/hudo.com\/si\/?s={search_term_string}\"},\"query-input\":\"required name=search_term_string\"}],\"inLanguage\":\"sl-SI\"},{\"@type\":\"Organization\",\"@id\":\"https:\/\/hudo.com\/si\/#organization\",\"name\":\"VSN Media\",\"url\":\"https:\/\/hudo.com\/si\/\",\"logo\":{\"@type\":\"ImageObject\",\"inLanguage\":\"sl-SI\",\"@id\":\"https:\/\/hudo.com\/si\/#\/schema\/logo\/image\/\",\"url\":\"https:\/\/hudo.com\/si\/wp-content\/uploads\/sites\/2\/2021\/03\/hudo-app-2.png\",\"contentUrl\":\"https:\/\/hudo.com\/si\/wp-content\/uploads\/sites\/2\/2021\/03\/hudo-app-2.png\",\"width\":2185,\"height\":2167,\"caption\":\"VSN Media\"},\"image\":{\"@id\":\"https:\/\/hudo.com\/si\/#\/schema\/logo\/image\/\"},\"sameAs\":[\"https:\/\/www.facebook.com\/hudo.si\",\"https:\/\/twitter.com\/hudo_si\"]},{\"@type\":\"Person\",\"@id\":\"https:\/\/hudo.com\/si\/#\/schema\/person\/c2f10ce65d2e6ede2aeda5be2a0611fa\",\"name\":\"M. N., STA\",\"image\":{\"@type\":\"ImageObject\",\"inLanguage\":\"sl-SI\",\"@id\":\"https:\/\/hudo.com\/si\/#\/schema\/person\/image\/\",\"url\":\"https:\/\/secure.gravatar.com\/avatar\/f370d38daa10467f755c5c766a4cac20?s=96&d=mm&r=g\",\"contentUrl\":\"https:\/\/secure.gravatar.com\/avatar\/f370d38daa10467f755c5c766a4cac20?s=96&d=mm&r=g\",\"caption\":\"M. N., STA\"},\"url\":\"https:\/\/hudo.com\/si\/author\/mana\/\"}]}<\/script>\n<!-- \/ Yoast SEO plugin. -->","yoast_head_json":{"title":"Potniki so najprej mislili, da gre za \u0161alo, ko so namesto v D\u00fcsseldorfu pristali v Edinburgu - Hudo Slovenija","robots":{"index":"index","follow":"follow","max-snippet":"max-snippet:-1","max-image-preview":"max-image-preview:large","max-video-preview":"max-video-preview:-1"},"canonical":"https:\/\/hudo.com\/si\/aktualno\/potniki-najprej-mislili-da-gre-za-salo-ko-namesto-v-dusseldorfu-pristali-v-edinburgu\/","og_locale":"sl_SI","og_type":"article","og_title":"Potniki so najprej mislili, da gre za \u0161alo, ko so namesto v D\u00fcsseldorfu pristali v Edinburgu - Hudo Slovenija","og_description":"Letalski potniki, ki so hoteli iz Londona v nem\u0161ki D\u00fcsseldorf, so zaradi napa\u010dnega na\u010drta poleta, ki ga je dobil pilot, pristali v Edinburgu na \u0160kotskem. Ko je pilot sporo\u010dil, da letijo proti Edinburgu, so sprva mislili, da gre za \u0161alo, nikomur pa potem ni bilo ni\u010d jasno, ko so tam dejansko pristali. Na koncu so jih le prepeljali na pravi cilj.","og_url":"https:\/\/hudo.com\/si\/aktualno\/potniki-najprej-mislili-da-gre-za-salo-ko-namesto-v-dusseldorfu-pristali-v-edinburgu\/","og_site_name":"Hudo Slovenija","article_publisher":"https:\/\/www.facebook.com\/hudo.si","article_published_time":"2019-03-25T17:40:49+00:00","og_image":[{"width":1250,"height":834,"url":"https:\/\/hudo.com\/si\/wp-content\/uploads\/sites\/2\/2016\/10\/profimedia-0293953919.jpg","type":"image\/jpeg"}],"author":"M. N., STA","twitter_card":"summary_large_image","twitter_creator":"@hudo_si","twitter_site":"@hudo_si","twitter_misc":{"Written by":"M. N., STA","Est. reading time":"1 minuta"},"schema":{"@context":"https:\/\/schema.org","@graph":[{"@type":"Article","@id":"https:\/\/hudo.com\/si\/aktualno\/potniki-najprej-mislili-da-gre-za-salo-ko-namesto-v-dusseldorfu-pristali-v-edinburgu\/#article","isPartOf":{"@id":"https:\/\/hudo.com\/si\/aktualno\/potniki-najprej-mislili-da-gre-za-salo-ko-namesto-v-dusseldorfu-pristali-v-edinburgu\/"},"author":{"name":"M. N., STA","@id":"https:\/\/hudo.com\/si\/#\/schema\/person\/c2f10ce65d2e6ede2aeda5be2a0611fa"},"headline":"Potniki so najprej mislili, da gre za \u0161alo, ko so namesto v D\u00fcsseldorfu pristali v Edinburgu","datePublished":"2019-03-25T17:40:49+00:00","dateModified":"2019-03-25T17:40:49+00:00","mainEntityOfPage":{"@id":"https:\/\/hudo.com\/si\/aktualno\/potniki-najprej-mislili-da-gre-za-salo-ko-namesto-v-dusseldorfu-pristali-v-edinburgu\/"},"wordCount":281,"publisher":{"@id":"https:\/\/hudo.com\/si\/#organization"},"keywords":["letalski promet"],"articleSection":["Aktualno"],"inLanguage":"sl-SI"},{"@type":"WebPage","@id":"https:\/\/hudo.com\/si\/aktualno\/potniki-najprej-mislili-da-gre-za-salo-ko-namesto-v-dusseldorfu-pristali-v-edinburgu\/","url":"https:\/\/hudo.com\/si\/aktualno\/potniki-najprej-mislili-da-gre-za-salo-ko-namesto-v-dusseldorfu-pristali-v-edinburgu\/","name":"Potniki so najprej mislili, da gre za \u0161alo, ko so namesto v D\u00fcsseldorfu pristali v Edinburgu - Hudo Slovenija","isPartOf":{"@id":"https:\/\/hudo.com\/si\/#website"},"datePublished":"2019-03-25T17:40:49+00:00","dateModified":"2019-03-25T17:40:49+00:00","breadcrumb":{"@id":"https:\/\/hudo.com\/si\/aktualno\/potniki-najprej-mislili-da-gre-za-salo-ko-namesto-v-dusseldorfu-pristali-v-edinburgu\/#breadcrumb"},"inLanguage":"sl-SI","potentialAction":[{"@type":"ReadAction","target":["https:\/\/hudo.com\/si\/aktualno\/potniki-najprej-mislili-da-gre-za-salo-ko-namesto-v-dusseldorfu-pristali-v-edinburgu\/"]}]},{"@type":"BreadcrumbList","@id":"https:\/\/hudo.com\/si\/aktualno\/potniki-najprej-mislili-da-gre-za-salo-ko-namesto-v-dusseldorfu-pristali-v-edinburgu\/#breadcrumb","itemListElement":[{"@type":"ListItem","position":1,"name":"Home","item":"https:\/\/hudo.com\/si\/"},{"@type":"ListItem","position":2,"name":"Potniki so najprej mislili, da gre za \u0161alo, ko so namesto v D\u00fcsseldorfu pristali v Edinburgu"}]},{"@type":"WebSite","@id":"https:\/\/hudo.com\/si\/#website","url":"https:\/\/hudo.com\/si\/","name":"Hudo Slovenija","description":"Vse novice iz Slovenije in sveta","publisher":{"@id":"https:\/\/hudo.com\/si\/#organization"},"potentialAction":[{"@type":"SearchAction","target":{"@type":"EntryPoint","urlTemplate":"https:\/\/hudo.com\/si\/?s={search_term_string}"},"query-input":"required name=search_term_string"}],"inLanguage":"sl-SI"},{"@type":"Organization","@id":"https:\/\/hudo.com\/si\/#organization","name":"VSN Media","url":"https:\/\/hudo.com\/si\/","logo":{"@type":"ImageObject","inLanguage":"sl-SI","@id":"https:\/\/hudo.com\/si\/#\/schema\/logo\/image\/","url":"https:\/\/hudo.com\/si\/wp-content\/uploads\/sites\/2\/2021\/03\/hudo-app-2.png","contentUrl":"https:\/\/hudo.com\/si\/wp-content\/uploads\/sites\/2\/2021\/03\/hudo-app-2.png","width":2185,"height":2167,"caption":"VSN Media"},"image":{"@id":"https:\/\/hudo.com\/si\/#\/schema\/logo\/image\/"},"sameAs":["https:\/\/www.facebook.com\/hudo.si","https:\/\/twitter.com\/hudo_si"]},{"@type":"Person","@id":"https:\/\/hudo.com\/si\/#\/schema\/person\/c2f10ce65d2e6ede2aeda5be2a0611fa","name":"M. N., STA","image":{"@type":"ImageObject","inLanguage":"sl-SI","@id":"https:\/\/hudo.com\/si\/#\/schema\/person\/image\/","url":"https:\/\/secure.gravatar.com\/avatar\/f370d38daa10467f755c5c766a4cac20?s=96&d=mm&r=g","contentUrl":"https:\/\/secure.gravatar.com\/avatar\/f370d38daa10467f755c5c766a4cac20?s=96&d=mm&r=g","caption":"M. N., STA"},"url":"https:\/\/hudo.com\/si\/author\/mana\/"}]}},"amp_enabled":true,"_links":{"self":[{"href":"https:\/\/hudo.com\/si\/wp-json\/wp\/v2\/posts\/395625"}],"collection":[{"href":"https:\/\/hudo.com\/si\/wp-json\/wp\/v2\/posts"}],"about":[{"href":"https:\/\/hudo.com\/si\/wp-json\/wp\/v2\/types\/post"}],"author":[{"embeddable":true,"href":"https:\/\/hudo.com\/si\/wp-json\/wp\/v2\/users\/8"}],"replies":[{"embeddable":true,"href":"https:\/\/hudo.com\/si\/wp-json\/wp\/v2\/comments?post=395625"}],"version-history":[{"count":1,"href":"https:\/\/hudo.com\/si\/wp-json\/wp\/v2\/posts\/395625\/revisions"}],"predecessor-version":[{"id":395626,"href":"https:\/\/hudo.com\/si\/wp-json\/wp\/v2\/posts\/395625\/revisions\/395626"}],"wp:featuredmedia":[{"embeddable":true,"href":"https:\/\/hudo.com\/si\/wp-json\/wp\/v2\/media\/154648"}],"wp:attachment":[{"href":"https:\/\/hudo.com\/si\/wp-json\/wp\/v2\/media?parent=395625"}],"wp:term":[{"taxonomy":"category","embeddable":true,"href":"https:\/\/hudo.com\/si\/wp-json\/wp\/v2\/categories?post=395625"},{"taxonomy":"post_tag","embeddable":true,"href":"https:\/\/hudo.com\/si\/wp-json\/wp\/v2\/tags?post=395625"},{"taxonomy":"source","embeddable":true,"href":"https:\/\/hudo.com\/si\/wp-json\/wp\/v2\/source?post=395625"},{"taxonomy":"supertag","embeddable":true,"href":"https:\/\/hudo.com\/si\/wp-json\/wp\/v2\/supertag?post=395625"}],"curies":[{"name":"wp","href":"https:\/\/api.w.org\/{rel}","templated":true}]}}