{"id":396103,"date":"2019-04-01T17:19:20","date_gmt":"2019-04-01T15:19:20","guid":{"rendered":"http:\/\/hudo.com\/si\/?p=396103"},"modified":"2019-04-01T17:19:20","modified_gmt":"2019-04-01T15:19:20","slug":"bliza-se-vseslovenska-prostovoljska-akcija-pomlajevanja-gozdov","status":"publish","type":"post","link":"https:\/\/hudo.com\/si\/aktualno\/bliza-se-vseslovenska-prostovoljska-akcija-pomlajevanja-gozdov\/","title":{"rendered":"Bli\u017ea se vseslovenska prostovoljska akcija pomlajevanja gozdov"},"content":{"rendered":"<p>Akcijo organizira upravljalec dr\u017eavnih gozdov, dru\u017eba Slovenski dr\u017eavni gozdovi, skupaj s partnerji &#8211; ministrstvom za kmetijstvo, gozdarstvo in prehrano, Zavodom RS za gozdove, Zavodom RS za varstvo narave ter Zvezo tabornikov Slovenije in Zdru\u017eenjem slovenskih katoli\u0161kih skavtov in skavtinj.<\/p>\n<p>Kot je na dana\u0161nji novinarski konferenci v Ljubljani spomnil glavni direktor Slovenskih dr\u017eavnih gozdov Zlatko Ficko, se slovenski gozdovi v zadnjih petih letih sre\u010dujejo z veliko naravnimi nesre\u010dami. Po oceni skrbnika dr\u017eavnih gozdov so ujme &#8211; \u017eled, nato namno\u017eitev podlubnikov in dva vetroloma &#8211; po\u0161kodovale med 16 in 20 milijoni kubi\u010dnih metrov lesa, od tega je 1700 hektarjev povr\u0161in tako po\u0161kodovanih, da jih ne morejo prepustiti naravni obnovi, temve\u010d je potrebna umetna obnova s sajenjem dreves.<\/p>\n<p>&#8220;Odgovornost nas vseh je, da gozdove obnavljamo in negujemo tako, da bodo tudi na\u0161i zanamci dele\u017eni vseh njihovih pozitivnih u\u010dinkov za \u017eivljenje v naravnem in zdravem okolju,&#8221; je poudaril Ficko.<\/p>\n<p>Sobotni akciji se bo pridru\u017eila tudi ministrica Aleksandra Pivec, ki ugotavlja, da vedno ve\u010dji interes za akcijo ka\u017ee na to, da ljudje v Sloveniji gojijo pozitiven odnos do varovanja gozdov in zavedanja, kaj gozd sploh pomeni in katere funkcije opravlja.<\/p>\n<p>Ministrica je ob tem spomnila na slogan ob leto\u0161njem mednarodnem dnevu gozdov, 21. marcu, U\u010dimo se z gozdovi &#8211; gozd je modrost!, saj se ji spoznavanje z gozdovi \u017ee v otro\u0161tvu zdi klju\u010dnega pomena. &#8220;\u017delimo za\u010deti z osve\u0161\u010danjem pri najmlaj\u0161ih generacijah, zato vodimo \u0161tevilne akcije informiranja in obve\u0161\u010danja, s katerimi opozarjamo na vlogo gozda pri podnebnih spremembah, odpravljanju lakote in ustvarjanje u\u010dinkov trajnostnih skupnosti,&#8221; je poudarila.<\/p>\n<p>Ob tem je dodala, da so na ministrstvu opravili anketo, s katero so \u017eeleli preveriti podobo gozdov, gozdarstvo in lesa v o\u010deh slovenske javnosti. Ta je med drugim potrdila pomembnost in primernost dejavnosti, kot je sobotna akcija, dve tretjini sodelujo\u010dih je namre\u010d pripravljenih sodelovati v tak\u0161nih aktivnostih.<\/p>\n<p>&#8220;Tudi sicer smo z anketo ugotovili, da imamo Slovenci zdrav odnos do gozda, da se nas ve\u010dina strinja, da je z gozdom treba aktivno gospodariti, da vanj redno zahajamo, da razumemo vse tiste funkcije, ki jih ima, predvsem pa ljudje tam i\u0161\u010dejo neke vrste sprostitev, mir &#8230;&#8221; je navedla.<\/p>\n<p>Piv\u010devo veseli, da se bodo v sobotni akciji sadila tudi medovita drevesa, s tem se pomaga pre\u017eiveti tudi \u010debelam, ki neposredno vplivajo na pridelavo vsake tretje \u017elice hrane.<\/p>\n<p>Skupno naj bi sicer v vseh slovenskih gozdovih, torej dr\u017eavnih in zasebnih, letos s pribli\u017eno 1,75 milijona sadik drevja obnovili 776 hektarjev gozdov. Ve\u010dino sicer odpade na obnovo po omenjenih naravnih ujmah.<\/p>\n<p>Obnova s sajenjem se bo v naslednjih dveh letih zaklju\u010dila na obmo\u010djih \u017eledoloma, na ostalih prizadetih obmo\u010djih po podlubnikih in vetrolomih pa v naslednjih petih letih.<\/p>\n<p>Po besedah vodje slu\u017ebe za sajenje pri zavodu za gozdove Andreja Breznikarja se je obnova gozdov po ujmah za\u010dela leta 2015, do danes je pomlajenih 610 hektarjev gozdov s sadikami, sanacijo s sajenjem mo\u010dno pospe\u0161ujejo v zadnjem letu. Letos bodo sadili pribli\u017eno 20 drevesnih vrst, glavne med njimi so bukev, smreka, hrasti in macesen, reprodukcijski material prihaja z doma\u010dih tal.<\/p>\n<p>Naravna obnova medtem poteka na pribli\u017eno 31.000 hektarjih. Ta ne poteka popolnoma samodejno, ampak je treba z negovalnimi ukrepi tak gozd spremljati \u0161e 10, 15 let, da pride v tisto stanje, kot ga \u017eelijo, je \u0161e navedel Breznikar, ki med ljudmi opa\u017ea vedno bolj pozitiven odnos do gozda.<\/p>\n<p>&#8220;Po\u010dasi se bomo morali nau\u010diti tudi kaj narediti za naravo, doslej smo bili navajeni predvsem iz narave jemati. Zdaj, ko je po\u0161kodovana, v tem primeru govorimo o gozdovih, pa je prav, da gremo vsi v akcijo in naravi nekaj vrnemo,&#8221; pa je poudaril direktor Zavoda RS za varstvo narave Teo Hrvoje Or\u0161ani\u010d.<\/p>\n<p>Interes za leto\u0161njo akcijo pomlajevanja gozdov po Fickovih besedah presega lanskega &#8211; v prvi akciji, ki je potekala jeseni lani, je sodelovalo ve\u010d kot 400 prostovoljcev. Ker pa so gozdovi izpostavljeni vsakoletnim ali ve\u010dkratnim nev\u0161e\u010dnostim v obliki naravnih ujm, so se po Fickovih besedah odlo\u010dili, da akcija postane tradicionalna.<\/p>\n<p>V soboto se bo sadilo na petih lokacijah, Spodnjih Cvi\u0161lerjih pri Ko\u010devju, Ravniku pri Logatcu, Lovrencu na Pohorju, Ravbarkomandi pri Postojni in ko\u010di Mladika pri Postojni. Zbor bo ob 9. uri, akcija pa bo tudi v primeru rahlega de\u017eja &#8211; za teden dni se bo zamaknila le v primeru mo\u010dnega de\u017eja.<\/p>\n","protected":false},"excerpt":{"rendered":"<p>Slovenski gozdovi, ki so po ve\u010d naravnih ujmah v preteklih petih letih v fazi mno\u017ei\u010dne sanacije, bodo v soboto v znamenju vseslovenske prostovoljske akcije Pomladimo gozdove 2019. Potekala bo na petih lokacijah po dr\u017eavi, za sajenje je pripravljenih 10.000 sadik razli\u010dnega drevja.<\/p>\n","protected":false},"author":7,"featured_media":396104,"comment_status":"closed","ping_status":"closed","sticky":false,"template":"","format":"standard","meta":{"footnotes":""},"categories":[1179],"tags":[2171,12184,1595],"source":[4511],"supertag":[],"acf":[],"yoast_head":"<!-- This site is optimized with the Yoast SEO plugin v21.3 - https:\/\/yoast.com\/wordpress\/plugins\/seo\/ -->\n<title>Bli\u017ea se vseslovenska prostovoljska akcija pomlajevanja gozdov - Hudo Slovenija<\/title>\n<meta name=\"robots\" content=\"index, follow, max-snippet:-1, max-image-preview:large, max-video-preview:-1\" \/>\n<link rel=\"canonical\" href=\"https:\/\/hudo.com\/si\/aktualno\/bliza-se-vseslovenska-prostovoljska-akcija-pomlajevanja-gozdov\/\" \/>\n<meta property=\"og:locale\" content=\"sl_SI\" \/>\n<meta property=\"og:type\" content=\"article\" \/>\n<meta property=\"og:title\" content=\"Bli\u017ea se vseslovenska prostovoljska akcija pomlajevanja gozdov - Hudo Slovenija\" \/>\n<meta property=\"og:description\" content=\"Slovenski gozdovi, ki so po ve\u010d naravnih ujmah v preteklih petih letih v fazi mno\u017ei\u010dne sanacije, bodo v soboto v znamenju vseslovenske prostovoljske akcije Pomladimo gozdove 2019. Potekala bo na petih lokacijah po dr\u017eavi, za sajenje je pripravljenih 10.000 sadik razli\u010dnega drevja.\" \/>\n<meta property=\"og:url\" content=\"https:\/\/hudo.com\/si\/aktualno\/bliza-se-vseslovenska-prostovoljska-akcija-pomlajevanja-gozdov\/\" \/>\n<meta property=\"og:site_name\" content=\"Hudo Slovenija\" \/>\n<meta property=\"article:publisher\" content=\"https:\/\/www.facebook.com\/hudo.si\" \/>\n<meta property=\"article:published_time\" content=\"2019-04-01T15:19:20+00:00\" \/>\n<meta property=\"og:image\" content=\"https:\/\/hudo.com\/si\/wp-content\/uploads\/sites\/2\/2019\/04\/profimedia-0400484572.jpg\" \/>\n\t<meta property=\"og:image:width\" content=\"1250\" \/>\n\t<meta property=\"og:image:height\" content=\"833\" \/>\n\t<meta property=\"og:image:type\" content=\"image\/jpeg\" \/>\n<meta name=\"author\" content=\"A. P., STA\" \/>\n<meta name=\"twitter:card\" content=\"summary_large_image\" \/>\n<meta name=\"twitter:creator\" content=\"@hudo_si\" \/>\n<meta name=\"twitter:site\" content=\"@hudo_si\" \/>\n<meta name=\"twitter:label1\" content=\"Written by\" \/>\n\t<meta name=\"twitter:data1\" content=\"A. P., STA\" \/>\n\t<meta name=\"twitter:label2\" content=\"Est. reading time\" \/>\n\t<meta name=\"twitter:data2\" content=\"4 minute\" \/>\n<script type=\"application\/ld+json\" class=\"yoast-schema-graph\">{\"@context\":\"https:\/\/schema.org\",\"@graph\":[{\"@type\":\"Article\",\"@id\":\"https:\/\/hudo.com\/si\/aktualno\/bliza-se-vseslovenska-prostovoljska-akcija-pomlajevanja-gozdov\/#article\",\"isPartOf\":{\"@id\":\"https:\/\/hudo.com\/si\/aktualno\/bliza-se-vseslovenska-prostovoljska-akcija-pomlajevanja-gozdov\/\"},\"author\":{\"name\":\"A. P., STA\",\"@id\":\"https:\/\/hudo.com\/si\/#\/schema\/person\/18f09c02475ba9e606e941a565b80cff\"},\"headline\":\"Bli\u017ea se vseslovenska prostovoljska akcija pomlajevanja gozdov\",\"datePublished\":\"2019-04-01T15:19:20+00:00\",\"dateModified\":\"2019-04-01T15:19:20+00:00\",\"mainEntityOfPage\":{\"@id\":\"https:\/\/hudo.com\/si\/aktualno\/bliza-se-vseslovenska-prostovoljska-akcija-pomlajevanja-gozdov\/\"},\"wordCount\":752,\"publisher\":{\"@id\":\"https:\/\/hudo.com\/si\/#organization\"},\"keywords\":[\"ekologija\",\"pogozdovanje\",\"Slovenija\"],\"articleSection\":[\"Aktualno\"],\"inLanguage\":\"sl-SI\"},{\"@type\":\"WebPage\",\"@id\":\"https:\/\/hudo.com\/si\/aktualno\/bliza-se-vseslovenska-prostovoljska-akcija-pomlajevanja-gozdov\/\",\"url\":\"https:\/\/hudo.com\/si\/aktualno\/bliza-se-vseslovenska-prostovoljska-akcija-pomlajevanja-gozdov\/\",\"name\":\"Bli\u017ea se vseslovenska prostovoljska akcija pomlajevanja gozdov - Hudo Slovenija\",\"isPartOf\":{\"@id\":\"https:\/\/hudo.com\/si\/#website\"},\"datePublished\":\"2019-04-01T15:19:20+00:00\",\"dateModified\":\"2019-04-01T15:19:20+00:00\",\"breadcrumb\":{\"@id\":\"https:\/\/hudo.com\/si\/aktualno\/bliza-se-vseslovenska-prostovoljska-akcija-pomlajevanja-gozdov\/#breadcrumb\"},\"inLanguage\":\"sl-SI\",\"potentialAction\":[{\"@type\":\"ReadAction\",\"target\":[\"https:\/\/hudo.com\/si\/aktualno\/bliza-se-vseslovenska-prostovoljska-akcija-pomlajevanja-gozdov\/\"]}]},{\"@type\":\"BreadcrumbList\",\"@id\":\"https:\/\/hudo.com\/si\/aktualno\/bliza-se-vseslovenska-prostovoljska-akcija-pomlajevanja-gozdov\/#breadcrumb\",\"itemListElement\":[{\"@type\":\"ListItem\",\"position\":1,\"name\":\"Home\",\"item\":\"https:\/\/hudo.com\/si\/\"},{\"@type\":\"ListItem\",\"position\":2,\"name\":\"Bli\u017ea se vseslovenska prostovoljska akcija pomlajevanja gozdov\"}]},{\"@type\":\"WebSite\",\"@id\":\"https:\/\/hudo.com\/si\/#website\",\"url\":\"https:\/\/hudo.com\/si\/\",\"name\":\"Hudo Slovenija\",\"description\":\"Vse novice iz Slovenije in sveta\",\"publisher\":{\"@id\":\"https:\/\/hudo.com\/si\/#organization\"},\"potentialAction\":[{\"@type\":\"SearchAction\",\"target\":{\"@type\":\"EntryPoint\",\"urlTemplate\":\"https:\/\/hudo.com\/si\/?s={search_term_string}\"},\"query-input\":\"required name=search_term_string\"}],\"inLanguage\":\"sl-SI\"},{\"@type\":\"Organization\",\"@id\":\"https:\/\/hudo.com\/si\/#organization\",\"name\":\"VSN Media\",\"url\":\"https:\/\/hudo.com\/si\/\",\"logo\":{\"@type\":\"ImageObject\",\"inLanguage\":\"sl-SI\",\"@id\":\"https:\/\/hudo.com\/si\/#\/schema\/logo\/image\/\",\"url\":\"https:\/\/hudo.com\/si\/wp-content\/uploads\/sites\/2\/2021\/03\/hudo-app-2.png\",\"contentUrl\":\"https:\/\/hudo.com\/si\/wp-content\/uploads\/sites\/2\/2021\/03\/hudo-app-2.png\",\"width\":2185,\"height\":2167,\"caption\":\"VSN Media\"},\"image\":{\"@id\":\"https:\/\/hudo.com\/si\/#\/schema\/logo\/image\/\"},\"sameAs\":[\"https:\/\/www.facebook.com\/hudo.si\",\"https:\/\/twitter.com\/hudo_si\"]},{\"@type\":\"Person\",\"@id\":\"https:\/\/hudo.com\/si\/#\/schema\/person\/18f09c02475ba9e606e941a565b80cff\",\"name\":\"A. P., STA\",\"image\":{\"@type\":\"ImageObject\",\"inLanguage\":\"sl-SI\",\"@id\":\"https:\/\/hudo.com\/si\/#\/schema\/person\/image\/\",\"url\":\"https:\/\/secure.gravatar.com\/avatar\/03eac8e609f5f04383125d80eaeaaf3e?s=96&d=mm&r=g\",\"contentUrl\":\"https:\/\/secure.gravatar.com\/avatar\/03eac8e609f5f04383125d80eaeaaf3e?s=96&d=mm&r=g\",\"caption\":\"A. P., STA\"},\"url\":\"https:\/\/hudo.com\/si\/author\/lubu\/\"}]}<\/script>\n<!-- \/ Yoast SEO plugin. -->","yoast_head_json":{"title":"Bli\u017ea se vseslovenska prostovoljska akcija pomlajevanja gozdov - Hudo Slovenija","robots":{"index":"index","follow":"follow","max-snippet":"max-snippet:-1","max-image-preview":"max-image-preview:large","max-video-preview":"max-video-preview:-1"},"canonical":"https:\/\/hudo.com\/si\/aktualno\/bliza-se-vseslovenska-prostovoljska-akcija-pomlajevanja-gozdov\/","og_locale":"sl_SI","og_type":"article","og_title":"Bli\u017ea se vseslovenska prostovoljska akcija pomlajevanja gozdov - Hudo Slovenija","og_description":"Slovenski gozdovi, ki so po ve\u010d naravnih ujmah v preteklih petih letih v fazi mno\u017ei\u010dne sanacije, bodo v soboto v znamenju vseslovenske prostovoljske akcije Pomladimo gozdove 2019. Potekala bo na petih lokacijah po dr\u017eavi, za sajenje je pripravljenih 10.000 sadik razli\u010dnega drevja.","og_url":"https:\/\/hudo.com\/si\/aktualno\/bliza-se-vseslovenska-prostovoljska-akcija-pomlajevanja-gozdov\/","og_site_name":"Hudo Slovenija","article_publisher":"https:\/\/www.facebook.com\/hudo.si","article_published_time":"2019-04-01T15:19:20+00:00","og_image":[{"width":1250,"height":833,"url":"https:\/\/hudo.com\/si\/wp-content\/uploads\/sites\/2\/2019\/04\/profimedia-0400484572.jpg","type":"image\/jpeg"}],"author":"A. P., STA","twitter_card":"summary_large_image","twitter_creator":"@hudo_si","twitter_site":"@hudo_si","twitter_misc":{"Written by":"A. P., STA","Est. reading time":"4 minute"},"schema":{"@context":"https:\/\/schema.org","@graph":[{"@type":"Article","@id":"https:\/\/hudo.com\/si\/aktualno\/bliza-se-vseslovenska-prostovoljska-akcija-pomlajevanja-gozdov\/#article","isPartOf":{"@id":"https:\/\/hudo.com\/si\/aktualno\/bliza-se-vseslovenska-prostovoljska-akcija-pomlajevanja-gozdov\/"},"author":{"name":"A. P., STA","@id":"https:\/\/hudo.com\/si\/#\/schema\/person\/18f09c02475ba9e606e941a565b80cff"},"headline":"Bli\u017ea se vseslovenska prostovoljska akcija pomlajevanja gozdov","datePublished":"2019-04-01T15:19:20+00:00","dateModified":"2019-04-01T15:19:20+00:00","mainEntityOfPage":{"@id":"https:\/\/hudo.com\/si\/aktualno\/bliza-se-vseslovenska-prostovoljska-akcija-pomlajevanja-gozdov\/"},"wordCount":752,"publisher":{"@id":"https:\/\/hudo.com\/si\/#organization"},"keywords":["ekologija","pogozdovanje","Slovenija"],"articleSection":["Aktualno"],"inLanguage":"sl-SI"},{"@type":"WebPage","@id":"https:\/\/hudo.com\/si\/aktualno\/bliza-se-vseslovenska-prostovoljska-akcija-pomlajevanja-gozdov\/","url":"https:\/\/hudo.com\/si\/aktualno\/bliza-se-vseslovenska-prostovoljska-akcija-pomlajevanja-gozdov\/","name":"Bli\u017ea se vseslovenska prostovoljska akcija pomlajevanja gozdov - Hudo Slovenija","isPartOf":{"@id":"https:\/\/hudo.com\/si\/#website"},"datePublished":"2019-04-01T15:19:20+00:00","dateModified":"2019-04-01T15:19:20+00:00","breadcrumb":{"@id":"https:\/\/hudo.com\/si\/aktualno\/bliza-se-vseslovenska-prostovoljska-akcija-pomlajevanja-gozdov\/#breadcrumb"},"inLanguage":"sl-SI","potentialAction":[{"@type":"ReadAction","target":["https:\/\/hudo.com\/si\/aktualno\/bliza-se-vseslovenska-prostovoljska-akcija-pomlajevanja-gozdov\/"]}]},{"@type":"BreadcrumbList","@id":"https:\/\/hudo.com\/si\/aktualno\/bliza-se-vseslovenska-prostovoljska-akcija-pomlajevanja-gozdov\/#breadcrumb","itemListElement":[{"@type":"ListItem","position":1,"name":"Home","item":"https:\/\/hudo.com\/si\/"},{"@type":"ListItem","position":2,"name":"Bli\u017ea se vseslovenska prostovoljska akcija pomlajevanja gozdov"}]},{"@type":"WebSite","@id":"https:\/\/hudo.com\/si\/#website","url":"https:\/\/hudo.com\/si\/","name":"Hudo Slovenija","description":"Vse novice iz Slovenije in sveta","publisher":{"@id":"https:\/\/hudo.com\/si\/#organization"},"potentialAction":[{"@type":"SearchAction","target":{"@type":"EntryPoint","urlTemplate":"https:\/\/hudo.com\/si\/?s={search_term_string}"},"query-input":"required name=search_term_string"}],"inLanguage":"sl-SI"},{"@type":"Organization","@id":"https:\/\/hudo.com\/si\/#organization","name":"VSN Media","url":"https:\/\/hudo.com\/si\/","logo":{"@type":"ImageObject","inLanguage":"sl-SI","@id":"https:\/\/hudo.com\/si\/#\/schema\/logo\/image\/","url":"https:\/\/hudo.com\/si\/wp-content\/uploads\/sites\/2\/2021\/03\/hudo-app-2.png","contentUrl":"https:\/\/hudo.com\/si\/wp-content\/uploads\/sites\/2\/2021\/03\/hudo-app-2.png","width":2185,"height":2167,"caption":"VSN Media"},"image":{"@id":"https:\/\/hudo.com\/si\/#\/schema\/logo\/image\/"},"sameAs":["https:\/\/www.facebook.com\/hudo.si","https:\/\/twitter.com\/hudo_si"]},{"@type":"Person","@id":"https:\/\/hudo.com\/si\/#\/schema\/person\/18f09c02475ba9e606e941a565b80cff","name":"A. P., STA","image":{"@type":"ImageObject","inLanguage":"sl-SI","@id":"https:\/\/hudo.com\/si\/#\/schema\/person\/image\/","url":"https:\/\/secure.gravatar.com\/avatar\/03eac8e609f5f04383125d80eaeaaf3e?s=96&d=mm&r=g","contentUrl":"https:\/\/secure.gravatar.com\/avatar\/03eac8e609f5f04383125d80eaeaaf3e?s=96&d=mm&r=g","caption":"A. P., STA"},"url":"https:\/\/hudo.com\/si\/author\/lubu\/"}]}},"amp_enabled":true,"_links":{"self":[{"href":"https:\/\/hudo.com\/si\/wp-json\/wp\/v2\/posts\/396103"}],"collection":[{"href":"https:\/\/hudo.com\/si\/wp-json\/wp\/v2\/posts"}],"about":[{"href":"https:\/\/hudo.com\/si\/wp-json\/wp\/v2\/types\/post"}],"author":[{"embeddable":true,"href":"https:\/\/hudo.com\/si\/wp-json\/wp\/v2\/users\/7"}],"replies":[{"embeddable":true,"href":"https:\/\/hudo.com\/si\/wp-json\/wp\/v2\/comments?post=396103"}],"version-history":[{"count":1,"href":"https:\/\/hudo.com\/si\/wp-json\/wp\/v2\/posts\/396103\/revisions"}],"predecessor-version":[{"id":396105,"href":"https:\/\/hudo.com\/si\/wp-json\/wp\/v2\/posts\/396103\/revisions\/396105"}],"wp:featuredmedia":[{"embeddable":true,"href":"https:\/\/hudo.com\/si\/wp-json\/wp\/v2\/media\/396104"}],"wp:attachment":[{"href":"https:\/\/hudo.com\/si\/wp-json\/wp\/v2\/media?parent=396103"}],"wp:term":[{"taxonomy":"category","embeddable":true,"href":"https:\/\/hudo.com\/si\/wp-json\/wp\/v2\/categories?post=396103"},{"taxonomy":"post_tag","embeddable":true,"href":"https:\/\/hudo.com\/si\/wp-json\/wp\/v2\/tags?post=396103"},{"taxonomy":"source","embeddable":true,"href":"https:\/\/hudo.com\/si\/wp-json\/wp\/v2\/source?post=396103"},{"taxonomy":"supertag","embeddable":true,"href":"https:\/\/hudo.com\/si\/wp-json\/wp\/v2\/supertag?post=396103"}],"curies":[{"name":"wp","href":"https:\/\/api.w.org\/{rel}","templated":true}]}}