{"id":396201,"date":"2019-04-03T09:19:21","date_gmt":"2019-04-03T07:19:21","guid":{"rendered":"http:\/\/hudo.com\/si\/?p=396201"},"modified":"2019-04-03T09:19:21","modified_gmt":"2019-04-03T07:19:21","slug":"vreme-oblacno-s-krajevnimi-padavinami","status":"publish","type":"post","link":"https:\/\/hudo.com\/si\/aktualno\/vreme-oblacno-s-krajevnimi-padavinami\/","title":{"rendered":"Vreme: Obla\u010dno s krajevnimi padavinami"},"content":{"rendered":"<p>\u010cez dan bo zapihal jugozahodnik, ob morju \u0161ibak jugo. Najvi\u0161je dnevne temperature bodo od 11 do 17, v vzhodni Sloveniji do okoli 19 stopinj Celzija. V \u010detrtek bo na vzhodu ter ob morju deloma son\u010dno, mo\u017ena bo kak\u0161na ploha. Drugod bo spremenljivo do prete\u017eno obla\u010dno z ob\u010dasnimi krajevnimi padavinami, deloma plohami, ki bodo pogostej\u0161e v zahodni Sloveniji. Pihal bo veter ju\u017enih smeri, ob morju okrepljen jugo. Najni\u017eje jutranje temperature bodo 4 do 10, ob morju okoli 12, najvi\u0161je dnevne v severozahodni Sloveniji okoli 12, drugod od 14 do 20 stopinj Celzija.<\/p>\n<p>Obeti: V no\u010di na petek se bo de\u017e okrepil in se do jutra raz\u0161iril proti severovzhodu. Pojavljali se bodo tudi krajevno mo\u010dnej\u0161i nalivi. V petek zjutraj in dopoldne bodo padavine od zahoda oslabele in ponekod ponehale. \u010cez dan bo spremenljivo do prete\u017eno obla\u010dno in hladno, nastale bodo krajevne plohe, ki bodo do ve\u010dera povsod ponehale. V soboto bo delno jasno z ob\u010dasno pove\u010dano obla\u010dnostjo.<\/p>\n<p>Vremenska slika: Nad severozahodno Evropo je obmo\u010dje nizkega zra\u010dnega tlaka, ki se \u0161iri nad srednjo Evropo in zahodno Sredozemlje. Hladna fronta je dosegla zahodne Alpe in se le po\u010dasi pomika naprej proti vzhodu. Pred njo od jugozahoda doteka nad na\u0161e kraje malo hladnej\u0161i in vla\u017een zrak.<\/p>\n<p>Napoved za sosednje pokrajine: Danes bo spremenljivo do prete\u017eno obla\u010dno. V Furlaniji-Julijski krajini, ponekod ob severnem Jadranu in v Gorskem Kotarju bodo krajevne padavine. Pihal bo ve\u010dinoma \u0161ibak veter ju\u017enih smeri. V \u010detrtek bo v krajih vzhodno od nas delno jasno in ve\u010dinoma suho. Drugod bo spremenljivo do prete\u017eno obla\u010dno s krajevnimi padavinami. Zve\u010der se bo de\u017e v krajih zahodno od nas okrepil, mo\u017ene bodo nevihte z nalivi. Ob severnem Jadranu bo pihal zmeren jugo.<\/p>\n<p>Biovreme: Danes bo vremenski vpliv obremenilen. Z vremenom povezane te\u017eave bodo pogoste. Najpogosteje se bodo kazale kot slabo po\u010dutje, potrtost, razdra\u017eljivost, motnje zbranosti, hitreje se bo pojavila utrujenost, okrepili se bodo tudi nekateri bolezenski znaki. Spanje bo moteno. Priporo\u010deno je dosledno upo\u0161tevanje morebitnih predpisanih diet in odmerkov zdravil ter ve\u010dja previdnost.<\/p>\n","protected":false},"excerpt":{"rendered":"<p>Danes bo spremenljivo do prete\u017eno obla\u010dno. Predvsem v zahodni polovici Slovenije bodo ob\u010dasno krajevne padavine, kak\u0161na ploha pa lahko popoldne nastane tudi v vzhodnih krajih, je zapisano na spletnih straneh Agencije RS za okolje.<\/p>\n","protected":false},"author":8,"featured_media":377761,"comment_status":"closed","ping_status":"closed","sticky":false,"template":"","format":"standard","meta":{"footnotes":""},"categories":[1179],"tags":[1595,2149],"source":[4511],"supertag":[],"acf":[],"yoast_head":"<!-- This site is optimized with the Yoast SEO plugin v21.3 - https:\/\/yoast.com\/wordpress\/plugins\/seo\/ -->\n<title>Vreme: Obla\u010dno s krajevnimi padavinami - Hudo Slovenija<\/title>\n<meta name=\"robots\" content=\"index, follow, max-snippet:-1, max-image-preview:large, max-video-preview:-1\" \/>\n<link rel=\"canonical\" href=\"https:\/\/hudo.com\/si\/aktualno\/vreme-oblacno-s-krajevnimi-padavinami\/\" \/>\n<meta property=\"og:locale\" content=\"sl_SI\" \/>\n<meta property=\"og:type\" content=\"article\" \/>\n<meta property=\"og:title\" content=\"Vreme: Obla\u010dno s krajevnimi padavinami - Hudo Slovenija\" \/>\n<meta property=\"og:description\" content=\"Danes bo spremenljivo do prete\u017eno obla\u010dno. Predvsem v zahodni polovici Slovenije bodo ob\u010dasno krajevne padavine, kak\u0161na ploha pa lahko popoldne nastane tudi v vzhodnih krajih, je zapisano na spletnih straneh Agencije RS za okolje.\" \/>\n<meta property=\"og:url\" content=\"https:\/\/hudo.com\/si\/aktualno\/vreme-oblacno-s-krajevnimi-padavinami\/\" \/>\n<meta property=\"og:site_name\" content=\"Hudo Slovenija\" \/>\n<meta property=\"article:publisher\" content=\"https:\/\/www.facebook.com\/hudo.si\" \/>\n<meta property=\"article:published_time\" content=\"2019-04-03T07:19:21+00:00\" \/>\n<meta property=\"og:image\" content=\"https:\/\/hudo.com\/si\/wp-content\/uploads\/sites\/2\/2018\/09\/profimedia-0238969601.jpg\" \/>\n\t<meta property=\"og:image:width\" content=\"1250\" \/>\n\t<meta property=\"og:image:height\" content=\"830\" \/>\n\t<meta property=\"og:image:type\" content=\"image\/jpeg\" \/>\n<meta name=\"author\" content=\"M. N., STA\" \/>\n<meta name=\"twitter:card\" content=\"summary_large_image\" \/>\n<meta name=\"twitter:creator\" content=\"@hudo_si\" \/>\n<meta name=\"twitter:site\" content=\"@hudo_si\" \/>\n<meta name=\"twitter:label1\" content=\"Written by\" \/>\n\t<meta name=\"twitter:data1\" content=\"M. N., STA\" \/>\n\t<meta name=\"twitter:label2\" content=\"Est. reading time\" \/>\n\t<meta name=\"twitter:data2\" content=\"2 minuti\" \/>\n<script type=\"application\/ld+json\" class=\"yoast-schema-graph\">{\"@context\":\"https:\/\/schema.org\",\"@graph\":[{\"@type\":\"Article\",\"@id\":\"https:\/\/hudo.com\/si\/aktualno\/vreme-oblacno-s-krajevnimi-padavinami\/#article\",\"isPartOf\":{\"@id\":\"https:\/\/hudo.com\/si\/aktualno\/vreme-oblacno-s-krajevnimi-padavinami\/\"},\"author\":{\"name\":\"M. N., STA\",\"@id\":\"https:\/\/hudo.com\/si\/#\/schema\/person\/c2f10ce65d2e6ede2aeda5be2a0611fa\"},\"headline\":\"Vreme: Obla\u010dno s krajevnimi padavinami\",\"datePublished\":\"2019-04-03T07:19:21+00:00\",\"dateModified\":\"2019-04-03T07:19:21+00:00\",\"mainEntityOfPage\":{\"@id\":\"https:\/\/hudo.com\/si\/aktualno\/vreme-oblacno-s-krajevnimi-padavinami\/\"},\"wordCount\":366,\"publisher\":{\"@id\":\"https:\/\/hudo.com\/si\/#organization\"},\"keywords\":[\"Slovenija\",\"vreme\"],\"articleSection\":[\"Aktualno\"],\"inLanguage\":\"sl-SI\"},{\"@type\":\"WebPage\",\"@id\":\"https:\/\/hudo.com\/si\/aktualno\/vreme-oblacno-s-krajevnimi-padavinami\/\",\"url\":\"https:\/\/hudo.com\/si\/aktualno\/vreme-oblacno-s-krajevnimi-padavinami\/\",\"name\":\"Vreme: Obla\u010dno s krajevnimi padavinami - Hudo Slovenija\",\"isPartOf\":{\"@id\":\"https:\/\/hudo.com\/si\/#website\"},\"datePublished\":\"2019-04-03T07:19:21+00:00\",\"dateModified\":\"2019-04-03T07:19:21+00:00\",\"breadcrumb\":{\"@id\":\"https:\/\/hudo.com\/si\/aktualno\/vreme-oblacno-s-krajevnimi-padavinami\/#breadcrumb\"},\"inLanguage\":\"sl-SI\",\"potentialAction\":[{\"@type\":\"ReadAction\",\"target\":[\"https:\/\/hudo.com\/si\/aktualno\/vreme-oblacno-s-krajevnimi-padavinami\/\"]}]},{\"@type\":\"BreadcrumbList\",\"@id\":\"https:\/\/hudo.com\/si\/aktualno\/vreme-oblacno-s-krajevnimi-padavinami\/#breadcrumb\",\"itemListElement\":[{\"@type\":\"ListItem\",\"position\":1,\"name\":\"Home\",\"item\":\"https:\/\/hudo.com\/si\/\"},{\"@type\":\"ListItem\",\"position\":2,\"name\":\"Vreme: Obla\u010dno s krajevnimi padavinami\"}]},{\"@type\":\"WebSite\",\"@id\":\"https:\/\/hudo.com\/si\/#website\",\"url\":\"https:\/\/hudo.com\/si\/\",\"name\":\"Hudo Slovenija\",\"description\":\"Vse novice iz Slovenije in sveta\",\"publisher\":{\"@id\":\"https:\/\/hudo.com\/si\/#organization\"},\"potentialAction\":[{\"@type\":\"SearchAction\",\"target\":{\"@type\":\"EntryPoint\",\"urlTemplate\":\"https:\/\/hudo.com\/si\/?s={search_term_string}\"},\"query-input\":\"required name=search_term_string\"}],\"inLanguage\":\"sl-SI\"},{\"@type\":\"Organization\",\"@id\":\"https:\/\/hudo.com\/si\/#organization\",\"name\":\"VSN Media\",\"url\":\"https:\/\/hudo.com\/si\/\",\"logo\":{\"@type\":\"ImageObject\",\"inLanguage\":\"sl-SI\",\"@id\":\"https:\/\/hudo.com\/si\/#\/schema\/logo\/image\/\",\"url\":\"https:\/\/hudo.com\/si\/wp-content\/uploads\/sites\/2\/2021\/03\/hudo-app-2.png\",\"contentUrl\":\"https:\/\/hudo.com\/si\/wp-content\/uploads\/sites\/2\/2021\/03\/hudo-app-2.png\",\"width\":2185,\"height\":2167,\"caption\":\"VSN Media\"},\"image\":{\"@id\":\"https:\/\/hudo.com\/si\/#\/schema\/logo\/image\/\"},\"sameAs\":[\"https:\/\/www.facebook.com\/hudo.si\",\"https:\/\/twitter.com\/hudo_si\"]},{\"@type\":\"Person\",\"@id\":\"https:\/\/hudo.com\/si\/#\/schema\/person\/c2f10ce65d2e6ede2aeda5be2a0611fa\",\"name\":\"M. N., STA\",\"image\":{\"@type\":\"ImageObject\",\"inLanguage\":\"sl-SI\",\"@id\":\"https:\/\/hudo.com\/si\/#\/schema\/person\/image\/\",\"url\":\"https:\/\/secure.gravatar.com\/avatar\/f370d38daa10467f755c5c766a4cac20?s=96&d=mm&r=g\",\"contentUrl\":\"https:\/\/secure.gravatar.com\/avatar\/f370d38daa10467f755c5c766a4cac20?s=96&d=mm&r=g\",\"caption\":\"M. N., STA\"},\"url\":\"https:\/\/hudo.com\/si\/author\/mana\/\"}]}<\/script>\n<!-- \/ Yoast SEO plugin. -->","yoast_head_json":{"title":"Vreme: Obla\u010dno s krajevnimi padavinami - Hudo Slovenija","robots":{"index":"index","follow":"follow","max-snippet":"max-snippet:-1","max-image-preview":"max-image-preview:large","max-video-preview":"max-video-preview:-1"},"canonical":"https:\/\/hudo.com\/si\/aktualno\/vreme-oblacno-s-krajevnimi-padavinami\/","og_locale":"sl_SI","og_type":"article","og_title":"Vreme: Obla\u010dno s krajevnimi padavinami - Hudo Slovenija","og_description":"Danes bo spremenljivo do prete\u017eno obla\u010dno. Predvsem v zahodni polovici Slovenije bodo ob\u010dasno krajevne padavine, kak\u0161na ploha pa lahko popoldne nastane tudi v vzhodnih krajih, je zapisano na spletnih straneh Agencije RS za okolje.","og_url":"https:\/\/hudo.com\/si\/aktualno\/vreme-oblacno-s-krajevnimi-padavinami\/","og_site_name":"Hudo Slovenija","article_publisher":"https:\/\/www.facebook.com\/hudo.si","article_published_time":"2019-04-03T07:19:21+00:00","og_image":[{"width":1250,"height":830,"url":"https:\/\/hudo.com\/si\/wp-content\/uploads\/sites\/2\/2018\/09\/profimedia-0238969601.jpg","type":"image\/jpeg"}],"author":"M. N., STA","twitter_card":"summary_large_image","twitter_creator":"@hudo_si","twitter_site":"@hudo_si","twitter_misc":{"Written by":"M. N., STA","Est. reading time":"2 minuti"},"schema":{"@context":"https:\/\/schema.org","@graph":[{"@type":"Article","@id":"https:\/\/hudo.com\/si\/aktualno\/vreme-oblacno-s-krajevnimi-padavinami\/#article","isPartOf":{"@id":"https:\/\/hudo.com\/si\/aktualno\/vreme-oblacno-s-krajevnimi-padavinami\/"},"author":{"name":"M. N., STA","@id":"https:\/\/hudo.com\/si\/#\/schema\/person\/c2f10ce65d2e6ede2aeda5be2a0611fa"},"headline":"Vreme: Obla\u010dno s krajevnimi padavinami","datePublished":"2019-04-03T07:19:21+00:00","dateModified":"2019-04-03T07:19:21+00:00","mainEntityOfPage":{"@id":"https:\/\/hudo.com\/si\/aktualno\/vreme-oblacno-s-krajevnimi-padavinami\/"},"wordCount":366,"publisher":{"@id":"https:\/\/hudo.com\/si\/#organization"},"keywords":["Slovenija","vreme"],"articleSection":["Aktualno"],"inLanguage":"sl-SI"},{"@type":"WebPage","@id":"https:\/\/hudo.com\/si\/aktualno\/vreme-oblacno-s-krajevnimi-padavinami\/","url":"https:\/\/hudo.com\/si\/aktualno\/vreme-oblacno-s-krajevnimi-padavinami\/","name":"Vreme: Obla\u010dno s krajevnimi padavinami - Hudo Slovenija","isPartOf":{"@id":"https:\/\/hudo.com\/si\/#website"},"datePublished":"2019-04-03T07:19:21+00:00","dateModified":"2019-04-03T07:19:21+00:00","breadcrumb":{"@id":"https:\/\/hudo.com\/si\/aktualno\/vreme-oblacno-s-krajevnimi-padavinami\/#breadcrumb"},"inLanguage":"sl-SI","potentialAction":[{"@type":"ReadAction","target":["https:\/\/hudo.com\/si\/aktualno\/vreme-oblacno-s-krajevnimi-padavinami\/"]}]},{"@type":"BreadcrumbList","@id":"https:\/\/hudo.com\/si\/aktualno\/vreme-oblacno-s-krajevnimi-padavinami\/#breadcrumb","itemListElement":[{"@type":"ListItem","position":1,"name":"Home","item":"https:\/\/hudo.com\/si\/"},{"@type":"ListItem","position":2,"name":"Vreme: Obla\u010dno s krajevnimi padavinami"}]},{"@type":"WebSite","@id":"https:\/\/hudo.com\/si\/#website","url":"https:\/\/hudo.com\/si\/","name":"Hudo Slovenija","description":"Vse novice iz Slovenije in sveta","publisher":{"@id":"https:\/\/hudo.com\/si\/#organization"},"potentialAction":[{"@type":"SearchAction","target":{"@type":"EntryPoint","urlTemplate":"https:\/\/hudo.com\/si\/?s={search_term_string}"},"query-input":"required name=search_term_string"}],"inLanguage":"sl-SI"},{"@type":"Organization","@id":"https:\/\/hudo.com\/si\/#organization","name":"VSN Media","url":"https:\/\/hudo.com\/si\/","logo":{"@type":"ImageObject","inLanguage":"sl-SI","@id":"https:\/\/hudo.com\/si\/#\/schema\/logo\/image\/","url":"https:\/\/hudo.com\/si\/wp-content\/uploads\/sites\/2\/2021\/03\/hudo-app-2.png","contentUrl":"https:\/\/hudo.com\/si\/wp-content\/uploads\/sites\/2\/2021\/03\/hudo-app-2.png","width":2185,"height":2167,"caption":"VSN Media"},"image":{"@id":"https:\/\/hudo.com\/si\/#\/schema\/logo\/image\/"},"sameAs":["https:\/\/www.facebook.com\/hudo.si","https:\/\/twitter.com\/hudo_si"]},{"@type":"Person","@id":"https:\/\/hudo.com\/si\/#\/schema\/person\/c2f10ce65d2e6ede2aeda5be2a0611fa","name":"M. N., STA","image":{"@type":"ImageObject","inLanguage":"sl-SI","@id":"https:\/\/hudo.com\/si\/#\/schema\/person\/image\/","url":"https:\/\/secure.gravatar.com\/avatar\/f370d38daa10467f755c5c766a4cac20?s=96&d=mm&r=g","contentUrl":"https:\/\/secure.gravatar.com\/avatar\/f370d38daa10467f755c5c766a4cac20?s=96&d=mm&r=g","caption":"M. N., STA"},"url":"https:\/\/hudo.com\/si\/author\/mana\/"}]}},"amp_enabled":true,"_links":{"self":[{"href":"https:\/\/hudo.com\/si\/wp-json\/wp\/v2\/posts\/396201"}],"collection":[{"href":"https:\/\/hudo.com\/si\/wp-json\/wp\/v2\/posts"}],"about":[{"href":"https:\/\/hudo.com\/si\/wp-json\/wp\/v2\/types\/post"}],"author":[{"embeddable":true,"href":"https:\/\/hudo.com\/si\/wp-json\/wp\/v2\/users\/8"}],"replies":[{"embeddable":true,"href":"https:\/\/hudo.com\/si\/wp-json\/wp\/v2\/comments?post=396201"}],"version-history":[{"count":1,"href":"https:\/\/hudo.com\/si\/wp-json\/wp\/v2\/posts\/396201\/revisions"}],"predecessor-version":[{"id":396202,"href":"https:\/\/hudo.com\/si\/wp-json\/wp\/v2\/posts\/396201\/revisions\/396202"}],"wp:featuredmedia":[{"embeddable":true,"href":"https:\/\/hudo.com\/si\/wp-json\/wp\/v2\/media\/377761"}],"wp:attachment":[{"href":"https:\/\/hudo.com\/si\/wp-json\/wp\/v2\/media?parent=396201"}],"wp:term":[{"taxonomy":"category","embeddable":true,"href":"https:\/\/hudo.com\/si\/wp-json\/wp\/v2\/categories?post=396201"},{"taxonomy":"post_tag","embeddable":true,"href":"https:\/\/hudo.com\/si\/wp-json\/wp\/v2\/tags?post=396201"},{"taxonomy":"source","embeddable":true,"href":"https:\/\/hudo.com\/si\/wp-json\/wp\/v2\/source?post=396201"},{"taxonomy":"supertag","embeddable":true,"href":"https:\/\/hudo.com\/si\/wp-json\/wp\/v2\/supertag?post=396201"}],"curies":[{"name":"wp","href":"https:\/\/api.w.org\/{rel}","templated":true}]}}