{"id":396383,"date":"2019-04-05T11:05:38","date_gmt":"2019-04-05T09:05:38","guid":{"rendered":"https:\/\/hudo.com\/si\/2019\/04\/05\/poleti-bo-v-vesolje-poletel-prvi-slovenski-satelit\/"},"modified":"2019-04-05T11:05:38","modified_gmt":"2019-04-05T09:05:38","slug":"poleti-bo-v-vesolje-poletel-prvi-slovenski-satelit","status":"publish","type":"post","link":"https:\/\/hudo.com\/si\/lifestyle\/poleti-bo-v-vesolje-poletel-prvi-slovenski-satelit\/","title":{"rendered":"Poleti bo v vesolje poletel prvi slovenski satelit"},"content":{"rendered":"<figure>\n\t\t\t\t\t<img loading=\"lazy\" decoding=\"async\" width=\"660\" height=\"320\" src=\"image\/gif;base64,R0lGODlhAQABAAAAACH5BAEKAAEALAAAAAABAAEAAAICTAEAOw==\" class=\"lazyload\" \/><figcaption>Univerza v Mariboru in podjetje SAB-LS sta danes podpisala pogodbo o utirjanju prvega slovenskega nanosatelita Tristat v orbito.<br \/>\nModel nosilne rakete in nanosatelita.<\/figcaption><\/figure>\n<p>Satelit Trisat so razvili na mariborski fakulteti za elektrotehniko, ra\u010dunalni\u0161tvo in informatiko (Feri) v sodelovanju s slovenskim podjetjem Skylabs.<\/p>\n<p>Projekt po besedah rektorja Zdravka Ka\u010di\u010da predstavlja pomemben korak internacionalizacije slovenske vesoljske industrije z ovrednotenjem njene tehnologije. &#8220;To je dokaz, kako lahko na za\u010detku \u0161tudentski projekt prerase v pomemben projekt za slovensko industrijo in okolje,&#8221; je dejal.<\/p>\n<p>&#8220;Nanosateliti predstavljajo pomemben segment v dana\u0161nji vesoljski industriji, saj lahko novo tehnologijo hitro in poceni prena\u0161ajo v vesolje. Nova tehnologija se tako demonstrira in ovrednoti mnogo hitreje in ceneje, kar zmanj\u0161uje finan\u010dna tveganja na tem podro\u010dju,&#8221; je pojasnil.<\/p>\n<p>Z izvr\u0161nim direktorjem SAB-LS Marcom Marianijem je podpisal pogodbo o utirjanju nanosatelita Trisat v njegovo son\u010dno sinhrono orbito na vi\u0161ini 500 kilometrov kot tovor na raketi Vega C podjetja Arianespace. Na tej raketi bo med skupno okoli 50 sateliti tudi nekoliko ve\u010dji slovenski satelit Nemo HD, ki so ga razvili v Centru odli\u010dnosti Vesolje-SI.<\/p>\n<p>Podjetje SAB-LS nastopa v vlogi podizvajalca dru\u017ebe Arianespace za utirjanje nanosatelitov v sklopu programa misije za mala vesoljska plovila (SSMS) Evropske vesoljske agencije (ESA). V ciklu razvoja vesoljske misije satelita je utirjanje satelita v njegovo tirnico z nosilno raketo pomemben korak, saj misijo prvi\u010d izpostavi velikemu tveganju.<\/p>\n<p>Podpisa pogodbe se je udele\u017eil minister za gospodarski razvoj in tehnologijo Zdravko Po\u010dival\u0161ek, po besedah katerega se z dana\u0161njim dogodkom v Mariboru nakazuje pot prihodnjega razvoja slovenskega gospodarstva na tehnolo\u0161kem podro\u010dju in ka\u017ee, da je Slovenija pomemben del vesoljskih tehnologij in s tem tudi ESA. Pridru\u017eena \u010dlanica slednje je Slovenija postala decembra 2016.<\/p>\n<p>&#8220;Sodelovanje z ESA v svetu predstavlja garancijo, da podjetje ustvarja resni\u010dno kakovostne projekte, da je sposobno izvajati najbolj zahtevne projekte in da je v stanju re\u0161evati visokotehnolo\u0161ke izzive,&#8221; je povedal minister.<\/p>\n<p>Ena od posebnosti okoli pet kilogramov te\u017ekega nanosatelita, katerega \u017eivljenjsko dobo ocenjujejo na \u0161est let, je po besedah vodje projekta Trisat Iztoka Krambergerja dejstvo, da je skoraj v celoti plod slovenskega znanja. &#8220;Skoraj ves razvoj je bil storjen v Sloveniji, razen son\u010dnih panelov,&#8221; je pojasnil.<\/p>\n<p>Glavni namen misije Trisat je prikaz oziroma testiranje robustnosti vesoljske elektronike. &#8220;V osnovi gre za tehnolo\u0161ko demonstracijo. To pomeni, da prikazujemo miniaturizacijo na\u0161ih tehnologij,&#8221; je povedal Kramberger. &#8220;Tehnolo\u0161ka demonstracija je zelo pomembna z gospodarskega vidika. Podsistemi satelita se sicer \u017ee prodajajo, s preizkusom v vesolju pa lahko mo\u010dno zvi\u0161a\u0161 zaupanje v produkt,&#8221; je dodal.<\/p>\n<p>Ob tem so na satelit namestili multispektralno fotokamero, kakr\u0161ne trenutno v vesolju \u0161e ni. Omogo\u010dila naj bi zajem posnetkov povr\u0161ine Zemlje izven vidnega spektra.<\/p>\n","protected":false},"excerpt":{"rendered":"<p>Univerza v Mariboru in podjetje SAB-LS sta danes podpisala pogodbo o utirjanju prvega slovenskega nanosatelita v orbito. Satelit Trisat, ki je skoraj v celoti plod slovenskega znanja, bo v vesolje poletel v lahki evropski nosilni raketi Vega, ki jo bodo iz vesoljskega izstreli\u0161\u010da v Francoski Gvajani izstrelili predvidoma avgusta.<\/p>\n","protected":false},"author":1,"featured_media":0,"comment_status":"closed","ping_status":"closed","sticky":false,"template":"","format":"standard","meta":{"footnotes":""},"categories":[1091],"tags":[1595,2023],"source":[1522,1518,1527],"supertag":[],"acf":[],"yoast_head":"<!-- This site is optimized with the Yoast SEO plugin v21.3 - https:\/\/yoast.com\/wordpress\/plugins\/seo\/ -->\n<title>Poleti bo v vesolje poletel prvi slovenski satelit - Hudo Slovenija<\/title>\n<meta name=\"robots\" content=\"index, follow, max-snippet:-1, max-image-preview:large, max-video-preview:-1\" \/>\n<link rel=\"canonical\" href=\"https:\/\/hudo.com\/si\/lifestyle\/poleti-bo-v-vesolje-poletel-prvi-slovenski-satelit\/\" \/>\n<meta property=\"og:locale\" content=\"sl_SI\" \/>\n<meta property=\"og:type\" content=\"article\" \/>\n<meta property=\"og:title\" content=\"Poleti bo v vesolje poletel prvi slovenski satelit - Hudo Slovenija\" \/>\n<meta property=\"og:description\" content=\"Univerza v Mariboru in podjetje SAB-LS sta danes podpisala pogodbo o utirjanju prvega slovenskega nanosatelita v orbito. Satelit Trisat, ki je skoraj v celoti plod slovenskega znanja, bo v vesolje poletel v lahki evropski nosilni raketi Vega, ki jo bodo iz vesoljskega izstreli\u0161\u010da v Francoski Gvajani izstrelili predvidoma avgusta.\" \/>\n<meta property=\"og:url\" content=\"https:\/\/hudo.com\/si\/lifestyle\/poleti-bo-v-vesolje-poletel-prvi-slovenski-satelit\/\" \/>\n<meta property=\"og:site_name\" content=\"Hudo Slovenija\" \/>\n<meta property=\"article:publisher\" content=\"https:\/\/www.facebook.com\/hudo.si\" \/>\n<meta property=\"article:published_time\" content=\"2019-04-05T09:05:38+00:00\" \/>\n<meta property=\"og:image\" content=\"https:\/\/hudo.com\/si\/wp-content\/uploads\/sites\/2\/2019\/04\/20190405-00926645.jpg\" \/>\n\t<meta property=\"og:image:width\" content=\"640\" \/>\n\t<meta property=\"og:image:height\" content=\"426\" \/>\n\t<meta property=\"og:image:type\" content=\"image\/jpeg\" \/>\n<meta name=\"author\" content=\"hudo\" \/>\n<meta name=\"twitter:card\" content=\"summary_large_image\" \/>\n<meta name=\"twitter:creator\" content=\"@hudo_si\" \/>\n<meta name=\"twitter:site\" content=\"@hudo_si\" \/>\n<meta name=\"twitter:label1\" content=\"Written by\" \/>\n\t<meta name=\"twitter:data1\" content=\"hudo\" \/>\n\t<meta name=\"twitter:label2\" content=\"Est. reading time\" \/>\n\t<meta name=\"twitter:data2\" content=\"2 minuti\" \/>\n<script type=\"application\/ld+json\" class=\"yoast-schema-graph\">{\"@context\":\"https:\/\/schema.org\",\"@graph\":[{\"@type\":\"Article\",\"@id\":\"https:\/\/hudo.com\/si\/lifestyle\/poleti-bo-v-vesolje-poletel-prvi-slovenski-satelit\/#article\",\"isPartOf\":{\"@id\":\"https:\/\/hudo.com\/si\/lifestyle\/poleti-bo-v-vesolje-poletel-prvi-slovenski-satelit\/\"},\"author\":{\"name\":\"hudo\",\"@id\":\"https:\/\/hudo.com\/si\/#\/schema\/person\/601cf3379633985b20f7e50f2bb47707\"},\"headline\":\"Poleti bo v vesolje poletel prvi slovenski satelit\",\"datePublished\":\"2019-04-05T09:05:38+00:00\",\"dateModified\":\"2019-04-05T09:05:38+00:00\",\"mainEntityOfPage\":{\"@id\":\"https:\/\/hudo.com\/si\/lifestyle\/poleti-bo-v-vesolje-poletel-prvi-slovenski-satelit\/\"},\"wordCount\":467,\"publisher\":{\"@id\":\"https:\/\/hudo.com\/si\/#organization\"},\"keywords\":[\"Slovenija\",\"vesolje\"],\"articleSection\":[\"Lifestyle\"],\"inLanguage\":\"sl-SI\"},{\"@type\":\"WebPage\",\"@id\":\"https:\/\/hudo.com\/si\/lifestyle\/poleti-bo-v-vesolje-poletel-prvi-slovenski-satelit\/\",\"url\":\"https:\/\/hudo.com\/si\/lifestyle\/poleti-bo-v-vesolje-poletel-prvi-slovenski-satelit\/\",\"name\":\"Poleti bo v vesolje poletel prvi slovenski satelit - Hudo Slovenija\",\"isPartOf\":{\"@id\":\"https:\/\/hudo.com\/si\/#website\"},\"datePublished\":\"2019-04-05T09:05:38+00:00\",\"dateModified\":\"2019-04-05T09:05:38+00:00\",\"breadcrumb\":{\"@id\":\"https:\/\/hudo.com\/si\/lifestyle\/poleti-bo-v-vesolje-poletel-prvi-slovenski-satelit\/#breadcrumb\"},\"inLanguage\":\"sl-SI\",\"potentialAction\":[{\"@type\":\"ReadAction\",\"target\":[\"https:\/\/hudo.com\/si\/lifestyle\/poleti-bo-v-vesolje-poletel-prvi-slovenski-satelit\/\"]}]},{\"@type\":\"BreadcrumbList\",\"@id\":\"https:\/\/hudo.com\/si\/lifestyle\/poleti-bo-v-vesolje-poletel-prvi-slovenski-satelit\/#breadcrumb\",\"itemListElement\":[{\"@type\":\"ListItem\",\"position\":1,\"name\":\"Home\",\"item\":\"https:\/\/hudo.com\/si\/\"},{\"@type\":\"ListItem\",\"position\":2,\"name\":\"Poleti bo v vesolje poletel prvi slovenski satelit\"}]},{\"@type\":\"WebSite\",\"@id\":\"https:\/\/hudo.com\/si\/#website\",\"url\":\"https:\/\/hudo.com\/si\/\",\"name\":\"Hudo Slovenija\",\"description\":\"Vse novice iz Slovenije in sveta\",\"publisher\":{\"@id\":\"https:\/\/hudo.com\/si\/#organization\"},\"potentialAction\":[{\"@type\":\"SearchAction\",\"target\":{\"@type\":\"EntryPoint\",\"urlTemplate\":\"https:\/\/hudo.com\/si\/?s={search_term_string}\"},\"query-input\":\"required name=search_term_string\"}],\"inLanguage\":\"sl-SI\"},{\"@type\":\"Organization\",\"@id\":\"https:\/\/hudo.com\/si\/#organization\",\"name\":\"VSN Media\",\"url\":\"https:\/\/hudo.com\/si\/\",\"logo\":{\"@type\":\"ImageObject\",\"inLanguage\":\"sl-SI\",\"@id\":\"https:\/\/hudo.com\/si\/#\/schema\/logo\/image\/\",\"url\":\"https:\/\/hudo.com\/si\/wp-content\/uploads\/sites\/2\/2021\/03\/hudo-app-2.png\",\"contentUrl\":\"https:\/\/hudo.com\/si\/wp-content\/uploads\/sites\/2\/2021\/03\/hudo-app-2.png\",\"width\":2185,\"height\":2167,\"caption\":\"VSN Media\"},\"image\":{\"@id\":\"https:\/\/hudo.com\/si\/#\/schema\/logo\/image\/\"},\"sameAs\":[\"https:\/\/www.facebook.com\/hudo.si\",\"https:\/\/twitter.com\/hudo_si\"]},{\"@type\":\"Person\",\"@id\":\"https:\/\/hudo.com\/si\/#\/schema\/person\/601cf3379633985b20f7e50f2bb47707\",\"name\":\"hudo\",\"image\":{\"@type\":\"ImageObject\",\"inLanguage\":\"sl-SI\",\"@id\":\"https:\/\/hudo.com\/si\/#\/schema\/person\/image\/\",\"url\":\"https:\/\/secure.gravatar.com\/avatar\/c4ca25fa72cace7a696b52ff5db9e095?s=96&d=mm&r=g\",\"contentUrl\":\"https:\/\/secure.gravatar.com\/avatar\/c4ca25fa72cace7a696b52ff5db9e095?s=96&d=mm&r=g\",\"caption\":\"hudo\"},\"url\":\"https:\/\/hudo.com\/si\/author\/hudo\/\"}]}<\/script>\n<!-- \/ Yoast SEO plugin. -->","yoast_head_json":{"title":"Poleti bo v vesolje poletel prvi slovenski satelit - Hudo Slovenija","robots":{"index":"index","follow":"follow","max-snippet":"max-snippet:-1","max-image-preview":"max-image-preview:large","max-video-preview":"max-video-preview:-1"},"canonical":"https:\/\/hudo.com\/si\/lifestyle\/poleti-bo-v-vesolje-poletel-prvi-slovenski-satelit\/","og_locale":"sl_SI","og_type":"article","og_title":"Poleti bo v vesolje poletel prvi slovenski satelit - Hudo Slovenija","og_description":"Univerza v Mariboru in podjetje SAB-LS sta danes podpisala pogodbo o utirjanju prvega slovenskega nanosatelita v orbito. Satelit Trisat, ki je skoraj v celoti plod slovenskega znanja, bo v vesolje poletel v lahki evropski nosilni raketi Vega, ki jo bodo iz vesoljskega izstreli\u0161\u010da v Francoski Gvajani izstrelili predvidoma avgusta.","og_url":"https:\/\/hudo.com\/si\/lifestyle\/poleti-bo-v-vesolje-poletel-prvi-slovenski-satelit\/","og_site_name":"Hudo Slovenija","article_publisher":"https:\/\/www.facebook.com\/hudo.si","article_published_time":"2019-04-05T09:05:38+00:00","og_image":[{"width":640,"height":426,"url":"https:\/\/hudo.com\/si\/wp-content\/uploads\/sites\/2\/2019\/04\/20190405-00926645.jpg","type":"image\/jpeg"}],"author":"hudo","twitter_card":"summary_large_image","twitter_creator":"@hudo_si","twitter_site":"@hudo_si","twitter_misc":{"Written by":"hudo","Est. reading time":"2 minuti"},"schema":{"@context":"https:\/\/schema.org","@graph":[{"@type":"Article","@id":"https:\/\/hudo.com\/si\/lifestyle\/poleti-bo-v-vesolje-poletel-prvi-slovenski-satelit\/#article","isPartOf":{"@id":"https:\/\/hudo.com\/si\/lifestyle\/poleti-bo-v-vesolje-poletel-prvi-slovenski-satelit\/"},"author":{"name":"hudo","@id":"https:\/\/hudo.com\/si\/#\/schema\/person\/601cf3379633985b20f7e50f2bb47707"},"headline":"Poleti bo v vesolje poletel prvi slovenski satelit","datePublished":"2019-04-05T09:05:38+00:00","dateModified":"2019-04-05T09:05:38+00:00","mainEntityOfPage":{"@id":"https:\/\/hudo.com\/si\/lifestyle\/poleti-bo-v-vesolje-poletel-prvi-slovenski-satelit\/"},"wordCount":467,"publisher":{"@id":"https:\/\/hudo.com\/si\/#organization"},"keywords":["Slovenija","vesolje"],"articleSection":["Lifestyle"],"inLanguage":"sl-SI"},{"@type":"WebPage","@id":"https:\/\/hudo.com\/si\/lifestyle\/poleti-bo-v-vesolje-poletel-prvi-slovenski-satelit\/","url":"https:\/\/hudo.com\/si\/lifestyle\/poleti-bo-v-vesolje-poletel-prvi-slovenski-satelit\/","name":"Poleti bo v vesolje poletel prvi slovenski satelit - Hudo Slovenija","isPartOf":{"@id":"https:\/\/hudo.com\/si\/#website"},"datePublished":"2019-04-05T09:05:38+00:00","dateModified":"2019-04-05T09:05:38+00:00","breadcrumb":{"@id":"https:\/\/hudo.com\/si\/lifestyle\/poleti-bo-v-vesolje-poletel-prvi-slovenski-satelit\/#breadcrumb"},"inLanguage":"sl-SI","potentialAction":[{"@type":"ReadAction","target":["https:\/\/hudo.com\/si\/lifestyle\/poleti-bo-v-vesolje-poletel-prvi-slovenski-satelit\/"]}]},{"@type":"BreadcrumbList","@id":"https:\/\/hudo.com\/si\/lifestyle\/poleti-bo-v-vesolje-poletel-prvi-slovenski-satelit\/#breadcrumb","itemListElement":[{"@type":"ListItem","position":1,"name":"Home","item":"https:\/\/hudo.com\/si\/"},{"@type":"ListItem","position":2,"name":"Poleti bo v vesolje poletel prvi slovenski satelit"}]},{"@type":"WebSite","@id":"https:\/\/hudo.com\/si\/#website","url":"https:\/\/hudo.com\/si\/","name":"Hudo Slovenija","description":"Vse novice iz Slovenije in sveta","publisher":{"@id":"https:\/\/hudo.com\/si\/#organization"},"potentialAction":[{"@type":"SearchAction","target":{"@type":"EntryPoint","urlTemplate":"https:\/\/hudo.com\/si\/?s={search_term_string}"},"query-input":"required name=search_term_string"}],"inLanguage":"sl-SI"},{"@type":"Organization","@id":"https:\/\/hudo.com\/si\/#organization","name":"VSN Media","url":"https:\/\/hudo.com\/si\/","logo":{"@type":"ImageObject","inLanguage":"sl-SI","@id":"https:\/\/hudo.com\/si\/#\/schema\/logo\/image\/","url":"https:\/\/hudo.com\/si\/wp-content\/uploads\/sites\/2\/2021\/03\/hudo-app-2.png","contentUrl":"https:\/\/hudo.com\/si\/wp-content\/uploads\/sites\/2\/2021\/03\/hudo-app-2.png","width":2185,"height":2167,"caption":"VSN Media"},"image":{"@id":"https:\/\/hudo.com\/si\/#\/schema\/logo\/image\/"},"sameAs":["https:\/\/www.facebook.com\/hudo.si","https:\/\/twitter.com\/hudo_si"]},{"@type":"Person","@id":"https:\/\/hudo.com\/si\/#\/schema\/person\/601cf3379633985b20f7e50f2bb47707","name":"hudo","image":{"@type":"ImageObject","inLanguage":"sl-SI","@id":"https:\/\/hudo.com\/si\/#\/schema\/person\/image\/","url":"https:\/\/secure.gravatar.com\/avatar\/c4ca25fa72cace7a696b52ff5db9e095?s=96&d=mm&r=g","contentUrl":"https:\/\/secure.gravatar.com\/avatar\/c4ca25fa72cace7a696b52ff5db9e095?s=96&d=mm&r=g","caption":"hudo"},"url":"https:\/\/hudo.com\/si\/author\/hudo\/"}]}},"amp_enabled":true,"_links":{"self":[{"href":"https:\/\/hudo.com\/si\/wp-json\/wp\/v2\/posts\/396383"}],"collection":[{"href":"https:\/\/hudo.com\/si\/wp-json\/wp\/v2\/posts"}],"about":[{"href":"https:\/\/hudo.com\/si\/wp-json\/wp\/v2\/types\/post"}],"author":[{"embeddable":true,"href":"https:\/\/hudo.com\/si\/wp-json\/wp\/v2\/users\/1"}],"replies":[{"embeddable":true,"href":"https:\/\/hudo.com\/si\/wp-json\/wp\/v2\/comments?post=396383"}],"version-history":[{"count":0,"href":"https:\/\/hudo.com\/si\/wp-json\/wp\/v2\/posts\/396383\/revisions"}],"wp:attachment":[{"href":"https:\/\/hudo.com\/si\/wp-json\/wp\/v2\/media?parent=396383"}],"wp:term":[{"taxonomy":"category","embeddable":true,"href":"https:\/\/hudo.com\/si\/wp-json\/wp\/v2\/categories?post=396383"},{"taxonomy":"post_tag","embeddable":true,"href":"https:\/\/hudo.com\/si\/wp-json\/wp\/v2\/tags?post=396383"},{"taxonomy":"source","embeddable":true,"href":"https:\/\/hudo.com\/si\/wp-json\/wp\/v2\/source?post=396383"},{"taxonomy":"supertag","embeddable":true,"href":"https:\/\/hudo.com\/si\/wp-json\/wp\/v2\/supertag?post=396383"}],"curies":[{"name":"wp","href":"https:\/\/api.w.org\/{rel}","templated":true}]}}