{"id":396391,"date":"2019-04-05T14:20:33","date_gmt":"2019-04-05T12:20:33","guid":{"rendered":"http:\/\/hudo.com\/si\/?p=396391"},"modified":"2019-04-05T14:20:33","modified_gmt":"2019-04-05T12:20:33","slug":"na-ljubljanskem-gradu-zabelezili-nov-mejnik","status":"publish","type":"post","link":"https:\/\/hudo.com\/si\/aktualno\/na-ljubljanskem-gradu-zabelezili-nov-mejnik\/","title":{"rendered":"Na Ljubljanskem gradu zabele\u017eili nov mejnik"},"content":{"rendered":"<p>Nov mejnik so na javnem zavodu Ljubljanski grad zabele\u017eili nekaj pred 12. uro, ko je na spodnjo postajo vzpenja\u010de pri\u0161la dru\u017eina Holden iz Velike Britanije, so zapisali.<\/p>\n<p>Podatki zavoda ka\u017eejo, da vsak naslednji milijonti mejnik dose\u017eejo v kraj\u0161em \u010dasovnem obdobju.<\/p>\n<p>Tudi letos sicer v zavodu Ljubljanski grad bele\u017eijo rast \u0161tevila prepeljanih potnikov na tirni vzpenja\u010di. Do konca marca so jih prepeljali 16,8 odstotka ve\u010d glede na enako lansko obdobje.<\/p>\n","protected":false},"excerpt":{"rendered":"<p>Na Ljubljanski grad so s tirno vzpenja\u010do nekaj pred poldnevom prepeljali \u017ee \u0161tirimilijontega potnika. Kot so sporo\u010dili iz javnega zavoda, je vzpenja\u010da za\u010dela obratovati konec leta 2006, milijontega potnika pa prepeljala \u0161tiri leta pozneje. Dvomilijontega so zabele\u017eili avgusta 2014, trimilijontega pa maja predlani.<\/p>\n","protected":false},"author":8,"featured_media":276702,"comment_status":"closed","ping_status":"closed","sticky":false,"template":"","format":"standard","meta":{"footnotes":""},"categories":[1179],"tags":[1633,9077,1595,1917,9229],"source":[4511],"supertag":[7541],"acf":[],"yoast_head":"<!-- This site is optimized with the Yoast SEO plugin v21.3 - https:\/\/yoast.com\/wordpress\/plugins\/seo\/ -->\n<title>Na Ljubljanskem gradu zabele\u017eili nov mejnik - Hudo Slovenija<\/title>\n<meta name=\"robots\" content=\"index, follow, max-snippet:-1, max-image-preview:large, max-video-preview:-1\" \/>\n<link rel=\"canonical\" href=\"https:\/\/hudo.com\/si\/aktualno\/na-ljubljanskem-gradu-zabelezili-nov-mejnik\/\" \/>\n<meta property=\"og:locale\" content=\"sl_SI\" \/>\n<meta property=\"og:type\" content=\"article\" \/>\n<meta property=\"og:title\" content=\"Na Ljubljanskem gradu zabele\u017eili nov mejnik - Hudo Slovenija\" \/>\n<meta property=\"og:description\" content=\"Na Ljubljanski grad so s tirno vzpenja\u010do nekaj pred poldnevom prepeljali \u017ee \u0161tirimilijontega potnika. Kot so sporo\u010dili iz javnega zavoda, je vzpenja\u010da za\u010dela obratovati konec leta 2006, milijontega potnika pa prepeljala \u0161tiri leta pozneje. Dvomilijontega so zabele\u017eili avgusta 2014, trimilijontega pa maja predlani.\" \/>\n<meta property=\"og:url\" content=\"https:\/\/hudo.com\/si\/aktualno\/na-ljubljanskem-gradu-zabelezili-nov-mejnik\/\" \/>\n<meta property=\"og:site_name\" content=\"Hudo Slovenija\" \/>\n<meta property=\"article:publisher\" content=\"https:\/\/www.facebook.com\/hudo.si\" \/>\n<meta property=\"article:published_time\" content=\"2019-04-05T12:20:33+00:00\" \/>\n<meta property=\"og:image\" content=\"https:\/\/hudo.com\/si\/wp-content\/uploads\/sites\/2\/2017\/07\/profimedia-0302654195.jpg\" \/>\n\t<meta property=\"og:image:width\" content=\"1250\" \/>\n\t<meta property=\"og:image:height\" content=\"833\" \/>\n\t<meta property=\"og:image:type\" content=\"image\/jpeg\" \/>\n<meta name=\"author\" content=\"M. N., STA\" \/>\n<meta name=\"twitter:card\" content=\"summary_large_image\" \/>\n<meta name=\"twitter:creator\" content=\"@hudo_si\" \/>\n<meta name=\"twitter:site\" content=\"@hudo_si\" \/>\n<meta name=\"twitter:label1\" content=\"Written by\" \/>\n\t<meta name=\"twitter:data1\" content=\"M. N., STA\" \/>\n<script type=\"application\/ld+json\" class=\"yoast-schema-graph\">{\"@context\":\"https:\/\/schema.org\",\"@graph\":[{\"@type\":\"Article\",\"@id\":\"https:\/\/hudo.com\/si\/aktualno\/na-ljubljanskem-gradu-zabelezili-nov-mejnik\/#article\",\"isPartOf\":{\"@id\":\"https:\/\/hudo.com\/si\/aktualno\/na-ljubljanskem-gradu-zabelezili-nov-mejnik\/\"},\"author\":{\"name\":\"M. N., STA\",\"@id\":\"https:\/\/hudo.com\/si\/#\/schema\/person\/c2f10ce65d2e6ede2aeda5be2a0611fa\"},\"headline\":\"Na Ljubljanskem gradu zabele\u017eili nov mejnik\",\"datePublished\":\"2019-04-05T12:20:33+00:00\",\"dateModified\":\"2019-04-05T12:20:33+00:00\",\"mainEntityOfPage\":{\"@id\":\"https:\/\/hudo.com\/si\/aktualno\/na-ljubljanskem-gradu-zabelezili-nov-mejnik\/\"},\"wordCount\":83,\"publisher\":{\"@id\":\"https:\/\/hudo.com\/si\/#organization\"},\"keywords\":[\"Ljubljana\",\"ljubljanski grad\",\"Slovenija\",\"turizem\",\"vzpenja\u010da\"],\"articleSection\":[\"Aktualno\"],\"inLanguage\":\"sl-SI\"},{\"@type\":\"WebPage\",\"@id\":\"https:\/\/hudo.com\/si\/aktualno\/na-ljubljanskem-gradu-zabelezili-nov-mejnik\/\",\"url\":\"https:\/\/hudo.com\/si\/aktualno\/na-ljubljanskem-gradu-zabelezili-nov-mejnik\/\",\"name\":\"Na Ljubljanskem gradu zabele\u017eili nov mejnik - Hudo Slovenija\",\"isPartOf\":{\"@id\":\"https:\/\/hudo.com\/si\/#website\"},\"datePublished\":\"2019-04-05T12:20:33+00:00\",\"dateModified\":\"2019-04-05T12:20:33+00:00\",\"breadcrumb\":{\"@id\":\"https:\/\/hudo.com\/si\/aktualno\/na-ljubljanskem-gradu-zabelezili-nov-mejnik\/#breadcrumb\"},\"inLanguage\":\"sl-SI\",\"potentialAction\":[{\"@type\":\"ReadAction\",\"target\":[\"https:\/\/hudo.com\/si\/aktualno\/na-ljubljanskem-gradu-zabelezili-nov-mejnik\/\"]}]},{\"@type\":\"BreadcrumbList\",\"@id\":\"https:\/\/hudo.com\/si\/aktualno\/na-ljubljanskem-gradu-zabelezili-nov-mejnik\/#breadcrumb\",\"itemListElement\":[{\"@type\":\"ListItem\",\"position\":1,\"name\":\"Home\",\"item\":\"https:\/\/hudo.com\/si\/\"},{\"@type\":\"ListItem\",\"position\":2,\"name\":\"Na Ljubljanskem gradu zabele\u017eili nov mejnik\"}]},{\"@type\":\"WebSite\",\"@id\":\"https:\/\/hudo.com\/si\/#website\",\"url\":\"https:\/\/hudo.com\/si\/\",\"name\":\"Hudo Slovenija\",\"description\":\"Vse novice iz Slovenije in sveta\",\"publisher\":{\"@id\":\"https:\/\/hudo.com\/si\/#organization\"},\"potentialAction\":[{\"@type\":\"SearchAction\",\"target\":{\"@type\":\"EntryPoint\",\"urlTemplate\":\"https:\/\/hudo.com\/si\/?s={search_term_string}\"},\"query-input\":\"required name=search_term_string\"}],\"inLanguage\":\"sl-SI\"},{\"@type\":\"Organization\",\"@id\":\"https:\/\/hudo.com\/si\/#organization\",\"name\":\"VSN Media\",\"url\":\"https:\/\/hudo.com\/si\/\",\"logo\":{\"@type\":\"ImageObject\",\"inLanguage\":\"sl-SI\",\"@id\":\"https:\/\/hudo.com\/si\/#\/schema\/logo\/image\/\",\"url\":\"https:\/\/hudo.com\/si\/wp-content\/uploads\/sites\/2\/2021\/03\/hudo-app-2.png\",\"contentUrl\":\"https:\/\/hudo.com\/si\/wp-content\/uploads\/sites\/2\/2021\/03\/hudo-app-2.png\",\"width\":2185,\"height\":2167,\"caption\":\"VSN Media\"},\"image\":{\"@id\":\"https:\/\/hudo.com\/si\/#\/schema\/logo\/image\/\"},\"sameAs\":[\"https:\/\/www.facebook.com\/hudo.si\",\"https:\/\/twitter.com\/hudo_si\"]},{\"@type\":\"Person\",\"@id\":\"https:\/\/hudo.com\/si\/#\/schema\/person\/c2f10ce65d2e6ede2aeda5be2a0611fa\",\"name\":\"M. N., STA\",\"image\":{\"@type\":\"ImageObject\",\"inLanguage\":\"sl-SI\",\"@id\":\"https:\/\/hudo.com\/si\/#\/schema\/person\/image\/\",\"url\":\"https:\/\/secure.gravatar.com\/avatar\/f370d38daa10467f755c5c766a4cac20?s=96&d=mm&r=g\",\"contentUrl\":\"https:\/\/secure.gravatar.com\/avatar\/f370d38daa10467f755c5c766a4cac20?s=96&d=mm&r=g\",\"caption\":\"M. N., STA\"},\"url\":\"https:\/\/hudo.com\/si\/author\/mana\/\"}]}<\/script>\n<!-- \/ Yoast SEO plugin. -->","yoast_head_json":{"title":"Na Ljubljanskem gradu zabele\u017eili nov mejnik - Hudo Slovenija","robots":{"index":"index","follow":"follow","max-snippet":"max-snippet:-1","max-image-preview":"max-image-preview:large","max-video-preview":"max-video-preview:-1"},"canonical":"https:\/\/hudo.com\/si\/aktualno\/na-ljubljanskem-gradu-zabelezili-nov-mejnik\/","og_locale":"sl_SI","og_type":"article","og_title":"Na Ljubljanskem gradu zabele\u017eili nov mejnik - Hudo Slovenija","og_description":"Na Ljubljanski grad so s tirno vzpenja\u010do nekaj pred poldnevom prepeljali \u017ee \u0161tirimilijontega potnika. Kot so sporo\u010dili iz javnega zavoda, je vzpenja\u010da za\u010dela obratovati konec leta 2006, milijontega potnika pa prepeljala \u0161tiri leta pozneje. Dvomilijontega so zabele\u017eili avgusta 2014, trimilijontega pa maja predlani.","og_url":"https:\/\/hudo.com\/si\/aktualno\/na-ljubljanskem-gradu-zabelezili-nov-mejnik\/","og_site_name":"Hudo Slovenija","article_publisher":"https:\/\/www.facebook.com\/hudo.si","article_published_time":"2019-04-05T12:20:33+00:00","og_image":[{"width":1250,"height":833,"url":"https:\/\/hudo.com\/si\/wp-content\/uploads\/sites\/2\/2017\/07\/profimedia-0302654195.jpg","type":"image\/jpeg"}],"author":"M. N., STA","twitter_card":"summary_large_image","twitter_creator":"@hudo_si","twitter_site":"@hudo_si","twitter_misc":{"Written by":"M. N., STA"},"schema":{"@context":"https:\/\/schema.org","@graph":[{"@type":"Article","@id":"https:\/\/hudo.com\/si\/aktualno\/na-ljubljanskem-gradu-zabelezili-nov-mejnik\/#article","isPartOf":{"@id":"https:\/\/hudo.com\/si\/aktualno\/na-ljubljanskem-gradu-zabelezili-nov-mejnik\/"},"author":{"name":"M. N., STA","@id":"https:\/\/hudo.com\/si\/#\/schema\/person\/c2f10ce65d2e6ede2aeda5be2a0611fa"},"headline":"Na Ljubljanskem gradu zabele\u017eili nov mejnik","datePublished":"2019-04-05T12:20:33+00:00","dateModified":"2019-04-05T12:20:33+00:00","mainEntityOfPage":{"@id":"https:\/\/hudo.com\/si\/aktualno\/na-ljubljanskem-gradu-zabelezili-nov-mejnik\/"},"wordCount":83,"publisher":{"@id":"https:\/\/hudo.com\/si\/#organization"},"keywords":["Ljubljana","ljubljanski grad","Slovenija","turizem","vzpenja\u010da"],"articleSection":["Aktualno"],"inLanguage":"sl-SI"},{"@type":"WebPage","@id":"https:\/\/hudo.com\/si\/aktualno\/na-ljubljanskem-gradu-zabelezili-nov-mejnik\/","url":"https:\/\/hudo.com\/si\/aktualno\/na-ljubljanskem-gradu-zabelezili-nov-mejnik\/","name":"Na Ljubljanskem gradu zabele\u017eili nov mejnik - Hudo Slovenija","isPartOf":{"@id":"https:\/\/hudo.com\/si\/#website"},"datePublished":"2019-04-05T12:20:33+00:00","dateModified":"2019-04-05T12:20:33+00:00","breadcrumb":{"@id":"https:\/\/hudo.com\/si\/aktualno\/na-ljubljanskem-gradu-zabelezili-nov-mejnik\/#breadcrumb"},"inLanguage":"sl-SI","potentialAction":[{"@type":"ReadAction","target":["https:\/\/hudo.com\/si\/aktualno\/na-ljubljanskem-gradu-zabelezili-nov-mejnik\/"]}]},{"@type":"BreadcrumbList","@id":"https:\/\/hudo.com\/si\/aktualno\/na-ljubljanskem-gradu-zabelezili-nov-mejnik\/#breadcrumb","itemListElement":[{"@type":"ListItem","position":1,"name":"Home","item":"https:\/\/hudo.com\/si\/"},{"@type":"ListItem","position":2,"name":"Na Ljubljanskem gradu zabele\u017eili nov mejnik"}]},{"@type":"WebSite","@id":"https:\/\/hudo.com\/si\/#website","url":"https:\/\/hudo.com\/si\/","name":"Hudo Slovenija","description":"Vse novice iz Slovenije in sveta","publisher":{"@id":"https:\/\/hudo.com\/si\/#organization"},"potentialAction":[{"@type":"SearchAction","target":{"@type":"EntryPoint","urlTemplate":"https:\/\/hudo.com\/si\/?s={search_term_string}"},"query-input":"required name=search_term_string"}],"inLanguage":"sl-SI"},{"@type":"Organization","@id":"https:\/\/hudo.com\/si\/#organization","name":"VSN Media","url":"https:\/\/hudo.com\/si\/","logo":{"@type":"ImageObject","inLanguage":"sl-SI","@id":"https:\/\/hudo.com\/si\/#\/schema\/logo\/image\/","url":"https:\/\/hudo.com\/si\/wp-content\/uploads\/sites\/2\/2021\/03\/hudo-app-2.png","contentUrl":"https:\/\/hudo.com\/si\/wp-content\/uploads\/sites\/2\/2021\/03\/hudo-app-2.png","width":2185,"height":2167,"caption":"VSN Media"},"image":{"@id":"https:\/\/hudo.com\/si\/#\/schema\/logo\/image\/"},"sameAs":["https:\/\/www.facebook.com\/hudo.si","https:\/\/twitter.com\/hudo_si"]},{"@type":"Person","@id":"https:\/\/hudo.com\/si\/#\/schema\/person\/c2f10ce65d2e6ede2aeda5be2a0611fa","name":"M. N., STA","image":{"@type":"ImageObject","inLanguage":"sl-SI","@id":"https:\/\/hudo.com\/si\/#\/schema\/person\/image\/","url":"https:\/\/secure.gravatar.com\/avatar\/f370d38daa10467f755c5c766a4cac20?s=96&d=mm&r=g","contentUrl":"https:\/\/secure.gravatar.com\/avatar\/f370d38daa10467f755c5c766a4cac20?s=96&d=mm&r=g","caption":"M. N., STA"},"url":"https:\/\/hudo.com\/si\/author\/mana\/"}]}},"amp_enabled":true,"_links":{"self":[{"href":"https:\/\/hudo.com\/si\/wp-json\/wp\/v2\/posts\/396391"}],"collection":[{"href":"https:\/\/hudo.com\/si\/wp-json\/wp\/v2\/posts"}],"about":[{"href":"https:\/\/hudo.com\/si\/wp-json\/wp\/v2\/types\/post"}],"author":[{"embeddable":true,"href":"https:\/\/hudo.com\/si\/wp-json\/wp\/v2\/users\/8"}],"replies":[{"embeddable":true,"href":"https:\/\/hudo.com\/si\/wp-json\/wp\/v2\/comments?post=396391"}],"version-history":[{"count":1,"href":"https:\/\/hudo.com\/si\/wp-json\/wp\/v2\/posts\/396391\/revisions"}],"predecessor-version":[{"id":396393,"href":"https:\/\/hudo.com\/si\/wp-json\/wp\/v2\/posts\/396391\/revisions\/396393"}],"wp:featuredmedia":[{"embeddable":true,"href":"https:\/\/hudo.com\/si\/wp-json\/wp\/v2\/media\/276702"}],"wp:attachment":[{"href":"https:\/\/hudo.com\/si\/wp-json\/wp\/v2\/media?parent=396391"}],"wp:term":[{"taxonomy":"category","embeddable":true,"href":"https:\/\/hudo.com\/si\/wp-json\/wp\/v2\/categories?post=396391"},{"taxonomy":"post_tag","embeddable":true,"href":"https:\/\/hudo.com\/si\/wp-json\/wp\/v2\/tags?post=396391"},{"taxonomy":"source","embeddable":true,"href":"https:\/\/hudo.com\/si\/wp-json\/wp\/v2\/source?post=396391"},{"taxonomy":"supertag","embeddable":true,"href":"https:\/\/hudo.com\/si\/wp-json\/wp\/v2\/supertag?post=396391"}],"curies":[{"name":"wp","href":"https:\/\/api.w.org\/{rel}","templated":true}]}}