{"id":396581,"date":"2019-04-09T11:29:10","date_gmt":"2019-04-09T09:29:10","guid":{"rendered":"http:\/\/hudo.com\/si\/?p=396581"},"modified":"2019-04-09T11:29:10","modified_gmt":"2019-04-09T09:29:10","slug":"slovenski-izvoz-februarja-visji-za-122-odstotka","status":"publish","type":"post","link":"https:\/\/hudo.com\/si\/aktualno\/slovenski-izvoz-februarja-visji-za-122-odstotka\/","title":{"rendered":"Slovenski izvoz februarja vi\u0161ji za 12,2 odstotka"},"content":{"rendered":"<p>&#8220;To je bil \u010detrti prese\u017eek v blagovni menjavi Slovenije s tujino v februarju v zadnjih desetih letih, med katerimi je bil prese\u017eek v februarju 2019 najvi\u0161ji,&#8221; so zapisali v statisti\u010dnem uradu. Pokritost uvoza z izvozom je bila februarja 104-odstotna.<\/p>\n<p>Slovenija je februarja s trgovanjem z dr\u017eavami \u010dlanicami EU ustvarila 76 odstotkov vsega izvoza in prav tako 76 odstotkov vsega uvoza. Blago, izvo\u017eeno v dr\u017eave EU, je bilo vredno 2,03 milijarde evrov, kar je 9,6 odstotka ve\u010d kot februarja lani, blago, uvo\u017eeno iz teh dr\u017eav, pa 1,96 milijarde evrov oz. 3,8 odstotka ve\u010d. Prese\u017eek v trgovanju s \u010dlanicami EU je tako zna\u0161al 77,6 milijona evrov.<\/p>\n<p>V dr\u017eave zunaj EU je Slovenija februarja izvozila za 642,5 milijona evrov blaga, kar je 21,1 odstotka ve\u010d kot pred letom dni, iz njih pa uvozila za 617,5 milijona evrov blaga oz. za 29,8 odstotka ve\u010d kot februarja lani. Prese\u017eek v trgovini z ne\u010dlanicami EU je zna\u0161al 25 milijonov evrov.<\/p>\n<p>V prvih dveh mesecih letos je bila rast izvoza in uvoza pribli\u017eno enaka mese\u010dni rasti &#8211; januarja in februarja je Slovenija izvozila za 5,36 milijarde evrov blaga oz. 12,5 odstotka ve\u010d kot v enakem obdobju lani, uvozila pa za 5,17 milijarde evrov blaga ali za 9,2 odstotka ve\u010d kot v lanskem obdobju. Prese\u017eek v blagovni menjavi s tujino je v tem obdobju zna\u0161al 187,3 milijona evrov, pokritost uvoza z izvozom je bila v tem obdobju 103,6-odstotna.<\/p>\n","protected":false},"excerpt":{"rendered":"<p>Slovenija je blagovno menjavo s tujino pove\u010dala tudi februarja &#8211; izvoz se je glede na februar lani pove\u010dal za 12,2 odstotka na 2,68 milijarde evrov, uvoz pa za devet odstotkov na 2,57 milijarde evrov. Prese\u017eek je zna\u0161al 102,6 milijona evrov, je danes objavil dr\u017eavni statisti\u010dni urad.<\/p>\n","protected":false},"author":7,"featured_media":367251,"comment_status":"closed","ping_status":"closed","sticky":false,"template":"","format":"standard","meta":{"footnotes":""},"categories":[1179],"tags":[2391,1595,4505],"source":[4511],"supertag":[7541],"acf":[],"yoast_head":"<!-- This site is optimized with the Yoast SEO plugin v21.3 - https:\/\/yoast.com\/wordpress\/plugins\/seo\/ -->\n<title>Slovenski izvoz februarja vi\u0161ji za 12,2 odstotka - Hudo Slovenija<\/title>\n<meta name=\"robots\" content=\"index, follow, max-snippet:-1, max-image-preview:large, max-video-preview:-1\" \/>\n<link rel=\"canonical\" href=\"https:\/\/hudo.com\/si\/aktualno\/slovenski-izvoz-februarja-visji-za-122-odstotka\/\" \/>\n<meta property=\"og:locale\" content=\"sl_SI\" \/>\n<meta property=\"og:type\" content=\"article\" \/>\n<meta property=\"og:title\" content=\"Slovenski izvoz februarja vi\u0161ji za 12,2 odstotka - Hudo Slovenija\" \/>\n<meta property=\"og:description\" content=\"Slovenija je blagovno menjavo s tujino pove\u010dala tudi februarja - izvoz se je glede na februar lani pove\u010dal za 12,2 odstotka na 2,68 milijarde evrov, uvoz pa za devet odstotkov na 2,57 milijarde evrov. Prese\u017eek je zna\u0161al 102,6 milijona evrov, je danes objavil dr\u017eavni statisti\u010dni urad.\" \/>\n<meta property=\"og:url\" content=\"https:\/\/hudo.com\/si\/aktualno\/slovenski-izvoz-februarja-visji-za-122-odstotka\/\" \/>\n<meta property=\"og:site_name\" content=\"Hudo Slovenija\" \/>\n<meta property=\"article:publisher\" content=\"https:\/\/www.facebook.com\/hudo.si\" \/>\n<meta property=\"article:published_time\" content=\"2019-04-09T09:29:10+00:00\" \/>\n<meta property=\"og:image\" content=\"https:\/\/hudo.com\/si\/wp-content\/uploads\/sites\/2\/2018\/03\/profimedia-0280242789.jpg\" \/>\n\t<meta property=\"og:image:width\" content=\"1250\" \/>\n\t<meta property=\"og:image:height\" content=\"916\" \/>\n\t<meta property=\"og:image:type\" content=\"image\/jpeg\" \/>\n<meta name=\"author\" content=\"A. P., STA\" \/>\n<meta name=\"twitter:card\" content=\"summary_large_image\" \/>\n<meta name=\"twitter:creator\" content=\"@hudo_si\" \/>\n<meta name=\"twitter:site\" content=\"@hudo_si\" \/>\n<meta name=\"twitter:label1\" content=\"Written by\" \/>\n\t<meta name=\"twitter:data1\" content=\"A. P., STA\" \/>\n\t<meta name=\"twitter:label2\" content=\"Est. reading time\" \/>\n\t<meta name=\"twitter:data2\" content=\"1 minuta\" \/>\n<script type=\"application\/ld+json\" class=\"yoast-schema-graph\">{\"@context\":\"https:\/\/schema.org\",\"@graph\":[{\"@type\":\"Article\",\"@id\":\"https:\/\/hudo.com\/si\/aktualno\/slovenski-izvoz-februarja-visji-za-122-odstotka\/#article\",\"isPartOf\":{\"@id\":\"https:\/\/hudo.com\/si\/aktualno\/slovenski-izvoz-februarja-visji-za-122-odstotka\/\"},\"author\":{\"name\":\"A. P., STA\",\"@id\":\"https:\/\/hudo.com\/si\/#\/schema\/person\/18f09c02475ba9e606e941a565b80cff\"},\"headline\":\"Slovenski izvoz februarja vi\u0161ji za 12,2 odstotka\",\"datePublished\":\"2019-04-09T09:29:10+00:00\",\"dateModified\":\"2019-04-09T09:29:10+00:00\",\"mainEntityOfPage\":{\"@id\":\"https:\/\/hudo.com\/si\/aktualno\/slovenski-izvoz-februarja-visji-za-122-odstotka\/\"},\"wordCount\":238,\"publisher\":{\"@id\":\"https:\/\/hudo.com\/si\/#organization\"},\"keywords\":[\"gospodarstvo\",\"Slovenija\",\"statistika\"],\"articleSection\":[\"Aktualno\"],\"inLanguage\":\"sl-SI\"},{\"@type\":\"WebPage\",\"@id\":\"https:\/\/hudo.com\/si\/aktualno\/slovenski-izvoz-februarja-visji-za-122-odstotka\/\",\"url\":\"https:\/\/hudo.com\/si\/aktualno\/slovenski-izvoz-februarja-visji-za-122-odstotka\/\",\"name\":\"Slovenski izvoz februarja vi\u0161ji za 12,2 odstotka - Hudo Slovenija\",\"isPartOf\":{\"@id\":\"https:\/\/hudo.com\/si\/#website\"},\"datePublished\":\"2019-04-09T09:29:10+00:00\",\"dateModified\":\"2019-04-09T09:29:10+00:00\",\"breadcrumb\":{\"@id\":\"https:\/\/hudo.com\/si\/aktualno\/slovenski-izvoz-februarja-visji-za-122-odstotka\/#breadcrumb\"},\"inLanguage\":\"sl-SI\",\"potentialAction\":[{\"@type\":\"ReadAction\",\"target\":[\"https:\/\/hudo.com\/si\/aktualno\/slovenski-izvoz-februarja-visji-za-122-odstotka\/\"]}]},{\"@type\":\"BreadcrumbList\",\"@id\":\"https:\/\/hudo.com\/si\/aktualno\/slovenski-izvoz-februarja-visji-za-122-odstotka\/#breadcrumb\",\"itemListElement\":[{\"@type\":\"ListItem\",\"position\":1,\"name\":\"Home\",\"item\":\"https:\/\/hudo.com\/si\/\"},{\"@type\":\"ListItem\",\"position\":2,\"name\":\"Slovenski izvoz februarja vi\u0161ji za 12,2 odstotka\"}]},{\"@type\":\"WebSite\",\"@id\":\"https:\/\/hudo.com\/si\/#website\",\"url\":\"https:\/\/hudo.com\/si\/\",\"name\":\"Hudo Slovenija\",\"description\":\"Vse novice iz Slovenije in sveta\",\"publisher\":{\"@id\":\"https:\/\/hudo.com\/si\/#organization\"},\"potentialAction\":[{\"@type\":\"SearchAction\",\"target\":{\"@type\":\"EntryPoint\",\"urlTemplate\":\"https:\/\/hudo.com\/si\/?s={search_term_string}\"},\"query-input\":\"required name=search_term_string\"}],\"inLanguage\":\"sl-SI\"},{\"@type\":\"Organization\",\"@id\":\"https:\/\/hudo.com\/si\/#organization\",\"name\":\"VSN Media\",\"url\":\"https:\/\/hudo.com\/si\/\",\"logo\":{\"@type\":\"ImageObject\",\"inLanguage\":\"sl-SI\",\"@id\":\"https:\/\/hudo.com\/si\/#\/schema\/logo\/image\/\",\"url\":\"https:\/\/hudo.com\/si\/wp-content\/uploads\/sites\/2\/2021\/03\/hudo-app-2.png\",\"contentUrl\":\"https:\/\/hudo.com\/si\/wp-content\/uploads\/sites\/2\/2021\/03\/hudo-app-2.png\",\"width\":2185,\"height\":2167,\"caption\":\"VSN Media\"},\"image\":{\"@id\":\"https:\/\/hudo.com\/si\/#\/schema\/logo\/image\/\"},\"sameAs\":[\"https:\/\/www.facebook.com\/hudo.si\",\"https:\/\/twitter.com\/hudo_si\"]},{\"@type\":\"Person\",\"@id\":\"https:\/\/hudo.com\/si\/#\/schema\/person\/18f09c02475ba9e606e941a565b80cff\",\"name\":\"A. P., STA\",\"image\":{\"@type\":\"ImageObject\",\"inLanguage\":\"sl-SI\",\"@id\":\"https:\/\/hudo.com\/si\/#\/schema\/person\/image\/\",\"url\":\"https:\/\/secure.gravatar.com\/avatar\/03eac8e609f5f04383125d80eaeaaf3e?s=96&d=mm&r=g\",\"contentUrl\":\"https:\/\/secure.gravatar.com\/avatar\/03eac8e609f5f04383125d80eaeaaf3e?s=96&d=mm&r=g\",\"caption\":\"A. P., STA\"},\"url\":\"https:\/\/hudo.com\/si\/author\/lubu\/\"}]}<\/script>\n<!-- \/ Yoast SEO plugin. -->","yoast_head_json":{"title":"Slovenski izvoz februarja vi\u0161ji za 12,2 odstotka - Hudo Slovenija","robots":{"index":"index","follow":"follow","max-snippet":"max-snippet:-1","max-image-preview":"max-image-preview:large","max-video-preview":"max-video-preview:-1"},"canonical":"https:\/\/hudo.com\/si\/aktualno\/slovenski-izvoz-februarja-visji-za-122-odstotka\/","og_locale":"sl_SI","og_type":"article","og_title":"Slovenski izvoz februarja vi\u0161ji za 12,2 odstotka - Hudo Slovenija","og_description":"Slovenija je blagovno menjavo s tujino pove\u010dala tudi februarja - izvoz se je glede na februar lani pove\u010dal za 12,2 odstotka na 2,68 milijarde evrov, uvoz pa za devet odstotkov na 2,57 milijarde evrov. Prese\u017eek je zna\u0161al 102,6 milijona evrov, je danes objavil dr\u017eavni statisti\u010dni urad.","og_url":"https:\/\/hudo.com\/si\/aktualno\/slovenski-izvoz-februarja-visji-za-122-odstotka\/","og_site_name":"Hudo Slovenija","article_publisher":"https:\/\/www.facebook.com\/hudo.si","article_published_time":"2019-04-09T09:29:10+00:00","og_image":[{"width":1250,"height":916,"url":"https:\/\/hudo.com\/si\/wp-content\/uploads\/sites\/2\/2018\/03\/profimedia-0280242789.jpg","type":"image\/jpeg"}],"author":"A. P., STA","twitter_card":"summary_large_image","twitter_creator":"@hudo_si","twitter_site":"@hudo_si","twitter_misc":{"Written by":"A. P., STA","Est. reading time":"1 minuta"},"schema":{"@context":"https:\/\/schema.org","@graph":[{"@type":"Article","@id":"https:\/\/hudo.com\/si\/aktualno\/slovenski-izvoz-februarja-visji-za-122-odstotka\/#article","isPartOf":{"@id":"https:\/\/hudo.com\/si\/aktualno\/slovenski-izvoz-februarja-visji-za-122-odstotka\/"},"author":{"name":"A. P., STA","@id":"https:\/\/hudo.com\/si\/#\/schema\/person\/18f09c02475ba9e606e941a565b80cff"},"headline":"Slovenski izvoz februarja vi\u0161ji za 12,2 odstotka","datePublished":"2019-04-09T09:29:10+00:00","dateModified":"2019-04-09T09:29:10+00:00","mainEntityOfPage":{"@id":"https:\/\/hudo.com\/si\/aktualno\/slovenski-izvoz-februarja-visji-za-122-odstotka\/"},"wordCount":238,"publisher":{"@id":"https:\/\/hudo.com\/si\/#organization"},"keywords":["gospodarstvo","Slovenija","statistika"],"articleSection":["Aktualno"],"inLanguage":"sl-SI"},{"@type":"WebPage","@id":"https:\/\/hudo.com\/si\/aktualno\/slovenski-izvoz-februarja-visji-za-122-odstotka\/","url":"https:\/\/hudo.com\/si\/aktualno\/slovenski-izvoz-februarja-visji-za-122-odstotka\/","name":"Slovenski izvoz februarja vi\u0161ji za 12,2 odstotka - Hudo Slovenija","isPartOf":{"@id":"https:\/\/hudo.com\/si\/#website"},"datePublished":"2019-04-09T09:29:10+00:00","dateModified":"2019-04-09T09:29:10+00:00","breadcrumb":{"@id":"https:\/\/hudo.com\/si\/aktualno\/slovenski-izvoz-februarja-visji-za-122-odstotka\/#breadcrumb"},"inLanguage":"sl-SI","potentialAction":[{"@type":"ReadAction","target":["https:\/\/hudo.com\/si\/aktualno\/slovenski-izvoz-februarja-visji-za-122-odstotka\/"]}]},{"@type":"BreadcrumbList","@id":"https:\/\/hudo.com\/si\/aktualno\/slovenski-izvoz-februarja-visji-za-122-odstotka\/#breadcrumb","itemListElement":[{"@type":"ListItem","position":1,"name":"Home","item":"https:\/\/hudo.com\/si\/"},{"@type":"ListItem","position":2,"name":"Slovenski izvoz februarja vi\u0161ji za 12,2 odstotka"}]},{"@type":"WebSite","@id":"https:\/\/hudo.com\/si\/#website","url":"https:\/\/hudo.com\/si\/","name":"Hudo Slovenija","description":"Vse novice iz Slovenije in sveta","publisher":{"@id":"https:\/\/hudo.com\/si\/#organization"},"potentialAction":[{"@type":"SearchAction","target":{"@type":"EntryPoint","urlTemplate":"https:\/\/hudo.com\/si\/?s={search_term_string}"},"query-input":"required name=search_term_string"}],"inLanguage":"sl-SI"},{"@type":"Organization","@id":"https:\/\/hudo.com\/si\/#organization","name":"VSN Media","url":"https:\/\/hudo.com\/si\/","logo":{"@type":"ImageObject","inLanguage":"sl-SI","@id":"https:\/\/hudo.com\/si\/#\/schema\/logo\/image\/","url":"https:\/\/hudo.com\/si\/wp-content\/uploads\/sites\/2\/2021\/03\/hudo-app-2.png","contentUrl":"https:\/\/hudo.com\/si\/wp-content\/uploads\/sites\/2\/2021\/03\/hudo-app-2.png","width":2185,"height":2167,"caption":"VSN Media"},"image":{"@id":"https:\/\/hudo.com\/si\/#\/schema\/logo\/image\/"},"sameAs":["https:\/\/www.facebook.com\/hudo.si","https:\/\/twitter.com\/hudo_si"]},{"@type":"Person","@id":"https:\/\/hudo.com\/si\/#\/schema\/person\/18f09c02475ba9e606e941a565b80cff","name":"A. P., STA","image":{"@type":"ImageObject","inLanguage":"sl-SI","@id":"https:\/\/hudo.com\/si\/#\/schema\/person\/image\/","url":"https:\/\/secure.gravatar.com\/avatar\/03eac8e609f5f04383125d80eaeaaf3e?s=96&d=mm&r=g","contentUrl":"https:\/\/secure.gravatar.com\/avatar\/03eac8e609f5f04383125d80eaeaaf3e?s=96&d=mm&r=g","caption":"A. P., STA"},"url":"https:\/\/hudo.com\/si\/author\/lubu\/"}]}},"amp_enabled":true,"_links":{"self":[{"href":"https:\/\/hudo.com\/si\/wp-json\/wp\/v2\/posts\/396581"}],"collection":[{"href":"https:\/\/hudo.com\/si\/wp-json\/wp\/v2\/posts"}],"about":[{"href":"https:\/\/hudo.com\/si\/wp-json\/wp\/v2\/types\/post"}],"author":[{"embeddable":true,"href":"https:\/\/hudo.com\/si\/wp-json\/wp\/v2\/users\/7"}],"replies":[{"embeddable":true,"href":"https:\/\/hudo.com\/si\/wp-json\/wp\/v2\/comments?post=396581"}],"version-history":[{"count":1,"href":"https:\/\/hudo.com\/si\/wp-json\/wp\/v2\/posts\/396581\/revisions"}],"predecessor-version":[{"id":396582,"href":"https:\/\/hudo.com\/si\/wp-json\/wp\/v2\/posts\/396581\/revisions\/396582"}],"wp:featuredmedia":[{"embeddable":true,"href":"https:\/\/hudo.com\/si\/wp-json\/wp\/v2\/media\/367251"}],"wp:attachment":[{"href":"https:\/\/hudo.com\/si\/wp-json\/wp\/v2\/media?parent=396581"}],"wp:term":[{"taxonomy":"category","embeddable":true,"href":"https:\/\/hudo.com\/si\/wp-json\/wp\/v2\/categories?post=396581"},{"taxonomy":"post_tag","embeddable":true,"href":"https:\/\/hudo.com\/si\/wp-json\/wp\/v2\/tags?post=396581"},{"taxonomy":"source","embeddable":true,"href":"https:\/\/hudo.com\/si\/wp-json\/wp\/v2\/source?post=396581"},{"taxonomy":"supertag","embeddable":true,"href":"https:\/\/hudo.com\/si\/wp-json\/wp\/v2\/supertag?post=396581"}],"curies":[{"name":"wp","href":"https:\/\/api.w.org\/{rel}","templated":true}]}}