{"id":396702,"date":"2019-04-10T22:47:23","date_gmt":"2019-04-10T20:47:23","guid":{"rendered":"http:\/\/hudo.com\/si\/?p=396702"},"modified":"2019-04-10T22:47:23","modified_gmt":"2019-04-10T20:47:23","slug":"plenkovic-o-prisluskovalni-aferi-hrvaska-vlada-nima-nadnaravnih-moci","status":"publish","type":"post","link":"https:\/\/hudo.com\/si\/aktualno\/plenkovic-o-prisluskovalni-aferi-hrvaska-vlada-nima-nadnaravnih-moci\/","title":{"rendered":"Plenkovi\u0107 o prislu\u0161kovalni aferi: Hrva\u0161ka vlada nima nadnaravnih mo\u010di"},"content":{"rendered":"<p>Plenkovi\u0107 je dejal, da se je pripravljen s slovenskim kolegom Marjanom \u0160arcem pogovarjati o tem, ob robu dana\u0161njega vrha ali v Dubrovniku na sre\u010danju v okviru pobude 16+1. Ob tem je poudaril, da to zanj ni dramati\u010dno vpra\u0161anje, in izpostavil, da se je treba zavedati, da bodo v Sloveniji volitve.<\/p>\n<p>Na vpra\u0161anje, ali je Slovenija posredovala kak\u0161ne dokaze za trditve v povezavi s prislu\u0161kovalno afero, je odgovoril, da vse, kar ve, ve iz javnega obve\u0161\u010danja. S \u0160arcem se nista ne videla ne sli\u0161ala, odkar je ta zadeva v medijskem prostoru, je \u0161e dodal.<\/p>\n<p>Plenkovi\u0107 je ob tem poudaril, da Slovenija in Hrva\u0161ka v zgodovini nikdar nista imeli resnih te\u017eav in da ju tudi zdaj delijo le vpra\u0161anja, ki so ostala po razpadu SFRJ. \u010ce ne bi bilo vpra\u0161anj meje na kopnem in morju, jedrske elektrarne in var\u010devalcev, ne bi bilo te\u017eav, to vsi vemo, je dejal.<\/p>\n<p>Na vpra\u0161anje, kako se bo vlada soo\u010dila z ljudmi, ki se predstavljajo v njenem imenu, pa je hrva\u0161ki premier odgovoril, da o tem ni z njim nih\u010de govoril in da niti ne ve, ali so te navedbe resni\u010dne, saj da nima nikakr\u0161nih dokazov in nobene potrditve.<\/p>\n<p>Slovenija se je v torek ostro odzvala na razkritje portala 24ur.com, da je hrva\u0161ka vlada preko posredovanja prvega mo\u017ea avstrijske medijske hi\u0161e Styria na Hrva\u0161kem, Ivana Tolja, posku\u0161ala vplivati na POP TV in prepre\u010diti objavo podatka, da naj bi slovenskemu sodniku Jerneju Sekolcu in agentki Simoni Drenik med arbitra\u017enim postopkom o meji leta 2015 prislu\u0161kovala hrva\u0161ka obve\u0161\u010devalna slu\u017eba SOA.<\/p>\n","protected":false},"excerpt":{"rendered":"<p>Hrva\u0161ki vladi ni mogo\u010de ni\u010desar o\u010ditati, je poudaril hrva\u0161ki premier Andrej Plenkovi\u0107 v povezavi s prislu\u0161kovalno afero glede arbitra\u017ee ob prihodu na vrh EU o brexitu. Namigovanja, da imamo nadnaravno mo\u010d in da vplivamo na to, kaj bo objavil kateri medij, so pretenciozna in nerealna. Ne vem, kako je lahko to resen argument, je dejal.<\/p>\n","protected":false},"author":8,"featured_media":376641,"comment_status":"closed","ping_status":"closed","sticky":false,"template":"","format":"standard","meta":{"footnotes":""},"categories":[1179],"tags":[6285,5681,1810,4911,8109,1595],"source":[4511],"supertag":[],"acf":[],"yoast_head":"<!-- This site is optimized with the Yoast SEO plugin v21.3 - https:\/\/yoast.com\/wordpress\/plugins\/seo\/ -->\n<title>Plenkovi\u0107 o prislu\u0161kovalni aferi: Hrva\u0161ka vlada nima nadnaravnih mo\u010di - Hudo Slovenija<\/title>\n<meta name=\"robots\" content=\"index, follow, max-snippet:-1, max-image-preview:large, max-video-preview:-1\" \/>\n<link rel=\"canonical\" href=\"https:\/\/hudo.com\/si\/aktualno\/plenkovic-o-prisluskovalni-aferi-hrvaska-vlada-nima-nadnaravnih-moci\/\" \/>\n<meta property=\"og:locale\" content=\"sl_SI\" \/>\n<meta property=\"og:type\" content=\"article\" \/>\n<meta property=\"og:title\" content=\"Plenkovi\u0107 o prislu\u0161kovalni aferi: Hrva\u0161ka vlada nima nadnaravnih mo\u010di - Hudo Slovenija\" \/>\n<meta property=\"og:description\" content=\"Hrva\u0161ki vladi ni mogo\u010de ni\u010desar o\u010ditati, je poudaril hrva\u0161ki premier Andrej Plenkovi\u0107 v povezavi s prislu\u0161kovalno afero glede arbitra\u017ee ob prihodu na vrh EU o brexitu. Namigovanja, da imamo nadnaravno mo\u010d in da vplivamo na to, kaj bo objavil kateri medij, so pretenciozna in nerealna. Ne vem, kako je lahko to resen argument, je dejal.\" \/>\n<meta property=\"og:url\" content=\"https:\/\/hudo.com\/si\/aktualno\/plenkovic-o-prisluskovalni-aferi-hrvaska-vlada-nima-nadnaravnih-moci\/\" \/>\n<meta property=\"og:site_name\" content=\"Hudo Slovenija\" \/>\n<meta property=\"article:publisher\" content=\"https:\/\/www.facebook.com\/hudo.si\" \/>\n<meta property=\"article:published_time\" content=\"2019-04-10T20:47:23+00:00\" \/>\n<meta property=\"og:image\" content=\"https:\/\/hudo.com\/si\/wp-content\/uploads\/sites\/2\/2018\/09\/profimedia-0384345067.jpg\" \/>\n\t<meta property=\"og:image:width\" content=\"1250\" \/>\n\t<meta property=\"og:image:height\" content=\"912\" \/>\n\t<meta property=\"og:image:type\" content=\"image\/jpeg\" \/>\n<meta name=\"author\" content=\"M. N., STA\" \/>\n<meta name=\"twitter:card\" content=\"summary_large_image\" \/>\n<meta name=\"twitter:creator\" content=\"@hudo_si\" \/>\n<meta name=\"twitter:site\" content=\"@hudo_si\" \/>\n<meta name=\"twitter:label1\" content=\"Written by\" \/>\n\t<meta name=\"twitter:data1\" content=\"M. N., STA\" \/>\n\t<meta name=\"twitter:label2\" content=\"Est. reading time\" \/>\n\t<meta name=\"twitter:data2\" content=\"1 minuta\" \/>\n<script type=\"application\/ld+json\" class=\"yoast-schema-graph\">{\"@context\":\"https:\/\/schema.org\",\"@graph\":[{\"@type\":\"Article\",\"@id\":\"https:\/\/hudo.com\/si\/aktualno\/plenkovic-o-prisluskovalni-aferi-hrvaska-vlada-nima-nadnaravnih-moci\/#article\",\"isPartOf\":{\"@id\":\"https:\/\/hudo.com\/si\/aktualno\/plenkovic-o-prisluskovalni-aferi-hrvaska-vlada-nima-nadnaravnih-moci\/\"},\"author\":{\"name\":\"M. N., STA\",\"@id\":\"https:\/\/hudo.com\/si\/#\/schema\/person\/c2f10ce65d2e6ede2aeda5be2a0611fa\"},\"headline\":\"Plenkovi\u0107 o prislu\u0161kovalni aferi: Hrva\u0161ka vlada nima nadnaravnih mo\u010di\",\"datePublished\":\"2019-04-10T20:47:23+00:00\",\"dateModified\":\"2019-04-10T20:47:23+00:00\",\"mainEntityOfPage\":{\"@id\":\"https:\/\/hudo.com\/si\/aktualno\/plenkovic-o-prisluskovalni-aferi-hrvaska-vlada-nima-nadnaravnih-moci\/\"},\"wordCount\":294,\"publisher\":{\"@id\":\"https:\/\/hudo.com\/si\/#organization\"},\"keywords\":[\"Andrej Plenkovi\u0107\",\"arbitra\u017ea\",\"hrva\u0161ka\",\"medijska svoboda\",\"prislu\u0161kovanje\",\"Slovenija\"],\"articleSection\":[\"Aktualno\"],\"inLanguage\":\"sl-SI\"},{\"@type\":\"WebPage\",\"@id\":\"https:\/\/hudo.com\/si\/aktualno\/plenkovic-o-prisluskovalni-aferi-hrvaska-vlada-nima-nadnaravnih-moci\/\",\"url\":\"https:\/\/hudo.com\/si\/aktualno\/plenkovic-o-prisluskovalni-aferi-hrvaska-vlada-nima-nadnaravnih-moci\/\",\"name\":\"Plenkovi\u0107 o prislu\u0161kovalni aferi: Hrva\u0161ka vlada nima nadnaravnih mo\u010di - Hudo Slovenija\",\"isPartOf\":{\"@id\":\"https:\/\/hudo.com\/si\/#website\"},\"datePublished\":\"2019-04-10T20:47:23+00:00\",\"dateModified\":\"2019-04-10T20:47:23+00:00\",\"breadcrumb\":{\"@id\":\"https:\/\/hudo.com\/si\/aktualno\/plenkovic-o-prisluskovalni-aferi-hrvaska-vlada-nima-nadnaravnih-moci\/#breadcrumb\"},\"inLanguage\":\"sl-SI\",\"potentialAction\":[{\"@type\":\"ReadAction\",\"target\":[\"https:\/\/hudo.com\/si\/aktualno\/plenkovic-o-prisluskovalni-aferi-hrvaska-vlada-nima-nadnaravnih-moci\/\"]}]},{\"@type\":\"BreadcrumbList\",\"@id\":\"https:\/\/hudo.com\/si\/aktualno\/plenkovic-o-prisluskovalni-aferi-hrvaska-vlada-nima-nadnaravnih-moci\/#breadcrumb\",\"itemListElement\":[{\"@type\":\"ListItem\",\"position\":1,\"name\":\"Home\",\"item\":\"https:\/\/hudo.com\/si\/\"},{\"@type\":\"ListItem\",\"position\":2,\"name\":\"Plenkovi\u0107 o prislu\u0161kovalni aferi: Hrva\u0161ka vlada nima nadnaravnih mo\u010di\"}]},{\"@type\":\"WebSite\",\"@id\":\"https:\/\/hudo.com\/si\/#website\",\"url\":\"https:\/\/hudo.com\/si\/\",\"name\":\"Hudo Slovenija\",\"description\":\"Vse novice iz Slovenije in sveta\",\"publisher\":{\"@id\":\"https:\/\/hudo.com\/si\/#organization\"},\"potentialAction\":[{\"@type\":\"SearchAction\",\"target\":{\"@type\":\"EntryPoint\",\"urlTemplate\":\"https:\/\/hudo.com\/si\/?s={search_term_string}\"},\"query-input\":\"required name=search_term_string\"}],\"inLanguage\":\"sl-SI\"},{\"@type\":\"Organization\",\"@id\":\"https:\/\/hudo.com\/si\/#organization\",\"name\":\"VSN Media\",\"url\":\"https:\/\/hudo.com\/si\/\",\"logo\":{\"@type\":\"ImageObject\",\"inLanguage\":\"sl-SI\",\"@id\":\"https:\/\/hudo.com\/si\/#\/schema\/logo\/image\/\",\"url\":\"https:\/\/hudo.com\/si\/wp-content\/uploads\/sites\/2\/2021\/03\/hudo-app-2.png\",\"contentUrl\":\"https:\/\/hudo.com\/si\/wp-content\/uploads\/sites\/2\/2021\/03\/hudo-app-2.png\",\"width\":2185,\"height\":2167,\"caption\":\"VSN Media\"},\"image\":{\"@id\":\"https:\/\/hudo.com\/si\/#\/schema\/logo\/image\/\"},\"sameAs\":[\"https:\/\/www.facebook.com\/hudo.si\",\"https:\/\/twitter.com\/hudo_si\"]},{\"@type\":\"Person\",\"@id\":\"https:\/\/hudo.com\/si\/#\/schema\/person\/c2f10ce65d2e6ede2aeda5be2a0611fa\",\"name\":\"M. N., STA\",\"image\":{\"@type\":\"ImageObject\",\"inLanguage\":\"sl-SI\",\"@id\":\"https:\/\/hudo.com\/si\/#\/schema\/person\/image\/\",\"url\":\"https:\/\/secure.gravatar.com\/avatar\/f370d38daa10467f755c5c766a4cac20?s=96&d=mm&r=g\",\"contentUrl\":\"https:\/\/secure.gravatar.com\/avatar\/f370d38daa10467f755c5c766a4cac20?s=96&d=mm&r=g\",\"caption\":\"M. N., STA\"},\"url\":\"https:\/\/hudo.com\/si\/author\/mana\/\"}]}<\/script>\n<!-- \/ Yoast SEO plugin. -->","yoast_head_json":{"title":"Plenkovi\u0107 o prislu\u0161kovalni aferi: Hrva\u0161ka vlada nima nadnaravnih mo\u010di - Hudo Slovenija","robots":{"index":"index","follow":"follow","max-snippet":"max-snippet:-1","max-image-preview":"max-image-preview:large","max-video-preview":"max-video-preview:-1"},"canonical":"https:\/\/hudo.com\/si\/aktualno\/plenkovic-o-prisluskovalni-aferi-hrvaska-vlada-nima-nadnaravnih-moci\/","og_locale":"sl_SI","og_type":"article","og_title":"Plenkovi\u0107 o prislu\u0161kovalni aferi: Hrva\u0161ka vlada nima nadnaravnih mo\u010di - Hudo Slovenija","og_description":"Hrva\u0161ki vladi ni mogo\u010de ni\u010desar o\u010ditati, je poudaril hrva\u0161ki premier Andrej Plenkovi\u0107 v povezavi s prislu\u0161kovalno afero glede arbitra\u017ee ob prihodu na vrh EU o brexitu. Namigovanja, da imamo nadnaravno mo\u010d in da vplivamo na to, kaj bo objavil kateri medij, so pretenciozna in nerealna. Ne vem, kako je lahko to resen argument, je dejal.","og_url":"https:\/\/hudo.com\/si\/aktualno\/plenkovic-o-prisluskovalni-aferi-hrvaska-vlada-nima-nadnaravnih-moci\/","og_site_name":"Hudo Slovenija","article_publisher":"https:\/\/www.facebook.com\/hudo.si","article_published_time":"2019-04-10T20:47:23+00:00","og_image":[{"width":1250,"height":912,"url":"https:\/\/hudo.com\/si\/wp-content\/uploads\/sites\/2\/2018\/09\/profimedia-0384345067.jpg","type":"image\/jpeg"}],"author":"M. N., STA","twitter_card":"summary_large_image","twitter_creator":"@hudo_si","twitter_site":"@hudo_si","twitter_misc":{"Written by":"M. N., STA","Est. reading time":"1 minuta"},"schema":{"@context":"https:\/\/schema.org","@graph":[{"@type":"Article","@id":"https:\/\/hudo.com\/si\/aktualno\/plenkovic-o-prisluskovalni-aferi-hrvaska-vlada-nima-nadnaravnih-moci\/#article","isPartOf":{"@id":"https:\/\/hudo.com\/si\/aktualno\/plenkovic-o-prisluskovalni-aferi-hrvaska-vlada-nima-nadnaravnih-moci\/"},"author":{"name":"M. N., STA","@id":"https:\/\/hudo.com\/si\/#\/schema\/person\/c2f10ce65d2e6ede2aeda5be2a0611fa"},"headline":"Plenkovi\u0107 o prislu\u0161kovalni aferi: Hrva\u0161ka vlada nima nadnaravnih mo\u010di","datePublished":"2019-04-10T20:47:23+00:00","dateModified":"2019-04-10T20:47:23+00:00","mainEntityOfPage":{"@id":"https:\/\/hudo.com\/si\/aktualno\/plenkovic-o-prisluskovalni-aferi-hrvaska-vlada-nima-nadnaravnih-moci\/"},"wordCount":294,"publisher":{"@id":"https:\/\/hudo.com\/si\/#organization"},"keywords":["Andrej Plenkovi\u0107","arbitra\u017ea","hrva\u0161ka","medijska svoboda","prislu\u0161kovanje","Slovenija"],"articleSection":["Aktualno"],"inLanguage":"sl-SI"},{"@type":"WebPage","@id":"https:\/\/hudo.com\/si\/aktualno\/plenkovic-o-prisluskovalni-aferi-hrvaska-vlada-nima-nadnaravnih-moci\/","url":"https:\/\/hudo.com\/si\/aktualno\/plenkovic-o-prisluskovalni-aferi-hrvaska-vlada-nima-nadnaravnih-moci\/","name":"Plenkovi\u0107 o prislu\u0161kovalni aferi: Hrva\u0161ka vlada nima nadnaravnih mo\u010di - Hudo Slovenija","isPartOf":{"@id":"https:\/\/hudo.com\/si\/#website"},"datePublished":"2019-04-10T20:47:23+00:00","dateModified":"2019-04-10T20:47:23+00:00","breadcrumb":{"@id":"https:\/\/hudo.com\/si\/aktualno\/plenkovic-o-prisluskovalni-aferi-hrvaska-vlada-nima-nadnaravnih-moci\/#breadcrumb"},"inLanguage":"sl-SI","potentialAction":[{"@type":"ReadAction","target":["https:\/\/hudo.com\/si\/aktualno\/plenkovic-o-prisluskovalni-aferi-hrvaska-vlada-nima-nadnaravnih-moci\/"]}]},{"@type":"BreadcrumbList","@id":"https:\/\/hudo.com\/si\/aktualno\/plenkovic-o-prisluskovalni-aferi-hrvaska-vlada-nima-nadnaravnih-moci\/#breadcrumb","itemListElement":[{"@type":"ListItem","position":1,"name":"Home","item":"https:\/\/hudo.com\/si\/"},{"@type":"ListItem","position":2,"name":"Plenkovi\u0107 o prislu\u0161kovalni aferi: Hrva\u0161ka vlada nima nadnaravnih mo\u010di"}]},{"@type":"WebSite","@id":"https:\/\/hudo.com\/si\/#website","url":"https:\/\/hudo.com\/si\/","name":"Hudo Slovenija","description":"Vse novice iz Slovenije in sveta","publisher":{"@id":"https:\/\/hudo.com\/si\/#organization"},"potentialAction":[{"@type":"SearchAction","target":{"@type":"EntryPoint","urlTemplate":"https:\/\/hudo.com\/si\/?s={search_term_string}"},"query-input":"required name=search_term_string"}],"inLanguage":"sl-SI"},{"@type":"Organization","@id":"https:\/\/hudo.com\/si\/#organization","name":"VSN Media","url":"https:\/\/hudo.com\/si\/","logo":{"@type":"ImageObject","inLanguage":"sl-SI","@id":"https:\/\/hudo.com\/si\/#\/schema\/logo\/image\/","url":"https:\/\/hudo.com\/si\/wp-content\/uploads\/sites\/2\/2021\/03\/hudo-app-2.png","contentUrl":"https:\/\/hudo.com\/si\/wp-content\/uploads\/sites\/2\/2021\/03\/hudo-app-2.png","width":2185,"height":2167,"caption":"VSN Media"},"image":{"@id":"https:\/\/hudo.com\/si\/#\/schema\/logo\/image\/"},"sameAs":["https:\/\/www.facebook.com\/hudo.si","https:\/\/twitter.com\/hudo_si"]},{"@type":"Person","@id":"https:\/\/hudo.com\/si\/#\/schema\/person\/c2f10ce65d2e6ede2aeda5be2a0611fa","name":"M. N., STA","image":{"@type":"ImageObject","inLanguage":"sl-SI","@id":"https:\/\/hudo.com\/si\/#\/schema\/person\/image\/","url":"https:\/\/secure.gravatar.com\/avatar\/f370d38daa10467f755c5c766a4cac20?s=96&d=mm&r=g","contentUrl":"https:\/\/secure.gravatar.com\/avatar\/f370d38daa10467f755c5c766a4cac20?s=96&d=mm&r=g","caption":"M. N., STA"},"url":"https:\/\/hudo.com\/si\/author\/mana\/"}]}},"amp_enabled":true,"_links":{"self":[{"href":"https:\/\/hudo.com\/si\/wp-json\/wp\/v2\/posts\/396702"}],"collection":[{"href":"https:\/\/hudo.com\/si\/wp-json\/wp\/v2\/posts"}],"about":[{"href":"https:\/\/hudo.com\/si\/wp-json\/wp\/v2\/types\/post"}],"author":[{"embeddable":true,"href":"https:\/\/hudo.com\/si\/wp-json\/wp\/v2\/users\/8"}],"replies":[{"embeddable":true,"href":"https:\/\/hudo.com\/si\/wp-json\/wp\/v2\/comments?post=396702"}],"version-history":[{"count":1,"href":"https:\/\/hudo.com\/si\/wp-json\/wp\/v2\/posts\/396702\/revisions"}],"predecessor-version":[{"id":396703,"href":"https:\/\/hudo.com\/si\/wp-json\/wp\/v2\/posts\/396702\/revisions\/396703"}],"wp:featuredmedia":[{"embeddable":true,"href":"https:\/\/hudo.com\/si\/wp-json\/wp\/v2\/media\/376641"}],"wp:attachment":[{"href":"https:\/\/hudo.com\/si\/wp-json\/wp\/v2\/media?parent=396702"}],"wp:term":[{"taxonomy":"category","embeddable":true,"href":"https:\/\/hudo.com\/si\/wp-json\/wp\/v2\/categories?post=396702"},{"taxonomy":"post_tag","embeddable":true,"href":"https:\/\/hudo.com\/si\/wp-json\/wp\/v2\/tags?post=396702"},{"taxonomy":"source","embeddable":true,"href":"https:\/\/hudo.com\/si\/wp-json\/wp\/v2\/source?post=396702"},{"taxonomy":"supertag","embeddable":true,"href":"https:\/\/hudo.com\/si\/wp-json\/wp\/v2\/supertag?post=396702"}],"curies":[{"name":"wp","href":"https:\/\/api.w.org\/{rel}","templated":true}]}}