{"id":396730,"date":"2019-04-11T08:39:46","date_gmt":"2019-04-11T06:39:46","guid":{"rendered":"https:\/\/hudo.com\/si\/2019\/04\/11\/lepa-23-letna-eminemova-hcerka-tocno-ve-s-kaksnimi-fotografijami-pritegniti-se-vec-obozevalcev\/"},"modified":"2019-04-11T08:39:46","modified_gmt":"2019-04-11T06:39:46","slug":"lepa-23-letna-eminemova-hcerka-tocno-ve-s-kaksnimi-fotografijami-pritegniti-se-vec-obozevalcev","status":"publish","type":"post","link":"https:\/\/hudo.com\/si\/vip\/lepa-23-letna-eminemova-hcerka-tocno-ve-s-kaksnimi-fotografijami-pritegniti-se-vec-obozevalcev\/","title":{"rendered":"Lepa 23-letna Eminemova h\u010derka to\u010dno ve, s kak\u0161nimi fotografijami pritegniti \u0161e ve\u010d obo\u017eevalcev!"},"content":{"rendered":"<p>Hailie Mathers je junija lani diplomirala na univerzi Michigan State in od takrat svoj \u010das posve\u010da predvsem instagramu, svojemu ku\u017eku, potovanjem in fitnesu. Nedavno je svoje sledilce, ima jih kar 1,5 milijona, razveselila s \u0161tevilnimi fotografijami v kopalkah s po\u010ditnic na Havajih.<\/p>\n<blockquote class=\"instagram-media\">\n<div style=\"padding:16px\"> <a href=\"https:\/\/www.instagram.com\/p\/BvpyLnNhr9X\/?utm_source=ig_embed&amp;utm_medium=loading\" style=\"background:#FFFFFF;line-height:0;padding:0 0;text-align:center;text-decoration:none;width:100%\" target=\"_blank\"> <\/p>\n<div>\n<div style=\"background-color: #F4F4F4;height: 40px;margin-right: 14px;width: 40px\"><\/div>\n<div>\n<div style=\"background-color: #F4F4F4;height: 14px;margin-bottom: 6px;width: 100px\"><\/div>\n<div style=\"background-color: #F4F4F4;height: 14px;width: 60px\"><\/div>\n<\/div>\n<\/div>\n<div style=\"padding: 19% 0\"><\/div>\n<div style=\"height:50px;margin:0 auto 12px;width:50px\"><\/div>\n<div style=\"padding-top: 8px\">\n<div style=\"color:#3897f0;font-family:Arial,sans-serif;font-size:14px;font-style:normal;font-weight:550;line-height:18px\"> View this post on Instagram<\/div>\n<\/div>\n<div style=\"padding: 12.5% 0\"><\/div>\n<div style=\"margin-bottom: 14px\">\n<div>\n<div><\/div>\n<div><\/div>\n<div><\/div>\n<\/div>\n<div style=\"margin-left: 8px\">\n<div style=\"background-color: #F4F4F4;height: 20px;width: 20px\"><\/div>\n<div><\/div>\n<\/div>\n<div style=\"margin-left: auto\">\n<div><\/div>\n<div><\/div>\n<div><\/div>\n<\/div>\n<\/div>\n<p><\/a> <\/p>\n<p style=\"margin:8px 0 0 0;padding:0 4px\"> <a href=\"https:\/\/www.instagram.com\/p\/BvpyLnNhr9X\/?utm_source=ig_embed&amp;utm_medium=loading\" style=\"color:#000;font-family:Arial,sans-serif;font-size:14px;font-style:normal;font-weight:normal;line-height:17px;text-decoration:none\" target=\"_blank\">i just found out it\u2019s snowing back at home <img decoding=\"async\" src=\"https:\/\/s.w.org\/images\/core\/emoji\/2.2.1\/72x72\/1f62d.png\" alt=\" \" class=\"wp-smiley\" style=\"height: 1em;max-height: 1em\" \/><\/a><\/p>\n<p style=\"color:#c9c8cd;font-family:Arial,sans-serif;font-size:14px;line-height:17px;margin-bottom:0;margin-top:8px;overflow:hidden;padding:8px 0 7px;text-align:center\">A post shared by <a href=\"https:\/\/www.instagram.com\/hailiescott1\/?utm_source=ig_embed&amp;utm_medium=loading\" style=\"color:#c9c8cd;font-family:Arial,sans-serif;font-size:14px;font-style:normal;font-weight:normal;line-height:17px\" target=\"_blank\"> Hailie Scott<\/a> (@hailiescott1) on Mar 30, 2019 at 5:39pm PDT<\/p>\n<\/div>\n<\/blockquote>\n<blockquote class=\"instagram-media\">\n<div style=\"padding:16px\"> <a href=\"https:\/\/www.instagram.com\/p\/Bvm_vk3h94e\/?utm_source=ig_embed&amp;utm_medium=loading\" style=\"background:#FFFFFF;line-height:0;padding:0 0;text-align:center;text-decoration:none;width:100%\" target=\"_blank\"> <\/p>\n<div>\n<div style=\"background-color: #F4F4F4;height: 40px;margin-right: 14px;width: 40px\"><\/div>\n<div>\n<div style=\"background-color: #F4F4F4;height: 14px;margin-bottom: 6px;width: 100px\"><\/div>\n<div style=\"background-color: #F4F4F4;height: 14px;width: 60px\"><\/div>\n<\/div>\n<\/div>\n<div style=\"padding: 19% 0\"><\/div>\n<div style=\"height:50px;margin:0 auto 12px;width:50px\"><\/div>\n<div style=\"padding-top: 8px\">\n<div style=\"color:#3897f0;font-family:Arial,sans-serif;font-size:14px;font-style:normal;font-weight:550;line-height:18px\"> View this post on Instagram<\/div>\n<\/div>\n<div style=\"padding: 12.5% 0\"><\/div>\n<div style=\"margin-bottom: 14px\">\n<div>\n<div><\/div>\n<div><\/div>\n<div><\/div>\n<\/div>\n<div style=\"margin-left: 8px\">\n<div style=\"background-color: #F4F4F4;height: 20px;width: 20px\"><\/div>\n<div><\/div>\n<\/div>\n<div style=\"margin-left: auto\">\n<div><\/div>\n<div><\/div>\n<div><\/div>\n<\/div>\n<\/div>\n<p><\/a> <\/p>\n<p style=\"margin:8px 0 0 0;padding:0 4px\"> <a href=\"https:\/\/www.instagram.com\/p\/Bvm_vk3h94e\/?utm_source=ig_embed&amp;utm_medium=loading\" style=\"color:#000;font-family:Arial,sans-serif;font-size:14px;font-style:normal;font-weight:normal;line-height:17px;text-decoration:none\" target=\"_blank\">sorry TLC but i\u2019ve been chasing waterfalls  <img decoding=\"async\" src=\"https:\/\/s.w.org\/images\/core\/emoji\/2.2.1\/72x72\/1f3fc.png\" alt=\" \" class=\"wp-smiley\" style=\"height: 1em;max-height: 1em\" \/>\u200d\u2640\ufe0f second picture is proof i got in and third is the reality shot once i saw some type of fish in there that looked like baby sharks <img decoding=\"async\" src=\"https:\/\/s.w.org\/images\/core\/emoji\/2.2.1\/72x72\/1f602.png\" alt=\" \" class=\"wp-smiley\" style=\"height: 1em;max-height: 1em\" \/><\/a><\/p>\n<p style=\"color:#c9c8cd;font-family:Arial,sans-serif;font-size:14px;line-height:17px;margin-bottom:0;margin-top:8px;overflow:hidden;padding:8px 0 7px;text-align:center\">A post shared by <a href=\"https:\/\/www.instagram.com\/hailiescott1\/?utm_source=ig_embed&amp;utm_medium=loading\" style=\"color:#c9c8cd;font-family:Arial,sans-serif;font-size:14px;font-style:normal;font-weight:normal;line-height:17px\" target=\"_blank\"> Hailie Scott<\/a> (@hailiescott1) on Mar 29, 2019 at 3:39pm PDT<\/p>\n<\/div>\n<\/blockquote>\n<blockquote class=\"instagram-media\">\n<div style=\"padding:16px\"> <a href=\"https:\/\/www.instagram.com\/p\/Bvj0KCihbTQ\/?utm_source=ig_embed&amp;utm_medium=loading\" style=\"background:#FFFFFF;line-height:0;padding:0 0;text-align:center;text-decoration:none;width:100%\" target=\"_blank\"> <\/p>\n<div>\n<div style=\"background-color: #F4F4F4;height: 40px;margin-right: 14px;width: 40px\"><\/div>\n<div>\n<div style=\"background-color: #F4F4F4;height: 14px;margin-bottom: 6px;width: 100px\"><\/div>\n<div style=\"background-color: #F4F4F4;height: 14px;width: 60px\"><\/div>\n<\/div>\n<\/div>\n<div style=\"padding: 19% 0\"><\/div>\n<div style=\"height:50px;margin:0 auto 12px;width:50px\"><\/div>\n<div style=\"padding-top: 8px\">\n<div style=\"color:#3897f0;font-family:Arial,sans-serif;font-size:14px;font-style:normal;font-weight:550;line-height:18px\"> View this post on Instagram<\/div>\n<\/div>\n<div style=\"padding: 12.5% 0\"><\/div>\n<div style=\"margin-bottom: 14px\">\n<div>\n<div><\/div>\n<div><\/div>\n<div><\/div>\n<\/div>\n<div style=\"margin-left: 8px\">\n<div style=\"background-color: #F4F4F4;height: 20px;width: 20px\"><\/div>\n<div><\/div>\n<\/div>\n<div style=\"margin-left: auto\">\n<div><\/div>\n<div><\/div>\n<div><\/div>\n<\/div>\n<\/div>\n<p><\/a> <\/p>\n<p style=\"margin:8px 0 0 0;padding:0 4px\"> <a href=\"https:\/\/www.instagram.com\/p\/Bvj0KCihbTQ\/?utm_source=ig_embed&amp;utm_medium=loading\" style=\"color:#000;font-family:Arial,sans-serif;font-size:14px;font-style:normal;font-weight:normal;line-height:17px;text-decoration:none\" target=\"_blank\"><img decoding=\"async\" src=\"https:\/\/s.w.org\/images\/core\/emoji\/2.2.1\/72x72\/1f30a.png\" alt=\" \" class=\"wp-smiley\" style=\"height: 1em;max-height: 1em\" \/><\/a><\/p>\n<p style=\"color:#c9c8cd;font-family:Arial,sans-serif;font-size:14px;line-height:17px;margin-bottom:0;margin-top:8px;overflow:hidden;padding:8px 0 7px;text-align:center\">A post shared by <a href=\"https:\/\/www.instagram.com\/hailiescott1\/?utm_source=ig_embed&amp;utm_medium=loading\" style=\"color:#c9c8cd;font-family:Arial,sans-serif;font-size:14px;font-style:normal;font-weight:normal;line-height:17px\" target=\"_blank\"> Hailie Scott<\/a> (@hailiescott1) on Mar 28, 2019 at 10:00am PDT<\/p>\n<\/div>\n<\/blockquote>\n<p class=\"mol-para-with-font\">Kot re\u010deno je fitnes ena od njenih prioritet in svoje seksi mi\u0161ice tudi z veseljem poka\u017ee. Hailie je sicer Eminenoma edina h\u010derka, ki jo ima iz zakona z nekdanjo \u017eeno Kim. Tako Hailie kot Kim sta bili pogosto del Eminemovih besedil. 23-letna lepoti\u010dka, ki si je z o\u010detom izjemno blizu, je sicer diplomirala iz psihologije, vendar kot je povedala za DailyMail.com razmi\u0161lja da bi raje postala influencerka s poudarkom na lepotni in kozmeti\u010dni industriji.<\/p>\n<blockquote class=\"instagram-media\">\n<div style=\"padding:16px\"> <a href=\"https:\/\/www.instagram.com\/p\/BuFLF5TBd7l\/?utm_source=ig_embed&amp;utm_medium=loading&amp;utm_campaign=embed_locale_control\" style=\"background:#FFFFFF;line-height:0;padding:0 0;text-align:center;text-decoration:none;width:100%\" target=\"_blank\"> <\/p>\n<div>\n<div style=\"background-color: #F4F4F4;height: 40px;margin-right: 14px;width: 40px\"><\/div>\n<div>\n<div style=\"background-color: #F4F4F4;height: 14px;margin-bottom: 6px;width: 100px\"><\/div>\n<div style=\"background-color: #F4F4F4;height: 14px;width: 60px\"><\/div>\n<\/div>\n<\/div>\n<div style=\"padding: 19% 0\"><\/div>\n<div style=\"height:50px;margin:0 auto 12px;width:50px\"><\/div>\n<div style=\"padding-top: 8px\">\n<div style=\"color:#3897f0;font-family:Arial,sans-serif;font-size:14px;font-style:normal;font-weight:550;line-height:18px\"> View this post on Instagram<\/div>\n<\/div>\n<div style=\"padding: 12.5% 0\"><\/div>\n<div style=\"margin-bottom: 14px\">\n<div>\n<div><\/div>\n<div><\/div>\n<div><\/div>\n<\/div>\n<div style=\"margin-left: 8px\">\n<div style=\"background-color: #F4F4F4;height: 20px;width: 20px\"><\/div>\n<div><\/div>\n<\/div>\n<div style=\"margin-left: auto\">\n<div><\/div>\n<div><\/div>\n<div><\/div>\n<\/div>\n<\/div>\n<p><\/a> <\/p>\n<p style=\"margin:8px 0 0 0;padding:0 4px\"> <a href=\"https:\/\/www.instagram.com\/p\/BuFLF5TBd7l\/?utm_source=ig_embed&amp;utm_medium=loading&amp;utm_campaign=embed_locale_control\" style=\"color:#000;font-family:Arial,sans-serif;font-size:14px;font-style:normal;font-weight:normal;line-height:17px;text-decoration:none\" target=\"_blank\"><img decoding=\"async\" src=\"https:\/\/s.w.org\/images\/core\/emoji\/2.2.1\/72x72\/1f31e.png\" alt=\" \" class=\"wp-smiley\" style=\"height: 1em;max-height: 1em\" \/><\/a><\/p>\n<p style=\"color:#c9c8cd;font-family:Arial,sans-serif;font-size:14px;line-height:17px;margin-bottom:0;margin-top:8px;overflow:hidden;padding:8px 0 7px;text-align:center\">A post shared by <a href=\"https:\/\/www.instagram.com\/hailiescott1\/?utm_source=ig_embed&amp;utm_medium=loading&amp;utm_campaign=embed_locale_control\" style=\"color:#c9c8cd;font-family:Arial,sans-serif;font-size:14px;font-style:normal;font-weight:normal;line-height:17px\" target=\"_blank\"> Hailie Scott<\/a> (@hailiescott1) on Feb 19, 2019 at 2:53pm PST<\/p>\n<\/div>\n<\/blockquote>\n<p>https:\/\/www.instagram.com\/p\/Bm64aAdDfjO\/<\/p>\n<blockquote class=\"instagram-media\">\n<div style=\"padding:16px\"> <a href=\"https:\/\/www.instagram.com\/p\/BdB8Ol8g1LM\/?utm_source=ig_embed&amp;utm_medium=loading\" style=\"background:#FFFFFF;line-height:0;padding:0 0;text-align:center;text-decoration:none;width:100%\" target=\"_blank\"> <\/p>\n<div>\n<div style=\"background-color: #F4F4F4;height: 40px;margin-right: 14px;width: 40px\"><\/div>\n<div>\n<div style=\"background-color: #F4F4F4;height: 14px;margin-bottom: 6px;width: 100px\"><\/div>\n<div style=\"background-color: #F4F4F4;height: 14px;width: 60px\"><\/div>\n<\/div>\n<\/div>\n<div style=\"padding: 19% 0\"><\/div>\n<div style=\"height:50px;margin:0 auto 12px;width:50px\"><\/div>\n<div style=\"padding-top: 8px\">\n<div style=\"color:#3897f0;font-family:Arial,sans-serif;font-size:14px;font-style:normal;font-weight:550;line-height:18px\"> View this post on Instagram<\/div>\n<\/div>\n<div style=\"padding: 12.5% 0\"><\/div>\n<div style=\"margin-bottom: 14px\">\n<div>\n<div><\/div>\n<div><\/div>\n<div><\/div>\n<\/div>\n<div style=\"margin-left: 8px\">\n<div style=\"background-color: #F4F4F4;height: 20px;width: 20px\"><\/div>\n<div><\/div>\n<\/div>\n<div style=\"margin-left: auto\">\n<div><\/div>\n<div><\/div>\n<div><\/div>\n<\/div>\n<\/div>\n<p><\/a> <\/p>\n<p style=\"margin:8px 0 0 0;padding:0 4px\"> <a href=\"https:\/\/www.instagram.com\/p\/BdB8Ol8g1LM\/?utm_source=ig_embed&amp;utm_medium=loading\" style=\"color:#000;font-family:Arial,sans-serif;font-size:14px;font-style:normal;font-weight:normal;line-height:17px;text-decoration:none\" target=\"_blank\">happy early birthday to me<\/a><\/p>\n<p style=\"color:#c9c8cd;font-family:Arial,sans-serif;font-size:14px;line-height:17px;margin-bottom:0;margin-top:8px;overflow:hidden;padding:8px 0 7px;text-align:center\">A post shared by <a href=\"https:\/\/www.instagram.com\/hailiescott1\/?utm_source=ig_embed&amp;utm_medium=loading\" style=\"color:#c9c8cd;font-family:Arial,sans-serif;font-size:14px;font-style:normal;font-weight:normal;line-height:17px\" target=\"_blank\"> Hailie Scott<\/a> (@hailiescott1) on Dec 22, 2017 at 7:52pm PST<\/p>\n<\/div>\n<\/blockquote>\n<p class=\"mol-para-with-font\">In v tej smeri so tudi njene objave, objavlja tako svoje modne izbire kot svoje treninge.<\/p>\n<blockquote class=\"instagram-media\">\n<div style=\"padding:16px\"> <a href=\"https:\/\/www.instagram.com\/p\/BLxL11iBeKL\/?utm_source=ig_embed&amp;utm_medium=loading\" style=\"background:#FFFFFF;line-height:0;padding:0 0;text-align:center;text-decoration:none;width:100%\" target=\"_blank\"> <\/p>\n<div>\n<div style=\"background-color: #F4F4F4;height: 40px;margin-right: 14px;width: 40px\"><\/div>\n<div>\n<div style=\"background-color: #F4F4F4;height: 14px;margin-bottom: 6px;width: 100px\"><\/div>\n<div style=\"background-color: #F4F4F4;height: 14px;width: 60px\"><\/div>\n<\/div>\n<\/div>\n<div style=\"padding: 19% 0\"><\/div>\n<div style=\"height:50px;margin:0 auto 12px;width:50px\"><\/div>\n<div style=\"padding-top: 8px\">\n<div style=\"color:#3897f0;font-family:Arial,sans-serif;font-size:14px;font-style:normal;font-weight:550;line-height:18px\"> View this post on Instagram<\/div>\n<\/div>\n<div style=\"padding: 12.5% 0\"><\/div>\n<div style=\"margin-bottom: 14px\">\n<div>\n<div><\/div>\n<div><\/div>\n<div><\/div>\n<\/div>\n<div style=\"margin-left: 8px\">\n<div style=\"background-color: #F4F4F4;height: 20px;width: 20px\"><\/div>\n<div><\/div>\n<\/div>\n<div style=\"margin-left: auto\">\n<div><\/div>\n<div><\/div>\n<div><\/div>\n<\/div>\n<\/div>\n<div style=\"margin-bottom: 24px\">\n<div style=\"background-color: #F4F4F4;height: 14px;margin-bottom: 6px;width: 224px\"><\/div>\n<div style=\"background-color: #F4F4F4;height: 14px;width: 144px\"><\/div>\n<\/div>\n<p><\/a><\/p>\n<p style=\"color:#c9c8cd;font-family:Arial,sans-serif;font-size:14px;line-height:17px;margin-bottom:0;margin-top:8px;overflow:hidden;padding:8px 0 7px;text-align:center\"><a href=\"https:\/\/www.instagram.com\/p\/BLxL11iBeKL\/?utm_source=ig_embed&amp;utm_medium=loading\" style=\"color:#c9c8cd;font-family:Arial,sans-serif;font-size:14px;font-style:normal;font-weight:normal;line-height:17px;text-decoration:none\" target=\"_blank\">A post shared by Hailie Scott (@hailiescott1)<\/a> on Oct 19, 2016 at 7:47pm PDT<\/p>\n<\/div>\n<\/blockquote>\n<blockquote class=\"instagram-media\">\n<div style=\"padding:16px\"> <a href=\"https:\/\/www.instagram.com\/p\/BsL2vvthVTH\/?utm_source=ig_embed&amp;utm_medium=loading\" style=\"background:#FFFFFF;line-height:0;padding:0 0;text-align:center;text-decoration:none;width:100%\" target=\"_blank\"> <\/p>\n<div>\n<div style=\"background-color: #F4F4F4;height: 40px;margin-right: 14px;width: 40px\"><\/div>\n<div>\n<div style=\"background-color: #F4F4F4;height: 14px;margin-bottom: 6px;width: 100px\"><\/div>\n<div style=\"background-color: #F4F4F4;height: 14px;width: 60px\"><\/div>\n<\/div>\n<\/div>\n<div style=\"padding: 19% 0\"><\/div>\n<div style=\"height:50px;margin:0 auto 12px;width:50px\"><\/div>\n<div style=\"padding-top: 8px\">\n<div style=\"color:#3897f0;font-family:Arial,sans-serif;font-size:14px;font-style:normal;font-weight:550;line-height:18px\"> View this post on Instagram<\/div>\n<\/div>\n<div style=\"padding: 12.5% 0\"><\/div>\n<div style=\"margin-bottom: 14px\">\n<div>\n<div><\/div>\n<div><\/div>\n<div><\/div>\n<\/div>\n<div style=\"margin-left: 8px\">\n<div style=\"background-color: #F4F4F4;height: 20px;width: 20px\"><\/div>\n<div><\/div>\n<\/div>\n<div style=\"margin-left: auto\">\n<div><\/div>\n<div><\/div>\n<div><\/div>\n<\/div>\n<\/div>\n<p><\/a> <\/p>\n<p style=\"margin:8px 0 0 0;padding:0 4px\"> <a href=\"https:\/\/www.instagram.com\/p\/BsL2vvthVTH\/?utm_source=ig_embed&amp;utm_medium=loading\" style=\"color:#000;font-family:Arial,sans-serif;font-size:14px;font-style:normal;font-weight:normal;line-height:17px;text-decoration:none\" target=\"_blank\">i don\u2019t think i\u2019ll ever stop posting about this place #tbt<\/a><\/p>\n<p style=\"color:#c9c8cd;font-family:Arial,sans-serif;font-size:14px;line-height:17px;margin-bottom:0;margin-top:8px;overflow:hidden;padding:8px 0 7px;text-align:center\">A post shared by <a href=\"https:\/\/www.instagram.com\/hailiescott1\/?utm_source=ig_embed&amp;utm_medium=loading\" style=\"color:#c9c8cd;font-family:Arial,sans-serif;font-size:14px;font-style:normal;font-weight:normal;line-height:17px\" target=\"_blank\"> Hailie Scott<\/a> (@hailiescott1) on Jan 3, 2019 at 12:07pm PST<\/p>\n<\/div>\n<\/blockquote>\n<blockquote class=\"instagram-media\">\n<div style=\"padding:16px\"> <a href=\"https:\/\/www.instagram.com\/p\/Bv2ltpzhPXl\/?utm_source=ig_embed&amp;utm_medium=loading\" style=\"background:#FFFFFF;line-height:0;padding:0 0;text-align:center;text-decoration:none;width:100%\" target=\"_blank\"> <\/p>\n<div>\n<div style=\"background-color: #F4F4F4;height: 40px;margin-right: 14px;width: 40px\"><\/div>\n<div>\n<div style=\"background-color: #F4F4F4;height: 14px;margin-bottom: 6px;width: 100px\"><\/div>\n<div style=\"background-color: #F4F4F4;height: 14px;width: 60px\"><\/div>\n<\/div>\n<\/div>\n<div style=\"padding: 19% 0\"><\/div>\n<div style=\"height:50px;margin:0 auto 12px;width:50px\"><\/div>\n<div style=\"padding-top: 8px\">\n<div style=\"color:#3897f0;font-family:Arial,sans-serif;font-size:14px;font-style:normal;font-weight:550;line-height:18px\"> View this post on Instagram<\/div>\n<\/div>\n<div style=\"padding: 12.5% 0\"><\/div>\n<div style=\"margin-bottom: 14px\">\n<div>\n<div><\/div>\n<div><\/div>\n<div><\/div>\n<\/div>\n<div style=\"margin-left: 8px\">\n<div style=\"background-color: #F4F4F4;height: 20px;width: 20px\"><\/div>\n<div><\/div>\n<\/div>\n<div style=\"margin-left: auto\">\n<div><\/div>\n<div><\/div>\n<div><\/div>\n<\/div>\n<\/div>\n<p><\/a> <\/p>\n<p style=\"margin:8px 0 0 0;padding:0 4px\"> <a href=\"https:\/\/www.instagram.com\/p\/Bv2ltpzhPXl\/?utm_source=ig_embed&amp;utm_medium=loading\" style=\"color:#000;font-family:Arial,sans-serif;font-size:14px;font-style:normal;font-weight:normal;line-height:17px;text-decoration:none\" target=\"_blank\">even though it was back to reality this week, i\u2019ve been trying to live through my hawaii pictures- I posted some \u201cthrowbacks\u201d from my trip in my story! also, you can screenshot this look &amp; get the outfit details in the liketoknow.it app. comment below if you want me to link any of the products in my ig story as well!  http:\/\/liketk.it\/2AW4A #liketkit @liketoknow.it<\/a><\/p>\n<p style=\"color:#c9c8cd;font-family:Arial,sans-serif;font-size:14px;line-height:17px;margin-bottom:0;margin-top:8px;overflow:hidden;padding:8px 0 7px;text-align:center\">A post shared by <a href=\"https:\/\/www.instagram.com\/hailiescott1\/?utm_source=ig_embed&amp;utm_medium=loading\" style=\"color:#c9c8cd;font-family:Arial,sans-serif;font-size:14px;font-style:normal;font-weight:normal;line-height:17px\" target=\"_blank\"> Hailie Scott<\/a> (@hailiescott1) on Apr 4, 2019 at 5:00pm PDT<\/p>\n<\/div>\n<\/blockquote>\n","protected":false},"excerpt":{"rendered":"<p>Eminemova 23-letna h\u010derka je prava instagram influencerka s kar 1,5 milijona sledilcev.\u00a0<\/p>\n","protected":false},"author":1,"featured_media":0,"comment_status":"closed","ping_status":"closed","sticky":false,"template":"","format":"standard","meta":{"footnotes":""},"categories":[1093],"tags":[8308,13466,1444,12914],"source":[1346,1345,1334],"supertag":[],"acf":[],"yoast_head":"<!-- This site is optimized with the Yoast SEO plugin v21.3 - https:\/\/yoast.com\/wordpress\/plugins\/seo\/ -->\n<title>Lepa 23-letna Eminemova h\u010derka to\u010dno ve, s kak\u0161nimi fotografijami pritegniti \u0161e ve\u010d obo\u017eevalcev! - Hudo Slovenija<\/title>\n<meta name=\"robots\" content=\"index, follow, max-snippet:-1, max-image-preview:large, max-video-preview:-1\" \/>\n<link rel=\"canonical\" href=\"https:\/\/hudo.com\/si\/vip\/lepa-23-letna-eminemova-hcerka-tocno-ve-s-kaksnimi-fotografijami-pritegniti-se-vec-obozevalcev\/\" \/>\n<meta property=\"og:locale\" content=\"sl_SI\" \/>\n<meta property=\"og:type\" content=\"article\" \/>\n<meta property=\"og:title\" content=\"Lepa 23-letna Eminemova h\u010derka to\u010dno ve, s kak\u0161nimi fotografijami pritegniti \u0161e ve\u010d obo\u017eevalcev! - Hudo Slovenija\" \/>\n<meta property=\"og:description\" content=\"Eminemova 23-letna h\u010derka je prava instagram influencerka s kar 1,5 milijona sledilcev.\u00a0\" \/>\n<meta property=\"og:url\" content=\"https:\/\/hudo.com\/si\/vip\/lepa-23-letna-eminemova-hcerka-tocno-ve-s-kaksnimi-fotografijami-pritegniti-se-vec-obozevalcev\/\" \/>\n<meta property=\"og:site_name\" content=\"Hudo Slovenija\" \/>\n<meta property=\"article:publisher\" content=\"https:\/\/www.facebook.com\/hudo.si\" \/>\n<meta property=\"article:published_time\" content=\"2019-04-11T06:39:46+00:00\" \/>\n<meta property=\"og:image\" content=\"https:\/\/hudo.com\/si\/wp-content\/uploads\/sites\/2\/2019\/04\/profimedia-0423746500.jpg\" \/>\n\t<meta property=\"og:image:width\" content=\"1250\" \/>\n\t<meta property=\"og:image:height\" content=\"1243\" \/>\n\t<meta property=\"og:image:type\" content=\"image\/jpeg\" \/>\n<meta name=\"author\" content=\"hudo\" \/>\n<meta name=\"twitter:card\" content=\"summary_large_image\" \/>\n<meta name=\"twitter:creator\" content=\"@hudo_si\" \/>\n<meta name=\"twitter:site\" content=\"@hudo_si\" \/>\n<meta name=\"twitter:label1\" content=\"Written by\" \/>\n\t<meta name=\"twitter:data1\" content=\"hudo\" \/>\n\t<meta name=\"twitter:label2\" content=\"Est. reading time\" \/>\n\t<meta name=\"twitter:data2\" content=\"2 minuti\" \/>\n<script type=\"application\/ld+json\" class=\"yoast-schema-graph\">{\"@context\":\"https:\/\/schema.org\",\"@graph\":[{\"@type\":\"Article\",\"@id\":\"https:\/\/hudo.com\/si\/vip\/lepa-23-letna-eminemova-hcerka-tocno-ve-s-kaksnimi-fotografijami-pritegniti-se-vec-obozevalcev\/#article\",\"isPartOf\":{\"@id\":\"https:\/\/hudo.com\/si\/vip\/lepa-23-letna-eminemova-hcerka-tocno-ve-s-kaksnimi-fotografijami-pritegniti-se-vec-obozevalcev\/\"},\"author\":{\"name\":\"hudo\",\"@id\":\"https:\/\/hudo.com\/si\/#\/schema\/person\/601cf3379633985b20f7e50f2bb47707\"},\"headline\":\"Lepa 23-letna Eminemova h\u010derka to\u010dno ve, s kak\u0161nimi fotografijami pritegniti \u0161e ve\u010d obo\u017eevalcev!\",\"datePublished\":\"2019-04-11T06:39:46+00:00\",\"dateModified\":\"2019-04-11T06:39:46+00:00\",\"mainEntityOfPage\":{\"@id\":\"https:\/\/hudo.com\/si\/vip\/lepa-23-letna-eminemova-hcerka-tocno-ve-s-kaksnimi-fotografijami-pritegniti-se-vec-obozevalcev\/\"},\"wordCount\":437,\"publisher\":{\"@id\":\"https:\/\/hudo.com\/si\/#organization\"},\"keywords\":[\"Eminem\",\"Hailie Mathers\",\"zvezdni\u0161ki otroci\",\"zvezdni\u0161ki otroci 2019\"],\"articleSection\":[\"VIP\"],\"inLanguage\":\"sl-SI\"},{\"@type\":\"WebPage\",\"@id\":\"https:\/\/hudo.com\/si\/vip\/lepa-23-letna-eminemova-hcerka-tocno-ve-s-kaksnimi-fotografijami-pritegniti-se-vec-obozevalcev\/\",\"url\":\"https:\/\/hudo.com\/si\/vip\/lepa-23-letna-eminemova-hcerka-tocno-ve-s-kaksnimi-fotografijami-pritegniti-se-vec-obozevalcev\/\",\"name\":\"Lepa 23-letna Eminemova h\u010derka to\u010dno ve, s kak\u0161nimi fotografijami pritegniti \u0161e ve\u010d obo\u017eevalcev! - Hudo Slovenija\",\"isPartOf\":{\"@id\":\"https:\/\/hudo.com\/si\/#website\"},\"datePublished\":\"2019-04-11T06:39:46+00:00\",\"dateModified\":\"2019-04-11T06:39:46+00:00\",\"breadcrumb\":{\"@id\":\"https:\/\/hudo.com\/si\/vip\/lepa-23-letna-eminemova-hcerka-tocno-ve-s-kaksnimi-fotografijami-pritegniti-se-vec-obozevalcev\/#breadcrumb\"},\"inLanguage\":\"sl-SI\",\"potentialAction\":[{\"@type\":\"ReadAction\",\"target\":[\"https:\/\/hudo.com\/si\/vip\/lepa-23-letna-eminemova-hcerka-tocno-ve-s-kaksnimi-fotografijami-pritegniti-se-vec-obozevalcev\/\"]}]},{\"@type\":\"BreadcrumbList\",\"@id\":\"https:\/\/hudo.com\/si\/vip\/lepa-23-letna-eminemova-hcerka-tocno-ve-s-kaksnimi-fotografijami-pritegniti-se-vec-obozevalcev\/#breadcrumb\",\"itemListElement\":[{\"@type\":\"ListItem\",\"position\":1,\"name\":\"Home\",\"item\":\"https:\/\/hudo.com\/si\/\"},{\"@type\":\"ListItem\",\"position\":2,\"name\":\"Lepa 23-letna Eminemova h\u010derka to\u010dno ve, s kak\u0161nimi fotografijami pritegniti \u0161e ve\u010d obo\u017eevalcev!\"}]},{\"@type\":\"WebSite\",\"@id\":\"https:\/\/hudo.com\/si\/#website\",\"url\":\"https:\/\/hudo.com\/si\/\",\"name\":\"Hudo Slovenija\",\"description\":\"Vse novice iz Slovenije in sveta\",\"publisher\":{\"@id\":\"https:\/\/hudo.com\/si\/#organization\"},\"potentialAction\":[{\"@type\":\"SearchAction\",\"target\":{\"@type\":\"EntryPoint\",\"urlTemplate\":\"https:\/\/hudo.com\/si\/?s={search_term_string}\"},\"query-input\":\"required name=search_term_string\"}],\"inLanguage\":\"sl-SI\"},{\"@type\":\"Organization\",\"@id\":\"https:\/\/hudo.com\/si\/#organization\",\"name\":\"VSN Media\",\"url\":\"https:\/\/hudo.com\/si\/\",\"logo\":{\"@type\":\"ImageObject\",\"inLanguage\":\"sl-SI\",\"@id\":\"https:\/\/hudo.com\/si\/#\/schema\/logo\/image\/\",\"url\":\"https:\/\/hudo.com\/si\/wp-content\/uploads\/sites\/2\/2021\/03\/hudo-app-2.png\",\"contentUrl\":\"https:\/\/hudo.com\/si\/wp-content\/uploads\/sites\/2\/2021\/03\/hudo-app-2.png\",\"width\":2185,\"height\":2167,\"caption\":\"VSN Media\"},\"image\":{\"@id\":\"https:\/\/hudo.com\/si\/#\/schema\/logo\/image\/\"},\"sameAs\":[\"https:\/\/www.facebook.com\/hudo.si\",\"https:\/\/twitter.com\/hudo_si\"]},{\"@type\":\"Person\",\"@id\":\"https:\/\/hudo.com\/si\/#\/schema\/person\/601cf3379633985b20f7e50f2bb47707\",\"name\":\"hudo\",\"image\":{\"@type\":\"ImageObject\",\"inLanguage\":\"sl-SI\",\"@id\":\"https:\/\/hudo.com\/si\/#\/schema\/person\/image\/\",\"url\":\"https:\/\/secure.gravatar.com\/avatar\/c4ca25fa72cace7a696b52ff5db9e095?s=96&d=mm&r=g\",\"contentUrl\":\"https:\/\/secure.gravatar.com\/avatar\/c4ca25fa72cace7a696b52ff5db9e095?s=96&d=mm&r=g\",\"caption\":\"hudo\"},\"url\":\"https:\/\/hudo.com\/si\/author\/hudo\/\"}]}<\/script>\n<!-- \/ Yoast SEO plugin. -->","yoast_head_json":{"title":"Lepa 23-letna Eminemova h\u010derka to\u010dno ve, s kak\u0161nimi fotografijami pritegniti \u0161e ve\u010d obo\u017eevalcev! - Hudo Slovenija","robots":{"index":"index","follow":"follow","max-snippet":"max-snippet:-1","max-image-preview":"max-image-preview:large","max-video-preview":"max-video-preview:-1"},"canonical":"https:\/\/hudo.com\/si\/vip\/lepa-23-letna-eminemova-hcerka-tocno-ve-s-kaksnimi-fotografijami-pritegniti-se-vec-obozevalcev\/","og_locale":"sl_SI","og_type":"article","og_title":"Lepa 23-letna Eminemova h\u010derka to\u010dno ve, s kak\u0161nimi fotografijami pritegniti \u0161e ve\u010d obo\u017eevalcev! - Hudo Slovenija","og_description":"Eminemova 23-letna h\u010derka je prava instagram influencerka s kar 1,5 milijona sledilcev.\u00a0","og_url":"https:\/\/hudo.com\/si\/vip\/lepa-23-letna-eminemova-hcerka-tocno-ve-s-kaksnimi-fotografijami-pritegniti-se-vec-obozevalcev\/","og_site_name":"Hudo Slovenija","article_publisher":"https:\/\/www.facebook.com\/hudo.si","article_published_time":"2019-04-11T06:39:46+00:00","og_image":[{"width":1250,"height":1243,"url":"https:\/\/hudo.com\/si\/wp-content\/uploads\/sites\/2\/2019\/04\/profimedia-0423746500.jpg","type":"image\/jpeg"}],"author":"hudo","twitter_card":"summary_large_image","twitter_creator":"@hudo_si","twitter_site":"@hudo_si","twitter_misc":{"Written by":"hudo","Est. reading time":"2 minuti"},"schema":{"@context":"https:\/\/schema.org","@graph":[{"@type":"Article","@id":"https:\/\/hudo.com\/si\/vip\/lepa-23-letna-eminemova-hcerka-tocno-ve-s-kaksnimi-fotografijami-pritegniti-se-vec-obozevalcev\/#article","isPartOf":{"@id":"https:\/\/hudo.com\/si\/vip\/lepa-23-letna-eminemova-hcerka-tocno-ve-s-kaksnimi-fotografijami-pritegniti-se-vec-obozevalcev\/"},"author":{"name":"hudo","@id":"https:\/\/hudo.com\/si\/#\/schema\/person\/601cf3379633985b20f7e50f2bb47707"},"headline":"Lepa 23-letna Eminemova h\u010derka to\u010dno ve, s kak\u0161nimi fotografijami pritegniti \u0161e ve\u010d obo\u017eevalcev!","datePublished":"2019-04-11T06:39:46+00:00","dateModified":"2019-04-11T06:39:46+00:00","mainEntityOfPage":{"@id":"https:\/\/hudo.com\/si\/vip\/lepa-23-letna-eminemova-hcerka-tocno-ve-s-kaksnimi-fotografijami-pritegniti-se-vec-obozevalcev\/"},"wordCount":437,"publisher":{"@id":"https:\/\/hudo.com\/si\/#organization"},"keywords":["Eminem","Hailie Mathers","zvezdni\u0161ki otroci","zvezdni\u0161ki otroci 2019"],"articleSection":["VIP"],"inLanguage":"sl-SI"},{"@type":"WebPage","@id":"https:\/\/hudo.com\/si\/vip\/lepa-23-letna-eminemova-hcerka-tocno-ve-s-kaksnimi-fotografijami-pritegniti-se-vec-obozevalcev\/","url":"https:\/\/hudo.com\/si\/vip\/lepa-23-letna-eminemova-hcerka-tocno-ve-s-kaksnimi-fotografijami-pritegniti-se-vec-obozevalcev\/","name":"Lepa 23-letna Eminemova h\u010derka to\u010dno ve, s kak\u0161nimi fotografijami pritegniti \u0161e ve\u010d obo\u017eevalcev! - Hudo Slovenija","isPartOf":{"@id":"https:\/\/hudo.com\/si\/#website"},"datePublished":"2019-04-11T06:39:46+00:00","dateModified":"2019-04-11T06:39:46+00:00","breadcrumb":{"@id":"https:\/\/hudo.com\/si\/vip\/lepa-23-letna-eminemova-hcerka-tocno-ve-s-kaksnimi-fotografijami-pritegniti-se-vec-obozevalcev\/#breadcrumb"},"inLanguage":"sl-SI","potentialAction":[{"@type":"ReadAction","target":["https:\/\/hudo.com\/si\/vip\/lepa-23-letna-eminemova-hcerka-tocno-ve-s-kaksnimi-fotografijami-pritegniti-se-vec-obozevalcev\/"]}]},{"@type":"BreadcrumbList","@id":"https:\/\/hudo.com\/si\/vip\/lepa-23-letna-eminemova-hcerka-tocno-ve-s-kaksnimi-fotografijami-pritegniti-se-vec-obozevalcev\/#breadcrumb","itemListElement":[{"@type":"ListItem","position":1,"name":"Home","item":"https:\/\/hudo.com\/si\/"},{"@type":"ListItem","position":2,"name":"Lepa 23-letna Eminemova h\u010derka to\u010dno ve, s kak\u0161nimi fotografijami pritegniti \u0161e ve\u010d obo\u017eevalcev!"}]},{"@type":"WebSite","@id":"https:\/\/hudo.com\/si\/#website","url":"https:\/\/hudo.com\/si\/","name":"Hudo Slovenija","description":"Vse novice iz Slovenije in sveta","publisher":{"@id":"https:\/\/hudo.com\/si\/#organization"},"potentialAction":[{"@type":"SearchAction","target":{"@type":"EntryPoint","urlTemplate":"https:\/\/hudo.com\/si\/?s={search_term_string}"},"query-input":"required name=search_term_string"}],"inLanguage":"sl-SI"},{"@type":"Organization","@id":"https:\/\/hudo.com\/si\/#organization","name":"VSN Media","url":"https:\/\/hudo.com\/si\/","logo":{"@type":"ImageObject","inLanguage":"sl-SI","@id":"https:\/\/hudo.com\/si\/#\/schema\/logo\/image\/","url":"https:\/\/hudo.com\/si\/wp-content\/uploads\/sites\/2\/2021\/03\/hudo-app-2.png","contentUrl":"https:\/\/hudo.com\/si\/wp-content\/uploads\/sites\/2\/2021\/03\/hudo-app-2.png","width":2185,"height":2167,"caption":"VSN Media"},"image":{"@id":"https:\/\/hudo.com\/si\/#\/schema\/logo\/image\/"},"sameAs":["https:\/\/www.facebook.com\/hudo.si","https:\/\/twitter.com\/hudo_si"]},{"@type":"Person","@id":"https:\/\/hudo.com\/si\/#\/schema\/person\/601cf3379633985b20f7e50f2bb47707","name":"hudo","image":{"@type":"ImageObject","inLanguage":"sl-SI","@id":"https:\/\/hudo.com\/si\/#\/schema\/person\/image\/","url":"https:\/\/secure.gravatar.com\/avatar\/c4ca25fa72cace7a696b52ff5db9e095?s=96&d=mm&r=g","contentUrl":"https:\/\/secure.gravatar.com\/avatar\/c4ca25fa72cace7a696b52ff5db9e095?s=96&d=mm&r=g","caption":"hudo"},"url":"https:\/\/hudo.com\/si\/author\/hudo\/"}]}},"amp_enabled":true,"_links":{"self":[{"href":"https:\/\/hudo.com\/si\/wp-json\/wp\/v2\/posts\/396730"}],"collection":[{"href":"https:\/\/hudo.com\/si\/wp-json\/wp\/v2\/posts"}],"about":[{"href":"https:\/\/hudo.com\/si\/wp-json\/wp\/v2\/types\/post"}],"author":[{"embeddable":true,"href":"https:\/\/hudo.com\/si\/wp-json\/wp\/v2\/users\/1"}],"replies":[{"embeddable":true,"href":"https:\/\/hudo.com\/si\/wp-json\/wp\/v2\/comments?post=396730"}],"version-history":[{"count":0,"href":"https:\/\/hudo.com\/si\/wp-json\/wp\/v2\/posts\/396730\/revisions"}],"wp:attachment":[{"href":"https:\/\/hudo.com\/si\/wp-json\/wp\/v2\/media?parent=396730"}],"wp:term":[{"taxonomy":"category","embeddable":true,"href":"https:\/\/hudo.com\/si\/wp-json\/wp\/v2\/categories?post=396730"},{"taxonomy":"post_tag","embeddable":true,"href":"https:\/\/hudo.com\/si\/wp-json\/wp\/v2\/tags?post=396730"},{"taxonomy":"source","embeddable":true,"href":"https:\/\/hudo.com\/si\/wp-json\/wp\/v2\/source?post=396730"},{"taxonomy":"supertag","embeddable":true,"href":"https:\/\/hudo.com\/si\/wp-json\/wp\/v2\/supertag?post=396730"}],"curies":[{"name":"wp","href":"https:\/\/api.w.org\/{rel}","templated":true}]}}