{"id":396754,"date":"2019-04-11T14:09:01","date_gmt":"2019-04-11T12:09:01","guid":{"rendered":"http:\/\/hudo.com\/si\/?p=396754"},"modified":"2019-04-11T14:09:01","modified_gmt":"2019-04-11T12:09:01","slug":"levico-skrbi-napoved-gradnje-ljubljanskega-drugega-tira","status":"publish","type":"post","link":"https:\/\/hudo.com\/si\/aktualno\/levico-skrbi-napoved-gradnje-ljubljanskega-drugega-tira\/","title":{"rendered":"Levico skrbi napoved gradnje &#8221;ljubljanskega drugega tira&#8221;"},"content":{"rendered":"<p>V Levici so spomnili, da so se s strankami sredinskega petor\u010dka strinjali, da je treba prometno politiko v Sloveniji spremeniti ter namesto v ceste vlagati v \u017eelezni\u0161ki in javni promet. Ker pa je ministrstvo za infrastrukturo nedavno predstavilo pobudo za dr\u017eavno-prostorsko na\u010drtovanje za \u0161iritev vpadnic na ljubljanskem avtocestnem obmo\u010dju, kar je sicer v pristojnosti Darsa, pozivajo k razpravi.<\/p>\n<h2>\u0160iritev avtocestne obvoznice vredna toliko kot drugi tir<\/h2>\n<p>&#8220;V Levici na to temo zahtevamo sklic odbora. Projekt, ki bi stal vsaj 800 milijonov evrov, novej\u0161e ocene pa segajo do 1,2 milijarde evrov, namre\u010d ne bo re\u0161il te\u017eav s preto\u010dnostjo prometa, te se bodo zgolj preselile na ljubljanske mestne vpadnice,&#8221; so zapisali v dana\u0161njem sporo\u010dilu za javnost. Projekt je bistveno dra\u017eji od alternativ in tudi zaradi negativnega vpliva na zdravje ljudi nesprejemljiv.<\/p>\n<p>\u0160tudija regionalne razvojne agencije ljubljanske urbane regije ka\u017ee, da bi z izbolj\u0161anjem dostopnosti in u\u010dinkovitosti javnega \u017eelezni\u0161kega prometa v Ljubljani lahko \u0161tevilo potnikov na vlakih iz te regije pove\u010dalo za 45 odstotkov, od tega na nekaterih relacijah, med Ljubljano in Kranjem ali Postojno, tudi za med 80 in 100 odstotki.<\/p>\n<p>&#8220;Za to bi bilo treba odpraviti ozka grla in druge pomanjkljivosti ljubljanskega \u017eelezni\u0161kega vozli\u0161\u010da, izvesti nekaj organizacijskih ukrepov ter manj\u0161ih infrastrukturnih ukrepov, ki vklju\u010dujejo gradnjo Tivolskega loka. Celotna investicija je ocenjena na okoli 200 milijonov evrov ali na pribli\u017eno \u010detrtino oz. \u0161estino tega, kot bi stala \u0161iritev ljubljanske obvoznice,&#8221; so napisali.<\/p>\n<p>Zato predlagajo, naj parlamentarni odbor od ministrstva zahteva, naj prekine z vsemi dejavnostmi, povezanimi s \u0161iritvijo ljubljanske obvoznice, in namesto tega posodobi \u017eelezni\u0161ki in drug javni potni\u0161ki promet v osrednjeslovenski regiji. Predlagajo tudi sprejem sklepa, s katerim naj od vlade zahteva, da Darsu zamrzne prora\u010dunska sredstva za na\u010drte z obvoznico.<\/p>\n","protected":false},"excerpt":{"rendered":"<p>Levica \u017eeli o razvoju javnega prometa v dr\u017eavi, predvsem v osrednjeslovenski regiji, razpravljati na odboru DZ za infrastrukturo, okolje in prostor. Razpravo o tem, kak\u0161no prometno politiko potrebujemo, bo pred tem opravila na nedeljskem posvetu. Meni, da je treba zlasti posodobiti \u017eelezni\u0161ki in drug javni potni\u0161ki promet.<\/p>\n","protected":false},"author":7,"featured_media":374717,"comment_status":"closed","ping_status":"closed","sticky":false,"template":"","format":"standard","meta":{"footnotes":""},"categories":[1179],"tags":[5622,6185,8983,1633,1595],"source":[4511],"supertag":[],"acf":[],"yoast_head":"<!-- This site is optimized with the Yoast SEO plugin v21.3 - https:\/\/yoast.com\/wordpress\/plugins\/seo\/ -->\n<title>Levico skrbi napoved gradnje &#039;&#039;ljubljanskega drugega tira&#039;&#039; - Hudo Slovenija<\/title>\n<meta name=\"robots\" content=\"index, follow, max-snippet:-1, max-image-preview:large, max-video-preview:-1\" \/>\n<link rel=\"canonical\" href=\"https:\/\/hudo.com\/si\/aktualno\/levico-skrbi-napoved-gradnje-ljubljanskega-drugega-tira\/\" \/>\n<meta property=\"og:locale\" content=\"sl_SI\" \/>\n<meta property=\"og:type\" content=\"article\" \/>\n<meta property=\"og:title\" content=\"Levico skrbi napoved gradnje &#039;&#039;ljubljanskega drugega tira&#039;&#039; - Hudo Slovenija\" \/>\n<meta property=\"og:description\" content=\"Levica \u017eeli o razvoju javnega prometa v dr\u017eavi, predvsem v osrednjeslovenski regiji, razpravljati na odboru DZ za infrastrukturo, okolje in prostor. Razpravo o tem, kak\u0161no prometno politiko potrebujemo, bo pred tem opravila na nedeljskem posvetu. Meni, da je treba zlasti posodobiti \u017eelezni\u0161ki in drug javni potni\u0161ki promet.\" \/>\n<meta property=\"og:url\" content=\"https:\/\/hudo.com\/si\/aktualno\/levico-skrbi-napoved-gradnje-ljubljanskega-drugega-tira\/\" \/>\n<meta property=\"og:site_name\" content=\"Hudo Slovenija\" \/>\n<meta property=\"article:publisher\" content=\"https:\/\/www.facebook.com\/hudo.si\" \/>\n<meta property=\"article:published_time\" content=\"2019-04-11T12:09:01+00:00\" \/>\n<meta property=\"og:image\" content=\"https:\/\/hudo.com\/si\/wp-content\/uploads\/sites\/2\/2018\/07\/profimedia-0349253839.jpg\" \/>\n\t<meta property=\"og:image:width\" content=\"1250\" \/>\n\t<meta property=\"og:image:height\" content=\"833\" \/>\n\t<meta property=\"og:image:type\" content=\"image\/jpeg\" \/>\n<meta name=\"author\" content=\"A. P., STA\" \/>\n<meta name=\"twitter:card\" content=\"summary_large_image\" \/>\n<meta name=\"twitter:creator\" content=\"@hudo_si\" \/>\n<meta name=\"twitter:site\" content=\"@hudo_si\" \/>\n<meta name=\"twitter:label1\" content=\"Written by\" \/>\n\t<meta name=\"twitter:data1\" content=\"A. P., STA\" \/>\n\t<meta name=\"twitter:label2\" content=\"Est. reading time\" \/>\n\t<meta name=\"twitter:data2\" content=\"2 minuti\" \/>\n<script type=\"application\/ld+json\" class=\"yoast-schema-graph\">{\"@context\":\"https:\/\/schema.org\",\"@graph\":[{\"@type\":\"Article\",\"@id\":\"https:\/\/hudo.com\/si\/aktualno\/levico-skrbi-napoved-gradnje-ljubljanskega-drugega-tira\/#article\",\"isPartOf\":{\"@id\":\"https:\/\/hudo.com\/si\/aktualno\/levico-skrbi-napoved-gradnje-ljubljanskega-drugega-tira\/\"},\"author\":{\"name\":\"A. P., STA\",\"@id\":\"https:\/\/hudo.com\/si\/#\/schema\/person\/18f09c02475ba9e606e941a565b80cff\"},\"headline\":\"Levico skrbi napoved gradnje &#8221;ljubljanskega drugega tira&#8221;\",\"datePublished\":\"2019-04-11T12:09:01+00:00\",\"dateModified\":\"2019-04-11T12:09:01+00:00\",\"mainEntityOfPage\":{\"@id\":\"https:\/\/hudo.com\/si\/aktualno\/levico-skrbi-napoved-gradnje-ljubljanskega-drugega-tira\/\"},\"wordCount\":307,\"publisher\":{\"@id\":\"https:\/\/hudo.com\/si\/#organization\"},\"keywords\":[\"infrastruktura\",\"javni prevoz\",\"levica\",\"Ljubljana\",\"Slovenija\"],\"articleSection\":[\"Aktualno\"],\"inLanguage\":\"sl-SI\"},{\"@type\":\"WebPage\",\"@id\":\"https:\/\/hudo.com\/si\/aktualno\/levico-skrbi-napoved-gradnje-ljubljanskega-drugega-tira\/\",\"url\":\"https:\/\/hudo.com\/si\/aktualno\/levico-skrbi-napoved-gradnje-ljubljanskega-drugega-tira\/\",\"name\":\"Levico skrbi napoved gradnje ''ljubljanskega drugega tira'' - Hudo Slovenija\",\"isPartOf\":{\"@id\":\"https:\/\/hudo.com\/si\/#website\"},\"datePublished\":\"2019-04-11T12:09:01+00:00\",\"dateModified\":\"2019-04-11T12:09:01+00:00\",\"breadcrumb\":{\"@id\":\"https:\/\/hudo.com\/si\/aktualno\/levico-skrbi-napoved-gradnje-ljubljanskega-drugega-tira\/#breadcrumb\"},\"inLanguage\":\"sl-SI\",\"potentialAction\":[{\"@type\":\"ReadAction\",\"target\":[\"https:\/\/hudo.com\/si\/aktualno\/levico-skrbi-napoved-gradnje-ljubljanskega-drugega-tira\/\"]}]},{\"@type\":\"BreadcrumbList\",\"@id\":\"https:\/\/hudo.com\/si\/aktualno\/levico-skrbi-napoved-gradnje-ljubljanskega-drugega-tira\/#breadcrumb\",\"itemListElement\":[{\"@type\":\"ListItem\",\"position\":1,\"name\":\"Home\",\"item\":\"https:\/\/hudo.com\/si\/\"},{\"@type\":\"ListItem\",\"position\":2,\"name\":\"Levico skrbi napoved gradnje &#8221;ljubljanskega drugega tira&#8221;\"}]},{\"@type\":\"WebSite\",\"@id\":\"https:\/\/hudo.com\/si\/#website\",\"url\":\"https:\/\/hudo.com\/si\/\",\"name\":\"Hudo Slovenija\",\"description\":\"Vse novice iz Slovenije in sveta\",\"publisher\":{\"@id\":\"https:\/\/hudo.com\/si\/#organization\"},\"potentialAction\":[{\"@type\":\"SearchAction\",\"target\":{\"@type\":\"EntryPoint\",\"urlTemplate\":\"https:\/\/hudo.com\/si\/?s={search_term_string}\"},\"query-input\":\"required name=search_term_string\"}],\"inLanguage\":\"sl-SI\"},{\"@type\":\"Organization\",\"@id\":\"https:\/\/hudo.com\/si\/#organization\",\"name\":\"VSN Media\",\"url\":\"https:\/\/hudo.com\/si\/\",\"logo\":{\"@type\":\"ImageObject\",\"inLanguage\":\"sl-SI\",\"@id\":\"https:\/\/hudo.com\/si\/#\/schema\/logo\/image\/\",\"url\":\"https:\/\/hudo.com\/si\/wp-content\/uploads\/sites\/2\/2021\/03\/hudo-app-2.png\",\"contentUrl\":\"https:\/\/hudo.com\/si\/wp-content\/uploads\/sites\/2\/2021\/03\/hudo-app-2.png\",\"width\":2185,\"height\":2167,\"caption\":\"VSN Media\"},\"image\":{\"@id\":\"https:\/\/hudo.com\/si\/#\/schema\/logo\/image\/\"},\"sameAs\":[\"https:\/\/www.facebook.com\/hudo.si\",\"https:\/\/twitter.com\/hudo_si\"]},{\"@type\":\"Person\",\"@id\":\"https:\/\/hudo.com\/si\/#\/schema\/person\/18f09c02475ba9e606e941a565b80cff\",\"name\":\"A. P., STA\",\"image\":{\"@type\":\"ImageObject\",\"inLanguage\":\"sl-SI\",\"@id\":\"https:\/\/hudo.com\/si\/#\/schema\/person\/image\/\",\"url\":\"https:\/\/secure.gravatar.com\/avatar\/03eac8e609f5f04383125d80eaeaaf3e?s=96&d=mm&r=g\",\"contentUrl\":\"https:\/\/secure.gravatar.com\/avatar\/03eac8e609f5f04383125d80eaeaaf3e?s=96&d=mm&r=g\",\"caption\":\"A. P., STA\"},\"url\":\"https:\/\/hudo.com\/si\/author\/lubu\/\"}]}<\/script>\n<!-- \/ Yoast SEO plugin. -->","yoast_head_json":{"title":"Levico skrbi napoved gradnje ''ljubljanskega drugega tira'' - Hudo Slovenija","robots":{"index":"index","follow":"follow","max-snippet":"max-snippet:-1","max-image-preview":"max-image-preview:large","max-video-preview":"max-video-preview:-1"},"canonical":"https:\/\/hudo.com\/si\/aktualno\/levico-skrbi-napoved-gradnje-ljubljanskega-drugega-tira\/","og_locale":"sl_SI","og_type":"article","og_title":"Levico skrbi napoved gradnje ''ljubljanskega drugega tira'' - Hudo Slovenija","og_description":"Levica \u017eeli o razvoju javnega prometa v dr\u017eavi, predvsem v osrednjeslovenski regiji, razpravljati na odboru DZ za infrastrukturo, okolje in prostor. Razpravo o tem, kak\u0161no prometno politiko potrebujemo, bo pred tem opravila na nedeljskem posvetu. Meni, da je treba zlasti posodobiti \u017eelezni\u0161ki in drug javni potni\u0161ki promet.","og_url":"https:\/\/hudo.com\/si\/aktualno\/levico-skrbi-napoved-gradnje-ljubljanskega-drugega-tira\/","og_site_name":"Hudo Slovenija","article_publisher":"https:\/\/www.facebook.com\/hudo.si","article_published_time":"2019-04-11T12:09:01+00:00","og_image":[{"width":1250,"height":833,"url":"https:\/\/hudo.com\/si\/wp-content\/uploads\/sites\/2\/2018\/07\/profimedia-0349253839.jpg","type":"image\/jpeg"}],"author":"A. P., STA","twitter_card":"summary_large_image","twitter_creator":"@hudo_si","twitter_site":"@hudo_si","twitter_misc":{"Written by":"A. P., STA","Est. reading time":"2 minuti"},"schema":{"@context":"https:\/\/schema.org","@graph":[{"@type":"Article","@id":"https:\/\/hudo.com\/si\/aktualno\/levico-skrbi-napoved-gradnje-ljubljanskega-drugega-tira\/#article","isPartOf":{"@id":"https:\/\/hudo.com\/si\/aktualno\/levico-skrbi-napoved-gradnje-ljubljanskega-drugega-tira\/"},"author":{"name":"A. P., STA","@id":"https:\/\/hudo.com\/si\/#\/schema\/person\/18f09c02475ba9e606e941a565b80cff"},"headline":"Levico skrbi napoved gradnje &#8221;ljubljanskega drugega tira&#8221;","datePublished":"2019-04-11T12:09:01+00:00","dateModified":"2019-04-11T12:09:01+00:00","mainEntityOfPage":{"@id":"https:\/\/hudo.com\/si\/aktualno\/levico-skrbi-napoved-gradnje-ljubljanskega-drugega-tira\/"},"wordCount":307,"publisher":{"@id":"https:\/\/hudo.com\/si\/#organization"},"keywords":["infrastruktura","javni prevoz","levica","Ljubljana","Slovenija"],"articleSection":["Aktualno"],"inLanguage":"sl-SI"},{"@type":"WebPage","@id":"https:\/\/hudo.com\/si\/aktualno\/levico-skrbi-napoved-gradnje-ljubljanskega-drugega-tira\/","url":"https:\/\/hudo.com\/si\/aktualno\/levico-skrbi-napoved-gradnje-ljubljanskega-drugega-tira\/","name":"Levico skrbi napoved gradnje ''ljubljanskega drugega tira'' - Hudo Slovenija","isPartOf":{"@id":"https:\/\/hudo.com\/si\/#website"},"datePublished":"2019-04-11T12:09:01+00:00","dateModified":"2019-04-11T12:09:01+00:00","breadcrumb":{"@id":"https:\/\/hudo.com\/si\/aktualno\/levico-skrbi-napoved-gradnje-ljubljanskega-drugega-tira\/#breadcrumb"},"inLanguage":"sl-SI","potentialAction":[{"@type":"ReadAction","target":["https:\/\/hudo.com\/si\/aktualno\/levico-skrbi-napoved-gradnje-ljubljanskega-drugega-tira\/"]}]},{"@type":"BreadcrumbList","@id":"https:\/\/hudo.com\/si\/aktualno\/levico-skrbi-napoved-gradnje-ljubljanskega-drugega-tira\/#breadcrumb","itemListElement":[{"@type":"ListItem","position":1,"name":"Home","item":"https:\/\/hudo.com\/si\/"},{"@type":"ListItem","position":2,"name":"Levico skrbi napoved gradnje &#8221;ljubljanskega drugega tira&#8221;"}]},{"@type":"WebSite","@id":"https:\/\/hudo.com\/si\/#website","url":"https:\/\/hudo.com\/si\/","name":"Hudo Slovenija","description":"Vse novice iz Slovenije in sveta","publisher":{"@id":"https:\/\/hudo.com\/si\/#organization"},"potentialAction":[{"@type":"SearchAction","target":{"@type":"EntryPoint","urlTemplate":"https:\/\/hudo.com\/si\/?s={search_term_string}"},"query-input":"required name=search_term_string"}],"inLanguage":"sl-SI"},{"@type":"Organization","@id":"https:\/\/hudo.com\/si\/#organization","name":"VSN Media","url":"https:\/\/hudo.com\/si\/","logo":{"@type":"ImageObject","inLanguage":"sl-SI","@id":"https:\/\/hudo.com\/si\/#\/schema\/logo\/image\/","url":"https:\/\/hudo.com\/si\/wp-content\/uploads\/sites\/2\/2021\/03\/hudo-app-2.png","contentUrl":"https:\/\/hudo.com\/si\/wp-content\/uploads\/sites\/2\/2021\/03\/hudo-app-2.png","width":2185,"height":2167,"caption":"VSN Media"},"image":{"@id":"https:\/\/hudo.com\/si\/#\/schema\/logo\/image\/"},"sameAs":["https:\/\/www.facebook.com\/hudo.si","https:\/\/twitter.com\/hudo_si"]},{"@type":"Person","@id":"https:\/\/hudo.com\/si\/#\/schema\/person\/18f09c02475ba9e606e941a565b80cff","name":"A. P., STA","image":{"@type":"ImageObject","inLanguage":"sl-SI","@id":"https:\/\/hudo.com\/si\/#\/schema\/person\/image\/","url":"https:\/\/secure.gravatar.com\/avatar\/03eac8e609f5f04383125d80eaeaaf3e?s=96&d=mm&r=g","contentUrl":"https:\/\/secure.gravatar.com\/avatar\/03eac8e609f5f04383125d80eaeaaf3e?s=96&d=mm&r=g","caption":"A. P., STA"},"url":"https:\/\/hudo.com\/si\/author\/lubu\/"}]}},"amp_enabled":true,"_links":{"self":[{"href":"https:\/\/hudo.com\/si\/wp-json\/wp\/v2\/posts\/396754"}],"collection":[{"href":"https:\/\/hudo.com\/si\/wp-json\/wp\/v2\/posts"}],"about":[{"href":"https:\/\/hudo.com\/si\/wp-json\/wp\/v2\/types\/post"}],"author":[{"embeddable":true,"href":"https:\/\/hudo.com\/si\/wp-json\/wp\/v2\/users\/7"}],"replies":[{"embeddable":true,"href":"https:\/\/hudo.com\/si\/wp-json\/wp\/v2\/comments?post=396754"}],"version-history":[{"count":1,"href":"https:\/\/hudo.com\/si\/wp-json\/wp\/v2\/posts\/396754\/revisions"}],"predecessor-version":[{"id":396758,"href":"https:\/\/hudo.com\/si\/wp-json\/wp\/v2\/posts\/396754\/revisions\/396758"}],"wp:featuredmedia":[{"embeddable":true,"href":"https:\/\/hudo.com\/si\/wp-json\/wp\/v2\/media\/374717"}],"wp:attachment":[{"href":"https:\/\/hudo.com\/si\/wp-json\/wp\/v2\/media?parent=396754"}],"wp:term":[{"taxonomy":"category","embeddable":true,"href":"https:\/\/hudo.com\/si\/wp-json\/wp\/v2\/categories?post=396754"},{"taxonomy":"post_tag","embeddable":true,"href":"https:\/\/hudo.com\/si\/wp-json\/wp\/v2\/tags?post=396754"},{"taxonomy":"source","embeddable":true,"href":"https:\/\/hudo.com\/si\/wp-json\/wp\/v2\/source?post=396754"},{"taxonomy":"supertag","embeddable":true,"href":"https:\/\/hudo.com\/si\/wp-json\/wp\/v2\/supertag?post=396754"}],"curies":[{"name":"wp","href":"https:\/\/api.w.org\/{rel}","templated":true}]}}