{"id":396798,"date":"2019-04-12T13:45:03","date_gmt":"2019-04-12T11:45:03","guid":{"rendered":"http:\/\/hudo.com\/si\/?p=396798"},"modified":"2019-04-12T13:56:58","modified_gmt":"2019-04-12T11:56:58","slug":"neverjetna-preobrazba-nekoc-najdebelejsi-decek-izgubil-kar-polovico-svoje-teze","status":"publish","type":"post","link":"https:\/\/hudo.com\/si\/lifestyle\/neverjetna-preobrazba-nekoc-najdebelejsi-decek-izgubil-kar-polovico-svoje-teze\/","title":{"rendered":"Neverjetna preobrazba: Neko\u010d najdebelej\u0161i de\u010dek izgubil kar polovico svoje te\u017ee"},"content":{"rendered":"<p>Drasti\u010dno je shuj\u0161al &#8211; izgubil je 106 kg, zato se sedaj lahko normalno premika, hodi v \u0161oli, se kopa &#8230;.<\/p>\n<figure id=\"attachment_396819\" aria-describedby=\"caption-attachment-396819\" style=\"width: 1000px\" class=\"wp-caption alignnone\"><a href=\"http:\/\/hudo.com\/si\/wp-content\/uploads\/sites\/2\/2019\/04\/profimedia-0425515649.jpg\"><img loading=\"lazy\" decoding=\"async\" class=\"size-large wp-image-396819\" src=\"http:\/\/hudo.com\/si\/wp-content\/uploads\/sites\/2\/2019\/04\/profimedia-0425515649-1024x682.jpg\" alt=\"\" width=\"1000\" height=\"666\" srcset=\"https:\/\/hudo.com\/si\/wp-content\/uploads\/sites\/2\/2019\/04\/profimedia-0425515649-1024x682.jpg 1024w, https:\/\/hudo.com\/si\/wp-content\/uploads\/sites\/2\/2019\/04\/profimedia-0425515649-300x200.jpg 300w, https:\/\/hudo.com\/si\/wp-content\/uploads\/sites\/2\/2019\/04\/profimedia-0425515649-768x512.jpg 768w, https:\/\/hudo.com\/si\/wp-content\/uploads\/sites\/2\/2019\/04\/profimedia-0425515649-600x400.jpg 600w, https:\/\/hudo.com\/si\/wp-content\/uploads\/sites\/2\/2019\/04\/profimedia-0425515649.jpg 1250w\" sizes=\"(max-width: 1000px) 100vw, 1000px\" \/><\/a><figcaption id=\"caption-attachment-396819\" class=\"wp-caption-text\">Foto: Profimedia<\/figcaption><\/figure>\n<h3>Njegovo \u017eivljenje je bilo zaradi odve\u010dnih kilogramov resno ogro\u017eeno<\/h3>\n<p>Aryja sta star\u0161a \u017ee od malega silila s hrano, zdravniki pa so ju kon\u010dno uspeli prepri\u010dati, da de\u010dek potrebuje operacijo in spremembo \u017eivljenjskega sloga, \u010de \u017eeli pre\u017eiveti. Odstranili so mu del \u017eelodca, oparacija pa je trajala pet ur. Arya je tako postal najmlaj\u0161a oseba, ki je nujno potrebovala tako oparacijo, pi\u0161e The Sun.<\/p>\n<p>Zdravniki upajo, da bo imel Ary po operaciji manj\u0161i apetit, ter da bo imel dalj\u0161i ob\u010dutek sitosti. Mesec dni po operaciji je izgubil skoraj 30 kg, strokovnjaki pa upajo, da bo pri\u0161el pod sto kilogramov. Arya ima strogo dieto, vsak dan pa tudi telovadi.<\/p>\n<p>Arya je pred operacijo vsak dan jedel pohanega pi\u0161\u010danca, jajca, ri\u017e, testenine in \u010dokoladni sladoled. Seveda vse v ogromnih koli\u010dinah, in to kar petkrat na dan. Te\u017eko se je premikal, grozile so mu tudi sr\u010dno-\u017eilne bolezni.<\/p>\n<figure id=\"attachment_396821\" aria-describedby=\"caption-attachment-396821\" style=\"width: 1000px\" class=\"wp-caption alignnone\"><a href=\"http:\/\/hudo.com\/si\/wp-content\/uploads\/sites\/2\/2019\/04\/profimedia-0403268556.jpg\"><img loading=\"lazy\" decoding=\"async\" class=\"size-large wp-image-396821\" src=\"http:\/\/hudo.com\/si\/wp-content\/uploads\/sites\/2\/2019\/04\/profimedia-0403268556-1024x720.jpg\" alt=\"\" width=\"1000\" height=\"703\" srcset=\"https:\/\/hudo.com\/si\/wp-content\/uploads\/sites\/2\/2019\/04\/profimedia-0403268556-1024x720.jpg 1024w, https:\/\/hudo.com\/si\/wp-content\/uploads\/sites\/2\/2019\/04\/profimedia-0403268556-300x211.jpg 300w, https:\/\/hudo.com\/si\/wp-content\/uploads\/sites\/2\/2019\/04\/profimedia-0403268556-768x540.jpg 768w, https:\/\/hudo.com\/si\/wp-content\/uploads\/sites\/2\/2019\/04\/profimedia-0403268556-600x422.jpg 600w, https:\/\/hudo.com\/si\/wp-content\/uploads\/sites\/2\/2019\/04\/profimedia-0403268556.jpg 1250w\" sizes=\"(max-width: 1000px) 100vw, 1000px\" \/><\/a><figcaption id=\"caption-attachment-396821\" class=\"wp-caption-text\">Foto: Profimedia<\/figcaption><\/figure>\n<p>Ko se je na \u0161olski proslavi zgrudil na tla, je pritegnil pozornost zdravnikov, ki so njegova star\u0161a opozorili na nevarnost, ki ga ogro\u017ea.<\/p>\n<p>Arya, ki je do danes uspel izgubiti ve\u010d kot 100 kg, se zdravo prehranjuje. Pred njim je tudi operacija, s katero mu bodo odstranili odve\u010dno ko\u017eo.<\/p>\n<figure id=\"attachment_396820\" aria-describedby=\"caption-attachment-396820\" style=\"width: 1000px\" class=\"wp-caption alignnone\"><a href=\"http:\/\/hudo.com\/si\/wp-content\/uploads\/sites\/2\/2019\/04\/profimedia-0425515672.jpg\"><img loading=\"lazy\" decoding=\"async\" class=\"size-large wp-image-396820\" src=\"http:\/\/hudo.com\/si\/wp-content\/uploads\/sites\/2\/2019\/04\/profimedia-0425515672-1024x682.jpg\" alt=\"\" width=\"1000\" height=\"666\" srcset=\"https:\/\/hudo.com\/si\/wp-content\/uploads\/sites\/2\/2019\/04\/profimedia-0425515672-1024x682.jpg 1024w, https:\/\/hudo.com\/si\/wp-content\/uploads\/sites\/2\/2019\/04\/profimedia-0425515672-300x200.jpg 300w, https:\/\/hudo.com\/si\/wp-content\/uploads\/sites\/2\/2019\/04\/profimedia-0425515672-768x512.jpg 768w, https:\/\/hudo.com\/si\/wp-content\/uploads\/sites\/2\/2019\/04\/profimedia-0425515672-600x400.jpg 600w, https:\/\/hudo.com\/si\/wp-content\/uploads\/sites\/2\/2019\/04\/profimedia-0425515672.jpg 1250w\" sizes=\"(max-width: 1000px) 100vw, 1000px\" \/><\/a><figcaption id=\"caption-attachment-396820\" class=\"wp-caption-text\">Profimedia<\/figcaption><\/figure>\n<p>&#8220;Ne samo, da sem se navadil na nov re\u017eim prehrane, celo v\u0161e\u010d mi je postal,&#8221; je povedal Arya.<\/p>\n<p>Njegov jedilnik je sestavljen iz veliko zelenjave, sadja, rib, beljakovin, &#8230;<\/p>\n<p>Ko je shuj\u0161al, je svojemu telesu povrnil energijo in mo\u010d. Brez te\u017eav gre sedaj v \u0161olo pe\u0161, lahko se igra s svojimi so\u0161olci, igra nogomet, badminton. Pravi, da je zelo sre\u010den in veliko bolj samozavesten. Upa, da bo neko\u010d postal uspe\u0161en nogometa\u0161, pi\u0161e Daily Mail.<\/p>\n<figure id=\"attachment_396822\" aria-describedby=\"caption-attachment-396822\" style=\"width: 1000px\" class=\"wp-caption alignnone\"><a href=\"http:\/\/hudo.com\/si\/wp-content\/uploads\/sites\/2\/2019\/04\/profimedia-0425515716.jpg\"><img loading=\"lazy\" decoding=\"async\" class=\"size-large wp-image-396822\" src=\"http:\/\/hudo.com\/si\/wp-content\/uploads\/sites\/2\/2019\/04\/profimedia-0425515716-1024x682.jpg\" alt=\"\" width=\"1000\" height=\"666\" srcset=\"https:\/\/hudo.com\/si\/wp-content\/uploads\/sites\/2\/2019\/04\/profimedia-0425515716-1024x682.jpg 1024w, https:\/\/hudo.com\/si\/wp-content\/uploads\/sites\/2\/2019\/04\/profimedia-0425515716-300x200.jpg 300w, https:\/\/hudo.com\/si\/wp-content\/uploads\/sites\/2\/2019\/04\/profimedia-0425515716-768x512.jpg 768w, https:\/\/hudo.com\/si\/wp-content\/uploads\/sites\/2\/2019\/04\/profimedia-0425515716-600x400.jpg 600w, https:\/\/hudo.com\/si\/wp-content\/uploads\/sites\/2\/2019\/04\/profimedia-0425515716.jpg 1250w\" sizes=\"(max-width: 1000px) 100vw, 1000px\" \/><\/a><figcaption id=\"caption-attachment-396822\" class=\"wp-caption-text\">Foto: Profimedia<\/figcaption><\/figure>\n","protected":false},"excerpt":{"rendered":"<p>Arya Permana (13) iz Indonezije je bil te\u017eak neverjetnih 192 kilogramov, zaradi \u010desar so ga razglasili za najdebelej\u0161ega de\u010dka na svetu. No, danes pa je izgubil kar polovico svoje te\u017ee.<\/p>\n","protected":false},"author":6,"featured_media":396825,"comment_status":"closed","ping_status":"closed","sticky":false,"template":"","format":"standard","meta":{"footnotes":""},"categories":[1091],"tags":[13477,1456,13478,2558],"source":[4511],"supertag":[5316],"acf":[],"yoast_head":"<!-- This site is optimized with the Yoast SEO plugin v21.3 - https:\/\/yoast.com\/wordpress\/plugins\/seo\/ -->\n<title>Neverjetna preobrazba: Neko\u010d najdebelej\u0161i de\u010dek izgubil kar polovico svoje te\u017ee - Hudo Slovenija<\/title>\n<meta name=\"robots\" content=\"index, follow, max-snippet:-1, max-image-preview:large, max-video-preview:-1\" \/>\n<link rel=\"canonical\" href=\"https:\/\/hudo.com\/si\/lifestyle\/neverjetna-preobrazba-nekoc-najdebelejsi-decek-izgubil-kar-polovico-svoje-teze\/\" \/>\n<meta property=\"og:locale\" content=\"sl_SI\" \/>\n<meta property=\"og:type\" content=\"article\" \/>\n<meta property=\"og:title\" content=\"Neverjetna preobrazba: Neko\u010d najdebelej\u0161i de\u010dek izgubil kar polovico svoje te\u017ee - Hudo Slovenija\" \/>\n<meta property=\"og:description\" content=\"Arya Permana (13) iz Indonezije je bil te\u017eak neverjetnih 192 kilogramov, zaradi \u010desar so ga razglasili za najdebelej\u0161ega de\u010dka na svetu. No, danes pa je izgubil kar polovico svoje te\u017ee.\" \/>\n<meta property=\"og:url\" content=\"https:\/\/hudo.com\/si\/lifestyle\/neverjetna-preobrazba-nekoc-najdebelejsi-decek-izgubil-kar-polovico-svoje-teze\/\" \/>\n<meta property=\"og:site_name\" content=\"Hudo Slovenija\" \/>\n<meta property=\"article:publisher\" content=\"https:\/\/www.facebook.com\/hudo.si\" \/>\n<meta property=\"article:published_time\" content=\"2019-04-12T11:45:03+00:00\" \/>\n<meta property=\"article:modified_time\" content=\"2019-04-12T11:56:58+00:00\" \/>\n<meta property=\"og:image\" content=\"https:\/\/hudo.com\/si\/wp-content\/uploads\/sites\/2\/2019\/04\/arya.jpg\" \/>\n\t<meta property=\"og:image:width\" content=\"600\" \/>\n\t<meta property=\"og:image:height\" content=\"340\" \/>\n\t<meta property=\"og:image:type\" content=\"image\/jpeg\" \/>\n<meta name=\"author\" content=\"A. G.\" \/>\n<meta name=\"twitter:card\" content=\"summary_large_image\" \/>\n<meta name=\"twitter:creator\" content=\"@hudo_si\" \/>\n<meta name=\"twitter:site\" content=\"@hudo_si\" \/>\n<meta name=\"twitter:label1\" content=\"Written by\" \/>\n\t<meta name=\"twitter:data1\" content=\"A. G.\" \/>\n\t<meta name=\"twitter:label2\" content=\"Est. reading time\" \/>\n\t<meta name=\"twitter:data2\" content=\"2 minuti\" \/>\n<script type=\"application\/ld+json\" class=\"yoast-schema-graph\">{\"@context\":\"https:\/\/schema.org\",\"@graph\":[{\"@type\":\"Article\",\"@id\":\"https:\/\/hudo.com\/si\/lifestyle\/neverjetna-preobrazba-nekoc-najdebelejsi-decek-izgubil-kar-polovico-svoje-teze\/#article\",\"isPartOf\":{\"@id\":\"https:\/\/hudo.com\/si\/lifestyle\/neverjetna-preobrazba-nekoc-najdebelejsi-decek-izgubil-kar-polovico-svoje-teze\/\"},\"author\":{\"name\":\"A. G.\",\"@id\":\"https:\/\/hudo.com\/si\/#\/schema\/person\/f95639a66e0dd2c682b0568634e85b8b\"},\"headline\":\"Neverjetna preobrazba: Neko\u010d najdebelej\u0161i de\u010dek izgubil kar polovico svoje te\u017ee\",\"datePublished\":\"2019-04-12T11:45:03+00:00\",\"dateModified\":\"2019-04-12T11:56:58+00:00\",\"mainEntityOfPage\":{\"@id\":\"https:\/\/hudo.com\/si\/lifestyle\/neverjetna-preobrazba-nekoc-najdebelejsi-decek-izgubil-kar-polovico-svoje-teze\/\"},\"wordCount\":360,\"publisher\":{\"@id\":\"https:\/\/hudo.com\/si\/#organization\"},\"keywords\":[\"Arya Permana\",\"huj\u0161anje\",\"najdebelej\u0161i de\u010dek na svetu\",\"preobrazba\"],\"articleSection\":[\"Lifestyle\"],\"inLanguage\":\"sl-SI\"},{\"@type\":\"WebPage\",\"@id\":\"https:\/\/hudo.com\/si\/lifestyle\/neverjetna-preobrazba-nekoc-najdebelejsi-decek-izgubil-kar-polovico-svoje-teze\/\",\"url\":\"https:\/\/hudo.com\/si\/lifestyle\/neverjetna-preobrazba-nekoc-najdebelejsi-decek-izgubil-kar-polovico-svoje-teze\/\",\"name\":\"Neverjetna preobrazba: Neko\u010d najdebelej\u0161i de\u010dek izgubil kar polovico svoje te\u017ee - Hudo Slovenija\",\"isPartOf\":{\"@id\":\"https:\/\/hudo.com\/si\/#website\"},\"datePublished\":\"2019-04-12T11:45:03+00:00\",\"dateModified\":\"2019-04-12T11:56:58+00:00\",\"breadcrumb\":{\"@id\":\"https:\/\/hudo.com\/si\/lifestyle\/neverjetna-preobrazba-nekoc-najdebelejsi-decek-izgubil-kar-polovico-svoje-teze\/#breadcrumb\"},\"inLanguage\":\"sl-SI\",\"potentialAction\":[{\"@type\":\"ReadAction\",\"target\":[\"https:\/\/hudo.com\/si\/lifestyle\/neverjetna-preobrazba-nekoc-najdebelejsi-decek-izgubil-kar-polovico-svoje-teze\/\"]}]},{\"@type\":\"BreadcrumbList\",\"@id\":\"https:\/\/hudo.com\/si\/lifestyle\/neverjetna-preobrazba-nekoc-najdebelejsi-decek-izgubil-kar-polovico-svoje-teze\/#breadcrumb\",\"itemListElement\":[{\"@type\":\"ListItem\",\"position\":1,\"name\":\"Home\",\"item\":\"https:\/\/hudo.com\/si\/\"},{\"@type\":\"ListItem\",\"position\":2,\"name\":\"Neverjetna preobrazba: Neko\u010d najdebelej\u0161i de\u010dek izgubil kar polovico svoje te\u017ee\"}]},{\"@type\":\"WebSite\",\"@id\":\"https:\/\/hudo.com\/si\/#website\",\"url\":\"https:\/\/hudo.com\/si\/\",\"name\":\"Hudo Slovenija\",\"description\":\"Vse novice iz Slovenije in sveta\",\"publisher\":{\"@id\":\"https:\/\/hudo.com\/si\/#organization\"},\"potentialAction\":[{\"@type\":\"SearchAction\",\"target\":{\"@type\":\"EntryPoint\",\"urlTemplate\":\"https:\/\/hudo.com\/si\/?s={search_term_string}\"},\"query-input\":\"required name=search_term_string\"}],\"inLanguage\":\"sl-SI\"},{\"@type\":\"Organization\",\"@id\":\"https:\/\/hudo.com\/si\/#organization\",\"name\":\"VSN Media\",\"url\":\"https:\/\/hudo.com\/si\/\",\"logo\":{\"@type\":\"ImageObject\",\"inLanguage\":\"sl-SI\",\"@id\":\"https:\/\/hudo.com\/si\/#\/schema\/logo\/image\/\",\"url\":\"https:\/\/hudo.com\/si\/wp-content\/uploads\/sites\/2\/2021\/03\/hudo-app-2.png\",\"contentUrl\":\"https:\/\/hudo.com\/si\/wp-content\/uploads\/sites\/2\/2021\/03\/hudo-app-2.png\",\"width\":2185,\"height\":2167,\"caption\":\"VSN Media\"},\"image\":{\"@id\":\"https:\/\/hudo.com\/si\/#\/schema\/logo\/image\/\"},\"sameAs\":[\"https:\/\/www.facebook.com\/hudo.si\",\"https:\/\/twitter.com\/hudo_si\"]},{\"@type\":\"Person\",\"@id\":\"https:\/\/hudo.com\/si\/#\/schema\/person\/f95639a66e0dd2c682b0568634e85b8b\",\"name\":\"A. G.\",\"image\":{\"@type\":\"ImageObject\",\"inLanguage\":\"sl-SI\",\"@id\":\"https:\/\/hudo.com\/si\/#\/schema\/person\/image\/\",\"url\":\"https:\/\/secure.gravatar.com\/avatar\/9f44de561c70d5d80348d3ed0f4b142d?s=96&d=mm&r=g\",\"contentUrl\":\"https:\/\/secure.gravatar.com\/avatar\/9f44de561c70d5d80348d3ed0f4b142d?s=96&d=mm&r=g\",\"caption\":\"A. G.\"},\"url\":\"https:\/\/hudo.com\/si\/author\/alenkagrmek\/\"}]}<\/script>\n<!-- \/ Yoast SEO plugin. -->","yoast_head_json":{"title":"Neverjetna preobrazba: Neko\u010d najdebelej\u0161i de\u010dek izgubil kar polovico svoje te\u017ee - Hudo Slovenija","robots":{"index":"index","follow":"follow","max-snippet":"max-snippet:-1","max-image-preview":"max-image-preview:large","max-video-preview":"max-video-preview:-1"},"canonical":"https:\/\/hudo.com\/si\/lifestyle\/neverjetna-preobrazba-nekoc-najdebelejsi-decek-izgubil-kar-polovico-svoje-teze\/","og_locale":"sl_SI","og_type":"article","og_title":"Neverjetna preobrazba: Neko\u010d najdebelej\u0161i de\u010dek izgubil kar polovico svoje te\u017ee - Hudo Slovenija","og_description":"Arya Permana (13) iz Indonezije je bil te\u017eak neverjetnih 192 kilogramov, zaradi \u010desar so ga razglasili za najdebelej\u0161ega de\u010dka na svetu. No, danes pa je izgubil kar polovico svoje te\u017ee.","og_url":"https:\/\/hudo.com\/si\/lifestyle\/neverjetna-preobrazba-nekoc-najdebelejsi-decek-izgubil-kar-polovico-svoje-teze\/","og_site_name":"Hudo Slovenija","article_publisher":"https:\/\/www.facebook.com\/hudo.si","article_published_time":"2019-04-12T11:45:03+00:00","article_modified_time":"2019-04-12T11:56:58+00:00","og_image":[{"width":600,"height":340,"url":"https:\/\/hudo.com\/si\/wp-content\/uploads\/sites\/2\/2019\/04\/arya.jpg","type":"image\/jpeg"}],"author":"A. G.","twitter_card":"summary_large_image","twitter_creator":"@hudo_si","twitter_site":"@hudo_si","twitter_misc":{"Written by":"A. G.","Est. reading time":"2 minuti"},"schema":{"@context":"https:\/\/schema.org","@graph":[{"@type":"Article","@id":"https:\/\/hudo.com\/si\/lifestyle\/neverjetna-preobrazba-nekoc-najdebelejsi-decek-izgubil-kar-polovico-svoje-teze\/#article","isPartOf":{"@id":"https:\/\/hudo.com\/si\/lifestyle\/neverjetna-preobrazba-nekoc-najdebelejsi-decek-izgubil-kar-polovico-svoje-teze\/"},"author":{"name":"A. G.","@id":"https:\/\/hudo.com\/si\/#\/schema\/person\/f95639a66e0dd2c682b0568634e85b8b"},"headline":"Neverjetna preobrazba: Neko\u010d najdebelej\u0161i de\u010dek izgubil kar polovico svoje te\u017ee","datePublished":"2019-04-12T11:45:03+00:00","dateModified":"2019-04-12T11:56:58+00:00","mainEntityOfPage":{"@id":"https:\/\/hudo.com\/si\/lifestyle\/neverjetna-preobrazba-nekoc-najdebelejsi-decek-izgubil-kar-polovico-svoje-teze\/"},"wordCount":360,"publisher":{"@id":"https:\/\/hudo.com\/si\/#organization"},"keywords":["Arya Permana","huj\u0161anje","najdebelej\u0161i de\u010dek na svetu","preobrazba"],"articleSection":["Lifestyle"],"inLanguage":"sl-SI"},{"@type":"WebPage","@id":"https:\/\/hudo.com\/si\/lifestyle\/neverjetna-preobrazba-nekoc-najdebelejsi-decek-izgubil-kar-polovico-svoje-teze\/","url":"https:\/\/hudo.com\/si\/lifestyle\/neverjetna-preobrazba-nekoc-najdebelejsi-decek-izgubil-kar-polovico-svoje-teze\/","name":"Neverjetna preobrazba: Neko\u010d najdebelej\u0161i de\u010dek izgubil kar polovico svoje te\u017ee - Hudo Slovenija","isPartOf":{"@id":"https:\/\/hudo.com\/si\/#website"},"datePublished":"2019-04-12T11:45:03+00:00","dateModified":"2019-04-12T11:56:58+00:00","breadcrumb":{"@id":"https:\/\/hudo.com\/si\/lifestyle\/neverjetna-preobrazba-nekoc-najdebelejsi-decek-izgubil-kar-polovico-svoje-teze\/#breadcrumb"},"inLanguage":"sl-SI","potentialAction":[{"@type":"ReadAction","target":["https:\/\/hudo.com\/si\/lifestyle\/neverjetna-preobrazba-nekoc-najdebelejsi-decek-izgubil-kar-polovico-svoje-teze\/"]}]},{"@type":"BreadcrumbList","@id":"https:\/\/hudo.com\/si\/lifestyle\/neverjetna-preobrazba-nekoc-najdebelejsi-decek-izgubil-kar-polovico-svoje-teze\/#breadcrumb","itemListElement":[{"@type":"ListItem","position":1,"name":"Home","item":"https:\/\/hudo.com\/si\/"},{"@type":"ListItem","position":2,"name":"Neverjetna preobrazba: Neko\u010d najdebelej\u0161i de\u010dek izgubil kar polovico svoje te\u017ee"}]},{"@type":"WebSite","@id":"https:\/\/hudo.com\/si\/#website","url":"https:\/\/hudo.com\/si\/","name":"Hudo Slovenija","description":"Vse novice iz Slovenije in sveta","publisher":{"@id":"https:\/\/hudo.com\/si\/#organization"},"potentialAction":[{"@type":"SearchAction","target":{"@type":"EntryPoint","urlTemplate":"https:\/\/hudo.com\/si\/?s={search_term_string}"},"query-input":"required name=search_term_string"}],"inLanguage":"sl-SI"},{"@type":"Organization","@id":"https:\/\/hudo.com\/si\/#organization","name":"VSN Media","url":"https:\/\/hudo.com\/si\/","logo":{"@type":"ImageObject","inLanguage":"sl-SI","@id":"https:\/\/hudo.com\/si\/#\/schema\/logo\/image\/","url":"https:\/\/hudo.com\/si\/wp-content\/uploads\/sites\/2\/2021\/03\/hudo-app-2.png","contentUrl":"https:\/\/hudo.com\/si\/wp-content\/uploads\/sites\/2\/2021\/03\/hudo-app-2.png","width":2185,"height":2167,"caption":"VSN Media"},"image":{"@id":"https:\/\/hudo.com\/si\/#\/schema\/logo\/image\/"},"sameAs":["https:\/\/www.facebook.com\/hudo.si","https:\/\/twitter.com\/hudo_si"]},{"@type":"Person","@id":"https:\/\/hudo.com\/si\/#\/schema\/person\/f95639a66e0dd2c682b0568634e85b8b","name":"A. G.","image":{"@type":"ImageObject","inLanguage":"sl-SI","@id":"https:\/\/hudo.com\/si\/#\/schema\/person\/image\/","url":"https:\/\/secure.gravatar.com\/avatar\/9f44de561c70d5d80348d3ed0f4b142d?s=96&d=mm&r=g","contentUrl":"https:\/\/secure.gravatar.com\/avatar\/9f44de561c70d5d80348d3ed0f4b142d?s=96&d=mm&r=g","caption":"A. G."},"url":"https:\/\/hudo.com\/si\/author\/alenkagrmek\/"}]}},"amp_enabled":true,"_links":{"self":[{"href":"https:\/\/hudo.com\/si\/wp-json\/wp\/v2\/posts\/396798"}],"collection":[{"href":"https:\/\/hudo.com\/si\/wp-json\/wp\/v2\/posts"}],"about":[{"href":"https:\/\/hudo.com\/si\/wp-json\/wp\/v2\/types\/post"}],"author":[{"embeddable":true,"href":"https:\/\/hudo.com\/si\/wp-json\/wp\/v2\/users\/6"}],"replies":[{"embeddable":true,"href":"https:\/\/hudo.com\/si\/wp-json\/wp\/v2\/comments?post=396798"}],"version-history":[{"count":2,"href":"https:\/\/hudo.com\/si\/wp-json\/wp\/v2\/posts\/396798\/revisions"}],"predecessor-version":[{"id":396826,"href":"https:\/\/hudo.com\/si\/wp-json\/wp\/v2\/posts\/396798\/revisions\/396826"}],"wp:featuredmedia":[{"embeddable":true,"href":"https:\/\/hudo.com\/si\/wp-json\/wp\/v2\/media\/396825"}],"wp:attachment":[{"href":"https:\/\/hudo.com\/si\/wp-json\/wp\/v2\/media?parent=396798"}],"wp:term":[{"taxonomy":"category","embeddable":true,"href":"https:\/\/hudo.com\/si\/wp-json\/wp\/v2\/categories?post=396798"},{"taxonomy":"post_tag","embeddable":true,"href":"https:\/\/hudo.com\/si\/wp-json\/wp\/v2\/tags?post=396798"},{"taxonomy":"source","embeddable":true,"href":"https:\/\/hudo.com\/si\/wp-json\/wp\/v2\/source?post=396798"},{"taxonomy":"supertag","embeddable":true,"href":"https:\/\/hudo.com\/si\/wp-json\/wp\/v2\/supertag?post=396798"}],"curies":[{"name":"wp","href":"https:\/\/api.w.org\/{rel}","templated":true}]}}