{"id":397234,"date":"2019-04-19T11:42:01","date_gmt":"2019-04-19T09:42:01","guid":{"rendered":"http:\/\/hudo.com\/si\/?p=397234"},"modified":"2019-04-19T11:42:01","modified_gmt":"2019-04-19T09:42:01","slug":"slovenci-pomladne-praznike-najraje-prezivljamo-na-jadranu","status":"publish","type":"post","link":"https:\/\/hudo.com\/si\/aktualno\/slovenci-pomladne-praznike-najraje-prezivljamo-na-jadranu\/","title":{"rendered":"Slovenci pomladne praznike najraje pre\u017eivljamo na Jadranu"},"content":{"rendered":"<p>Iz Kompasa so za STA sporo\u010dili, da se prvomajskih potovanj tradicionalno v povpre\u010dju udele\u017ei tretjina njihovih potnikov. Za te imajo letos razpisanih ve\u010d kot 150 potovanj. Zagotovljenih pa imajo ve\u010d kot sto avtobusnih, letalskih in &#8220;interkonti&#8221; aran\u017emajev.<\/p>\n<p>Pri\u010dakujejo tudi, da bodo imeli do velikono\u010dnih praznikov zagotovljenih ve\u010d kot 85 odstotkov razpisanih odhodov.<\/p>\n<p>Pri Relaxu so za STA navedli, da med prvomajskimi prazniki pri\u010dakujejo, da bo v njihovi organizaciji po\u010ditnikovalo in potovalo ve\u010d kot 15.000 gostov, in da so pri leto\u0161njih rezervacijah za omenjeno obdobje zabele\u017eili 12-odstotno rast.<\/p>\n<p>Najve\u010d njihovih prvomajskih gostov bo sicer po\u010ditnikovalo v Relaxovih prvomajskih klubih, ki so jih organizirali na Krku, v Rabcu, Zadru, na Bra\u010du in Hvaru. V nekaterih klubih bo ve\u010d kot 700 Relaxovih gostov.<\/p>\n<p>Poleg \u0161iroke ponudbe na Jadranu so pripravili \u0161e ponudbo po\u010ditnic v Sredozemlju in potovanja v daljne de\u017eele. Med sredozemskimi letovi\u0161\u010di so navedli \u0160panijo, Korziko, Sardinijo, Sicilijo in Benetke, med oddaljenej\u0161imi pa Balearske otoke, Sankt Peterburg, Moskvo, Portugalsko, \u0160kotsko, London, Dominikansko republiko, Kubo, Mehiko, Maldive, Jamajko, Dubaj in Tajsko.<\/p>\n<p>V Kompasu so zapisali, da so dru\u017einski klubi ob jadranski obali tudi med njihovo najbolj priljubljeno prvomajsko ponudbo. Prvomajski gosti pa se po njihovem zaradi nestanovitnega pomladnega vremena odlo\u010dajo predvsem za hotele z notranjimi bazeni.<\/p>\n<p>Med potovanji v bli\u017enje dr\u017eave za pomladne praznike ponujajo potovanja v evropske prestolnice, v Carigrad, na Islandijo, v Panamo, na Kostariko, v Abu Dabi, Dubaj, na Kubo, v Maroko, New York, na zahod ZDA, Mavricij, Zelenortske otoke in Kitajsko. Ponujajo tudi kri\u017earjenja po Nilu, po Sredozemlju in do Karibov.<\/p>\n<p>Sicer pa, \u010de ocenjujejo privla\u010dnost po \u0161tevilu potnikov, \u0161e vedno prevladujejo potovanja po Evropi, ki so tudi cenovno najbolj dostopna. Sodobni turisti in popotniki pa se vra\u010dajo k naravi in manj\u0161im krajem &#8211; predvsem imajo radi dodatne lokalne znamenitosti, doma\u010do hrano in podobno, so med drugim sporo\u010dili iz Kompasa.<\/p>\n<p>V Relaxu pa so \u0161e opozorili, da tudi letos pri prvomajskih po\u010ditnicah bele\u017eijo veliko zanimanja za po\u010ditnice z avtobusnim prevozom.<\/p>\n","protected":false},"excerpt":{"rendered":"<p>Pomladni prazniki so obi\u010dajno \u010das, ko se Slovenci podajo na prva letovanja. Ta najraje izrabijo za predpoletni skok na morje, pri \u010demer po podatkih turisti\u010dnih agencij prednja\u010di Jadran, predvsem z avtomobili hitreje dostopni kraji v Istri, Kvarnerju in srednji Dalmaciji. Priljubljen cilj so tudi slovenska obala in terme.<\/p>\n","protected":false},"author":8,"featured_media":375047,"comment_status":"closed","ping_status":"closed","sticky":false,"template":"","format":"standard","meta":{"footnotes":""},"categories":[1179],"tags":[1810,1595,1917],"source":[4511],"supertag":[7541],"acf":[],"yoast_head":"<!-- This site is optimized with the Yoast SEO plugin v21.3 - https:\/\/yoast.com\/wordpress\/plugins\/seo\/ -->\n<title>Slovenci pomladne praznike najraje pre\u017eivljamo na Jadranu - Hudo Slovenija<\/title>\n<meta name=\"robots\" content=\"index, follow, max-snippet:-1, max-image-preview:large, max-video-preview:-1\" \/>\n<link rel=\"canonical\" href=\"https:\/\/hudo.com\/si\/aktualno\/slovenci-pomladne-praznike-najraje-prezivljamo-na-jadranu\/\" \/>\n<meta property=\"og:locale\" content=\"sl_SI\" \/>\n<meta property=\"og:type\" content=\"article\" \/>\n<meta property=\"og:title\" content=\"Slovenci pomladne praznike najraje pre\u017eivljamo na Jadranu - Hudo Slovenija\" \/>\n<meta property=\"og:description\" content=\"Pomladni prazniki so obi\u010dajno \u010das, ko se Slovenci podajo na prva letovanja. Ta najraje izrabijo za predpoletni skok na morje, pri \u010demer po podatkih turisti\u010dnih agencij prednja\u010di Jadran, predvsem z avtomobili hitreje dostopni kraji v Istri, Kvarnerju in srednji Dalmaciji. Priljubljen cilj so tudi slovenska obala in terme.\" \/>\n<meta property=\"og:url\" content=\"https:\/\/hudo.com\/si\/aktualno\/slovenci-pomladne-praznike-najraje-prezivljamo-na-jadranu\/\" \/>\n<meta property=\"og:site_name\" content=\"Hudo Slovenija\" \/>\n<meta property=\"article:publisher\" content=\"https:\/\/www.facebook.com\/hudo.si\" \/>\n<meta property=\"article:published_time\" content=\"2019-04-19T09:42:01+00:00\" \/>\n<meta property=\"og:image\" content=\"https:\/\/hudo.com\/si\/wp-content\/uploads\/sites\/2\/2018\/08\/profimedia-0147168179.jpg\" \/>\n\t<meta property=\"og:image:width\" content=\"1250\" \/>\n\t<meta property=\"og:image:height\" content=\"833\" \/>\n\t<meta property=\"og:image:type\" content=\"image\/jpeg\" \/>\n<meta name=\"author\" content=\"M. N., STA\" \/>\n<meta name=\"twitter:card\" content=\"summary_large_image\" \/>\n<meta name=\"twitter:creator\" content=\"@hudo_si\" \/>\n<meta name=\"twitter:site\" content=\"@hudo_si\" \/>\n<meta name=\"twitter:label1\" content=\"Written by\" \/>\n\t<meta name=\"twitter:data1\" content=\"M. N., STA\" \/>\n\t<meta name=\"twitter:label2\" content=\"Est. reading time\" \/>\n\t<meta name=\"twitter:data2\" content=\"2 minuti\" \/>\n<script type=\"application\/ld+json\" class=\"yoast-schema-graph\">{\"@context\":\"https:\/\/schema.org\",\"@graph\":[{\"@type\":\"Article\",\"@id\":\"https:\/\/hudo.com\/si\/aktualno\/slovenci-pomladne-praznike-najraje-prezivljamo-na-jadranu\/#article\",\"isPartOf\":{\"@id\":\"https:\/\/hudo.com\/si\/aktualno\/slovenci-pomladne-praznike-najraje-prezivljamo-na-jadranu\/\"},\"author\":{\"name\":\"M. N., STA\",\"@id\":\"https:\/\/hudo.com\/si\/#\/schema\/person\/c2f10ce65d2e6ede2aeda5be2a0611fa\"},\"headline\":\"Slovenci pomladne praznike najraje pre\u017eivljamo na Jadranu\",\"datePublished\":\"2019-04-19T09:42:01+00:00\",\"dateModified\":\"2019-04-19T09:42:01+00:00\",\"mainEntityOfPage\":{\"@id\":\"https:\/\/hudo.com\/si\/aktualno\/slovenci-pomladne-praznike-najraje-prezivljamo-na-jadranu\/\"},\"wordCount\":354,\"publisher\":{\"@id\":\"https:\/\/hudo.com\/si\/#organization\"},\"keywords\":[\"hrva\u0161ka\",\"Slovenija\",\"turizem\"],\"articleSection\":[\"Aktualno\"],\"inLanguage\":\"sl-SI\"},{\"@type\":\"WebPage\",\"@id\":\"https:\/\/hudo.com\/si\/aktualno\/slovenci-pomladne-praznike-najraje-prezivljamo-na-jadranu\/\",\"url\":\"https:\/\/hudo.com\/si\/aktualno\/slovenci-pomladne-praznike-najraje-prezivljamo-na-jadranu\/\",\"name\":\"Slovenci pomladne praznike najraje pre\u017eivljamo na Jadranu - Hudo Slovenija\",\"isPartOf\":{\"@id\":\"https:\/\/hudo.com\/si\/#website\"},\"datePublished\":\"2019-04-19T09:42:01+00:00\",\"dateModified\":\"2019-04-19T09:42:01+00:00\",\"breadcrumb\":{\"@id\":\"https:\/\/hudo.com\/si\/aktualno\/slovenci-pomladne-praznike-najraje-prezivljamo-na-jadranu\/#breadcrumb\"},\"inLanguage\":\"sl-SI\",\"potentialAction\":[{\"@type\":\"ReadAction\",\"target\":[\"https:\/\/hudo.com\/si\/aktualno\/slovenci-pomladne-praznike-najraje-prezivljamo-na-jadranu\/\"]}]},{\"@type\":\"BreadcrumbList\",\"@id\":\"https:\/\/hudo.com\/si\/aktualno\/slovenci-pomladne-praznike-najraje-prezivljamo-na-jadranu\/#breadcrumb\",\"itemListElement\":[{\"@type\":\"ListItem\",\"position\":1,\"name\":\"Home\",\"item\":\"https:\/\/hudo.com\/si\/\"},{\"@type\":\"ListItem\",\"position\":2,\"name\":\"Slovenci pomladne praznike najraje pre\u017eivljamo na Jadranu\"}]},{\"@type\":\"WebSite\",\"@id\":\"https:\/\/hudo.com\/si\/#website\",\"url\":\"https:\/\/hudo.com\/si\/\",\"name\":\"Hudo Slovenija\",\"description\":\"Vse novice iz Slovenije in sveta\",\"publisher\":{\"@id\":\"https:\/\/hudo.com\/si\/#organization\"},\"potentialAction\":[{\"@type\":\"SearchAction\",\"target\":{\"@type\":\"EntryPoint\",\"urlTemplate\":\"https:\/\/hudo.com\/si\/?s={search_term_string}\"},\"query-input\":\"required name=search_term_string\"}],\"inLanguage\":\"sl-SI\"},{\"@type\":\"Organization\",\"@id\":\"https:\/\/hudo.com\/si\/#organization\",\"name\":\"VSN Media\",\"url\":\"https:\/\/hudo.com\/si\/\",\"logo\":{\"@type\":\"ImageObject\",\"inLanguage\":\"sl-SI\",\"@id\":\"https:\/\/hudo.com\/si\/#\/schema\/logo\/image\/\",\"url\":\"https:\/\/hudo.com\/si\/wp-content\/uploads\/sites\/2\/2021\/03\/hudo-app-2.png\",\"contentUrl\":\"https:\/\/hudo.com\/si\/wp-content\/uploads\/sites\/2\/2021\/03\/hudo-app-2.png\",\"width\":2185,\"height\":2167,\"caption\":\"VSN Media\"},\"image\":{\"@id\":\"https:\/\/hudo.com\/si\/#\/schema\/logo\/image\/\"},\"sameAs\":[\"https:\/\/www.facebook.com\/hudo.si\",\"https:\/\/twitter.com\/hudo_si\"]},{\"@type\":\"Person\",\"@id\":\"https:\/\/hudo.com\/si\/#\/schema\/person\/c2f10ce65d2e6ede2aeda5be2a0611fa\",\"name\":\"M. N., STA\",\"image\":{\"@type\":\"ImageObject\",\"inLanguage\":\"sl-SI\",\"@id\":\"https:\/\/hudo.com\/si\/#\/schema\/person\/image\/\",\"url\":\"https:\/\/secure.gravatar.com\/avatar\/f370d38daa10467f755c5c766a4cac20?s=96&d=mm&r=g\",\"contentUrl\":\"https:\/\/secure.gravatar.com\/avatar\/f370d38daa10467f755c5c766a4cac20?s=96&d=mm&r=g\",\"caption\":\"M. N., STA\"},\"url\":\"https:\/\/hudo.com\/si\/author\/mana\/\"}]}<\/script>\n<!-- \/ Yoast SEO plugin. -->","yoast_head_json":{"title":"Slovenci pomladne praznike najraje pre\u017eivljamo na Jadranu - Hudo Slovenija","robots":{"index":"index","follow":"follow","max-snippet":"max-snippet:-1","max-image-preview":"max-image-preview:large","max-video-preview":"max-video-preview:-1"},"canonical":"https:\/\/hudo.com\/si\/aktualno\/slovenci-pomladne-praznike-najraje-prezivljamo-na-jadranu\/","og_locale":"sl_SI","og_type":"article","og_title":"Slovenci pomladne praznike najraje pre\u017eivljamo na Jadranu - Hudo Slovenija","og_description":"Pomladni prazniki so obi\u010dajno \u010das, ko se Slovenci podajo na prva letovanja. Ta najraje izrabijo za predpoletni skok na morje, pri \u010demer po podatkih turisti\u010dnih agencij prednja\u010di Jadran, predvsem z avtomobili hitreje dostopni kraji v Istri, Kvarnerju in srednji Dalmaciji. Priljubljen cilj so tudi slovenska obala in terme.","og_url":"https:\/\/hudo.com\/si\/aktualno\/slovenci-pomladne-praznike-najraje-prezivljamo-na-jadranu\/","og_site_name":"Hudo Slovenija","article_publisher":"https:\/\/www.facebook.com\/hudo.si","article_published_time":"2019-04-19T09:42:01+00:00","og_image":[{"width":1250,"height":833,"url":"https:\/\/hudo.com\/si\/wp-content\/uploads\/sites\/2\/2018\/08\/profimedia-0147168179.jpg","type":"image\/jpeg"}],"author":"M. N., STA","twitter_card":"summary_large_image","twitter_creator":"@hudo_si","twitter_site":"@hudo_si","twitter_misc":{"Written by":"M. N., STA","Est. reading time":"2 minuti"},"schema":{"@context":"https:\/\/schema.org","@graph":[{"@type":"Article","@id":"https:\/\/hudo.com\/si\/aktualno\/slovenci-pomladne-praznike-najraje-prezivljamo-na-jadranu\/#article","isPartOf":{"@id":"https:\/\/hudo.com\/si\/aktualno\/slovenci-pomladne-praznike-najraje-prezivljamo-na-jadranu\/"},"author":{"name":"M. N., STA","@id":"https:\/\/hudo.com\/si\/#\/schema\/person\/c2f10ce65d2e6ede2aeda5be2a0611fa"},"headline":"Slovenci pomladne praznike najraje pre\u017eivljamo na Jadranu","datePublished":"2019-04-19T09:42:01+00:00","dateModified":"2019-04-19T09:42:01+00:00","mainEntityOfPage":{"@id":"https:\/\/hudo.com\/si\/aktualno\/slovenci-pomladne-praznike-najraje-prezivljamo-na-jadranu\/"},"wordCount":354,"publisher":{"@id":"https:\/\/hudo.com\/si\/#organization"},"keywords":["hrva\u0161ka","Slovenija","turizem"],"articleSection":["Aktualno"],"inLanguage":"sl-SI"},{"@type":"WebPage","@id":"https:\/\/hudo.com\/si\/aktualno\/slovenci-pomladne-praznike-najraje-prezivljamo-na-jadranu\/","url":"https:\/\/hudo.com\/si\/aktualno\/slovenci-pomladne-praznike-najraje-prezivljamo-na-jadranu\/","name":"Slovenci pomladne praznike najraje pre\u017eivljamo na Jadranu - Hudo Slovenija","isPartOf":{"@id":"https:\/\/hudo.com\/si\/#website"},"datePublished":"2019-04-19T09:42:01+00:00","dateModified":"2019-04-19T09:42:01+00:00","breadcrumb":{"@id":"https:\/\/hudo.com\/si\/aktualno\/slovenci-pomladne-praznike-najraje-prezivljamo-na-jadranu\/#breadcrumb"},"inLanguage":"sl-SI","potentialAction":[{"@type":"ReadAction","target":["https:\/\/hudo.com\/si\/aktualno\/slovenci-pomladne-praznike-najraje-prezivljamo-na-jadranu\/"]}]},{"@type":"BreadcrumbList","@id":"https:\/\/hudo.com\/si\/aktualno\/slovenci-pomladne-praznike-najraje-prezivljamo-na-jadranu\/#breadcrumb","itemListElement":[{"@type":"ListItem","position":1,"name":"Home","item":"https:\/\/hudo.com\/si\/"},{"@type":"ListItem","position":2,"name":"Slovenci pomladne praznike najraje pre\u017eivljamo na Jadranu"}]},{"@type":"WebSite","@id":"https:\/\/hudo.com\/si\/#website","url":"https:\/\/hudo.com\/si\/","name":"Hudo Slovenija","description":"Vse novice iz Slovenije in sveta","publisher":{"@id":"https:\/\/hudo.com\/si\/#organization"},"potentialAction":[{"@type":"SearchAction","target":{"@type":"EntryPoint","urlTemplate":"https:\/\/hudo.com\/si\/?s={search_term_string}"},"query-input":"required name=search_term_string"}],"inLanguage":"sl-SI"},{"@type":"Organization","@id":"https:\/\/hudo.com\/si\/#organization","name":"VSN Media","url":"https:\/\/hudo.com\/si\/","logo":{"@type":"ImageObject","inLanguage":"sl-SI","@id":"https:\/\/hudo.com\/si\/#\/schema\/logo\/image\/","url":"https:\/\/hudo.com\/si\/wp-content\/uploads\/sites\/2\/2021\/03\/hudo-app-2.png","contentUrl":"https:\/\/hudo.com\/si\/wp-content\/uploads\/sites\/2\/2021\/03\/hudo-app-2.png","width":2185,"height":2167,"caption":"VSN Media"},"image":{"@id":"https:\/\/hudo.com\/si\/#\/schema\/logo\/image\/"},"sameAs":["https:\/\/www.facebook.com\/hudo.si","https:\/\/twitter.com\/hudo_si"]},{"@type":"Person","@id":"https:\/\/hudo.com\/si\/#\/schema\/person\/c2f10ce65d2e6ede2aeda5be2a0611fa","name":"M. N., STA","image":{"@type":"ImageObject","inLanguage":"sl-SI","@id":"https:\/\/hudo.com\/si\/#\/schema\/person\/image\/","url":"https:\/\/secure.gravatar.com\/avatar\/f370d38daa10467f755c5c766a4cac20?s=96&d=mm&r=g","contentUrl":"https:\/\/secure.gravatar.com\/avatar\/f370d38daa10467f755c5c766a4cac20?s=96&d=mm&r=g","caption":"M. N., STA"},"url":"https:\/\/hudo.com\/si\/author\/mana\/"}]}},"amp_enabled":true,"_links":{"self":[{"href":"https:\/\/hudo.com\/si\/wp-json\/wp\/v2\/posts\/397234"}],"collection":[{"href":"https:\/\/hudo.com\/si\/wp-json\/wp\/v2\/posts"}],"about":[{"href":"https:\/\/hudo.com\/si\/wp-json\/wp\/v2\/types\/post"}],"author":[{"embeddable":true,"href":"https:\/\/hudo.com\/si\/wp-json\/wp\/v2\/users\/8"}],"replies":[{"embeddable":true,"href":"https:\/\/hudo.com\/si\/wp-json\/wp\/v2\/comments?post=397234"}],"version-history":[{"count":1,"href":"https:\/\/hudo.com\/si\/wp-json\/wp\/v2\/posts\/397234\/revisions"}],"predecessor-version":[{"id":397235,"href":"https:\/\/hudo.com\/si\/wp-json\/wp\/v2\/posts\/397234\/revisions\/397235"}],"wp:featuredmedia":[{"embeddable":true,"href":"https:\/\/hudo.com\/si\/wp-json\/wp\/v2\/media\/375047"}],"wp:attachment":[{"href":"https:\/\/hudo.com\/si\/wp-json\/wp\/v2\/media?parent=397234"}],"wp:term":[{"taxonomy":"category","embeddable":true,"href":"https:\/\/hudo.com\/si\/wp-json\/wp\/v2\/categories?post=397234"},{"taxonomy":"post_tag","embeddable":true,"href":"https:\/\/hudo.com\/si\/wp-json\/wp\/v2\/tags?post=397234"},{"taxonomy":"source","embeddable":true,"href":"https:\/\/hudo.com\/si\/wp-json\/wp\/v2\/source?post=397234"},{"taxonomy":"supertag","embeddable":true,"href":"https:\/\/hudo.com\/si\/wp-json\/wp\/v2\/supertag?post=397234"}],"curies":[{"name":"wp","href":"https:\/\/api.w.org\/{rel}","templated":true}]}}