{"id":397236,"date":"2019-04-19T12:02:13","date_gmt":"2019-04-19T10:02:13","guid":{"rendered":"http:\/\/hudo.com\/si\/?p=397236"},"modified":"2019-04-19T12:02:13","modified_gmt":"2019-04-19T10:02:13","slug":"po-hudi-bolezni-je-umrla-humoristka-ica-putrih","status":"publish","type":"post","link":"https:\/\/hudo.com\/si\/aktualno\/po-hudi-bolezni-je-umrla-humoristka-ica-putrih\/","title":{"rendered":"Po hudi bolezni je umrla humoristka I\u010da Putrih"},"content":{"rendered":"<p>Po poro\u010danju portala svet24 so priljubljeno humoristko februarja zaradi te\u017eav s \u010drevesjem sprejeli v bolni\u0161nico. Ugotovili so, da gre za hudo zastrupitev \u010drevesja. Potrebnih je bilo ve\u010d operacij. Ker njeno telo ni zmoglo vsega tega napora, je padla v komo, navaja portal.<\/p>\n<p>I\u010da Putrih se je rodila leta 1942 kot Marija Kos. Pri 14 letih in pol se je zaposlila kot tajnica. Vrsto let je zabavala \u0161tevilne ljubitelje humorja in bila znana po nalezljivi dobri volji. Kar 15 let je na nastopih sodelovala s humoristom in pevcem Marjanom Roblekom &#8211; Matev\u017eem, kot humoristka pa je dve leti nastopala tudi z Avseniki.<\/p>\n<p>Po pisanju spletnega Ve\u010dera, je bila v Jugoslaviji z ve\u010d kot 500 \u010distimi udarci v minuti ena najhitrej\u0161ih strojepisk v dr\u017eavi. Leta 2017 je v intervjuju za Ve\u010der povedala, da je bila v \u0161oli v razredu &#8220;glavna za kak\u0161ne \u0161tose&#8221;. &#8220;Pogosto re\u010dem, da nisem humoristka po poklicu, jaz sem bila vedno z veseljem tajnica in to je bila moja najbolj\u0161a zaposlitev. V humoristi\u010dno sfero sem &#8216;kar padla&#8217;.&#8221;<\/p>\n<p>&#8220;Vedno pravim, da nisem humorist, ampak sem po karakterju optimist. So pa dana\u0161nji humoristi druga\u010dni, znati morajo peti, plesati, vse. Nedavno sem bila na predstavi Martine Ip\u0161e, eno uro in pol sem se smejala. V mojih \u010dasih sem pri\u0161la na oder z mikrofonom, v\u010dasih sem ob petih popoldne za\u010dela stand up, temu smo sicer takrat druga\u010de rekli, in do petih zjutraj vice pripovedovala,&#8221; je takrat \u0161e povedala za Ve\u010der.<\/p>\n","protected":false},"excerpt":{"rendered":"<p>V 77. letu starosti je po hudi bolezni umrla humoristka I\u010da Putrih, ki se je je zaradi nabru\u0161enega jezika prijel vzdevek &#8220;I\u010da od hudi\u010da&#8221;, poro\u010dajo mediji. Novico je na facebooku potrdila njena h\u010di \u0160ana. &#8220;Mami je od\u0161la v\u010deraj pred polno\u010djo,&#8221; je zapisala.<\/p>\n","protected":false},"author":8,"featured_media":218197,"comment_status":"closed","ping_status":"closed","sticky":false,"template":"","format":"standard","meta":{"footnotes":""},"categories":[1179],"tags":[13517,1595],"source":[4511],"supertag":[],"acf":[],"yoast_head":"<!-- This site is optimized with the Yoast SEO plugin v21.3 - https:\/\/yoast.com\/wordpress\/plugins\/seo\/ -->\n<title>Po hudi bolezni je umrla humoristka I\u010da Putrih - Hudo Slovenija<\/title>\n<meta name=\"robots\" content=\"index, follow, max-snippet:-1, max-image-preview:large, max-video-preview:-1\" \/>\n<link rel=\"canonical\" href=\"https:\/\/hudo.com\/si\/aktualno\/po-hudi-bolezni-je-umrla-humoristka-ica-putrih\/\" \/>\n<meta property=\"og:locale\" content=\"sl_SI\" \/>\n<meta property=\"og:type\" content=\"article\" \/>\n<meta property=\"og:title\" content=\"Po hudi bolezni je umrla humoristka I\u010da Putrih - Hudo Slovenija\" \/>\n<meta property=\"og:description\" content=\"V 77. letu starosti je po hudi bolezni umrla humoristka I\u010da Putrih, ki se je je zaradi nabru\u0161enega jezika prijel vzdevek &quot;I\u010da od hudi\u010da&quot;, poro\u010dajo mediji. Novico je na facebooku potrdila njena h\u010di \u0160ana. &quot;Mami je od\u0161la v\u010deraj pred polno\u010djo,&quot; je zapisala.\" \/>\n<meta property=\"og:url\" content=\"https:\/\/hudo.com\/si\/aktualno\/po-hudi-bolezni-je-umrla-humoristka-ica-putrih\/\" \/>\n<meta property=\"og:site_name\" content=\"Hudo Slovenija\" \/>\n<meta property=\"article:publisher\" content=\"https:\/\/www.facebook.com\/hudo.si\" \/>\n<meta property=\"article:published_time\" content=\"2019-04-19T10:02:13+00:00\" \/>\n<meta property=\"og:image\" content=\"https:\/\/hudo.com\/si\/wp-content\/uploads\/sites\/2\/2017\/03\/profimedia-0217826006.jpg\" \/>\n\t<meta property=\"og:image:width\" content=\"1250\" \/>\n\t<meta property=\"og:image:height\" content=\"833\" \/>\n\t<meta property=\"og:image:type\" content=\"image\/jpeg\" \/>\n<meta name=\"author\" content=\"M. N., STA\" \/>\n<meta name=\"twitter:card\" content=\"summary_large_image\" \/>\n<meta name=\"twitter:creator\" content=\"@hudo_si\" \/>\n<meta name=\"twitter:site\" content=\"@hudo_si\" \/>\n<meta name=\"twitter:label1\" content=\"Written by\" \/>\n\t<meta name=\"twitter:data1\" content=\"M. N., STA\" \/>\n\t<meta name=\"twitter:label2\" content=\"Est. reading time\" \/>\n\t<meta name=\"twitter:data2\" content=\"1 minuta\" \/>\n<script type=\"application\/ld+json\" class=\"yoast-schema-graph\">{\"@context\":\"https:\/\/schema.org\",\"@graph\":[{\"@type\":\"Article\",\"@id\":\"https:\/\/hudo.com\/si\/aktualno\/po-hudi-bolezni-je-umrla-humoristka-ica-putrih\/#article\",\"isPartOf\":{\"@id\":\"https:\/\/hudo.com\/si\/aktualno\/po-hudi-bolezni-je-umrla-humoristka-ica-putrih\/\"},\"author\":{\"name\":\"M. N., STA\",\"@id\":\"https:\/\/hudo.com\/si\/#\/schema\/person\/c2f10ce65d2e6ede2aeda5be2a0611fa\"},\"headline\":\"Po hudi bolezni je umrla humoristka I\u010da Putrih\",\"datePublished\":\"2019-04-19T10:02:13+00:00\",\"dateModified\":\"2019-04-19T10:02:13+00:00\",\"mainEntityOfPage\":{\"@id\":\"https:\/\/hudo.com\/si\/aktualno\/po-hudi-bolezni-je-umrla-humoristka-ica-putrih\/\"},\"wordCount\":262,\"publisher\":{\"@id\":\"https:\/\/hudo.com\/si\/#organization\"},\"keywords\":[\"i\u010da putrih\",\"Slovenija\"],\"articleSection\":[\"Aktualno\"],\"inLanguage\":\"sl-SI\"},{\"@type\":\"WebPage\",\"@id\":\"https:\/\/hudo.com\/si\/aktualno\/po-hudi-bolezni-je-umrla-humoristka-ica-putrih\/\",\"url\":\"https:\/\/hudo.com\/si\/aktualno\/po-hudi-bolezni-je-umrla-humoristka-ica-putrih\/\",\"name\":\"Po hudi bolezni je umrla humoristka I\u010da Putrih - Hudo Slovenija\",\"isPartOf\":{\"@id\":\"https:\/\/hudo.com\/si\/#website\"},\"datePublished\":\"2019-04-19T10:02:13+00:00\",\"dateModified\":\"2019-04-19T10:02:13+00:00\",\"breadcrumb\":{\"@id\":\"https:\/\/hudo.com\/si\/aktualno\/po-hudi-bolezni-je-umrla-humoristka-ica-putrih\/#breadcrumb\"},\"inLanguage\":\"sl-SI\",\"potentialAction\":[{\"@type\":\"ReadAction\",\"target\":[\"https:\/\/hudo.com\/si\/aktualno\/po-hudi-bolezni-je-umrla-humoristka-ica-putrih\/\"]}]},{\"@type\":\"BreadcrumbList\",\"@id\":\"https:\/\/hudo.com\/si\/aktualno\/po-hudi-bolezni-je-umrla-humoristka-ica-putrih\/#breadcrumb\",\"itemListElement\":[{\"@type\":\"ListItem\",\"position\":1,\"name\":\"Home\",\"item\":\"https:\/\/hudo.com\/si\/\"},{\"@type\":\"ListItem\",\"position\":2,\"name\":\"Po hudi bolezni je umrla humoristka I\u010da Putrih\"}]},{\"@type\":\"WebSite\",\"@id\":\"https:\/\/hudo.com\/si\/#website\",\"url\":\"https:\/\/hudo.com\/si\/\",\"name\":\"Hudo Slovenija\",\"description\":\"Vse novice iz Slovenije in sveta\",\"publisher\":{\"@id\":\"https:\/\/hudo.com\/si\/#organization\"},\"potentialAction\":[{\"@type\":\"SearchAction\",\"target\":{\"@type\":\"EntryPoint\",\"urlTemplate\":\"https:\/\/hudo.com\/si\/?s={search_term_string}\"},\"query-input\":\"required name=search_term_string\"}],\"inLanguage\":\"sl-SI\"},{\"@type\":\"Organization\",\"@id\":\"https:\/\/hudo.com\/si\/#organization\",\"name\":\"VSN Media\",\"url\":\"https:\/\/hudo.com\/si\/\",\"logo\":{\"@type\":\"ImageObject\",\"inLanguage\":\"sl-SI\",\"@id\":\"https:\/\/hudo.com\/si\/#\/schema\/logo\/image\/\",\"url\":\"https:\/\/hudo.com\/si\/wp-content\/uploads\/sites\/2\/2021\/03\/hudo-app-2.png\",\"contentUrl\":\"https:\/\/hudo.com\/si\/wp-content\/uploads\/sites\/2\/2021\/03\/hudo-app-2.png\",\"width\":2185,\"height\":2167,\"caption\":\"VSN Media\"},\"image\":{\"@id\":\"https:\/\/hudo.com\/si\/#\/schema\/logo\/image\/\"},\"sameAs\":[\"https:\/\/www.facebook.com\/hudo.si\",\"https:\/\/twitter.com\/hudo_si\"]},{\"@type\":\"Person\",\"@id\":\"https:\/\/hudo.com\/si\/#\/schema\/person\/c2f10ce65d2e6ede2aeda5be2a0611fa\",\"name\":\"M. N., STA\",\"image\":{\"@type\":\"ImageObject\",\"inLanguage\":\"sl-SI\",\"@id\":\"https:\/\/hudo.com\/si\/#\/schema\/person\/image\/\",\"url\":\"https:\/\/secure.gravatar.com\/avatar\/f370d38daa10467f755c5c766a4cac20?s=96&d=mm&r=g\",\"contentUrl\":\"https:\/\/secure.gravatar.com\/avatar\/f370d38daa10467f755c5c766a4cac20?s=96&d=mm&r=g\",\"caption\":\"M. N., STA\"},\"url\":\"https:\/\/hudo.com\/si\/author\/mana\/\"}]}<\/script>\n<!-- \/ Yoast SEO plugin. -->","yoast_head_json":{"title":"Po hudi bolezni je umrla humoristka I\u010da Putrih - Hudo Slovenija","robots":{"index":"index","follow":"follow","max-snippet":"max-snippet:-1","max-image-preview":"max-image-preview:large","max-video-preview":"max-video-preview:-1"},"canonical":"https:\/\/hudo.com\/si\/aktualno\/po-hudi-bolezni-je-umrla-humoristka-ica-putrih\/","og_locale":"sl_SI","og_type":"article","og_title":"Po hudi bolezni je umrla humoristka I\u010da Putrih - Hudo Slovenija","og_description":"V 77. letu starosti je po hudi bolezni umrla humoristka I\u010da Putrih, ki se je je zaradi nabru\u0161enega jezika prijel vzdevek \"I\u010da od hudi\u010da\", poro\u010dajo mediji. Novico je na facebooku potrdila njena h\u010di \u0160ana. \"Mami je od\u0161la v\u010deraj pred polno\u010djo,\" je zapisala.","og_url":"https:\/\/hudo.com\/si\/aktualno\/po-hudi-bolezni-je-umrla-humoristka-ica-putrih\/","og_site_name":"Hudo Slovenija","article_publisher":"https:\/\/www.facebook.com\/hudo.si","article_published_time":"2019-04-19T10:02:13+00:00","og_image":[{"width":1250,"height":833,"url":"https:\/\/hudo.com\/si\/wp-content\/uploads\/sites\/2\/2017\/03\/profimedia-0217826006.jpg","type":"image\/jpeg"}],"author":"M. N., STA","twitter_card":"summary_large_image","twitter_creator":"@hudo_si","twitter_site":"@hudo_si","twitter_misc":{"Written by":"M. N., STA","Est. reading time":"1 minuta"},"schema":{"@context":"https:\/\/schema.org","@graph":[{"@type":"Article","@id":"https:\/\/hudo.com\/si\/aktualno\/po-hudi-bolezni-je-umrla-humoristka-ica-putrih\/#article","isPartOf":{"@id":"https:\/\/hudo.com\/si\/aktualno\/po-hudi-bolezni-je-umrla-humoristka-ica-putrih\/"},"author":{"name":"M. N., STA","@id":"https:\/\/hudo.com\/si\/#\/schema\/person\/c2f10ce65d2e6ede2aeda5be2a0611fa"},"headline":"Po hudi bolezni je umrla humoristka I\u010da Putrih","datePublished":"2019-04-19T10:02:13+00:00","dateModified":"2019-04-19T10:02:13+00:00","mainEntityOfPage":{"@id":"https:\/\/hudo.com\/si\/aktualno\/po-hudi-bolezni-je-umrla-humoristka-ica-putrih\/"},"wordCount":262,"publisher":{"@id":"https:\/\/hudo.com\/si\/#organization"},"keywords":["i\u010da putrih","Slovenija"],"articleSection":["Aktualno"],"inLanguage":"sl-SI"},{"@type":"WebPage","@id":"https:\/\/hudo.com\/si\/aktualno\/po-hudi-bolezni-je-umrla-humoristka-ica-putrih\/","url":"https:\/\/hudo.com\/si\/aktualno\/po-hudi-bolezni-je-umrla-humoristka-ica-putrih\/","name":"Po hudi bolezni je umrla humoristka I\u010da Putrih - Hudo Slovenija","isPartOf":{"@id":"https:\/\/hudo.com\/si\/#website"},"datePublished":"2019-04-19T10:02:13+00:00","dateModified":"2019-04-19T10:02:13+00:00","breadcrumb":{"@id":"https:\/\/hudo.com\/si\/aktualno\/po-hudi-bolezni-je-umrla-humoristka-ica-putrih\/#breadcrumb"},"inLanguage":"sl-SI","potentialAction":[{"@type":"ReadAction","target":["https:\/\/hudo.com\/si\/aktualno\/po-hudi-bolezni-je-umrla-humoristka-ica-putrih\/"]}]},{"@type":"BreadcrumbList","@id":"https:\/\/hudo.com\/si\/aktualno\/po-hudi-bolezni-je-umrla-humoristka-ica-putrih\/#breadcrumb","itemListElement":[{"@type":"ListItem","position":1,"name":"Home","item":"https:\/\/hudo.com\/si\/"},{"@type":"ListItem","position":2,"name":"Po hudi bolezni je umrla humoristka I\u010da Putrih"}]},{"@type":"WebSite","@id":"https:\/\/hudo.com\/si\/#website","url":"https:\/\/hudo.com\/si\/","name":"Hudo Slovenija","description":"Vse novice iz Slovenije in sveta","publisher":{"@id":"https:\/\/hudo.com\/si\/#organization"},"potentialAction":[{"@type":"SearchAction","target":{"@type":"EntryPoint","urlTemplate":"https:\/\/hudo.com\/si\/?s={search_term_string}"},"query-input":"required name=search_term_string"}],"inLanguage":"sl-SI"},{"@type":"Organization","@id":"https:\/\/hudo.com\/si\/#organization","name":"VSN Media","url":"https:\/\/hudo.com\/si\/","logo":{"@type":"ImageObject","inLanguage":"sl-SI","@id":"https:\/\/hudo.com\/si\/#\/schema\/logo\/image\/","url":"https:\/\/hudo.com\/si\/wp-content\/uploads\/sites\/2\/2021\/03\/hudo-app-2.png","contentUrl":"https:\/\/hudo.com\/si\/wp-content\/uploads\/sites\/2\/2021\/03\/hudo-app-2.png","width":2185,"height":2167,"caption":"VSN Media"},"image":{"@id":"https:\/\/hudo.com\/si\/#\/schema\/logo\/image\/"},"sameAs":["https:\/\/www.facebook.com\/hudo.si","https:\/\/twitter.com\/hudo_si"]},{"@type":"Person","@id":"https:\/\/hudo.com\/si\/#\/schema\/person\/c2f10ce65d2e6ede2aeda5be2a0611fa","name":"M. N., STA","image":{"@type":"ImageObject","inLanguage":"sl-SI","@id":"https:\/\/hudo.com\/si\/#\/schema\/person\/image\/","url":"https:\/\/secure.gravatar.com\/avatar\/f370d38daa10467f755c5c766a4cac20?s=96&d=mm&r=g","contentUrl":"https:\/\/secure.gravatar.com\/avatar\/f370d38daa10467f755c5c766a4cac20?s=96&d=mm&r=g","caption":"M. N., STA"},"url":"https:\/\/hudo.com\/si\/author\/mana\/"}]}},"amp_enabled":true,"_links":{"self":[{"href":"https:\/\/hudo.com\/si\/wp-json\/wp\/v2\/posts\/397236"}],"collection":[{"href":"https:\/\/hudo.com\/si\/wp-json\/wp\/v2\/posts"}],"about":[{"href":"https:\/\/hudo.com\/si\/wp-json\/wp\/v2\/types\/post"}],"author":[{"embeddable":true,"href":"https:\/\/hudo.com\/si\/wp-json\/wp\/v2\/users\/8"}],"replies":[{"embeddable":true,"href":"https:\/\/hudo.com\/si\/wp-json\/wp\/v2\/comments?post=397236"}],"version-history":[{"count":1,"href":"https:\/\/hudo.com\/si\/wp-json\/wp\/v2\/posts\/397236\/revisions"}],"predecessor-version":[{"id":397237,"href":"https:\/\/hudo.com\/si\/wp-json\/wp\/v2\/posts\/397236\/revisions\/397237"}],"wp:featuredmedia":[{"embeddable":true,"href":"https:\/\/hudo.com\/si\/wp-json\/wp\/v2\/media\/218197"}],"wp:attachment":[{"href":"https:\/\/hudo.com\/si\/wp-json\/wp\/v2\/media?parent=397236"}],"wp:term":[{"taxonomy":"category","embeddable":true,"href":"https:\/\/hudo.com\/si\/wp-json\/wp\/v2\/categories?post=397236"},{"taxonomy":"post_tag","embeddable":true,"href":"https:\/\/hudo.com\/si\/wp-json\/wp\/v2\/tags?post=397236"},{"taxonomy":"source","embeddable":true,"href":"https:\/\/hudo.com\/si\/wp-json\/wp\/v2\/source?post=397236"},{"taxonomy":"supertag","embeddable":true,"href":"https:\/\/hudo.com\/si\/wp-json\/wp\/v2\/supertag?post=397236"}],"curies":[{"name":"wp","href":"https:\/\/api.w.org\/{rel}","templated":true}]}}