{"id":397541,"date":"2019-04-25T07:33:06","date_gmt":"2019-04-25T05:33:06","guid":{"rendered":"https:\/\/hudo.com\/si\/2019\/04\/25\/koncno-znan-datum-primark-svojo-prvo-trgovino-v-sloveniji-odpira-v-juniju\/"},"modified":"2019-04-25T07:33:06","modified_gmt":"2019-04-25T05:33:06","slug":"koncno-znan-datum-primark-svojo-prvo-trgovino-v-sloveniji-odpira-v-juniju","status":"publish","type":"post","link":"https:\/\/hudo.com\/si\/lifestyle\/koncno-znan-datum-primark-svojo-prvo-trgovino-v-sloveniji-odpira-v-juniju\/","title":{"rendered":"Kon\u010dno znan datum: Primark svojo prvo trgovino v Sloveniji odpira v juniju"},"content":{"rendered":"<p><span style=\"font-weight: 400\">Otvoritev trgovine bo uradno oznanila Primarkov vstop na slovenski trg. Slovenija bo 12. dr\u017eava, v kateri bo Primark odprl trgovino.<\/span><\/p>\n<p><a href=\"https:\/\/zenska.hudo.com\/naslovnica\/koncno-znan-datum-primark-svojo-prvo-trgovino-v-sloveniji-odpira-v-juniju\/galerija\/hyperfocal-0-16\/\" rel=\"attachment wp-att-284024\"><img loading=\"lazy\" decoding=\"async\" class=\"alignnone size-large wp-image-284024\" src=\"https:\/\/zenska.hudo.com\/files\/2019\/04\/primark_spring-summer_7-660x494.jpg\" alt=\"\" width=\"660\" height=\"494\" \/><\/a><\/p>\n<p><span style=\"font-weight: 400\">Nova trgovina bo ponujala najnovej\u0161e trende na podro\u010dju \u017eenske, mo\u0161ke in otro\u0161ke mode, obutev, modne dodatke, spodnje perilo in izdelke za dom, vklju\u010dno s Primarkovo kolekcijo PS\u2026Beuaty, ki se pona\u0161a s <\/span><i><span style=\"font-weight: 400\">cruelty-free<\/span><\/i><span style=\"font-weight: 400\"> certifikatom Leaping Bunny. Na voljo bosta tudi Primarkov spalni program in <\/span><i><span style=\"font-weight: 400\">jeans<\/span><\/i><span style=\"font-weight: 400\">, oba iz 100 % trajnostno pridobljenega bomba\u017ea.<\/span><\/p>\n<p><a href=\"https:\/\/zenska.hudo.com\/naslovnica\/koncno-znan-datum-primark-svojo-prvo-trgovino-v-sloveniji-odpira-v-juniju\/galerija\/hyperfocal-0-13\/\" rel=\"attachment wp-att-284021\"><img loading=\"lazy\" decoding=\"async\" class=\"alignnone size-large wp-image-284021\" src=\"https:\/\/zenska.hudo.com\/files\/2019\/04\/primark_spring-summer_4-495x660.jpg\" alt=\"\" width=\"495\" height=\"660\" \/><\/a><\/p>\n<p><span style=\"font-weight: 400\">Ljubljanska trgovina bo sledila nagrajenim oblikovnim podobam Primarkovih trgovin po svetu. Modna ponudba se bo razprostirala na 2 nadstropjih in 4.250 m<\/span><span style=\"font-weight: 400\">2<\/span><span style=\"font-weight: 400\">, trgovina pa bo ponujala 44 blagajn, 48 kabin za pomerjanje, dostop do brez\u017ei\u010dnega interneta, 2 sprostitveni coni (<\/span><i><span style=\"font-weight: 400\">customer recharge<\/span><\/i><span style=\"font-weight: 400\">) za udobno nakupovalno izku\u0161njo.<\/span><\/p>\n<p><a href=\"https:\/\/zenska.hudo.com\/naslovnica\/koncno-znan-datum-primark-svojo-prvo-trgovino-v-sloveniji-odpira-v-juniju\/galerija\/hyperfocal-0-12\/\" rel=\"attachment wp-att-284020\"><img loading=\"lazy\" decoding=\"async\" class=\"size-large wp-image-284020\" src=\"https:\/\/zenska.hudo.com\/files\/2019\/04\/primark_spring-summer_1-660x494.jpg\" alt=\"\" width=\"660\" height=\"494\" \/><\/a><\/p>\n<p><b>Stephen Mullen, Primarkov direktor prodaje za Ju\u017eno Evropo, je ob dej prilo\u017enosti dejal: <\/b><\/p>\n<p><i><span style=\"font-weight: 400\">\u00bbPo\u010da\u0161\u010deni smo, da vstopamo v dr\u017eavo s tako hitro razvijajo\u010dim se in spodbudnim gospodarskim vzdu\u0161jem. Tako kot na vseh trgih, na katerih delujemo, se bomo tudi v Sloveniji trudili biti odli\u010den delodajalec, ki ponuja konkuren\u010dne pla\u010de in prijazno delovno okolje, kupcem pa bomo nudili odli\u010den dizajn in zadnje modne trende po dostopnih cenah.\u00ab <\/span><\/i><\/p>\n","protected":false},"excerpt":{"rendered":"<p>Modni trgovec Primark bo 13. junija 2019 ob 10. uri v nakupovalnem sredi\u0161\u010du Citypark Ljubljana (BTC City) odprl svojo prvo trgovino v Sloveniji.<\/p>\n","protected":false},"author":1,"featured_media":0,"comment_status":"closed","ping_status":"closed","sticky":false,"template":"","format":"standard","meta":{"footnotes":""},"categories":[1091],"tags":[13543,13544,13545],"source":[1341,1342,1334],"supertag":[],"acf":[],"yoast_head":"<!-- This site is optimized with the Yoast SEO plugin v21.3 - https:\/\/yoast.com\/wordpress\/plugins\/seo\/ -->\n<title>Kon\u010dno znan datum: Primark svojo prvo trgovino v Sloveniji odpira v juniju - Hudo Slovenija<\/title>\n<meta name=\"robots\" content=\"index, follow, max-snippet:-1, max-image-preview:large, max-video-preview:-1\" \/>\n<link rel=\"canonical\" href=\"https:\/\/hudo.com\/si\/lifestyle\/koncno-znan-datum-primark-svojo-prvo-trgovino-v-sloveniji-odpira-v-juniju\/\" \/>\n<meta property=\"og:locale\" content=\"sl_SI\" \/>\n<meta property=\"og:type\" content=\"article\" \/>\n<meta property=\"og:title\" content=\"Kon\u010dno znan datum: Primark svojo prvo trgovino v Sloveniji odpira v juniju - Hudo Slovenija\" \/>\n<meta property=\"og:description\" content=\"Modni trgovec Primark bo 13. junija 2019 ob 10. uri v nakupovalnem sredi\u0161\u010du Citypark Ljubljana (BTC City) odprl svojo prvo trgovino v Sloveniji.\" \/>\n<meta property=\"og:url\" content=\"https:\/\/hudo.com\/si\/lifestyle\/koncno-znan-datum-primark-svojo-prvo-trgovino-v-sloveniji-odpira-v-juniju\/\" \/>\n<meta property=\"og:site_name\" content=\"Hudo Slovenija\" \/>\n<meta property=\"article:publisher\" content=\"https:\/\/www.facebook.com\/hudo.si\" \/>\n<meta property=\"article:published_time\" content=\"2019-04-25T05:33:06+00:00\" \/>\n<meta property=\"og:image\" content=\"https:\/\/hudo.com\/si\/wp-content\/uploads\/sites\/2\/2019\/04\/primark_spring-summer_6.jpg\" \/>\n\t<meta property=\"og:image:width\" content=\"900\" \/>\n\t<meta property=\"og:image:height\" content=\"1200\" \/>\n\t<meta property=\"og:image:type\" content=\"image\/jpeg\" \/>\n<meta name=\"author\" content=\"hudo\" \/>\n<meta name=\"twitter:card\" content=\"summary_large_image\" \/>\n<meta name=\"twitter:creator\" content=\"@hudo_si\" \/>\n<meta name=\"twitter:site\" content=\"@hudo_si\" \/>\n<meta name=\"twitter:label1\" content=\"Written by\" \/>\n\t<meta name=\"twitter:data1\" content=\"hudo\" \/>\n\t<meta name=\"twitter:label2\" content=\"Est. reading time\" \/>\n\t<meta name=\"twitter:data2\" content=\"1 minuta\" \/>\n<script type=\"application\/ld+json\" class=\"yoast-schema-graph\">{\"@context\":\"https:\/\/schema.org\",\"@graph\":[{\"@type\":\"Article\",\"@id\":\"https:\/\/hudo.com\/si\/lifestyle\/koncno-znan-datum-primark-svojo-prvo-trgovino-v-sloveniji-odpira-v-juniju\/#article\",\"isPartOf\":{\"@id\":\"https:\/\/hudo.com\/si\/lifestyle\/koncno-znan-datum-primark-svojo-prvo-trgovino-v-sloveniji-odpira-v-juniju\/\"},\"author\":{\"name\":\"hudo\",\"@id\":\"https:\/\/hudo.com\/si\/#\/schema\/person\/601cf3379633985b20f7e50f2bb47707\"},\"headline\":\"Kon\u010dno znan datum: Primark svojo prvo trgovino v Sloveniji odpira v juniju\",\"datePublished\":\"2019-04-25T05:33:06+00:00\",\"dateModified\":\"2019-04-25T05:33:06+00:00\",\"mainEntityOfPage\":{\"@id\":\"https:\/\/hudo.com\/si\/lifestyle\/koncno-znan-datum-primark-svojo-prvo-trgovino-v-sloveniji-odpira-v-juniju\/\"},\"wordCount\":210,\"publisher\":{\"@id\":\"https:\/\/hudo.com\/si\/#organization\"},\"keywords\":[\"Primark\",\"Primark Ljubljana\",\"Primark Slovenija\"],\"articleSection\":[\"Lifestyle\"],\"inLanguage\":\"sl-SI\"},{\"@type\":\"WebPage\",\"@id\":\"https:\/\/hudo.com\/si\/lifestyle\/koncno-znan-datum-primark-svojo-prvo-trgovino-v-sloveniji-odpira-v-juniju\/\",\"url\":\"https:\/\/hudo.com\/si\/lifestyle\/koncno-znan-datum-primark-svojo-prvo-trgovino-v-sloveniji-odpira-v-juniju\/\",\"name\":\"Kon\u010dno znan datum: Primark svojo prvo trgovino v Sloveniji odpira v juniju - Hudo Slovenija\",\"isPartOf\":{\"@id\":\"https:\/\/hudo.com\/si\/#website\"},\"datePublished\":\"2019-04-25T05:33:06+00:00\",\"dateModified\":\"2019-04-25T05:33:06+00:00\",\"breadcrumb\":{\"@id\":\"https:\/\/hudo.com\/si\/lifestyle\/koncno-znan-datum-primark-svojo-prvo-trgovino-v-sloveniji-odpira-v-juniju\/#breadcrumb\"},\"inLanguage\":\"sl-SI\",\"potentialAction\":[{\"@type\":\"ReadAction\",\"target\":[\"https:\/\/hudo.com\/si\/lifestyle\/koncno-znan-datum-primark-svojo-prvo-trgovino-v-sloveniji-odpira-v-juniju\/\"]}]},{\"@type\":\"BreadcrumbList\",\"@id\":\"https:\/\/hudo.com\/si\/lifestyle\/koncno-znan-datum-primark-svojo-prvo-trgovino-v-sloveniji-odpira-v-juniju\/#breadcrumb\",\"itemListElement\":[{\"@type\":\"ListItem\",\"position\":1,\"name\":\"Home\",\"item\":\"https:\/\/hudo.com\/si\/\"},{\"@type\":\"ListItem\",\"position\":2,\"name\":\"Kon\u010dno znan datum: Primark svojo prvo trgovino v Sloveniji odpira v juniju\"}]},{\"@type\":\"WebSite\",\"@id\":\"https:\/\/hudo.com\/si\/#website\",\"url\":\"https:\/\/hudo.com\/si\/\",\"name\":\"Hudo Slovenija\",\"description\":\"Vse novice iz Slovenije in sveta\",\"publisher\":{\"@id\":\"https:\/\/hudo.com\/si\/#organization\"},\"potentialAction\":[{\"@type\":\"SearchAction\",\"target\":{\"@type\":\"EntryPoint\",\"urlTemplate\":\"https:\/\/hudo.com\/si\/?s={search_term_string}\"},\"query-input\":\"required name=search_term_string\"}],\"inLanguage\":\"sl-SI\"},{\"@type\":\"Organization\",\"@id\":\"https:\/\/hudo.com\/si\/#organization\",\"name\":\"VSN Media\",\"url\":\"https:\/\/hudo.com\/si\/\",\"logo\":{\"@type\":\"ImageObject\",\"inLanguage\":\"sl-SI\",\"@id\":\"https:\/\/hudo.com\/si\/#\/schema\/logo\/image\/\",\"url\":\"https:\/\/hudo.com\/si\/wp-content\/uploads\/sites\/2\/2021\/03\/hudo-app-2.png\",\"contentUrl\":\"https:\/\/hudo.com\/si\/wp-content\/uploads\/sites\/2\/2021\/03\/hudo-app-2.png\",\"width\":2185,\"height\":2167,\"caption\":\"VSN Media\"},\"image\":{\"@id\":\"https:\/\/hudo.com\/si\/#\/schema\/logo\/image\/\"},\"sameAs\":[\"https:\/\/www.facebook.com\/hudo.si\",\"https:\/\/twitter.com\/hudo_si\"]},{\"@type\":\"Person\",\"@id\":\"https:\/\/hudo.com\/si\/#\/schema\/person\/601cf3379633985b20f7e50f2bb47707\",\"name\":\"hudo\",\"image\":{\"@type\":\"ImageObject\",\"inLanguage\":\"sl-SI\",\"@id\":\"https:\/\/hudo.com\/si\/#\/schema\/person\/image\/\",\"url\":\"https:\/\/secure.gravatar.com\/avatar\/c4ca25fa72cace7a696b52ff5db9e095?s=96&d=mm&r=g\",\"contentUrl\":\"https:\/\/secure.gravatar.com\/avatar\/c4ca25fa72cace7a696b52ff5db9e095?s=96&d=mm&r=g\",\"caption\":\"hudo\"},\"url\":\"https:\/\/hudo.com\/si\/author\/hudo\/\"}]}<\/script>\n<!-- \/ Yoast SEO plugin. -->","yoast_head_json":{"title":"Kon\u010dno znan datum: Primark svojo prvo trgovino v Sloveniji odpira v juniju - Hudo Slovenija","robots":{"index":"index","follow":"follow","max-snippet":"max-snippet:-1","max-image-preview":"max-image-preview:large","max-video-preview":"max-video-preview:-1"},"canonical":"https:\/\/hudo.com\/si\/lifestyle\/koncno-znan-datum-primark-svojo-prvo-trgovino-v-sloveniji-odpira-v-juniju\/","og_locale":"sl_SI","og_type":"article","og_title":"Kon\u010dno znan datum: Primark svojo prvo trgovino v Sloveniji odpira v juniju - Hudo Slovenija","og_description":"Modni trgovec Primark bo 13. junija 2019 ob 10. uri v nakupovalnem sredi\u0161\u010du Citypark Ljubljana (BTC City) odprl svojo prvo trgovino v Sloveniji.","og_url":"https:\/\/hudo.com\/si\/lifestyle\/koncno-znan-datum-primark-svojo-prvo-trgovino-v-sloveniji-odpira-v-juniju\/","og_site_name":"Hudo Slovenija","article_publisher":"https:\/\/www.facebook.com\/hudo.si","article_published_time":"2019-04-25T05:33:06+00:00","og_image":[{"width":900,"height":1200,"url":"https:\/\/hudo.com\/si\/wp-content\/uploads\/sites\/2\/2019\/04\/primark_spring-summer_6.jpg","type":"image\/jpeg"}],"author":"hudo","twitter_card":"summary_large_image","twitter_creator":"@hudo_si","twitter_site":"@hudo_si","twitter_misc":{"Written by":"hudo","Est. reading time":"1 minuta"},"schema":{"@context":"https:\/\/schema.org","@graph":[{"@type":"Article","@id":"https:\/\/hudo.com\/si\/lifestyle\/koncno-znan-datum-primark-svojo-prvo-trgovino-v-sloveniji-odpira-v-juniju\/#article","isPartOf":{"@id":"https:\/\/hudo.com\/si\/lifestyle\/koncno-znan-datum-primark-svojo-prvo-trgovino-v-sloveniji-odpira-v-juniju\/"},"author":{"name":"hudo","@id":"https:\/\/hudo.com\/si\/#\/schema\/person\/601cf3379633985b20f7e50f2bb47707"},"headline":"Kon\u010dno znan datum: Primark svojo prvo trgovino v Sloveniji odpira v juniju","datePublished":"2019-04-25T05:33:06+00:00","dateModified":"2019-04-25T05:33:06+00:00","mainEntityOfPage":{"@id":"https:\/\/hudo.com\/si\/lifestyle\/koncno-znan-datum-primark-svojo-prvo-trgovino-v-sloveniji-odpira-v-juniju\/"},"wordCount":210,"publisher":{"@id":"https:\/\/hudo.com\/si\/#organization"},"keywords":["Primark","Primark Ljubljana","Primark Slovenija"],"articleSection":["Lifestyle"],"inLanguage":"sl-SI"},{"@type":"WebPage","@id":"https:\/\/hudo.com\/si\/lifestyle\/koncno-znan-datum-primark-svojo-prvo-trgovino-v-sloveniji-odpira-v-juniju\/","url":"https:\/\/hudo.com\/si\/lifestyle\/koncno-znan-datum-primark-svojo-prvo-trgovino-v-sloveniji-odpira-v-juniju\/","name":"Kon\u010dno znan datum: Primark svojo prvo trgovino v Sloveniji odpira v juniju - Hudo Slovenija","isPartOf":{"@id":"https:\/\/hudo.com\/si\/#website"},"datePublished":"2019-04-25T05:33:06+00:00","dateModified":"2019-04-25T05:33:06+00:00","breadcrumb":{"@id":"https:\/\/hudo.com\/si\/lifestyle\/koncno-znan-datum-primark-svojo-prvo-trgovino-v-sloveniji-odpira-v-juniju\/#breadcrumb"},"inLanguage":"sl-SI","potentialAction":[{"@type":"ReadAction","target":["https:\/\/hudo.com\/si\/lifestyle\/koncno-znan-datum-primark-svojo-prvo-trgovino-v-sloveniji-odpira-v-juniju\/"]}]},{"@type":"BreadcrumbList","@id":"https:\/\/hudo.com\/si\/lifestyle\/koncno-znan-datum-primark-svojo-prvo-trgovino-v-sloveniji-odpira-v-juniju\/#breadcrumb","itemListElement":[{"@type":"ListItem","position":1,"name":"Home","item":"https:\/\/hudo.com\/si\/"},{"@type":"ListItem","position":2,"name":"Kon\u010dno znan datum: Primark svojo prvo trgovino v Sloveniji odpira v juniju"}]},{"@type":"WebSite","@id":"https:\/\/hudo.com\/si\/#website","url":"https:\/\/hudo.com\/si\/","name":"Hudo Slovenija","description":"Vse novice iz Slovenije in sveta","publisher":{"@id":"https:\/\/hudo.com\/si\/#organization"},"potentialAction":[{"@type":"SearchAction","target":{"@type":"EntryPoint","urlTemplate":"https:\/\/hudo.com\/si\/?s={search_term_string}"},"query-input":"required name=search_term_string"}],"inLanguage":"sl-SI"},{"@type":"Organization","@id":"https:\/\/hudo.com\/si\/#organization","name":"VSN Media","url":"https:\/\/hudo.com\/si\/","logo":{"@type":"ImageObject","inLanguage":"sl-SI","@id":"https:\/\/hudo.com\/si\/#\/schema\/logo\/image\/","url":"https:\/\/hudo.com\/si\/wp-content\/uploads\/sites\/2\/2021\/03\/hudo-app-2.png","contentUrl":"https:\/\/hudo.com\/si\/wp-content\/uploads\/sites\/2\/2021\/03\/hudo-app-2.png","width":2185,"height":2167,"caption":"VSN Media"},"image":{"@id":"https:\/\/hudo.com\/si\/#\/schema\/logo\/image\/"},"sameAs":["https:\/\/www.facebook.com\/hudo.si","https:\/\/twitter.com\/hudo_si"]},{"@type":"Person","@id":"https:\/\/hudo.com\/si\/#\/schema\/person\/601cf3379633985b20f7e50f2bb47707","name":"hudo","image":{"@type":"ImageObject","inLanguage":"sl-SI","@id":"https:\/\/hudo.com\/si\/#\/schema\/person\/image\/","url":"https:\/\/secure.gravatar.com\/avatar\/c4ca25fa72cace7a696b52ff5db9e095?s=96&d=mm&r=g","contentUrl":"https:\/\/secure.gravatar.com\/avatar\/c4ca25fa72cace7a696b52ff5db9e095?s=96&d=mm&r=g","caption":"hudo"},"url":"https:\/\/hudo.com\/si\/author\/hudo\/"}]}},"amp_enabled":true,"_links":{"self":[{"href":"https:\/\/hudo.com\/si\/wp-json\/wp\/v2\/posts\/397541"}],"collection":[{"href":"https:\/\/hudo.com\/si\/wp-json\/wp\/v2\/posts"}],"about":[{"href":"https:\/\/hudo.com\/si\/wp-json\/wp\/v2\/types\/post"}],"author":[{"embeddable":true,"href":"https:\/\/hudo.com\/si\/wp-json\/wp\/v2\/users\/1"}],"replies":[{"embeddable":true,"href":"https:\/\/hudo.com\/si\/wp-json\/wp\/v2\/comments?post=397541"}],"version-history":[{"count":0,"href":"https:\/\/hudo.com\/si\/wp-json\/wp\/v2\/posts\/397541\/revisions"}],"wp:attachment":[{"href":"https:\/\/hudo.com\/si\/wp-json\/wp\/v2\/media?parent=397541"}],"wp:term":[{"taxonomy":"category","embeddable":true,"href":"https:\/\/hudo.com\/si\/wp-json\/wp\/v2\/categories?post=397541"},{"taxonomy":"post_tag","embeddable":true,"href":"https:\/\/hudo.com\/si\/wp-json\/wp\/v2\/tags?post=397541"},{"taxonomy":"source","embeddable":true,"href":"https:\/\/hudo.com\/si\/wp-json\/wp\/v2\/source?post=397541"},{"taxonomy":"supertag","embeddable":true,"href":"https:\/\/hudo.com\/si\/wp-json\/wp\/v2\/supertag?post=397541"}],"curies":[{"name":"wp","href":"https:\/\/api.w.org\/{rel}","templated":true}]}}