{"id":397658,"date":"2019-04-26T14:14:03","date_gmt":"2019-04-26T12:14:03","guid":{"rendered":"http:\/\/hudo.com\/si\/?p=397658"},"modified":"2019-04-26T14:14:03","modified_gmt":"2019-04-26T12:14:03","slug":"hotel-brdo-pred-nacrtovano-obsezno-prenovo-zapira-svoja-vrata","status":"publish","type":"post","link":"https:\/\/hudo.com\/si\/aktualno\/hotel-brdo-pred-nacrtovano-obsezno-prenovo-zapira-svoja-vrata\/","title":{"rendered":"Hotel Brdo pred na\u010drtovano obse\u017eno prenovo zapira svoja vrata"},"content":{"rendered":"<div class=\"text\">\n<p>Kot je na dana\u0161nji novinarski konferenci na Brdu pri Kranju povedala direktorica Javnega gospodarskega zavoda Protokolarne storitve RS &#8211; JGZ Brdo \u0160pela Munih Stani\u010d, je bila lani junija izbrana idejna re\u0161itev za prenovo hotela, ki jo je na javni nate\u010daj podala dru\u017eba Ark arhitekture Kru\u0161ec.<\/p>\n<p>V za\u010detku tega leta so pridobili gradbeno dovoljenje, ta teden pa je bila investitorju predana projektna dokumentacija. Trenutno je v teku recenzija projekta, sredi maja pa naj bi bil objavljen razpis za izvajalca gradbenih del, ki naj bi stekla poleti. \u017de pred tem pa se bo za\u010delo praznjenje hotela in priprava na za\u010detek del.<\/p>\n<p>V skladu s projektom, uvr\u0161\u010denim v na\u010drt razvojnih programov, je za izvedbo investicije, ki jo vodi generalni sekretariat vlade, planiranih 26,2 milijona evrov. Dejansko cena pa se bo pokazala po izboru izvajalca del.<\/p>\n<p>Munih Stani\u010deva ra\u010duna, da pri izboru izvajalca ne bo zapletov in tudi ne ve\u010djih zamud. \u010ce bo vse \u0161lo po na\u010drtih, bo prenovljeni hotel svoja vrata odprl januarja 2021, predsedovanje Slovenije EU pa se za\u010dne pol leta zatem.<\/p>\n<p>Brdo je najpomembnej\u0161e protokolarno obmo\u010dje v Sloveniji, kjer se odvijajo najve\u010dji mednarodni in doma\u010di protokolarni dogodki ter tudi tr\u017eni dogodki. Lani se je na Brdu, kjer so ob prvem predsedovanju Slovenije leta 2008 zgradili kongresni center, zvrstilo ve\u010d kot 1000 dogodkov s skoraj 70.000 obiskovalci.<\/p>\n<p>Hotel, katerega stavba je bila zgrajena v letih od 1973 do 1975 in sprva namenjena spremljevalnemu osebju predsednika Tita, se je za javnost odprl leta 1991 po slovenski osamosvojitvi. Leta 1997 so bili na njem narejeni gradbeni posegi, zadnja ve\u010dja obnova pa je potekala od leta 2002 do 2005.<\/p>\n<p>&#8220;Stavba je dotrajana in potrebna temeljite obnove,&#8221; je povedala Munih Stani\u010deva in dodala, da hotel \u017ee ob predsedovanju leta 2008 ni ustrezal namestitvi pomembnej\u0161ih gostov in se je uporabljal le za gostinske storitve. Hotel prav tako ne zadostuje ve\u010d logisti\u010dnim potrebam kongresnega centra.<\/p>\n<p>V zadnjih \u0161tirih letih se je sicer \u0161tevilo no\u010ditev v Hotelu Brdo podvojilo in lani so prodali ve\u010d kot 11.000 sob. Raz\u0161irjeni hotel pa bo imel \u0161e bistveno ve\u010djo zmogljivosti. Namesto 78 sob, kolikor jih je sedaj, bo v hotelu 136 namestitvenih enot, od tega dva predsedni\u0161ka apartmaja. Stavba bo tudi varnostno ustrezna, prilagojena osebam s posebnimi potrebami in energetsko bistveno u\u010dinkovitej\u0161a ter prijaznej\u0161a okolju.<\/p>\n<p>Novi hotel bo predstavljal velik potencial za tr\u017eenje Posestva Brdo tudi v bodo\u010de, saj bo raz\u0161iritev kapacitet odprla nove mo\u017enosti prodora na mednarodni trg z vidika tr\u017eenja kongresnega turizma, je prepri\u010dana direktorica.<\/p>\n<p>Kongresni center Brdo bo deloval tudi v \u010dasu, ko bo hotel zaradi prenove zaprt, prav tako bosta za obiskovalce odprta tudi park in Kavarna Zois. Za zaposlene bo tudi v \u010dasu prenove dovolj dela, saj poleg Brda skrbijo \u0161e za Grad Strmol in Vilo Bled ter Vilo Podro\u017enik, ki pa bo v tem \u010dasu prav tako zaradi prenove zaprta, in sicer do januarja 2020.<\/p>\n<p>Trenutno na obmo\u010djih, za katere skrbi JGZ Brdo, te\u010de \u0161e ve\u010d drugih investicij. Ena izmed njih prenova Gradu Brdo, ki je potrebna zaradi dotrajanih in\u0161talacij in dviga standarda storitev. Grad, v katerega naj bi vlo\u017eili 3,6 milijona evrov, je zaprt \u017ee leto dni, sedaj pa so restavratorji kon\u010dali z delom in grad je za\u0161\u010diten ter pripravljen na obnovo.<\/p>\n<p>Kot je pojasnil namestnik direktorice JGZ Brdo Franci Jagodic, je izvajalec izbran, v nekaj dneh pa pri\u010dakujejo tudi sklep o pravnomo\u010dnosti odlo\u010ditve. Nato naj bi stekla dela, ki naj bi bila kon\u010dana do decembra. Po opremljanju in zaklju\u010dnih delih restavratorjev naj bi grad ponovno odprli februarja 2020.<\/p>\n<\/div>\n","protected":false},"excerpt":{"rendered":"<p>Hotel Brdo v soboto zapira svoja vrata, saj bodo stekle priprave na obse\u017eno obnovo in raz\u0161iritev hotela. Svojo novo podobo naj bi hotel dobil pred za\u010detkom predsedovanja Slovenije Svetu EU \u010dez dobri dve leti, ko bo glavnina dogodkov znova potekala na Brdu pri Kranju. Vendar izvajalec obse\u017enih gradbenih del \u0161e ni izbran.<\/p>\n","protected":false},"author":5,"featured_media":397663,"comment_status":"closed","ping_status":"closed","sticky":false,"template":"","format":"standard","meta":{"footnotes":""},"categories":[1179],"tags":[2391,13563,8384,1595,1917],"source":[4511],"supertag":[7541],"acf":[],"yoast_head":"<!-- This site is optimized with the Yoast SEO plugin v21.3 - https:\/\/yoast.com\/wordpress\/plugins\/seo\/ -->\n<title>Hotel Brdo pred na\u010drtovano obse\u017eno prenovo zapira svoja vrata - Hudo Slovenija<\/title>\n<meta name=\"robots\" content=\"index, follow, max-snippet:-1, max-image-preview:large, max-video-preview:-1\" \/>\n<link rel=\"canonical\" href=\"https:\/\/hudo.com\/si\/aktualno\/hotel-brdo-pred-nacrtovano-obsezno-prenovo-zapira-svoja-vrata\/\" \/>\n<meta property=\"og:locale\" content=\"sl_SI\" \/>\n<meta property=\"og:type\" content=\"article\" \/>\n<meta property=\"og:title\" content=\"Hotel Brdo pred na\u010drtovano obse\u017eno prenovo zapira svoja vrata - Hudo Slovenija\" \/>\n<meta property=\"og:description\" content=\"Hotel Brdo v soboto zapira svoja vrata, saj bodo stekle priprave na obse\u017eno obnovo in raz\u0161iritev hotela. Svojo novo podobo naj bi hotel dobil pred za\u010detkom predsedovanja Slovenije Svetu EU \u010dez dobri dve leti, ko bo glavnina dogodkov znova potekala na Brdu pri Kranju. Vendar izvajalec obse\u017enih gradbenih del \u0161e ni izbran.\" \/>\n<meta property=\"og:url\" content=\"https:\/\/hudo.com\/si\/aktualno\/hotel-brdo-pred-nacrtovano-obsezno-prenovo-zapira-svoja-vrata\/\" \/>\n<meta property=\"og:site_name\" content=\"Hudo Slovenija\" \/>\n<meta property=\"article:publisher\" content=\"https:\/\/www.facebook.com\/hudo.si\" \/>\n<meta property=\"article:published_time\" content=\"2019-04-26T12:14:03+00:00\" \/>\n<meta property=\"og:image\" content=\"https:\/\/hudo.com\/si\/wp-content\/uploads\/sites\/2\/2019\/04\/20190403-00926277.jpg\" \/>\n\t<meta property=\"og:image:width\" content=\"640\" \/>\n\t<meta property=\"og:image:height\" content=\"427\" \/>\n\t<meta property=\"og:image:type\" content=\"image\/jpeg\" \/>\n<meta name=\"author\" content=\"A. G., STA\" \/>\n<meta name=\"twitter:card\" content=\"summary_large_image\" \/>\n<meta name=\"twitter:creator\" content=\"@hudo_si\" \/>\n<meta name=\"twitter:site\" content=\"@hudo_si\" \/>\n<meta name=\"twitter:label1\" content=\"Written by\" \/>\n\t<meta name=\"twitter:data1\" content=\"A. G., STA\" \/>\n\t<meta name=\"twitter:label2\" content=\"Est. reading time\" \/>\n\t<meta name=\"twitter:data2\" content=\"3 minute\" \/>\n<script type=\"application\/ld+json\" class=\"yoast-schema-graph\">{\"@context\":\"https:\/\/schema.org\",\"@graph\":[{\"@type\":\"Article\",\"@id\":\"https:\/\/hudo.com\/si\/aktualno\/hotel-brdo-pred-nacrtovano-obsezno-prenovo-zapira-svoja-vrata\/#article\",\"isPartOf\":{\"@id\":\"https:\/\/hudo.com\/si\/aktualno\/hotel-brdo-pred-nacrtovano-obsezno-prenovo-zapira-svoja-vrata\/\"},\"author\":{\"name\":\"A. G., STA\",\"@id\":\"https:\/\/hudo.com\/si\/#\/schema\/person\/2391667a63ea075ba94f2f2dc6b77537\"},\"headline\":\"Hotel Brdo pred na\u010drtovano obse\u017eno prenovo zapira svoja vrata\",\"datePublished\":\"2019-04-26T12:14:03+00:00\",\"dateModified\":\"2019-04-26T12:14:03+00:00\",\"mainEntityOfPage\":{\"@id\":\"https:\/\/hudo.com\/si\/aktualno\/hotel-brdo-pred-nacrtovano-obsezno-prenovo-zapira-svoja-vrata\/\"},\"wordCount\":615,\"publisher\":{\"@id\":\"https:\/\/hudo.com\/si\/#organization\"},\"keywords\":[\"gospodarstvo\",\"hotel brdo\",\"prenova\",\"Slovenija\",\"turizem\"],\"articleSection\":[\"Aktualno\"],\"inLanguage\":\"sl-SI\"},{\"@type\":\"WebPage\",\"@id\":\"https:\/\/hudo.com\/si\/aktualno\/hotel-brdo-pred-nacrtovano-obsezno-prenovo-zapira-svoja-vrata\/\",\"url\":\"https:\/\/hudo.com\/si\/aktualno\/hotel-brdo-pred-nacrtovano-obsezno-prenovo-zapira-svoja-vrata\/\",\"name\":\"Hotel Brdo pred na\u010drtovano obse\u017eno prenovo zapira svoja vrata - Hudo Slovenija\",\"isPartOf\":{\"@id\":\"https:\/\/hudo.com\/si\/#website\"},\"datePublished\":\"2019-04-26T12:14:03+00:00\",\"dateModified\":\"2019-04-26T12:14:03+00:00\",\"breadcrumb\":{\"@id\":\"https:\/\/hudo.com\/si\/aktualno\/hotel-brdo-pred-nacrtovano-obsezno-prenovo-zapira-svoja-vrata\/#breadcrumb\"},\"inLanguage\":\"sl-SI\",\"potentialAction\":[{\"@type\":\"ReadAction\",\"target\":[\"https:\/\/hudo.com\/si\/aktualno\/hotel-brdo-pred-nacrtovano-obsezno-prenovo-zapira-svoja-vrata\/\"]}]},{\"@type\":\"BreadcrumbList\",\"@id\":\"https:\/\/hudo.com\/si\/aktualno\/hotel-brdo-pred-nacrtovano-obsezno-prenovo-zapira-svoja-vrata\/#breadcrumb\",\"itemListElement\":[{\"@type\":\"ListItem\",\"position\":1,\"name\":\"Home\",\"item\":\"https:\/\/hudo.com\/si\/\"},{\"@type\":\"ListItem\",\"position\":2,\"name\":\"Hotel Brdo pred na\u010drtovano obse\u017eno prenovo zapira svoja vrata\"}]},{\"@type\":\"WebSite\",\"@id\":\"https:\/\/hudo.com\/si\/#website\",\"url\":\"https:\/\/hudo.com\/si\/\",\"name\":\"Hudo Slovenija\",\"description\":\"Vse novice iz Slovenije in sveta\",\"publisher\":{\"@id\":\"https:\/\/hudo.com\/si\/#organization\"},\"potentialAction\":[{\"@type\":\"SearchAction\",\"target\":{\"@type\":\"EntryPoint\",\"urlTemplate\":\"https:\/\/hudo.com\/si\/?s={search_term_string}\"},\"query-input\":\"required name=search_term_string\"}],\"inLanguage\":\"sl-SI\"},{\"@type\":\"Organization\",\"@id\":\"https:\/\/hudo.com\/si\/#organization\",\"name\":\"VSN Media\",\"url\":\"https:\/\/hudo.com\/si\/\",\"logo\":{\"@type\":\"ImageObject\",\"inLanguage\":\"sl-SI\",\"@id\":\"https:\/\/hudo.com\/si\/#\/schema\/logo\/image\/\",\"url\":\"https:\/\/hudo.com\/si\/wp-content\/uploads\/sites\/2\/2021\/03\/hudo-app-2.png\",\"contentUrl\":\"https:\/\/hudo.com\/si\/wp-content\/uploads\/sites\/2\/2021\/03\/hudo-app-2.png\",\"width\":2185,\"height\":2167,\"caption\":\"VSN Media\"},\"image\":{\"@id\":\"https:\/\/hudo.com\/si\/#\/schema\/logo\/image\/\"},\"sameAs\":[\"https:\/\/www.facebook.com\/hudo.si\",\"https:\/\/twitter.com\/hudo_si\"]},{\"@type\":\"Person\",\"@id\":\"https:\/\/hudo.com\/si\/#\/schema\/person\/2391667a63ea075ba94f2f2dc6b77537\",\"name\":\"A. G., STA\",\"image\":{\"@type\":\"ImageObject\",\"inLanguage\":\"sl-SI\",\"@id\":\"https:\/\/hudo.com\/si\/#\/schema\/person\/image\/\",\"url\":\"https:\/\/secure.gravatar.com\/avatar\/e13d22ac3e442658d5025fbbe6238a79?s=96&d=mm&r=g\",\"contentUrl\":\"https:\/\/secure.gravatar.com\/avatar\/e13d22ac3e442658d5025fbbe6238a79?s=96&d=mm&r=g\",\"caption\":\"A. G., STA\"},\"url\":\"https:\/\/hudo.com\/si\/author\/alenka\/\"}]}<\/script>\n<!-- \/ Yoast SEO plugin. -->","yoast_head_json":{"title":"Hotel Brdo pred na\u010drtovano obse\u017eno prenovo zapira svoja vrata - Hudo Slovenija","robots":{"index":"index","follow":"follow","max-snippet":"max-snippet:-1","max-image-preview":"max-image-preview:large","max-video-preview":"max-video-preview:-1"},"canonical":"https:\/\/hudo.com\/si\/aktualno\/hotel-brdo-pred-nacrtovano-obsezno-prenovo-zapira-svoja-vrata\/","og_locale":"sl_SI","og_type":"article","og_title":"Hotel Brdo pred na\u010drtovano obse\u017eno prenovo zapira svoja vrata - Hudo Slovenija","og_description":"Hotel Brdo v soboto zapira svoja vrata, saj bodo stekle priprave na obse\u017eno obnovo in raz\u0161iritev hotela. Svojo novo podobo naj bi hotel dobil pred za\u010detkom predsedovanja Slovenije Svetu EU \u010dez dobri dve leti, ko bo glavnina dogodkov znova potekala na Brdu pri Kranju. Vendar izvajalec obse\u017enih gradbenih del \u0161e ni izbran.","og_url":"https:\/\/hudo.com\/si\/aktualno\/hotel-brdo-pred-nacrtovano-obsezno-prenovo-zapira-svoja-vrata\/","og_site_name":"Hudo Slovenija","article_publisher":"https:\/\/www.facebook.com\/hudo.si","article_published_time":"2019-04-26T12:14:03+00:00","og_image":[{"width":640,"height":427,"url":"https:\/\/hudo.com\/si\/wp-content\/uploads\/sites\/2\/2019\/04\/20190403-00926277.jpg","type":"image\/jpeg"}],"author":"A. G., STA","twitter_card":"summary_large_image","twitter_creator":"@hudo_si","twitter_site":"@hudo_si","twitter_misc":{"Written by":"A. G., STA","Est. reading time":"3 minute"},"schema":{"@context":"https:\/\/schema.org","@graph":[{"@type":"Article","@id":"https:\/\/hudo.com\/si\/aktualno\/hotel-brdo-pred-nacrtovano-obsezno-prenovo-zapira-svoja-vrata\/#article","isPartOf":{"@id":"https:\/\/hudo.com\/si\/aktualno\/hotel-brdo-pred-nacrtovano-obsezno-prenovo-zapira-svoja-vrata\/"},"author":{"name":"A. G., STA","@id":"https:\/\/hudo.com\/si\/#\/schema\/person\/2391667a63ea075ba94f2f2dc6b77537"},"headline":"Hotel Brdo pred na\u010drtovano obse\u017eno prenovo zapira svoja vrata","datePublished":"2019-04-26T12:14:03+00:00","dateModified":"2019-04-26T12:14:03+00:00","mainEntityOfPage":{"@id":"https:\/\/hudo.com\/si\/aktualno\/hotel-brdo-pred-nacrtovano-obsezno-prenovo-zapira-svoja-vrata\/"},"wordCount":615,"publisher":{"@id":"https:\/\/hudo.com\/si\/#organization"},"keywords":["gospodarstvo","hotel brdo","prenova","Slovenija","turizem"],"articleSection":["Aktualno"],"inLanguage":"sl-SI"},{"@type":"WebPage","@id":"https:\/\/hudo.com\/si\/aktualno\/hotel-brdo-pred-nacrtovano-obsezno-prenovo-zapira-svoja-vrata\/","url":"https:\/\/hudo.com\/si\/aktualno\/hotel-brdo-pred-nacrtovano-obsezno-prenovo-zapira-svoja-vrata\/","name":"Hotel Brdo pred na\u010drtovano obse\u017eno prenovo zapira svoja vrata - Hudo Slovenija","isPartOf":{"@id":"https:\/\/hudo.com\/si\/#website"},"datePublished":"2019-04-26T12:14:03+00:00","dateModified":"2019-04-26T12:14:03+00:00","breadcrumb":{"@id":"https:\/\/hudo.com\/si\/aktualno\/hotel-brdo-pred-nacrtovano-obsezno-prenovo-zapira-svoja-vrata\/#breadcrumb"},"inLanguage":"sl-SI","potentialAction":[{"@type":"ReadAction","target":["https:\/\/hudo.com\/si\/aktualno\/hotel-brdo-pred-nacrtovano-obsezno-prenovo-zapira-svoja-vrata\/"]}]},{"@type":"BreadcrumbList","@id":"https:\/\/hudo.com\/si\/aktualno\/hotel-brdo-pred-nacrtovano-obsezno-prenovo-zapira-svoja-vrata\/#breadcrumb","itemListElement":[{"@type":"ListItem","position":1,"name":"Home","item":"https:\/\/hudo.com\/si\/"},{"@type":"ListItem","position":2,"name":"Hotel Brdo pred na\u010drtovano obse\u017eno prenovo zapira svoja vrata"}]},{"@type":"WebSite","@id":"https:\/\/hudo.com\/si\/#website","url":"https:\/\/hudo.com\/si\/","name":"Hudo Slovenija","description":"Vse novice iz Slovenije in sveta","publisher":{"@id":"https:\/\/hudo.com\/si\/#organization"},"potentialAction":[{"@type":"SearchAction","target":{"@type":"EntryPoint","urlTemplate":"https:\/\/hudo.com\/si\/?s={search_term_string}"},"query-input":"required name=search_term_string"}],"inLanguage":"sl-SI"},{"@type":"Organization","@id":"https:\/\/hudo.com\/si\/#organization","name":"VSN Media","url":"https:\/\/hudo.com\/si\/","logo":{"@type":"ImageObject","inLanguage":"sl-SI","@id":"https:\/\/hudo.com\/si\/#\/schema\/logo\/image\/","url":"https:\/\/hudo.com\/si\/wp-content\/uploads\/sites\/2\/2021\/03\/hudo-app-2.png","contentUrl":"https:\/\/hudo.com\/si\/wp-content\/uploads\/sites\/2\/2021\/03\/hudo-app-2.png","width":2185,"height":2167,"caption":"VSN Media"},"image":{"@id":"https:\/\/hudo.com\/si\/#\/schema\/logo\/image\/"},"sameAs":["https:\/\/www.facebook.com\/hudo.si","https:\/\/twitter.com\/hudo_si"]},{"@type":"Person","@id":"https:\/\/hudo.com\/si\/#\/schema\/person\/2391667a63ea075ba94f2f2dc6b77537","name":"A. G., STA","image":{"@type":"ImageObject","inLanguage":"sl-SI","@id":"https:\/\/hudo.com\/si\/#\/schema\/person\/image\/","url":"https:\/\/secure.gravatar.com\/avatar\/e13d22ac3e442658d5025fbbe6238a79?s=96&d=mm&r=g","contentUrl":"https:\/\/secure.gravatar.com\/avatar\/e13d22ac3e442658d5025fbbe6238a79?s=96&d=mm&r=g","caption":"A. G., STA"},"url":"https:\/\/hudo.com\/si\/author\/alenka\/"}]}},"amp_enabled":true,"_links":{"self":[{"href":"https:\/\/hudo.com\/si\/wp-json\/wp\/v2\/posts\/397658"}],"collection":[{"href":"https:\/\/hudo.com\/si\/wp-json\/wp\/v2\/posts"}],"about":[{"href":"https:\/\/hudo.com\/si\/wp-json\/wp\/v2\/types\/post"}],"author":[{"embeddable":true,"href":"https:\/\/hudo.com\/si\/wp-json\/wp\/v2\/users\/5"}],"replies":[{"embeddable":true,"href":"https:\/\/hudo.com\/si\/wp-json\/wp\/v2\/comments?post=397658"}],"version-history":[{"count":1,"href":"https:\/\/hudo.com\/si\/wp-json\/wp\/v2\/posts\/397658\/revisions"}],"predecessor-version":[{"id":397664,"href":"https:\/\/hudo.com\/si\/wp-json\/wp\/v2\/posts\/397658\/revisions\/397664"}],"wp:featuredmedia":[{"embeddable":true,"href":"https:\/\/hudo.com\/si\/wp-json\/wp\/v2\/media\/397663"}],"wp:attachment":[{"href":"https:\/\/hudo.com\/si\/wp-json\/wp\/v2\/media?parent=397658"}],"wp:term":[{"taxonomy":"category","embeddable":true,"href":"https:\/\/hudo.com\/si\/wp-json\/wp\/v2\/categories?post=397658"},{"taxonomy":"post_tag","embeddable":true,"href":"https:\/\/hudo.com\/si\/wp-json\/wp\/v2\/tags?post=397658"},{"taxonomy":"source","embeddable":true,"href":"https:\/\/hudo.com\/si\/wp-json\/wp\/v2\/source?post=397658"},{"taxonomy":"supertag","embeddable":true,"href":"https:\/\/hudo.com\/si\/wp-json\/wp\/v2\/supertag?post=397658"}],"curies":[{"name":"wp","href":"https:\/\/api.w.org\/{rel}","templated":true}]}}