{"id":397670,"date":"2019-04-26T17:35:52","date_gmt":"2019-04-26T15:35:52","guid":{"rendered":"http:\/\/hudo.com\/si\/?p=397670"},"modified":"2019-04-26T17:35:52","modified_gmt":"2019-04-26T15:35:52","slug":"stevilo-mladoletnih-prosilcev-za-azil-upadlo-za-tretjino","status":"publish","type":"post","link":"https:\/\/hudo.com\/si\/aktualno\/stevilo-mladoletnih-prosilcev-za-azil-upadlo-za-tretjino\/","title":{"rendered":"\u0160tevilo mladoletnih prosilcev za azil upadlo za tretjino"},"content":{"rendered":"<p>\u0160tevilo mlaj\u0161ih od 18 let brez spremstva, ki so lani v EU zaprosili za azil, je tako znova na ravni izpred migrantske krize leta 2015. Tedaj je za azil zaprosilo 95.200 mladoletnikov brez spremstva, leta 2014 pa okoli 23.100. Med letoma 2008 in 2013 je to \u0161tevilo v povpre\u010dju zna\u0161alo okoli 12.000.<\/p>\n<p>Najve\u010d oseb brez spremstva, mlaj\u0161ih od 18 let, je lani za azil zaprosilo v Nem\u010diji, in sicer 4085, kar je pribli\u017eno 21 odstotkov vseh v EU. Sledita Italija s 3885 (okoli 20 odstotkov) mladoletnimi prosilci za azil brez spremstva in Velika Britanija z 2870 oziroma okoli 15 odstotki.<\/p>\n<p>Med mladoletnimi prosilci, ki niso imeli spremstva odraslih, je bilo najve\u010d Afganistancev (3200 oziroma 16 odstotkov). Sledijo dr\u017eavljani Eritreje, ki jih je bilo 1960 oziroma 10 odstotkov, in Pakistanci, teh je bilo 1375 oziroma sedem odstotkov, \u0161e navaja Eurostat.<\/p>\n<p>V Sloveniji je leta 2018 za azil zaprosilo 555 oseb brez spremstva, kar je ve\u010d kot leta 2017, ko jih je zaprosilo 390. Med njimi je bilo lani najve\u010d Pakistancev (220 oziroma 40 odstotkov), sledijo pa Afganistanci (130 oziroma 24 odstotkov) in Al\u017eirci (75 oziroma 14 odstotkov).<\/p>\n<p>Skoraj vsi (98,4 odstotka) mladoletniki brez spremstva, ki so lani zaprosili za azil v Sloveniji, so mo\u0161kega spola, medtem ko na ravni EU ta dele\u017e zna\u0161a 85,8 odstotka.<\/p>\n<p>Je bil pa v Sloveniji dale\u010d najve\u010dji dele\u017e mlaj\u0161ih od 18 let brez spremstva med vsemi mladoletnimi, ki so leta 2018 zaprosili za azil. Zna\u0161al je 70,3 odstotka, na ravni EU pa 10,3 odstotka. Dele\u017e oseb brez spremstva med vsemi mladoletniki je bil ve\u010dji od polovice samo \u0161e v Bolgariji, in sicer 57,1 odstotka, ka\u017eejo podatki evropskega statisti\u010dnega urada.<\/p>\n","protected":false},"excerpt":{"rendered":"<p>V Evropski uniji je lani za azil zaprosilo 19.740 mladoletnikov brez spremstva odraslih, kar je za tretjino manj kot leta 2017, ko jih je zaprosilo 31.395. V Sloveniji se je \u0161tevilo mladoletnih ljudi brez spremstva, ki so leta 2018 zaprosili za azil, v primerjavi z letom 2017 pove\u010dalo s 390 na 555, je danes sporo\u010dil Eurostat.<\/p>\n","protected":false},"author":7,"featured_media":397671,"comment_status":"closed","ping_status":"closed","sticky":false,"template":"","format":"standard","meta":{"footnotes":""},"categories":[1179],"tags":[1910,6166,1595],"source":[4511],"supertag":[],"acf":[],"yoast_head":"<!-- This site is optimized with the Yoast SEO plugin v21.3 - https:\/\/yoast.com\/wordpress\/plugins\/seo\/ -->\n<title>\u0160tevilo mladoletnih prosilcev za azil upadlo za tretjino - Hudo Slovenija<\/title>\n<meta name=\"robots\" content=\"index, follow, max-snippet:-1, max-image-preview:large, max-video-preview:-1\" \/>\n<link rel=\"canonical\" href=\"https:\/\/hudo.com\/si\/aktualno\/stevilo-mladoletnih-prosilcev-za-azil-upadlo-za-tretjino\/\" \/>\n<meta property=\"og:locale\" content=\"sl_SI\" \/>\n<meta property=\"og:type\" content=\"article\" \/>\n<meta property=\"og:title\" content=\"\u0160tevilo mladoletnih prosilcev za azil upadlo za tretjino - Hudo Slovenija\" \/>\n<meta property=\"og:description\" content=\"V Evropski uniji je lani za azil zaprosilo 19.740 mladoletnikov brez spremstva odraslih, kar je za tretjino manj kot leta 2017, ko jih je zaprosilo 31.395. V Sloveniji se je \u0161tevilo mladoletnih ljudi brez spremstva, ki so leta 2018 zaprosili za azil, v primerjavi z letom 2017 pove\u010dalo s 390 na 555, je danes sporo\u010dil Eurostat.\" \/>\n<meta property=\"og:url\" content=\"https:\/\/hudo.com\/si\/aktualno\/stevilo-mladoletnih-prosilcev-za-azil-upadlo-za-tretjino\/\" \/>\n<meta property=\"og:site_name\" content=\"Hudo Slovenija\" \/>\n<meta property=\"article:publisher\" content=\"https:\/\/www.facebook.com\/hudo.si\" \/>\n<meta property=\"article:published_time\" content=\"2019-04-26T15:35:52+00:00\" \/>\n<meta property=\"og:image\" content=\"https:\/\/hudo.com\/si\/wp-content\/uploads\/sites\/2\/2019\/04\/profimedia-0005155645.jpg\" \/>\n\t<meta property=\"og:image:width\" content=\"1250\" \/>\n\t<meta property=\"og:image:height\" content=\"874\" \/>\n\t<meta property=\"og:image:type\" content=\"image\/jpeg\" \/>\n<meta name=\"author\" content=\"A. P., STA\" \/>\n<meta name=\"twitter:card\" content=\"summary_large_image\" \/>\n<meta name=\"twitter:creator\" content=\"@hudo_si\" \/>\n<meta name=\"twitter:site\" content=\"@hudo_si\" \/>\n<meta name=\"twitter:label1\" content=\"Written by\" \/>\n\t<meta name=\"twitter:data1\" content=\"A. P., STA\" \/>\n\t<meta name=\"twitter:label2\" content=\"Est. reading time\" \/>\n\t<meta name=\"twitter:data2\" content=\"1 minuta\" \/>\n<script type=\"application\/ld+json\" class=\"yoast-schema-graph\">{\"@context\":\"https:\/\/schema.org\",\"@graph\":[{\"@type\":\"Article\",\"@id\":\"https:\/\/hudo.com\/si\/aktualno\/stevilo-mladoletnih-prosilcev-za-azil-upadlo-za-tretjino\/#article\",\"isPartOf\":{\"@id\":\"https:\/\/hudo.com\/si\/aktualno\/stevilo-mladoletnih-prosilcev-za-azil-upadlo-za-tretjino\/\"},\"author\":{\"name\":\"A. P., STA\",\"@id\":\"https:\/\/hudo.com\/si\/#\/schema\/person\/18f09c02475ba9e606e941a565b80cff\"},\"headline\":\"\u0160tevilo mladoletnih prosilcev za azil upadlo za tretjino\",\"datePublished\":\"2019-04-26T15:35:52+00:00\",\"dateModified\":\"2019-04-26T15:35:52+00:00\",\"mainEntityOfPage\":{\"@id\":\"https:\/\/hudo.com\/si\/aktualno\/stevilo-mladoletnih-prosilcev-za-azil-upadlo-za-tretjino\/\"},\"wordCount\":260,\"publisher\":{\"@id\":\"https:\/\/hudo.com\/si\/#organization\"},\"keywords\":[\"evropska unija\",\"prosilci za azil\",\"Slovenija\"],\"articleSection\":[\"Aktualno\"],\"inLanguage\":\"sl-SI\"},{\"@type\":\"WebPage\",\"@id\":\"https:\/\/hudo.com\/si\/aktualno\/stevilo-mladoletnih-prosilcev-za-azil-upadlo-za-tretjino\/\",\"url\":\"https:\/\/hudo.com\/si\/aktualno\/stevilo-mladoletnih-prosilcev-za-azil-upadlo-za-tretjino\/\",\"name\":\"\u0160tevilo mladoletnih prosilcev za azil upadlo za tretjino - Hudo Slovenija\",\"isPartOf\":{\"@id\":\"https:\/\/hudo.com\/si\/#website\"},\"datePublished\":\"2019-04-26T15:35:52+00:00\",\"dateModified\":\"2019-04-26T15:35:52+00:00\",\"breadcrumb\":{\"@id\":\"https:\/\/hudo.com\/si\/aktualno\/stevilo-mladoletnih-prosilcev-za-azil-upadlo-za-tretjino\/#breadcrumb\"},\"inLanguage\":\"sl-SI\",\"potentialAction\":[{\"@type\":\"ReadAction\",\"target\":[\"https:\/\/hudo.com\/si\/aktualno\/stevilo-mladoletnih-prosilcev-za-azil-upadlo-za-tretjino\/\"]}]},{\"@type\":\"BreadcrumbList\",\"@id\":\"https:\/\/hudo.com\/si\/aktualno\/stevilo-mladoletnih-prosilcev-za-azil-upadlo-za-tretjino\/#breadcrumb\",\"itemListElement\":[{\"@type\":\"ListItem\",\"position\":1,\"name\":\"Home\",\"item\":\"https:\/\/hudo.com\/si\/\"},{\"@type\":\"ListItem\",\"position\":2,\"name\":\"\u0160tevilo mladoletnih prosilcev za azil upadlo za tretjino\"}]},{\"@type\":\"WebSite\",\"@id\":\"https:\/\/hudo.com\/si\/#website\",\"url\":\"https:\/\/hudo.com\/si\/\",\"name\":\"Hudo Slovenija\",\"description\":\"Vse novice iz Slovenije in sveta\",\"publisher\":{\"@id\":\"https:\/\/hudo.com\/si\/#organization\"},\"potentialAction\":[{\"@type\":\"SearchAction\",\"target\":{\"@type\":\"EntryPoint\",\"urlTemplate\":\"https:\/\/hudo.com\/si\/?s={search_term_string}\"},\"query-input\":\"required name=search_term_string\"}],\"inLanguage\":\"sl-SI\"},{\"@type\":\"Organization\",\"@id\":\"https:\/\/hudo.com\/si\/#organization\",\"name\":\"VSN Media\",\"url\":\"https:\/\/hudo.com\/si\/\",\"logo\":{\"@type\":\"ImageObject\",\"inLanguage\":\"sl-SI\",\"@id\":\"https:\/\/hudo.com\/si\/#\/schema\/logo\/image\/\",\"url\":\"https:\/\/hudo.com\/si\/wp-content\/uploads\/sites\/2\/2021\/03\/hudo-app-2.png\",\"contentUrl\":\"https:\/\/hudo.com\/si\/wp-content\/uploads\/sites\/2\/2021\/03\/hudo-app-2.png\",\"width\":2185,\"height\":2167,\"caption\":\"VSN Media\"},\"image\":{\"@id\":\"https:\/\/hudo.com\/si\/#\/schema\/logo\/image\/\"},\"sameAs\":[\"https:\/\/www.facebook.com\/hudo.si\",\"https:\/\/twitter.com\/hudo_si\"]},{\"@type\":\"Person\",\"@id\":\"https:\/\/hudo.com\/si\/#\/schema\/person\/18f09c02475ba9e606e941a565b80cff\",\"name\":\"A. P., STA\",\"image\":{\"@type\":\"ImageObject\",\"inLanguage\":\"sl-SI\",\"@id\":\"https:\/\/hudo.com\/si\/#\/schema\/person\/image\/\",\"url\":\"https:\/\/secure.gravatar.com\/avatar\/03eac8e609f5f04383125d80eaeaaf3e?s=96&d=mm&r=g\",\"contentUrl\":\"https:\/\/secure.gravatar.com\/avatar\/03eac8e609f5f04383125d80eaeaaf3e?s=96&d=mm&r=g\",\"caption\":\"A. P., STA\"},\"url\":\"https:\/\/hudo.com\/si\/author\/lubu\/\"}]}<\/script>\n<!-- \/ Yoast SEO plugin. -->","yoast_head_json":{"title":"\u0160tevilo mladoletnih prosilcev za azil upadlo za tretjino - Hudo Slovenija","robots":{"index":"index","follow":"follow","max-snippet":"max-snippet:-1","max-image-preview":"max-image-preview:large","max-video-preview":"max-video-preview:-1"},"canonical":"https:\/\/hudo.com\/si\/aktualno\/stevilo-mladoletnih-prosilcev-za-azil-upadlo-za-tretjino\/","og_locale":"sl_SI","og_type":"article","og_title":"\u0160tevilo mladoletnih prosilcev za azil upadlo za tretjino - Hudo Slovenija","og_description":"V Evropski uniji je lani za azil zaprosilo 19.740 mladoletnikov brez spremstva odraslih, kar je za tretjino manj kot leta 2017, ko jih je zaprosilo 31.395. V Sloveniji se je \u0161tevilo mladoletnih ljudi brez spremstva, ki so leta 2018 zaprosili za azil, v primerjavi z letom 2017 pove\u010dalo s 390 na 555, je danes sporo\u010dil Eurostat.","og_url":"https:\/\/hudo.com\/si\/aktualno\/stevilo-mladoletnih-prosilcev-za-azil-upadlo-za-tretjino\/","og_site_name":"Hudo Slovenija","article_publisher":"https:\/\/www.facebook.com\/hudo.si","article_published_time":"2019-04-26T15:35:52+00:00","og_image":[{"width":1250,"height":874,"url":"https:\/\/hudo.com\/si\/wp-content\/uploads\/sites\/2\/2019\/04\/profimedia-0005155645.jpg","type":"image\/jpeg"}],"author":"A. P., STA","twitter_card":"summary_large_image","twitter_creator":"@hudo_si","twitter_site":"@hudo_si","twitter_misc":{"Written by":"A. P., STA","Est. reading time":"1 minuta"},"schema":{"@context":"https:\/\/schema.org","@graph":[{"@type":"Article","@id":"https:\/\/hudo.com\/si\/aktualno\/stevilo-mladoletnih-prosilcev-za-azil-upadlo-za-tretjino\/#article","isPartOf":{"@id":"https:\/\/hudo.com\/si\/aktualno\/stevilo-mladoletnih-prosilcev-za-azil-upadlo-za-tretjino\/"},"author":{"name":"A. P., STA","@id":"https:\/\/hudo.com\/si\/#\/schema\/person\/18f09c02475ba9e606e941a565b80cff"},"headline":"\u0160tevilo mladoletnih prosilcev za azil upadlo za tretjino","datePublished":"2019-04-26T15:35:52+00:00","dateModified":"2019-04-26T15:35:52+00:00","mainEntityOfPage":{"@id":"https:\/\/hudo.com\/si\/aktualno\/stevilo-mladoletnih-prosilcev-za-azil-upadlo-za-tretjino\/"},"wordCount":260,"publisher":{"@id":"https:\/\/hudo.com\/si\/#organization"},"keywords":["evropska unija","prosilci za azil","Slovenija"],"articleSection":["Aktualno"],"inLanguage":"sl-SI"},{"@type":"WebPage","@id":"https:\/\/hudo.com\/si\/aktualno\/stevilo-mladoletnih-prosilcev-za-azil-upadlo-za-tretjino\/","url":"https:\/\/hudo.com\/si\/aktualno\/stevilo-mladoletnih-prosilcev-za-azil-upadlo-za-tretjino\/","name":"\u0160tevilo mladoletnih prosilcev za azil upadlo za tretjino - Hudo Slovenija","isPartOf":{"@id":"https:\/\/hudo.com\/si\/#website"},"datePublished":"2019-04-26T15:35:52+00:00","dateModified":"2019-04-26T15:35:52+00:00","breadcrumb":{"@id":"https:\/\/hudo.com\/si\/aktualno\/stevilo-mladoletnih-prosilcev-za-azil-upadlo-za-tretjino\/#breadcrumb"},"inLanguage":"sl-SI","potentialAction":[{"@type":"ReadAction","target":["https:\/\/hudo.com\/si\/aktualno\/stevilo-mladoletnih-prosilcev-za-azil-upadlo-za-tretjino\/"]}]},{"@type":"BreadcrumbList","@id":"https:\/\/hudo.com\/si\/aktualno\/stevilo-mladoletnih-prosilcev-za-azil-upadlo-za-tretjino\/#breadcrumb","itemListElement":[{"@type":"ListItem","position":1,"name":"Home","item":"https:\/\/hudo.com\/si\/"},{"@type":"ListItem","position":2,"name":"\u0160tevilo mladoletnih prosilcev za azil upadlo za tretjino"}]},{"@type":"WebSite","@id":"https:\/\/hudo.com\/si\/#website","url":"https:\/\/hudo.com\/si\/","name":"Hudo Slovenija","description":"Vse novice iz Slovenije in sveta","publisher":{"@id":"https:\/\/hudo.com\/si\/#organization"},"potentialAction":[{"@type":"SearchAction","target":{"@type":"EntryPoint","urlTemplate":"https:\/\/hudo.com\/si\/?s={search_term_string}"},"query-input":"required name=search_term_string"}],"inLanguage":"sl-SI"},{"@type":"Organization","@id":"https:\/\/hudo.com\/si\/#organization","name":"VSN Media","url":"https:\/\/hudo.com\/si\/","logo":{"@type":"ImageObject","inLanguage":"sl-SI","@id":"https:\/\/hudo.com\/si\/#\/schema\/logo\/image\/","url":"https:\/\/hudo.com\/si\/wp-content\/uploads\/sites\/2\/2021\/03\/hudo-app-2.png","contentUrl":"https:\/\/hudo.com\/si\/wp-content\/uploads\/sites\/2\/2021\/03\/hudo-app-2.png","width":2185,"height":2167,"caption":"VSN Media"},"image":{"@id":"https:\/\/hudo.com\/si\/#\/schema\/logo\/image\/"},"sameAs":["https:\/\/www.facebook.com\/hudo.si","https:\/\/twitter.com\/hudo_si"]},{"@type":"Person","@id":"https:\/\/hudo.com\/si\/#\/schema\/person\/18f09c02475ba9e606e941a565b80cff","name":"A. P., STA","image":{"@type":"ImageObject","inLanguage":"sl-SI","@id":"https:\/\/hudo.com\/si\/#\/schema\/person\/image\/","url":"https:\/\/secure.gravatar.com\/avatar\/03eac8e609f5f04383125d80eaeaaf3e?s=96&d=mm&r=g","contentUrl":"https:\/\/secure.gravatar.com\/avatar\/03eac8e609f5f04383125d80eaeaaf3e?s=96&d=mm&r=g","caption":"A. P., STA"},"url":"https:\/\/hudo.com\/si\/author\/lubu\/"}]}},"amp_enabled":true,"_links":{"self":[{"href":"https:\/\/hudo.com\/si\/wp-json\/wp\/v2\/posts\/397670"}],"collection":[{"href":"https:\/\/hudo.com\/si\/wp-json\/wp\/v2\/posts"}],"about":[{"href":"https:\/\/hudo.com\/si\/wp-json\/wp\/v2\/types\/post"}],"author":[{"embeddable":true,"href":"https:\/\/hudo.com\/si\/wp-json\/wp\/v2\/users\/7"}],"replies":[{"embeddable":true,"href":"https:\/\/hudo.com\/si\/wp-json\/wp\/v2\/comments?post=397670"}],"version-history":[{"count":1,"href":"https:\/\/hudo.com\/si\/wp-json\/wp\/v2\/posts\/397670\/revisions"}],"predecessor-version":[{"id":397672,"href":"https:\/\/hudo.com\/si\/wp-json\/wp\/v2\/posts\/397670\/revisions\/397672"}],"wp:featuredmedia":[{"embeddable":true,"href":"https:\/\/hudo.com\/si\/wp-json\/wp\/v2\/media\/397671"}],"wp:attachment":[{"href":"https:\/\/hudo.com\/si\/wp-json\/wp\/v2\/media?parent=397670"}],"wp:term":[{"taxonomy":"category","embeddable":true,"href":"https:\/\/hudo.com\/si\/wp-json\/wp\/v2\/categories?post=397670"},{"taxonomy":"post_tag","embeddable":true,"href":"https:\/\/hudo.com\/si\/wp-json\/wp\/v2\/tags?post=397670"},{"taxonomy":"source","embeddable":true,"href":"https:\/\/hudo.com\/si\/wp-json\/wp\/v2\/source?post=397670"},{"taxonomy":"supertag","embeddable":true,"href":"https:\/\/hudo.com\/si\/wp-json\/wp\/v2\/supertag?post=397670"}],"curies":[{"name":"wp","href":"https:\/\/api.w.org\/{rel}","templated":true}]}}