{"id":397983,"date":"2019-05-04T06:40:51","date_gmt":"2019-05-04T04:40:51","guid":{"rendered":"http:\/\/hudo.com\/si\/?p=397983"},"modified":"2019-05-04T06:40:51","modified_gmt":"2019-05-04T04:40:51","slug":"severna-koreja-izstrelila-rakete-proti-japonskemu-morju","status":"publish","type":"post","link":"https:\/\/hudo.com\/si\/aktualno\/severna-koreja-izstrelila-rakete-proti-japonskemu-morju\/","title":{"rendered":"Severna Koreja izstrelila rakete proti Japonskemu morju"},"content":{"rendered":"<p>Kim je nazadnje odredil izstrelitev rakete novembra 2017, saj sta se s predsednikom ZDA Donaldom Trumpom nehala zmerjati in se za\u010dela dogovarjati za sre\u010danje.<\/p>\n<p>Doslej sta jih imela dve, eno lani v Singapurju drugo v februarja letos Vietnamu, zmenila pa se nista ni\u010desar razen tega, da bo Severna Koreja poslala v ZDA ostanke ameri\u0161kih vojakov padlih v korejski vojni pred pol stoletja.<\/p>\n<p>V tem \u010dasu, ko sta si s Trumpom izmenjavala bolj uglajena sporo\u010dila, pa Severna Koreja vsaj ni po\u0161iljala v zrak raket ali razstreljevala jedrske bombe.<\/p>\n<p>Dan pred novimi izstrelitvami je zunanji minister Ju\u017ene Koreje Kang Kyung-wha izjavil, da mora Pjongjang pokazati jasno vidne, konkretne in bistvene ukrepe v smeri jedrske razoro\u017eitve, \u010de \u017eeli dobiti olaj\u0161anje sankcij. Kimu to ni bilo v\u0161e\u010d, saj pred razoro\u017eitvijo \u017eeli odpravo vsaj dela sankcij.<\/p>\n","protected":false},"excerpt":{"rendered":"<p>General\u0161tab oboro\u017eenih sil Ju\u017ene Koreje poro\u010da, da je Severna Koreja v soboto zjutraj iz vzhodnega dela dr\u017eave izstrelila ve\u010d raket kratkega dosega v japonsko morje, kar je prva tak\u0161na poteza dr\u017eave, ki ji vlada Kim Jong-un, po ve\u010d kot letu dni. Rakete so letele tja do 200 kilometrov dale\u010d in padle v morje.<\/p>\n","protected":false},"author":8,"featured_media":273656,"comment_status":"closed","ping_status":"closed","sticky":false,"template":"","format":"standard","meta":{"footnotes":""},"categories":[1179],"tags":[3592,1961],"source":[4511],"supertag":[6103],"acf":[],"yoast_head":"<!-- This site is optimized with the Yoast SEO plugin v21.3 - https:\/\/yoast.com\/wordpress\/plugins\/seo\/ -->\n<title>Severna Koreja izstrelila rakete proti Japonskemu morju - Hudo Slovenija<\/title>\n<meta name=\"robots\" content=\"index, follow, max-snippet:-1, max-image-preview:large, max-video-preview:-1\" \/>\n<link rel=\"canonical\" href=\"https:\/\/hudo.com\/si\/aktualno\/severna-koreja-izstrelila-rakete-proti-japonskemu-morju\/\" \/>\n<meta property=\"og:locale\" content=\"sl_SI\" \/>\n<meta property=\"og:type\" content=\"article\" \/>\n<meta property=\"og:title\" content=\"Severna Koreja izstrelila rakete proti Japonskemu morju - Hudo Slovenija\" \/>\n<meta property=\"og:description\" content=\"General\u0161tab oboro\u017eenih sil Ju\u017ene Koreje poro\u010da, da je Severna Koreja v soboto zjutraj iz vzhodnega dela dr\u017eave izstrelila ve\u010d raket kratkega dosega v japonsko morje, kar je prva tak\u0161na poteza dr\u017eave, ki ji vlada Kim Jong-un, po ve\u010d kot letu dni. Rakete so letele tja do 200 kilometrov dale\u010d in padle v morje.\" \/>\n<meta property=\"og:url\" content=\"https:\/\/hudo.com\/si\/aktualno\/severna-koreja-izstrelila-rakete-proti-japonskemu-morju\/\" \/>\n<meta property=\"og:site_name\" content=\"Hudo Slovenija\" \/>\n<meta property=\"article:publisher\" content=\"https:\/\/www.facebook.com\/hudo.si\" \/>\n<meta property=\"article:published_time\" content=\"2019-05-04T04:40:51+00:00\" \/>\n<meta property=\"og:image\" content=\"https:\/\/hudo.com\/si\/wp-content\/uploads\/sites\/2\/2017\/07\/profimedia-0340558148.jpg\" \/>\n\t<meta property=\"og:image:width\" content=\"1250\" \/>\n\t<meta property=\"og:image:height\" content=\"1232\" \/>\n\t<meta property=\"og:image:type\" content=\"image\/jpeg\" \/>\n<meta name=\"author\" content=\"M. N., STA\" \/>\n<meta name=\"twitter:card\" content=\"summary_large_image\" \/>\n<meta name=\"twitter:creator\" content=\"@hudo_si\" \/>\n<meta name=\"twitter:site\" content=\"@hudo_si\" \/>\n<meta name=\"twitter:label1\" content=\"Written by\" \/>\n\t<meta name=\"twitter:data1\" content=\"M. N., STA\" \/>\n\t<meta name=\"twitter:label2\" content=\"Est. reading time\" \/>\n\t<meta name=\"twitter:data2\" content=\"1 minuta\" \/>\n<script type=\"application\/ld+json\" class=\"yoast-schema-graph\">{\"@context\":\"https:\/\/schema.org\",\"@graph\":[{\"@type\":\"Article\",\"@id\":\"https:\/\/hudo.com\/si\/aktualno\/severna-koreja-izstrelila-rakete-proti-japonskemu-morju\/#article\",\"isPartOf\":{\"@id\":\"https:\/\/hudo.com\/si\/aktualno\/severna-koreja-izstrelila-rakete-proti-japonskemu-morju\/\"},\"author\":{\"name\":\"M. N., STA\",\"@id\":\"https:\/\/hudo.com\/si\/#\/schema\/person\/c2f10ce65d2e6ede2aeda5be2a0611fa\"},\"headline\":\"Severna Koreja izstrelila rakete proti Japonskemu morju\",\"datePublished\":\"2019-05-04T04:40:51+00:00\",\"dateModified\":\"2019-05-04T04:40:51+00:00\",\"mainEntityOfPage\":{\"@id\":\"https:\/\/hudo.com\/si\/aktualno\/severna-koreja-izstrelila-rakete-proti-japonskemu-morju\/\"},\"wordCount\":148,\"publisher\":{\"@id\":\"https:\/\/hudo.com\/si\/#organization\"},\"keywords\":[\"rakete\",\"severna koreja\"],\"articleSection\":[\"Aktualno\"],\"inLanguage\":\"sl-SI\"},{\"@type\":\"WebPage\",\"@id\":\"https:\/\/hudo.com\/si\/aktualno\/severna-koreja-izstrelila-rakete-proti-japonskemu-morju\/\",\"url\":\"https:\/\/hudo.com\/si\/aktualno\/severna-koreja-izstrelila-rakete-proti-japonskemu-morju\/\",\"name\":\"Severna Koreja izstrelila rakete proti Japonskemu morju - Hudo Slovenija\",\"isPartOf\":{\"@id\":\"https:\/\/hudo.com\/si\/#website\"},\"datePublished\":\"2019-05-04T04:40:51+00:00\",\"dateModified\":\"2019-05-04T04:40:51+00:00\",\"breadcrumb\":{\"@id\":\"https:\/\/hudo.com\/si\/aktualno\/severna-koreja-izstrelila-rakete-proti-japonskemu-morju\/#breadcrumb\"},\"inLanguage\":\"sl-SI\",\"potentialAction\":[{\"@type\":\"ReadAction\",\"target\":[\"https:\/\/hudo.com\/si\/aktualno\/severna-koreja-izstrelila-rakete-proti-japonskemu-morju\/\"]}]},{\"@type\":\"BreadcrumbList\",\"@id\":\"https:\/\/hudo.com\/si\/aktualno\/severna-koreja-izstrelila-rakete-proti-japonskemu-morju\/#breadcrumb\",\"itemListElement\":[{\"@type\":\"ListItem\",\"position\":1,\"name\":\"Home\",\"item\":\"https:\/\/hudo.com\/si\/\"},{\"@type\":\"ListItem\",\"position\":2,\"name\":\"Severna Koreja izstrelila rakete proti Japonskemu morju\"}]},{\"@type\":\"WebSite\",\"@id\":\"https:\/\/hudo.com\/si\/#website\",\"url\":\"https:\/\/hudo.com\/si\/\",\"name\":\"Hudo Slovenija\",\"description\":\"Vse novice iz Slovenije in sveta\",\"publisher\":{\"@id\":\"https:\/\/hudo.com\/si\/#organization\"},\"potentialAction\":[{\"@type\":\"SearchAction\",\"target\":{\"@type\":\"EntryPoint\",\"urlTemplate\":\"https:\/\/hudo.com\/si\/?s={search_term_string}\"},\"query-input\":\"required name=search_term_string\"}],\"inLanguage\":\"sl-SI\"},{\"@type\":\"Organization\",\"@id\":\"https:\/\/hudo.com\/si\/#organization\",\"name\":\"VSN Media\",\"url\":\"https:\/\/hudo.com\/si\/\",\"logo\":{\"@type\":\"ImageObject\",\"inLanguage\":\"sl-SI\",\"@id\":\"https:\/\/hudo.com\/si\/#\/schema\/logo\/image\/\",\"url\":\"https:\/\/hudo.com\/si\/wp-content\/uploads\/sites\/2\/2021\/03\/hudo-app-2.png\",\"contentUrl\":\"https:\/\/hudo.com\/si\/wp-content\/uploads\/sites\/2\/2021\/03\/hudo-app-2.png\",\"width\":2185,\"height\":2167,\"caption\":\"VSN Media\"},\"image\":{\"@id\":\"https:\/\/hudo.com\/si\/#\/schema\/logo\/image\/\"},\"sameAs\":[\"https:\/\/www.facebook.com\/hudo.si\",\"https:\/\/twitter.com\/hudo_si\"]},{\"@type\":\"Person\",\"@id\":\"https:\/\/hudo.com\/si\/#\/schema\/person\/c2f10ce65d2e6ede2aeda5be2a0611fa\",\"name\":\"M. N., STA\",\"image\":{\"@type\":\"ImageObject\",\"inLanguage\":\"sl-SI\",\"@id\":\"https:\/\/hudo.com\/si\/#\/schema\/person\/image\/\",\"url\":\"https:\/\/secure.gravatar.com\/avatar\/f370d38daa10467f755c5c766a4cac20?s=96&d=mm&r=g\",\"contentUrl\":\"https:\/\/secure.gravatar.com\/avatar\/f370d38daa10467f755c5c766a4cac20?s=96&d=mm&r=g\",\"caption\":\"M. N., STA\"},\"url\":\"https:\/\/hudo.com\/si\/author\/mana\/\"}]}<\/script>\n<!-- \/ Yoast SEO plugin. -->","yoast_head_json":{"title":"Severna Koreja izstrelila rakete proti Japonskemu morju - Hudo Slovenija","robots":{"index":"index","follow":"follow","max-snippet":"max-snippet:-1","max-image-preview":"max-image-preview:large","max-video-preview":"max-video-preview:-1"},"canonical":"https:\/\/hudo.com\/si\/aktualno\/severna-koreja-izstrelila-rakete-proti-japonskemu-morju\/","og_locale":"sl_SI","og_type":"article","og_title":"Severna Koreja izstrelila rakete proti Japonskemu morju - Hudo Slovenija","og_description":"General\u0161tab oboro\u017eenih sil Ju\u017ene Koreje poro\u010da, da je Severna Koreja v soboto zjutraj iz vzhodnega dela dr\u017eave izstrelila ve\u010d raket kratkega dosega v japonsko morje, kar je prva tak\u0161na poteza dr\u017eave, ki ji vlada Kim Jong-un, po ve\u010d kot letu dni. Rakete so letele tja do 200 kilometrov dale\u010d in padle v morje.","og_url":"https:\/\/hudo.com\/si\/aktualno\/severna-koreja-izstrelila-rakete-proti-japonskemu-morju\/","og_site_name":"Hudo Slovenija","article_publisher":"https:\/\/www.facebook.com\/hudo.si","article_published_time":"2019-05-04T04:40:51+00:00","og_image":[{"width":1250,"height":1232,"url":"https:\/\/hudo.com\/si\/wp-content\/uploads\/sites\/2\/2017\/07\/profimedia-0340558148.jpg","type":"image\/jpeg"}],"author":"M. N., STA","twitter_card":"summary_large_image","twitter_creator":"@hudo_si","twitter_site":"@hudo_si","twitter_misc":{"Written by":"M. N., STA","Est. reading time":"1 minuta"},"schema":{"@context":"https:\/\/schema.org","@graph":[{"@type":"Article","@id":"https:\/\/hudo.com\/si\/aktualno\/severna-koreja-izstrelila-rakete-proti-japonskemu-morju\/#article","isPartOf":{"@id":"https:\/\/hudo.com\/si\/aktualno\/severna-koreja-izstrelila-rakete-proti-japonskemu-morju\/"},"author":{"name":"M. N., STA","@id":"https:\/\/hudo.com\/si\/#\/schema\/person\/c2f10ce65d2e6ede2aeda5be2a0611fa"},"headline":"Severna Koreja izstrelila rakete proti Japonskemu morju","datePublished":"2019-05-04T04:40:51+00:00","dateModified":"2019-05-04T04:40:51+00:00","mainEntityOfPage":{"@id":"https:\/\/hudo.com\/si\/aktualno\/severna-koreja-izstrelila-rakete-proti-japonskemu-morju\/"},"wordCount":148,"publisher":{"@id":"https:\/\/hudo.com\/si\/#organization"},"keywords":["rakete","severna koreja"],"articleSection":["Aktualno"],"inLanguage":"sl-SI"},{"@type":"WebPage","@id":"https:\/\/hudo.com\/si\/aktualno\/severna-koreja-izstrelila-rakete-proti-japonskemu-morju\/","url":"https:\/\/hudo.com\/si\/aktualno\/severna-koreja-izstrelila-rakete-proti-japonskemu-morju\/","name":"Severna Koreja izstrelila rakete proti Japonskemu morju - Hudo Slovenija","isPartOf":{"@id":"https:\/\/hudo.com\/si\/#website"},"datePublished":"2019-05-04T04:40:51+00:00","dateModified":"2019-05-04T04:40:51+00:00","breadcrumb":{"@id":"https:\/\/hudo.com\/si\/aktualno\/severna-koreja-izstrelila-rakete-proti-japonskemu-morju\/#breadcrumb"},"inLanguage":"sl-SI","potentialAction":[{"@type":"ReadAction","target":["https:\/\/hudo.com\/si\/aktualno\/severna-koreja-izstrelila-rakete-proti-japonskemu-morju\/"]}]},{"@type":"BreadcrumbList","@id":"https:\/\/hudo.com\/si\/aktualno\/severna-koreja-izstrelila-rakete-proti-japonskemu-morju\/#breadcrumb","itemListElement":[{"@type":"ListItem","position":1,"name":"Home","item":"https:\/\/hudo.com\/si\/"},{"@type":"ListItem","position":2,"name":"Severna Koreja izstrelila rakete proti Japonskemu morju"}]},{"@type":"WebSite","@id":"https:\/\/hudo.com\/si\/#website","url":"https:\/\/hudo.com\/si\/","name":"Hudo Slovenija","description":"Vse novice iz Slovenije in sveta","publisher":{"@id":"https:\/\/hudo.com\/si\/#organization"},"potentialAction":[{"@type":"SearchAction","target":{"@type":"EntryPoint","urlTemplate":"https:\/\/hudo.com\/si\/?s={search_term_string}"},"query-input":"required name=search_term_string"}],"inLanguage":"sl-SI"},{"@type":"Organization","@id":"https:\/\/hudo.com\/si\/#organization","name":"VSN Media","url":"https:\/\/hudo.com\/si\/","logo":{"@type":"ImageObject","inLanguage":"sl-SI","@id":"https:\/\/hudo.com\/si\/#\/schema\/logo\/image\/","url":"https:\/\/hudo.com\/si\/wp-content\/uploads\/sites\/2\/2021\/03\/hudo-app-2.png","contentUrl":"https:\/\/hudo.com\/si\/wp-content\/uploads\/sites\/2\/2021\/03\/hudo-app-2.png","width":2185,"height":2167,"caption":"VSN Media"},"image":{"@id":"https:\/\/hudo.com\/si\/#\/schema\/logo\/image\/"},"sameAs":["https:\/\/www.facebook.com\/hudo.si","https:\/\/twitter.com\/hudo_si"]},{"@type":"Person","@id":"https:\/\/hudo.com\/si\/#\/schema\/person\/c2f10ce65d2e6ede2aeda5be2a0611fa","name":"M. N., STA","image":{"@type":"ImageObject","inLanguage":"sl-SI","@id":"https:\/\/hudo.com\/si\/#\/schema\/person\/image\/","url":"https:\/\/secure.gravatar.com\/avatar\/f370d38daa10467f755c5c766a4cac20?s=96&d=mm&r=g","contentUrl":"https:\/\/secure.gravatar.com\/avatar\/f370d38daa10467f755c5c766a4cac20?s=96&d=mm&r=g","caption":"M. N., STA"},"url":"https:\/\/hudo.com\/si\/author\/mana\/"}]}},"amp_enabled":true,"_links":{"self":[{"href":"https:\/\/hudo.com\/si\/wp-json\/wp\/v2\/posts\/397983"}],"collection":[{"href":"https:\/\/hudo.com\/si\/wp-json\/wp\/v2\/posts"}],"about":[{"href":"https:\/\/hudo.com\/si\/wp-json\/wp\/v2\/types\/post"}],"author":[{"embeddable":true,"href":"https:\/\/hudo.com\/si\/wp-json\/wp\/v2\/users\/8"}],"replies":[{"embeddable":true,"href":"https:\/\/hudo.com\/si\/wp-json\/wp\/v2\/comments?post=397983"}],"version-history":[{"count":1,"href":"https:\/\/hudo.com\/si\/wp-json\/wp\/v2\/posts\/397983\/revisions"}],"predecessor-version":[{"id":397984,"href":"https:\/\/hudo.com\/si\/wp-json\/wp\/v2\/posts\/397983\/revisions\/397984"}],"wp:featuredmedia":[{"embeddable":true,"href":"https:\/\/hudo.com\/si\/wp-json\/wp\/v2\/media\/273656"}],"wp:attachment":[{"href":"https:\/\/hudo.com\/si\/wp-json\/wp\/v2\/media?parent=397983"}],"wp:term":[{"taxonomy":"category","embeddable":true,"href":"https:\/\/hudo.com\/si\/wp-json\/wp\/v2\/categories?post=397983"},{"taxonomy":"post_tag","embeddable":true,"href":"https:\/\/hudo.com\/si\/wp-json\/wp\/v2\/tags?post=397983"},{"taxonomy":"source","embeddable":true,"href":"https:\/\/hudo.com\/si\/wp-json\/wp\/v2\/source?post=397983"},{"taxonomy":"supertag","embeddable":true,"href":"https:\/\/hudo.com\/si\/wp-json\/wp\/v2\/supertag?post=397983"}],"curies":[{"name":"wp","href":"https:\/\/api.w.org\/{rel}","templated":true}]}}