{"id":398096,"date":"2019-05-06T16:07:45","date_gmt":"2019-05-06T14:07:45","guid":{"rendered":"http:\/\/hudo.com\/si\/?p=398096"},"modified":"2019-05-06T18:46:59","modified_gmt":"2019-05-06T16:46:59","slug":"princ-harry-meghan-sta-dobila-sina","status":"publish","type":"post","link":"https:\/\/hudo.com\/si\/aktualno\/princ-harry-meghan-sta-dobila-sina\/","title":{"rendered":"Princ Harry in Meghan sta dobila sina"},"content":{"rendered":"<div class=\"text\">\n<p>&#8220;Z Meghan sva zgodaj davi dobila sina, ki je zelo zdrav. Mati in dojen\u010dek sta zelo dobro,&#8221; je \u0161e dejal. Zahvalil se je tudi vsem za podporo. &#8220;Bilo je izjemno, zato sva to \u017eelela deliti z vami,&#8221; je poudaril. Pred tedni sta sicer izrazila \u017eeljo po zasebnosti ob rojstvu prvorojenca.<\/p>\n<blockquote class=\"instagram-media\" style=\"background: #FFF; border: 0; border-radius: 3px; box-shadow: 0 0 1px 0 rgba(0,0,0,0.5),0 1px 10px 0 rgba(0,0,0,0.15); margin: 1px; max-width: 540px; min-width: 326px; padding: 0; width: calc(100% - 2px);\" data-instgrm-permalink=\"https:\/\/www.instagram.com\/p\/BxH36irhwcO\/\" data-instgrm-version=\"12\">\n<div style=\"padding: 16px;\">\n<p>&nbsp;<\/p>\n<div style=\"display: flex; flex-direction: row; align-items: center;\"><\/div>\n<div style=\"padding: 19% 0;\"><\/div>\n<div style=\"display: block; height: 50px; margin: 0 auto 12px; width: 50px;\"><\/div>\n<div style=\"padding-top: 8px;\">\n<div style=\"color: #3897f0; font-family: Arial,sans-serif; font-size: 14px; font-style: normal; font-weight: 550; line-height: 18px;\">View this post on Instagram<\/div>\n<\/div>\n<div style=\"padding: 12.5% 0;\"><\/div>\n<div style=\"display: flex; flex-direction: row; margin-bottom: 14px; align-items: center;\"><\/div>\n<div style=\"display: flex; flex-direction: column; flex-grow: 1; justify-content: center; margin-bottom: 24px;\"><\/div>\n<p>&nbsp;<\/p>\n<p style=\"color: #c9c8cd; font-family: Arial,sans-serif; font-size: 14px; line-height: 17px; margin-bottom: 0; margin-top: 8px; overflow: hidden; padding: 8px 0 7px; text-align: center; text-overflow: ellipsis; white-space: nowrap;\"><a style=\"color: #c9c8cd; font-family: Arial,sans-serif; font-size: 14px; font-style: normal; font-weight: normal; line-height: 17px; text-decoration: none;\" href=\"https:\/\/www.instagram.com\/p\/BxH36irhwcO\/\" target=\"_blank\" rel=\"noopener noreferrer\">A post shared by The Duke and Duchess of Sussex (@sussexroyal)<\/a> on <time style=\"font-family: Arial,sans-serif; font-size: 14px; line-height: 17px;\" datetime=\"2019-05-06T13:37:50+00:00\">May 6, 2019 at 6:37am PDT<\/time><\/p>\n<\/div>\n<\/blockquote>\n<p><div class=\"embed-notice\">Za ogled vstavljene vsebine morate omogo\u010diti <a href=\"#\" onclick=\"Optanon.ToggleInfoDisplay()\">shranjevanje pi\u0161kotkov v napravi<\/a><\/div><script async type=\"text\/plain\" class=\"optanon-category-C0002-C0003-C0004\" optanon-src=\"\/\/www.instagram.com\/embed.js\"><\/script><\/p>\n<p>Iz Buckinghamske pala\u010de so tik za tem sporo\u010dili, da je Meghan de\u010dka, ki je ob rojstvu tehtal okoli 3,3 kilograma, rodila okoli 5.30 po krajevnem \u010dasu (6.30 po srednjeevropskem). Dodali so, da je mati vojvodinje sussek\u0161ke Doria Ragland, ki je ob prihodu vnuka izjemno vesela, ob novope\u010deni mamici. Novega dru\u017einskega \u010dlana so veseli tudi drugi \u010dlani kraljeve dru\u017eine, vklju\u010dno s kraljico Elizabeto II.<\/p>\n<p>Britanski princ je dejal \u0161e, da bosta verjetno s soprogo svojega prvorojenca javnosti prvi\u010d pokazala \u010dez dva dni, ko bi lahko sporo\u010dila tudi njegovo ime. Novorojenec je osmi pravnuk kraljice Elizabete II. in sedmi v vrsti za kraljevi prestol.<\/p>\n<p>Meghan naj bi sicer imela rok poroda konec aprila oziroma v za\u010detku maja. Princ je zaradi rojstva med drugim prelo\u017eil obisk na Nizozemskem.<\/p>\n<p>Novope\u010denima star\u0161ema je ob rojstvu \u017ee \u010destitala britanska premierka Theresa May. &#8220;\u017delim vam vse najbolj\u0161e v tem veselem obdobju,&#8221; je zapisala na Twitterju. \u010cestital jima je tudi vodja opozicije Jeremy Corbyn in \u0161tevilne druge pomembne osebnosti britanske politike in dru\u017ebe.<\/p>\n<\/div>\n","protected":false},"excerpt":{"rendered":"<p>Britanski princ Harry in njegova soproga Meghan sta danes dobila sina, je par sporo\u010dil prek Instagrama. Princ je rojstvo prvorojenca ozna\u010dil za naj\u010dudovitej\u0161o izku\u0161njo, kar si jih je mogo\u010de zamisliti. Ime morata \u0161e izbrati, je \u0161e povedal novinarjem.<\/p>\n","protected":false},"author":6,"featured_media":0,"comment_status":"closed","ping_status":"closed","sticky":false,"template":"","format":"standard","meta":{"footnotes":""},"categories":[1179],"tags":[6934,3240,3227],"source":[4511],"supertag":[],"acf":[],"yoast_head":"<!-- This site is optimized with the Yoast SEO plugin v21.3 - https:\/\/yoast.com\/wordpress\/plugins\/seo\/ -->\n<title>Princ Harry in Meghan sta dobila sina - Hudo Slovenija<\/title>\n<meta name=\"robots\" content=\"index, follow, max-snippet:-1, max-image-preview:large, max-video-preview:-1\" \/>\n<link rel=\"canonical\" href=\"https:\/\/hudo.com\/si\/aktualno\/princ-harry-meghan-sta-dobila-sina\/\" \/>\n<meta property=\"og:locale\" content=\"sl_SI\" \/>\n<meta property=\"og:type\" content=\"article\" \/>\n<meta property=\"og:title\" content=\"Princ Harry in Meghan sta dobila sina - Hudo Slovenija\" \/>\n<meta property=\"og:description\" content=\"Britanski princ Harry in njegova soproga Meghan sta danes dobila sina, je par sporo\u010dil prek Instagrama. Princ je rojstvo prvorojenca ozna\u010dil za naj\u010dudovitej\u0161o izku\u0161njo, kar si jih je mogo\u010de zamisliti. Ime morata \u0161e izbrati, je \u0161e povedal novinarjem.\" \/>\n<meta property=\"og:url\" content=\"https:\/\/hudo.com\/si\/aktualno\/princ-harry-meghan-sta-dobila-sina\/\" \/>\n<meta property=\"og:site_name\" content=\"Hudo Slovenija\" \/>\n<meta property=\"article:publisher\" content=\"https:\/\/www.facebook.com\/hudo.si\" \/>\n<meta property=\"article:published_time\" content=\"2019-05-06T14:07:45+00:00\" \/>\n<meta property=\"article:modified_time\" content=\"2019-05-06T16:46:59+00:00\" \/>\n<meta property=\"og:image\" content=\"https:\/\/hudo.com\/si\/wp-content\/uploads\/sites\/2\/2018\/07\/profimedia-0379676408.jpg\" \/>\n\t<meta property=\"og:image:width\" content=\"1250\" \/>\n\t<meta property=\"og:image:height\" content=\"884\" \/>\n\t<meta property=\"og:image:type\" content=\"image\/jpeg\" \/>\n<meta name=\"author\" content=\"A. G.\" \/>\n<meta name=\"twitter:card\" content=\"summary_large_image\" \/>\n<meta name=\"twitter:creator\" content=\"@hudo_si\" \/>\n<meta name=\"twitter:site\" content=\"@hudo_si\" \/>\n<meta name=\"twitter:label1\" content=\"Written by\" \/>\n\t<meta name=\"twitter:data1\" content=\"A. G.\" \/>\n\t<meta name=\"twitter:label2\" content=\"Est. reading time\" \/>\n\t<meta name=\"twitter:data2\" content=\"1 minuta\" \/>\n<script type=\"application\/ld+json\" class=\"yoast-schema-graph\">{\"@context\":\"https:\/\/schema.org\",\"@graph\":[{\"@type\":\"Article\",\"@id\":\"https:\/\/hudo.com\/si\/aktualno\/princ-harry-meghan-sta-dobila-sina\/#article\",\"isPartOf\":{\"@id\":\"https:\/\/hudo.com\/si\/aktualno\/princ-harry-meghan-sta-dobila-sina\/\"},\"author\":{\"name\":\"A. G.\",\"@id\":\"https:\/\/hudo.com\/si\/#\/schema\/person\/f95639a66e0dd2c682b0568634e85b8b\"},\"headline\":\"Princ Harry in Meghan sta dobila sina\",\"datePublished\":\"2019-05-06T14:07:45+00:00\",\"dateModified\":\"2019-05-06T16:46:59+00:00\",\"mainEntityOfPage\":{\"@id\":\"https:\/\/hudo.com\/si\/aktualno\/princ-harry-meghan-sta-dobila-sina\/\"},\"wordCount\":258,\"publisher\":{\"@id\":\"https:\/\/hudo.com\/si\/#organization\"},\"keywords\":[\"Meghan Markle\",\"princ Harry\",\"rojstvo otroka\"],\"articleSection\":[\"Aktualno\"],\"inLanguage\":\"sl-SI\"},{\"@type\":\"WebPage\",\"@id\":\"https:\/\/hudo.com\/si\/aktualno\/princ-harry-meghan-sta-dobila-sina\/\",\"url\":\"https:\/\/hudo.com\/si\/aktualno\/princ-harry-meghan-sta-dobila-sina\/\",\"name\":\"Princ Harry in Meghan sta dobila sina - Hudo Slovenija\",\"isPartOf\":{\"@id\":\"https:\/\/hudo.com\/si\/#website\"},\"datePublished\":\"2019-05-06T14:07:45+00:00\",\"dateModified\":\"2019-05-06T16:46:59+00:00\",\"breadcrumb\":{\"@id\":\"https:\/\/hudo.com\/si\/aktualno\/princ-harry-meghan-sta-dobila-sina\/#breadcrumb\"},\"inLanguage\":\"sl-SI\",\"potentialAction\":[{\"@type\":\"ReadAction\",\"target\":[\"https:\/\/hudo.com\/si\/aktualno\/princ-harry-meghan-sta-dobila-sina\/\"]}]},{\"@type\":\"BreadcrumbList\",\"@id\":\"https:\/\/hudo.com\/si\/aktualno\/princ-harry-meghan-sta-dobila-sina\/#breadcrumb\",\"itemListElement\":[{\"@type\":\"ListItem\",\"position\":1,\"name\":\"Home\",\"item\":\"https:\/\/hudo.com\/si\/\"},{\"@type\":\"ListItem\",\"position\":2,\"name\":\"Princ Harry in Meghan sta dobila sina\"}]},{\"@type\":\"WebSite\",\"@id\":\"https:\/\/hudo.com\/si\/#website\",\"url\":\"https:\/\/hudo.com\/si\/\",\"name\":\"Hudo Slovenija\",\"description\":\"Vse novice iz Slovenije in sveta\",\"publisher\":{\"@id\":\"https:\/\/hudo.com\/si\/#organization\"},\"potentialAction\":[{\"@type\":\"SearchAction\",\"target\":{\"@type\":\"EntryPoint\",\"urlTemplate\":\"https:\/\/hudo.com\/si\/?s={search_term_string}\"},\"query-input\":\"required name=search_term_string\"}],\"inLanguage\":\"sl-SI\"},{\"@type\":\"Organization\",\"@id\":\"https:\/\/hudo.com\/si\/#organization\",\"name\":\"VSN Media\",\"url\":\"https:\/\/hudo.com\/si\/\",\"logo\":{\"@type\":\"ImageObject\",\"inLanguage\":\"sl-SI\",\"@id\":\"https:\/\/hudo.com\/si\/#\/schema\/logo\/image\/\",\"url\":\"https:\/\/hudo.com\/si\/wp-content\/uploads\/sites\/2\/2021\/03\/hudo-app-2.png\",\"contentUrl\":\"https:\/\/hudo.com\/si\/wp-content\/uploads\/sites\/2\/2021\/03\/hudo-app-2.png\",\"width\":2185,\"height\":2167,\"caption\":\"VSN Media\"},\"image\":{\"@id\":\"https:\/\/hudo.com\/si\/#\/schema\/logo\/image\/\"},\"sameAs\":[\"https:\/\/www.facebook.com\/hudo.si\",\"https:\/\/twitter.com\/hudo_si\"]},{\"@type\":\"Person\",\"@id\":\"https:\/\/hudo.com\/si\/#\/schema\/person\/f95639a66e0dd2c682b0568634e85b8b\",\"name\":\"A. G.\",\"image\":{\"@type\":\"ImageObject\",\"inLanguage\":\"sl-SI\",\"@id\":\"https:\/\/hudo.com\/si\/#\/schema\/person\/image\/\",\"url\":\"https:\/\/secure.gravatar.com\/avatar\/9f44de561c70d5d80348d3ed0f4b142d?s=96&d=mm&r=g\",\"contentUrl\":\"https:\/\/secure.gravatar.com\/avatar\/9f44de561c70d5d80348d3ed0f4b142d?s=96&d=mm&r=g\",\"caption\":\"A. G.\"},\"url\":\"https:\/\/hudo.com\/si\/author\/alenkagrmek\/\"}]}<\/script>\n<!-- \/ Yoast SEO plugin. -->","yoast_head_json":{"title":"Princ Harry in Meghan sta dobila sina - Hudo Slovenija","robots":{"index":"index","follow":"follow","max-snippet":"max-snippet:-1","max-image-preview":"max-image-preview:large","max-video-preview":"max-video-preview:-1"},"canonical":"https:\/\/hudo.com\/si\/aktualno\/princ-harry-meghan-sta-dobila-sina\/","og_locale":"sl_SI","og_type":"article","og_title":"Princ Harry in Meghan sta dobila sina - Hudo Slovenija","og_description":"Britanski princ Harry in njegova soproga Meghan sta danes dobila sina, je par sporo\u010dil prek Instagrama. Princ je rojstvo prvorojenca ozna\u010dil za naj\u010dudovitej\u0161o izku\u0161njo, kar si jih je mogo\u010de zamisliti. Ime morata \u0161e izbrati, je \u0161e povedal novinarjem.","og_url":"https:\/\/hudo.com\/si\/aktualno\/princ-harry-meghan-sta-dobila-sina\/","og_site_name":"Hudo Slovenija","article_publisher":"https:\/\/www.facebook.com\/hudo.si","article_published_time":"2019-05-06T14:07:45+00:00","article_modified_time":"2019-05-06T16:46:59+00:00","og_image":[{"width":1250,"height":884,"url":"https:\/\/hudo.com\/si\/wp-content\/uploads\/sites\/2\/2018\/07\/profimedia-0379676408.jpg","type":"image\/jpeg"}],"author":"A. G.","twitter_card":"summary_large_image","twitter_creator":"@hudo_si","twitter_site":"@hudo_si","twitter_misc":{"Written by":"A. G.","Est. reading time":"1 minuta"},"schema":{"@context":"https:\/\/schema.org","@graph":[{"@type":"Article","@id":"https:\/\/hudo.com\/si\/aktualno\/princ-harry-meghan-sta-dobila-sina\/#article","isPartOf":{"@id":"https:\/\/hudo.com\/si\/aktualno\/princ-harry-meghan-sta-dobila-sina\/"},"author":{"name":"A. G.","@id":"https:\/\/hudo.com\/si\/#\/schema\/person\/f95639a66e0dd2c682b0568634e85b8b"},"headline":"Princ Harry in Meghan sta dobila sina","datePublished":"2019-05-06T14:07:45+00:00","dateModified":"2019-05-06T16:46:59+00:00","mainEntityOfPage":{"@id":"https:\/\/hudo.com\/si\/aktualno\/princ-harry-meghan-sta-dobila-sina\/"},"wordCount":258,"publisher":{"@id":"https:\/\/hudo.com\/si\/#organization"},"keywords":["Meghan Markle","princ Harry","rojstvo otroka"],"articleSection":["Aktualno"],"inLanguage":"sl-SI"},{"@type":"WebPage","@id":"https:\/\/hudo.com\/si\/aktualno\/princ-harry-meghan-sta-dobila-sina\/","url":"https:\/\/hudo.com\/si\/aktualno\/princ-harry-meghan-sta-dobila-sina\/","name":"Princ Harry in Meghan sta dobila sina - Hudo Slovenija","isPartOf":{"@id":"https:\/\/hudo.com\/si\/#website"},"datePublished":"2019-05-06T14:07:45+00:00","dateModified":"2019-05-06T16:46:59+00:00","breadcrumb":{"@id":"https:\/\/hudo.com\/si\/aktualno\/princ-harry-meghan-sta-dobila-sina\/#breadcrumb"},"inLanguage":"sl-SI","potentialAction":[{"@type":"ReadAction","target":["https:\/\/hudo.com\/si\/aktualno\/princ-harry-meghan-sta-dobila-sina\/"]}]},{"@type":"BreadcrumbList","@id":"https:\/\/hudo.com\/si\/aktualno\/princ-harry-meghan-sta-dobila-sina\/#breadcrumb","itemListElement":[{"@type":"ListItem","position":1,"name":"Home","item":"https:\/\/hudo.com\/si\/"},{"@type":"ListItem","position":2,"name":"Princ Harry in Meghan sta dobila sina"}]},{"@type":"WebSite","@id":"https:\/\/hudo.com\/si\/#website","url":"https:\/\/hudo.com\/si\/","name":"Hudo Slovenija","description":"Vse novice iz Slovenije in sveta","publisher":{"@id":"https:\/\/hudo.com\/si\/#organization"},"potentialAction":[{"@type":"SearchAction","target":{"@type":"EntryPoint","urlTemplate":"https:\/\/hudo.com\/si\/?s={search_term_string}"},"query-input":"required name=search_term_string"}],"inLanguage":"sl-SI"},{"@type":"Organization","@id":"https:\/\/hudo.com\/si\/#organization","name":"VSN Media","url":"https:\/\/hudo.com\/si\/","logo":{"@type":"ImageObject","inLanguage":"sl-SI","@id":"https:\/\/hudo.com\/si\/#\/schema\/logo\/image\/","url":"https:\/\/hudo.com\/si\/wp-content\/uploads\/sites\/2\/2021\/03\/hudo-app-2.png","contentUrl":"https:\/\/hudo.com\/si\/wp-content\/uploads\/sites\/2\/2021\/03\/hudo-app-2.png","width":2185,"height":2167,"caption":"VSN Media"},"image":{"@id":"https:\/\/hudo.com\/si\/#\/schema\/logo\/image\/"},"sameAs":["https:\/\/www.facebook.com\/hudo.si","https:\/\/twitter.com\/hudo_si"]},{"@type":"Person","@id":"https:\/\/hudo.com\/si\/#\/schema\/person\/f95639a66e0dd2c682b0568634e85b8b","name":"A. G.","image":{"@type":"ImageObject","inLanguage":"sl-SI","@id":"https:\/\/hudo.com\/si\/#\/schema\/person\/image\/","url":"https:\/\/secure.gravatar.com\/avatar\/9f44de561c70d5d80348d3ed0f4b142d?s=96&d=mm&r=g","contentUrl":"https:\/\/secure.gravatar.com\/avatar\/9f44de561c70d5d80348d3ed0f4b142d?s=96&d=mm&r=g","caption":"A. G."},"url":"https:\/\/hudo.com\/si\/author\/alenkagrmek\/"}]}},"amp_enabled":true,"_links":{"self":[{"href":"https:\/\/hudo.com\/si\/wp-json\/wp\/v2\/posts\/398096"}],"collection":[{"href":"https:\/\/hudo.com\/si\/wp-json\/wp\/v2\/posts"}],"about":[{"href":"https:\/\/hudo.com\/si\/wp-json\/wp\/v2\/types\/post"}],"author":[{"embeddable":true,"href":"https:\/\/hudo.com\/si\/wp-json\/wp\/v2\/users\/6"}],"replies":[{"embeddable":true,"href":"https:\/\/hudo.com\/si\/wp-json\/wp\/v2\/comments?post=398096"}],"version-history":[{"count":4,"href":"https:\/\/hudo.com\/si\/wp-json\/wp\/v2\/posts\/398096\/revisions"}],"predecessor-version":[{"id":398102,"href":"https:\/\/hudo.com\/si\/wp-json\/wp\/v2\/posts\/398096\/revisions\/398102"}],"wp:attachment":[{"href":"https:\/\/hudo.com\/si\/wp-json\/wp\/v2\/media?parent=398096"}],"wp:term":[{"taxonomy":"category","embeddable":true,"href":"https:\/\/hudo.com\/si\/wp-json\/wp\/v2\/categories?post=398096"},{"taxonomy":"post_tag","embeddable":true,"href":"https:\/\/hudo.com\/si\/wp-json\/wp\/v2\/tags?post=398096"},{"taxonomy":"source","embeddable":true,"href":"https:\/\/hudo.com\/si\/wp-json\/wp\/v2\/source?post=398096"},{"taxonomy":"supertag","embeddable":true,"href":"https:\/\/hudo.com\/si\/wp-json\/wp\/v2\/supertag?post=398096"}],"curies":[{"name":"wp","href":"https:\/\/api.w.org\/{rel}","templated":true}]}}