{"id":39829,"date":"2016-04-26T10:00:00","date_gmt":"2016-04-26T08:00:00","guid":{"rendered":"http:\/\/hudo.com\/si\/2016\/04\/26\/danes-bi-ukrepali-podobno\/"},"modified":"2016-04-26T10:00:00","modified_gmt":"2016-04-26T08:00:00","slug":"danes-bi-ukrepali-podobno","status":"publish","type":"post","link":"https:\/\/hudo.com\/si\/aktualno\/danes-bi-ukrepali-podobno\/","title":{"rendered":"\u00bbDanes bi ukrepali podobno\u00ab"},"content":{"rendered":"<p>Kategorija: Evropa Tue, 26 Apr 2016 12:00:00 +0200  Siloviti eksploziji in obse\u017een po\u017ear v jedrski elektrarni na zahodu tedanje Sovjetske zveze sta pred tridesetimi leti \u010dlove\u0161tvu v spomin za vedno zaznamovala \u010cernobil \u2212 prizori\u0161\u010de najhuj\u0161e jedrske katastrofe doslej. A da se je zgodilo nekaj stra\u0161nega, je tedaj vedela le pe\u0161\u010dica zaposlenih v elektrarni ob ukrajinskem mestu Pripjat. Medtem ko so pristojni mol\u010dali, je ob\u0161iren po\u017ear, ki so ga krotili \u0161e deset dni, v ozra\u010dje sporo\u010dal ogromne koli\u010dine radioaktivnih snovi. Veter je radioaktivni oblak najprej zanesel na sever, tri dni po nesre\u010di pa je dosegel tudi Slovenijo. Njegovo vsebino je na tla spralo de\u017eevje. Pri dolo\u010danju, spremljanju in interpretaciji meritev radioaktivnih snovi je tedaj sodeloval tudi Bogdan Pucelj. \u00bbGlede na raven kontaminacije in ocenjene izpostavljenosti prebivalstva v Sloveniji, zaradi \u010dernobilske kontaminacije okolja ni bilo in ni pri\u010dakovati kak\u0161nih opaznih posledic\u00a0&#8230;<\/p>\n","protected":false},"excerpt":{"rendered":"<p>Kategorija: Evropa Tue, 26 Apr 2016 12:00:00 +0200  Siloviti eksploziji in obse\u017een po\u017ear v jedrski elektrarni na zahodu tedanje Sovjetske zveze sta pred tridesetimi leti \u010dlove\u0161tvu v spomin za vedno zaznamovala \u010cernobil \u2212 prizori\u0161\u010de najhuj\u0161e jedrske katastrofe doslej. A da se je zgodilo nekaj stra\u0161nega, je tedaj vedela le pe\u0161\u010dica zaposlenih v elektrarni ob ukrajinskem mestu Pripjat. Medtem ko so pristojni mol\u010dali, je ob\u0161iren po\u017ear, ki so ga krotili \u0161e deset dni, v ozra\u010dje sporo\u010dal ogromne koli\u010dine radioaktivnih snovi. Veter je radioaktivni oblak najprej zanesel na sever, tri dni po nesre\u010di pa je dosegel tudi Slovenijo. Njegovo vsebino je na tla spralo de\u017eevje. Pri dolo\u010danju, spremljanju in interpretaciji meritev radioaktivnih snovi je tedaj sodeloval tudi Bogdan Pucelj. \u00bbGlede na raven kontaminacije in ocenjene izpostavljenosti prebivalstva v Sloveniji, zaradi \u010dernobilske kontaminacije okolja ni bilo in ni pri\u010dakovati kak\u0161nih opaznih posledic\u00a0&#8230;<\/p>\n","protected":false},"author":1,"featured_media":0,"comment_status":"closed","ping_status":"closed","sticky":false,"template":"","format":"standard","meta":{"footnotes":""},"categories":[1179],"tags":[],"source":[4511],"supertag":[],"acf":[],"yoast_head":"<!-- This site is optimized with the Yoast SEO plugin v21.3 - https:\/\/yoast.com\/wordpress\/plugins\/seo\/ -->\n<title>\u00bbDanes bi ukrepali podobno\u00ab - Hudo Slovenija<\/title>\n<meta name=\"robots\" content=\"index, follow, max-snippet:-1, max-image-preview:large, max-video-preview:-1\" \/>\n<link rel=\"canonical\" href=\"https:\/\/hudo.com\/si\/aktualno\/danes-bi-ukrepali-podobno\/\" \/>\n<meta property=\"og:locale\" content=\"sl_SI\" \/>\n<meta property=\"og:type\" content=\"article\" \/>\n<meta property=\"og:title\" content=\"\u00bbDanes bi ukrepali podobno\u00ab - Hudo Slovenija\" \/>\n<meta property=\"og:description\" content=\"Kategorija: Evropa Tue, 26 Apr 2016 12:00:00 +0200 Siloviti eksploziji in obse\u017een po\u017ear v jedrski elektrarni na zahodu tedanje Sovjetske zveze sta pred tridesetimi leti \u010dlove\u0161tvu v spomin za vedno zaznamovala \u010cernobil \u2212 prizori\u0161\u010de najhuj\u0161e jedrske katastrofe doslej. A da se je zgodilo nekaj stra\u0161nega, je tedaj vedela le pe\u0161\u010dica zaposlenih v elektrarni ob ukrajinskem mestu Pripjat. Medtem ko so pristojni mol\u010dali, je ob\u0161iren po\u017ear, ki so ga krotili \u0161e deset dni, v ozra\u010dje sporo\u010dal ogromne koli\u010dine radioaktivnih snovi. Veter je radioaktivni oblak najprej zanesel na sever, tri dni po nesre\u010di pa je dosegel tudi Slovenijo. Njegovo vsebino je na tla spralo de\u017eevje. Pri dolo\u010danju, spremljanju in interpretaciji meritev radioaktivnih snovi je tedaj sodeloval tudi Bogdan Pucelj. \u00bbGlede na raven kontaminacije in ocenjene izpostavljenosti prebivalstva v Sloveniji, zaradi \u010dernobilske kontaminacije okolja ni bilo in ni pri\u010dakovati kak\u0161nih opaznih posledic\u00a0...\" \/>\n<meta property=\"og:url\" content=\"https:\/\/hudo.com\/si\/aktualno\/danes-bi-ukrepali-podobno\/\" \/>\n<meta property=\"og:site_name\" content=\"Hudo Slovenija\" \/>\n<meta property=\"article:publisher\" content=\"https:\/\/www.facebook.com\/hudo.si\" \/>\n<meta property=\"article:published_time\" content=\"2016-04-26T08:00:00+00:00\" \/>\n<meta property=\"og:image\" content=\"https:\/\/hudo.com\/si\/wp-content\/uploads\/sites\/2\/2016\/04\/480x290_RTROI71.jpeg\" \/>\n\t<meta property=\"og:image:width\" content=\"480\" \/>\n\t<meta property=\"og:image:height\" content=\"290\" \/>\n\t<meta property=\"og:image:type\" content=\"image\/jpeg\" \/>\n<meta name=\"author\" content=\"hudo\" \/>\n<meta name=\"twitter:card\" content=\"summary_large_image\" \/>\n<meta name=\"twitter:creator\" content=\"@hudo_si\" \/>\n<meta name=\"twitter:site\" content=\"@hudo_si\" \/>\n<meta name=\"twitter:label1\" content=\"Written by\" \/>\n\t<meta name=\"twitter:data1\" content=\"hudo\" \/>\n\t<meta name=\"twitter:label2\" content=\"Est. reading time\" \/>\n\t<meta name=\"twitter:data2\" content=\"1 minuta\" \/>\n<script type=\"application\/ld+json\" class=\"yoast-schema-graph\">{\"@context\":\"https:\/\/schema.org\",\"@graph\":[{\"@type\":\"Article\",\"@id\":\"https:\/\/hudo.com\/si\/aktualno\/danes-bi-ukrepali-podobno\/#article\",\"isPartOf\":{\"@id\":\"https:\/\/hudo.com\/si\/aktualno\/danes-bi-ukrepali-podobno\/\"},\"author\":{\"name\":\"hudo\",\"@id\":\"https:\/\/hudo.com\/si\/#\/schema\/person\/601cf3379633985b20f7e50f2bb47707\"},\"headline\":\"\u00bbDanes bi ukrepali podobno\u00ab\",\"datePublished\":\"2016-04-26T08:00:00+00:00\",\"dateModified\":\"2016-04-26T08:00:00+00:00\",\"mainEntityOfPage\":{\"@id\":\"https:\/\/hudo.com\/si\/aktualno\/danes-bi-ukrepali-podobno\/\"},\"wordCount\":156,\"publisher\":{\"@id\":\"https:\/\/hudo.com\/si\/#organization\"},\"articleSection\":[\"Aktualno\"],\"inLanguage\":\"sl-SI\"},{\"@type\":\"WebPage\",\"@id\":\"https:\/\/hudo.com\/si\/aktualno\/danes-bi-ukrepali-podobno\/\",\"url\":\"https:\/\/hudo.com\/si\/aktualno\/danes-bi-ukrepali-podobno\/\",\"name\":\"\u00bbDanes bi ukrepali podobno\u00ab - Hudo Slovenija\",\"isPartOf\":{\"@id\":\"https:\/\/hudo.com\/si\/#website\"},\"datePublished\":\"2016-04-26T08:00:00+00:00\",\"dateModified\":\"2016-04-26T08:00:00+00:00\",\"breadcrumb\":{\"@id\":\"https:\/\/hudo.com\/si\/aktualno\/danes-bi-ukrepali-podobno\/#breadcrumb\"},\"inLanguage\":\"sl-SI\",\"potentialAction\":[{\"@type\":\"ReadAction\",\"target\":[\"https:\/\/hudo.com\/si\/aktualno\/danes-bi-ukrepali-podobno\/\"]}]},{\"@type\":\"BreadcrumbList\",\"@id\":\"https:\/\/hudo.com\/si\/aktualno\/danes-bi-ukrepali-podobno\/#breadcrumb\",\"itemListElement\":[{\"@type\":\"ListItem\",\"position\":1,\"name\":\"Home\",\"item\":\"https:\/\/hudo.com\/si\/\"},{\"@type\":\"ListItem\",\"position\":2,\"name\":\"\u00bbDanes bi ukrepali podobno\u00ab\"}]},{\"@type\":\"WebSite\",\"@id\":\"https:\/\/hudo.com\/si\/#website\",\"url\":\"https:\/\/hudo.com\/si\/\",\"name\":\"Hudo Slovenija\",\"description\":\"Vse novice iz Slovenije in sveta\",\"publisher\":{\"@id\":\"https:\/\/hudo.com\/si\/#organization\"},\"potentialAction\":[{\"@type\":\"SearchAction\",\"target\":{\"@type\":\"EntryPoint\",\"urlTemplate\":\"https:\/\/hudo.com\/si\/?s={search_term_string}\"},\"query-input\":\"required name=search_term_string\"}],\"inLanguage\":\"sl-SI\"},{\"@type\":\"Organization\",\"@id\":\"https:\/\/hudo.com\/si\/#organization\",\"name\":\"VSN Media\",\"url\":\"https:\/\/hudo.com\/si\/\",\"logo\":{\"@type\":\"ImageObject\",\"inLanguage\":\"sl-SI\",\"@id\":\"https:\/\/hudo.com\/si\/#\/schema\/logo\/image\/\",\"url\":\"https:\/\/hudo.com\/si\/wp-content\/uploads\/sites\/2\/2021\/03\/hudo-app-2.png\",\"contentUrl\":\"https:\/\/hudo.com\/si\/wp-content\/uploads\/sites\/2\/2021\/03\/hudo-app-2.png\",\"width\":2185,\"height\":2167,\"caption\":\"VSN Media\"},\"image\":{\"@id\":\"https:\/\/hudo.com\/si\/#\/schema\/logo\/image\/\"},\"sameAs\":[\"https:\/\/www.facebook.com\/hudo.si\",\"https:\/\/twitter.com\/hudo_si\"]},{\"@type\":\"Person\",\"@id\":\"https:\/\/hudo.com\/si\/#\/schema\/person\/601cf3379633985b20f7e50f2bb47707\",\"name\":\"hudo\",\"image\":{\"@type\":\"ImageObject\",\"inLanguage\":\"sl-SI\",\"@id\":\"https:\/\/hudo.com\/si\/#\/schema\/person\/image\/\",\"url\":\"https:\/\/secure.gravatar.com\/avatar\/c4ca25fa72cace7a696b52ff5db9e095?s=96&d=mm&r=g\",\"contentUrl\":\"https:\/\/secure.gravatar.com\/avatar\/c4ca25fa72cace7a696b52ff5db9e095?s=96&d=mm&r=g\",\"caption\":\"hudo\"},\"url\":\"https:\/\/hudo.com\/si\/author\/hudo\/\"}]}<\/script>\n<!-- \/ Yoast SEO plugin. -->","yoast_head_json":{"title":"\u00bbDanes bi ukrepali podobno\u00ab - Hudo Slovenija","robots":{"index":"index","follow":"follow","max-snippet":"max-snippet:-1","max-image-preview":"max-image-preview:large","max-video-preview":"max-video-preview:-1"},"canonical":"https:\/\/hudo.com\/si\/aktualno\/danes-bi-ukrepali-podobno\/","og_locale":"sl_SI","og_type":"article","og_title":"\u00bbDanes bi ukrepali podobno\u00ab - Hudo Slovenija","og_description":"Kategorija: Evropa Tue, 26 Apr 2016 12:00:00 +0200 Siloviti eksploziji in obse\u017een po\u017ear v jedrski elektrarni na zahodu tedanje Sovjetske zveze sta pred tridesetimi leti \u010dlove\u0161tvu v spomin za vedno zaznamovala \u010cernobil \u2212 prizori\u0161\u010de najhuj\u0161e jedrske katastrofe doslej. A da se je zgodilo nekaj stra\u0161nega, je tedaj vedela le pe\u0161\u010dica zaposlenih v elektrarni ob ukrajinskem mestu Pripjat. Medtem ko so pristojni mol\u010dali, je ob\u0161iren po\u017ear, ki so ga krotili \u0161e deset dni, v ozra\u010dje sporo\u010dal ogromne koli\u010dine radioaktivnih snovi. Veter je radioaktivni oblak najprej zanesel na sever, tri dni po nesre\u010di pa je dosegel tudi Slovenijo. Njegovo vsebino je na tla spralo de\u017eevje. Pri dolo\u010danju, spremljanju in interpretaciji meritev radioaktivnih snovi je tedaj sodeloval tudi Bogdan Pucelj. \u00bbGlede na raven kontaminacije in ocenjene izpostavljenosti prebivalstva v Sloveniji, zaradi \u010dernobilske kontaminacije okolja ni bilo in ni pri\u010dakovati kak\u0161nih opaznih posledic\u00a0...","og_url":"https:\/\/hudo.com\/si\/aktualno\/danes-bi-ukrepali-podobno\/","og_site_name":"Hudo Slovenija","article_publisher":"https:\/\/www.facebook.com\/hudo.si","article_published_time":"2016-04-26T08:00:00+00:00","og_image":[{"width":480,"height":290,"url":"https:\/\/hudo.com\/si\/wp-content\/uploads\/sites\/2\/2016\/04\/480x290_RTROI71.jpeg","type":"image\/jpeg"}],"author":"hudo","twitter_card":"summary_large_image","twitter_creator":"@hudo_si","twitter_site":"@hudo_si","twitter_misc":{"Written by":"hudo","Est. reading time":"1 minuta"},"schema":{"@context":"https:\/\/schema.org","@graph":[{"@type":"Article","@id":"https:\/\/hudo.com\/si\/aktualno\/danes-bi-ukrepali-podobno\/#article","isPartOf":{"@id":"https:\/\/hudo.com\/si\/aktualno\/danes-bi-ukrepali-podobno\/"},"author":{"name":"hudo","@id":"https:\/\/hudo.com\/si\/#\/schema\/person\/601cf3379633985b20f7e50f2bb47707"},"headline":"\u00bbDanes bi ukrepali podobno\u00ab","datePublished":"2016-04-26T08:00:00+00:00","dateModified":"2016-04-26T08:00:00+00:00","mainEntityOfPage":{"@id":"https:\/\/hudo.com\/si\/aktualno\/danes-bi-ukrepali-podobno\/"},"wordCount":156,"publisher":{"@id":"https:\/\/hudo.com\/si\/#organization"},"articleSection":["Aktualno"],"inLanguage":"sl-SI"},{"@type":"WebPage","@id":"https:\/\/hudo.com\/si\/aktualno\/danes-bi-ukrepali-podobno\/","url":"https:\/\/hudo.com\/si\/aktualno\/danes-bi-ukrepali-podobno\/","name":"\u00bbDanes bi ukrepali podobno\u00ab - Hudo Slovenija","isPartOf":{"@id":"https:\/\/hudo.com\/si\/#website"},"datePublished":"2016-04-26T08:00:00+00:00","dateModified":"2016-04-26T08:00:00+00:00","breadcrumb":{"@id":"https:\/\/hudo.com\/si\/aktualno\/danes-bi-ukrepali-podobno\/#breadcrumb"},"inLanguage":"sl-SI","potentialAction":[{"@type":"ReadAction","target":["https:\/\/hudo.com\/si\/aktualno\/danes-bi-ukrepali-podobno\/"]}]},{"@type":"BreadcrumbList","@id":"https:\/\/hudo.com\/si\/aktualno\/danes-bi-ukrepali-podobno\/#breadcrumb","itemListElement":[{"@type":"ListItem","position":1,"name":"Home","item":"https:\/\/hudo.com\/si\/"},{"@type":"ListItem","position":2,"name":"\u00bbDanes bi ukrepali podobno\u00ab"}]},{"@type":"WebSite","@id":"https:\/\/hudo.com\/si\/#website","url":"https:\/\/hudo.com\/si\/","name":"Hudo Slovenija","description":"Vse novice iz Slovenije in sveta","publisher":{"@id":"https:\/\/hudo.com\/si\/#organization"},"potentialAction":[{"@type":"SearchAction","target":{"@type":"EntryPoint","urlTemplate":"https:\/\/hudo.com\/si\/?s={search_term_string}"},"query-input":"required name=search_term_string"}],"inLanguage":"sl-SI"},{"@type":"Organization","@id":"https:\/\/hudo.com\/si\/#organization","name":"VSN Media","url":"https:\/\/hudo.com\/si\/","logo":{"@type":"ImageObject","inLanguage":"sl-SI","@id":"https:\/\/hudo.com\/si\/#\/schema\/logo\/image\/","url":"https:\/\/hudo.com\/si\/wp-content\/uploads\/sites\/2\/2021\/03\/hudo-app-2.png","contentUrl":"https:\/\/hudo.com\/si\/wp-content\/uploads\/sites\/2\/2021\/03\/hudo-app-2.png","width":2185,"height":2167,"caption":"VSN Media"},"image":{"@id":"https:\/\/hudo.com\/si\/#\/schema\/logo\/image\/"},"sameAs":["https:\/\/www.facebook.com\/hudo.si","https:\/\/twitter.com\/hudo_si"]},{"@type":"Person","@id":"https:\/\/hudo.com\/si\/#\/schema\/person\/601cf3379633985b20f7e50f2bb47707","name":"hudo","image":{"@type":"ImageObject","inLanguage":"sl-SI","@id":"https:\/\/hudo.com\/si\/#\/schema\/person\/image\/","url":"https:\/\/secure.gravatar.com\/avatar\/c4ca25fa72cace7a696b52ff5db9e095?s=96&d=mm&r=g","contentUrl":"https:\/\/secure.gravatar.com\/avatar\/c4ca25fa72cace7a696b52ff5db9e095?s=96&d=mm&r=g","caption":"hudo"},"url":"https:\/\/hudo.com\/si\/author\/hudo\/"}]}},"amp_enabled":true,"_links":{"self":[{"href":"https:\/\/hudo.com\/si\/wp-json\/wp\/v2\/posts\/39829"}],"collection":[{"href":"https:\/\/hudo.com\/si\/wp-json\/wp\/v2\/posts"}],"about":[{"href":"https:\/\/hudo.com\/si\/wp-json\/wp\/v2\/types\/post"}],"author":[{"embeddable":true,"href":"https:\/\/hudo.com\/si\/wp-json\/wp\/v2\/users\/1"}],"replies":[{"embeddable":true,"href":"https:\/\/hudo.com\/si\/wp-json\/wp\/v2\/comments?post=39829"}],"version-history":[{"count":0,"href":"https:\/\/hudo.com\/si\/wp-json\/wp\/v2\/posts\/39829\/revisions"}],"wp:attachment":[{"href":"https:\/\/hudo.com\/si\/wp-json\/wp\/v2\/media?parent=39829"}],"wp:term":[{"taxonomy":"category","embeddable":true,"href":"https:\/\/hudo.com\/si\/wp-json\/wp\/v2\/categories?post=39829"},{"taxonomy":"post_tag","embeddable":true,"href":"https:\/\/hudo.com\/si\/wp-json\/wp\/v2\/tags?post=39829"},{"taxonomy":"source","embeddable":true,"href":"https:\/\/hudo.com\/si\/wp-json\/wp\/v2\/source?post=39829"},{"taxonomy":"supertag","embeddable":true,"href":"https:\/\/hudo.com\/si\/wp-json\/wp\/v2\/supertag?post=39829"}],"curies":[{"name":"wp","href":"https:\/\/api.w.org\/{rel}","templated":true}]}}