{"id":398391,"date":"2019-05-10T19:39:45","date_gmt":"2019-05-10T17:39:45","guid":{"rendered":"http:\/\/hudo.com\/si\/?p=398391"},"modified":"2019-05-10T19:39:45","modified_gmt":"2019-05-10T17:39:45","slug":"sarec-porocili-erjavca-ocenjuje-kot-ustrezni","status":"publish","type":"post","link":"https:\/\/hudo.com\/si\/aktualno\/sarec-porocili-erjavca-ocenjuje-kot-ustrezni\/","title":{"rendered":"\u0160arec poro\u010dili Erjavca ocenjuje kot ustrezni"},"content":{"rendered":"<p>\u0160arec je tako prepri\u010dan, &#8220;da bo minister znal odlo\u010ditve in ravnanja ustrezno argumentirati tudi v postopku interpelacije&#8221;, ki jo je proti njemu danes vlo\u017eila SDS.<\/p>\n<p>Kot je poudaril premier, na podlagi poro\u010dil v Erjav\u010devem ravnanju ne vidi ni\u010desar spornega. &#8220;Minister je ravnal zakonito. Tudi to pripisujem predvolilnemu \u010dasu,&#8221; je \u0160arec dodal v izjavi za medije ob robu akademije ob mednarodnem dnevu babic in mednarodnem dnevu medicinskih sester.<\/p>\n<p>V SDS Erjavcu med drugim o\u010ditajo odgovornost za kr\u0161itev zakona o obrambi in prekora\u010ditev zakonskih pooblasti zaradi zlorabe voja\u0161ke obve\u0161\u010devalne slu\u017ebe ter odgovornost za po njihovem nezakonito razre\u0161itev poveljnika poveljstva sil Slovenske vojske Mihe \u0160kerbinca.<\/p>\n<p>Tega je Erjavec razre\u0161il na predlog na\u010delnice General\u0161taba Slovenske vojske Alenke Ermenc. Komisija DZ za nadzor obve\u0161\u010devalnih in varnostnih slu\u017eb pa Erjavcu o\u010dita nezakonito ravnanje in zlorabo voja\u0161ke obve\u0161\u010devalne slu\u017ebe (OVS), ko je slednji naro\u010dil, naj preveri informacije, da naj bi \u0160kerbinc neprimerno govoril o zdravstvenem stanju na\u010delnice Ermen\u010deve. OVS je zasli\u0161ala 25 vojakov.<\/p>\n<p>Ministru v SDS o\u010ditajo \u0161e odgovornost za prekora\u010ditev pristojnosti, zavajanja, laganja poslancem in javnosti v primeru no\u010dnega streljanja na Po\u010dku. Nazadnje mu o\u010ditajo \u0161e dejanja pri izvr\u0161evanju politi\u010dne funkcije, ki imajo za posledico izgubljeno zaupanje v funkcijo ministra in institucije na podro\u010dju obrambe, je na dana\u0161nji novinarski konferenci pojasnil poslanec SDS \u017dan Mahni\u010d.<\/p>\n<p>Mahni\u010da je sicer OVS naznanila policiji, po informacijah STA mu o\u010ditajo izdajo tajnih podatkov, ko je kot podpredsednik Knovs predstavljal izsledke zasli\u0161anj vojakov. Mahni\u010d je o\u010ditke \u017ee zanikal, premier \u0160arec pa se danes v izjavi za medije do tega ni \u017eelel opredeljevati. &#8220;Gre za strokovne zadeve, tako da se kot predsednik vlade v to ne morem vme\u0161avati,&#8221; je povedal.<\/p>\n<p>Minister za obrambo Karl Erjavec je v minulih dneh \u017ee ocenil, da je interpelacija, ki jo je zoper njega danes vlo\u017eila SDS, neutemeljena, prazna in brez pravne podlage. Po njegovem mnenju gre za politi\u010dno dejanje, usmerjeno v poslab\u0161anje polo\u017eaja v SV in v poskus oslabitve vlade. Prepri\u010dan je, da interpelacija ne bo uspe\u0161na, saj da ni ravnal nezakonito.<\/p>\n","protected":false},"excerpt":{"rendered":"<p>Predsednik vlade Marjan \u0160arec je prejel poro\u010dilo ministra za obrambo Karla Erjavca o razre\u0161itvi poveljnika poveljstva sil Mihe \u0160kerbinca ter ministrov odziv na sklepe parlamentarne komisije za nadzor obve\u0161\u010devalnih in varnostnih slu\u017eb. Kot so pojasnili v kabinetu premierja, je Erjavec ustrezno argumentiral svoje odlo\u010ditve in ravnanja.<\/p>\n","protected":false},"author":8,"featured_media":378353,"comment_status":"closed","ping_status":"closed","sticky":false,"template":"","format":"standard","meta":{"footnotes":""},"categories":[1179],"tags":[5545,7107,7810,1595],"source":[4511],"supertag":[],"acf":[],"yoast_head":"<!-- This site is optimized with the Yoast SEO plugin v21.3 - https:\/\/yoast.com\/wordpress\/plugins\/seo\/ -->\n<title>\u0160arec poro\u010dili Erjavca ocenjuje kot ustrezni - Hudo Slovenija<\/title>\n<meta name=\"robots\" content=\"index, follow, max-snippet:-1, max-image-preview:large, max-video-preview:-1\" \/>\n<link rel=\"canonical\" href=\"https:\/\/hudo.com\/si\/aktualno\/sarec-porocili-erjavca-ocenjuje-kot-ustrezni\/\" \/>\n<meta property=\"og:locale\" content=\"sl_SI\" \/>\n<meta property=\"og:type\" content=\"article\" \/>\n<meta property=\"og:title\" content=\"\u0160arec poro\u010dili Erjavca ocenjuje kot ustrezni - Hudo Slovenija\" \/>\n<meta property=\"og:description\" content=\"Predsednik vlade Marjan \u0160arec je prejel poro\u010dilo ministra za obrambo Karla Erjavca o razre\u0161itvi poveljnika poveljstva sil Mihe \u0160kerbinca ter ministrov odziv na sklepe parlamentarne komisije za nadzor obve\u0161\u010devalnih in varnostnih slu\u017eb. Kot so pojasnili v kabinetu premierja, je Erjavec ustrezno argumentiral svoje odlo\u010ditve in ravnanja.\" \/>\n<meta property=\"og:url\" content=\"https:\/\/hudo.com\/si\/aktualno\/sarec-porocili-erjavca-ocenjuje-kot-ustrezni\/\" \/>\n<meta property=\"og:site_name\" content=\"Hudo Slovenija\" \/>\n<meta property=\"article:publisher\" content=\"https:\/\/www.facebook.com\/hudo.si\" \/>\n<meta property=\"article:published_time\" content=\"2019-05-10T17:39:45+00:00\" \/>\n<meta property=\"og:image\" content=\"https:\/\/hudo.com\/si\/wp-content\/uploads\/sites\/2\/2018\/10\/20180827-00878948.jpg\" \/>\n\t<meta property=\"og:image:width\" content=\"640\" \/>\n\t<meta property=\"og:image:height\" content=\"424\" \/>\n\t<meta property=\"og:image:type\" content=\"image\/jpeg\" \/>\n<meta name=\"author\" content=\"M. N., STA\" \/>\n<meta name=\"twitter:card\" content=\"summary_large_image\" \/>\n<meta name=\"twitter:creator\" content=\"@hudo_si\" \/>\n<meta name=\"twitter:site\" content=\"@hudo_si\" \/>\n<meta name=\"twitter:label1\" content=\"Written by\" \/>\n\t<meta name=\"twitter:data1\" content=\"M. N., STA\" \/>\n\t<meta name=\"twitter:label2\" content=\"Est. reading time\" \/>\n\t<meta name=\"twitter:data2\" content=\"2 minuti\" \/>\n<script type=\"application\/ld+json\" class=\"yoast-schema-graph\">{\"@context\":\"https:\/\/schema.org\",\"@graph\":[{\"@type\":\"Article\",\"@id\":\"https:\/\/hudo.com\/si\/aktualno\/sarec-porocili-erjavca-ocenjuje-kot-ustrezni\/#article\",\"isPartOf\":{\"@id\":\"https:\/\/hudo.com\/si\/aktualno\/sarec-porocili-erjavca-ocenjuje-kot-ustrezni\/\"},\"author\":{\"name\":\"M. N., STA\",\"@id\":\"https:\/\/hudo.com\/si\/#\/schema\/person\/c2f10ce65d2e6ede2aeda5be2a0611fa\"},\"headline\":\"\u0160arec poro\u010dili Erjavca ocenjuje kot ustrezni\",\"datePublished\":\"2019-05-10T17:39:45+00:00\",\"dateModified\":\"2019-05-10T17:39:45+00:00\",\"mainEntityOfPage\":{\"@id\":\"https:\/\/hudo.com\/si\/aktualno\/sarec-porocili-erjavca-ocenjuje-kot-ustrezni\/\"},\"wordCount\":378,\"publisher\":{\"@id\":\"https:\/\/hudo.com\/si\/#organization\"},\"keywords\":[\"interpelacija\",\"Karl Erjavec\",\"Marjan \u0160arec\",\"Slovenija\"],\"articleSection\":[\"Aktualno\"],\"inLanguage\":\"sl-SI\"},{\"@type\":\"WebPage\",\"@id\":\"https:\/\/hudo.com\/si\/aktualno\/sarec-porocili-erjavca-ocenjuje-kot-ustrezni\/\",\"url\":\"https:\/\/hudo.com\/si\/aktualno\/sarec-porocili-erjavca-ocenjuje-kot-ustrezni\/\",\"name\":\"\u0160arec poro\u010dili Erjavca ocenjuje kot ustrezni - Hudo Slovenija\",\"isPartOf\":{\"@id\":\"https:\/\/hudo.com\/si\/#website\"},\"datePublished\":\"2019-05-10T17:39:45+00:00\",\"dateModified\":\"2019-05-10T17:39:45+00:00\",\"breadcrumb\":{\"@id\":\"https:\/\/hudo.com\/si\/aktualno\/sarec-porocili-erjavca-ocenjuje-kot-ustrezni\/#breadcrumb\"},\"inLanguage\":\"sl-SI\",\"potentialAction\":[{\"@type\":\"ReadAction\",\"target\":[\"https:\/\/hudo.com\/si\/aktualno\/sarec-porocili-erjavca-ocenjuje-kot-ustrezni\/\"]}]},{\"@type\":\"BreadcrumbList\",\"@id\":\"https:\/\/hudo.com\/si\/aktualno\/sarec-porocili-erjavca-ocenjuje-kot-ustrezni\/#breadcrumb\",\"itemListElement\":[{\"@type\":\"ListItem\",\"position\":1,\"name\":\"Home\",\"item\":\"https:\/\/hudo.com\/si\/\"},{\"@type\":\"ListItem\",\"position\":2,\"name\":\"\u0160arec poro\u010dili Erjavca ocenjuje kot ustrezni\"}]},{\"@type\":\"WebSite\",\"@id\":\"https:\/\/hudo.com\/si\/#website\",\"url\":\"https:\/\/hudo.com\/si\/\",\"name\":\"Hudo Slovenija\",\"description\":\"Vse novice iz Slovenije in sveta\",\"publisher\":{\"@id\":\"https:\/\/hudo.com\/si\/#organization\"},\"potentialAction\":[{\"@type\":\"SearchAction\",\"target\":{\"@type\":\"EntryPoint\",\"urlTemplate\":\"https:\/\/hudo.com\/si\/?s={search_term_string}\"},\"query-input\":\"required name=search_term_string\"}],\"inLanguage\":\"sl-SI\"},{\"@type\":\"Organization\",\"@id\":\"https:\/\/hudo.com\/si\/#organization\",\"name\":\"VSN Media\",\"url\":\"https:\/\/hudo.com\/si\/\",\"logo\":{\"@type\":\"ImageObject\",\"inLanguage\":\"sl-SI\",\"@id\":\"https:\/\/hudo.com\/si\/#\/schema\/logo\/image\/\",\"url\":\"https:\/\/hudo.com\/si\/wp-content\/uploads\/sites\/2\/2021\/03\/hudo-app-2.png\",\"contentUrl\":\"https:\/\/hudo.com\/si\/wp-content\/uploads\/sites\/2\/2021\/03\/hudo-app-2.png\",\"width\":2185,\"height\":2167,\"caption\":\"VSN Media\"},\"image\":{\"@id\":\"https:\/\/hudo.com\/si\/#\/schema\/logo\/image\/\"},\"sameAs\":[\"https:\/\/www.facebook.com\/hudo.si\",\"https:\/\/twitter.com\/hudo_si\"]},{\"@type\":\"Person\",\"@id\":\"https:\/\/hudo.com\/si\/#\/schema\/person\/c2f10ce65d2e6ede2aeda5be2a0611fa\",\"name\":\"M. N., STA\",\"image\":{\"@type\":\"ImageObject\",\"inLanguage\":\"sl-SI\",\"@id\":\"https:\/\/hudo.com\/si\/#\/schema\/person\/image\/\",\"url\":\"https:\/\/secure.gravatar.com\/avatar\/f370d38daa10467f755c5c766a4cac20?s=96&d=mm&r=g\",\"contentUrl\":\"https:\/\/secure.gravatar.com\/avatar\/f370d38daa10467f755c5c766a4cac20?s=96&d=mm&r=g\",\"caption\":\"M. N., STA\"},\"url\":\"https:\/\/hudo.com\/si\/author\/mana\/\"}]}<\/script>\n<!-- \/ Yoast SEO plugin. -->","yoast_head_json":{"title":"\u0160arec poro\u010dili Erjavca ocenjuje kot ustrezni - Hudo Slovenija","robots":{"index":"index","follow":"follow","max-snippet":"max-snippet:-1","max-image-preview":"max-image-preview:large","max-video-preview":"max-video-preview:-1"},"canonical":"https:\/\/hudo.com\/si\/aktualno\/sarec-porocili-erjavca-ocenjuje-kot-ustrezni\/","og_locale":"sl_SI","og_type":"article","og_title":"\u0160arec poro\u010dili Erjavca ocenjuje kot ustrezni - Hudo Slovenija","og_description":"Predsednik vlade Marjan \u0160arec je prejel poro\u010dilo ministra za obrambo Karla Erjavca o razre\u0161itvi poveljnika poveljstva sil Mihe \u0160kerbinca ter ministrov odziv na sklepe parlamentarne komisije za nadzor obve\u0161\u010devalnih in varnostnih slu\u017eb. Kot so pojasnili v kabinetu premierja, je Erjavec ustrezno argumentiral svoje odlo\u010ditve in ravnanja.","og_url":"https:\/\/hudo.com\/si\/aktualno\/sarec-porocili-erjavca-ocenjuje-kot-ustrezni\/","og_site_name":"Hudo Slovenija","article_publisher":"https:\/\/www.facebook.com\/hudo.si","article_published_time":"2019-05-10T17:39:45+00:00","og_image":[{"width":640,"height":424,"url":"https:\/\/hudo.com\/si\/wp-content\/uploads\/sites\/2\/2018\/10\/20180827-00878948.jpg","type":"image\/jpeg"}],"author":"M. N., STA","twitter_card":"summary_large_image","twitter_creator":"@hudo_si","twitter_site":"@hudo_si","twitter_misc":{"Written by":"M. N., STA","Est. reading time":"2 minuti"},"schema":{"@context":"https:\/\/schema.org","@graph":[{"@type":"Article","@id":"https:\/\/hudo.com\/si\/aktualno\/sarec-porocili-erjavca-ocenjuje-kot-ustrezni\/#article","isPartOf":{"@id":"https:\/\/hudo.com\/si\/aktualno\/sarec-porocili-erjavca-ocenjuje-kot-ustrezni\/"},"author":{"name":"M. N., STA","@id":"https:\/\/hudo.com\/si\/#\/schema\/person\/c2f10ce65d2e6ede2aeda5be2a0611fa"},"headline":"\u0160arec poro\u010dili Erjavca ocenjuje kot ustrezni","datePublished":"2019-05-10T17:39:45+00:00","dateModified":"2019-05-10T17:39:45+00:00","mainEntityOfPage":{"@id":"https:\/\/hudo.com\/si\/aktualno\/sarec-porocili-erjavca-ocenjuje-kot-ustrezni\/"},"wordCount":378,"publisher":{"@id":"https:\/\/hudo.com\/si\/#organization"},"keywords":["interpelacija","Karl Erjavec","Marjan \u0160arec","Slovenija"],"articleSection":["Aktualno"],"inLanguage":"sl-SI"},{"@type":"WebPage","@id":"https:\/\/hudo.com\/si\/aktualno\/sarec-porocili-erjavca-ocenjuje-kot-ustrezni\/","url":"https:\/\/hudo.com\/si\/aktualno\/sarec-porocili-erjavca-ocenjuje-kot-ustrezni\/","name":"\u0160arec poro\u010dili Erjavca ocenjuje kot ustrezni - Hudo Slovenija","isPartOf":{"@id":"https:\/\/hudo.com\/si\/#website"},"datePublished":"2019-05-10T17:39:45+00:00","dateModified":"2019-05-10T17:39:45+00:00","breadcrumb":{"@id":"https:\/\/hudo.com\/si\/aktualno\/sarec-porocili-erjavca-ocenjuje-kot-ustrezni\/#breadcrumb"},"inLanguage":"sl-SI","potentialAction":[{"@type":"ReadAction","target":["https:\/\/hudo.com\/si\/aktualno\/sarec-porocili-erjavca-ocenjuje-kot-ustrezni\/"]}]},{"@type":"BreadcrumbList","@id":"https:\/\/hudo.com\/si\/aktualno\/sarec-porocili-erjavca-ocenjuje-kot-ustrezni\/#breadcrumb","itemListElement":[{"@type":"ListItem","position":1,"name":"Home","item":"https:\/\/hudo.com\/si\/"},{"@type":"ListItem","position":2,"name":"\u0160arec poro\u010dili Erjavca ocenjuje kot ustrezni"}]},{"@type":"WebSite","@id":"https:\/\/hudo.com\/si\/#website","url":"https:\/\/hudo.com\/si\/","name":"Hudo Slovenija","description":"Vse novice iz Slovenije in sveta","publisher":{"@id":"https:\/\/hudo.com\/si\/#organization"},"potentialAction":[{"@type":"SearchAction","target":{"@type":"EntryPoint","urlTemplate":"https:\/\/hudo.com\/si\/?s={search_term_string}"},"query-input":"required name=search_term_string"}],"inLanguage":"sl-SI"},{"@type":"Organization","@id":"https:\/\/hudo.com\/si\/#organization","name":"VSN Media","url":"https:\/\/hudo.com\/si\/","logo":{"@type":"ImageObject","inLanguage":"sl-SI","@id":"https:\/\/hudo.com\/si\/#\/schema\/logo\/image\/","url":"https:\/\/hudo.com\/si\/wp-content\/uploads\/sites\/2\/2021\/03\/hudo-app-2.png","contentUrl":"https:\/\/hudo.com\/si\/wp-content\/uploads\/sites\/2\/2021\/03\/hudo-app-2.png","width":2185,"height":2167,"caption":"VSN Media"},"image":{"@id":"https:\/\/hudo.com\/si\/#\/schema\/logo\/image\/"},"sameAs":["https:\/\/www.facebook.com\/hudo.si","https:\/\/twitter.com\/hudo_si"]},{"@type":"Person","@id":"https:\/\/hudo.com\/si\/#\/schema\/person\/c2f10ce65d2e6ede2aeda5be2a0611fa","name":"M. N., STA","image":{"@type":"ImageObject","inLanguage":"sl-SI","@id":"https:\/\/hudo.com\/si\/#\/schema\/person\/image\/","url":"https:\/\/secure.gravatar.com\/avatar\/f370d38daa10467f755c5c766a4cac20?s=96&d=mm&r=g","contentUrl":"https:\/\/secure.gravatar.com\/avatar\/f370d38daa10467f755c5c766a4cac20?s=96&d=mm&r=g","caption":"M. N., STA"},"url":"https:\/\/hudo.com\/si\/author\/mana\/"}]}},"amp_enabled":true,"_links":{"self":[{"href":"https:\/\/hudo.com\/si\/wp-json\/wp\/v2\/posts\/398391"}],"collection":[{"href":"https:\/\/hudo.com\/si\/wp-json\/wp\/v2\/posts"}],"about":[{"href":"https:\/\/hudo.com\/si\/wp-json\/wp\/v2\/types\/post"}],"author":[{"embeddable":true,"href":"https:\/\/hudo.com\/si\/wp-json\/wp\/v2\/users\/8"}],"replies":[{"embeddable":true,"href":"https:\/\/hudo.com\/si\/wp-json\/wp\/v2\/comments?post=398391"}],"version-history":[{"count":1,"href":"https:\/\/hudo.com\/si\/wp-json\/wp\/v2\/posts\/398391\/revisions"}],"predecessor-version":[{"id":398392,"href":"https:\/\/hudo.com\/si\/wp-json\/wp\/v2\/posts\/398391\/revisions\/398392"}],"wp:featuredmedia":[{"embeddable":true,"href":"https:\/\/hudo.com\/si\/wp-json\/wp\/v2\/media\/378353"}],"wp:attachment":[{"href":"https:\/\/hudo.com\/si\/wp-json\/wp\/v2\/media?parent=398391"}],"wp:term":[{"taxonomy":"category","embeddable":true,"href":"https:\/\/hudo.com\/si\/wp-json\/wp\/v2\/categories?post=398391"},{"taxonomy":"post_tag","embeddable":true,"href":"https:\/\/hudo.com\/si\/wp-json\/wp\/v2\/tags?post=398391"},{"taxonomy":"source","embeddable":true,"href":"https:\/\/hudo.com\/si\/wp-json\/wp\/v2\/source?post=398391"},{"taxonomy":"supertag","embeddable":true,"href":"https:\/\/hudo.com\/si\/wp-json\/wp\/v2\/supertag?post=398391"}],"curies":[{"name":"wp","href":"https:\/\/api.w.org\/{rel}","templated":true}]}}